{"id":240406,"date":"2020-10-15T19:11:15","date_gmt":"2020-10-15T17:11:15","guid":{"rendered":"https:\/\/acefootball.com\/da\/?p=240406"},"modified":"2020-10-15T19:22:30","modified_gmt":"2020-10-15T17:22:30","slug":"tidligere-fck-chef-forsvarer-staale-efter-kritik","status":"publish","type":"post","link":"https:\/\/acefootball.com\/da\/fodboldnyheder\/tidligere-fck-chef-forsvarer-staale-efter-kritik\/","title":{"rendered":"Tidligere FCK-chef forsvarer St\u00e5le efter kritik"},"content":{"rendered":"\n<h2 id=\"h-fc-k-benhavn-blev-inden-fyringen-af-st-le-solbakken-kritiseret-for-at-lade-nordmanden-have-for-stor-magt-i-organisationen\">FC K\u00f8benhavn blev inden fyringen af St\u00e5le Solbakken kritiseret for at lade nordmanden have for stor magt i organisationen<\/h2>\n\n\n\n<p>I ugerne op til St\u00e5le Solbakkens fyring i FC K\u00f8benhavn var resultaterne ikke, som de skulle v\u00e6re, og s\u00e5 er kritikpunkterne som altid mange.<\/p>\n\n\n\n<p>Et af dem gik p\u00e5 klubbens organisation, hvor Solbakken alene stod med et stort ansvarsomr\u00e5de, som i andre klubber ofte er fordelt p\u00e5 flere personer.<\/p>\n\n\n\n<p>Det er ofte blevet kaldt et onemanshow, men den kritik er den tidligere tekniske direkt\u00f8r i FCK, Johan Lange, slet ikke enig i, da der ligger et st\u00f8rre team bagved.<\/p>\n\n\n\n<figure class=\"wp-block-embed-wordpress wp-block-embed is-type-wp-embed is-provider-ace-football-danmark\"><div class=\"wp-block-embed__wrapper\">\n<blockquote class=\"wp-embedded-content\" data-secret=\"WIaGpVNcs2\"><a href=\"https:\/\/acefootball.com\/da\/fodboldnyheder\/danske-klubber-og-superligaen-gaar-sammen-vil-have-flere-tilskuer-paa-stadion\/\">Danske klubber og Superligaen g\u00e5r sammen: Vil have flere tilskuer p\u00e5 stadion<\/a><\/blockquote><iframe class=\"wp-embedded-content\" sandbox=\"allow-scripts\" security=\"restricted\" style=\"position: absolute; clip: rect(1px, 1px, 1px, 1px);\" title=\"&#8220;Danske klubber og Superligaen g\u00e5r sammen: Vil have flere tilskuer p\u00e5 stadion&#8221; &#8212; Ace Football Danmark\" src=\"https:\/\/acefootball.com\/da\/fodboldnyheder\/danske-klubber-og-superligaen-gaar-sammen-vil-have-flere-tilskuer-paa-stadion\/embed\/#?secret=WIaGpVNcs2\" data-secret=\"WIaGpVNcs2\" width=\"600\" height=\"338\" frameborder=\"0\" marginwidth=\"0\" marginheight=\"0\" scrolling=\"no\"><\/iframe>\n<\/div><\/figure>\n\n\n\n<p>&#8220;Han gav folk lov til at arbejde og udvikle sig, og s\u00e5 tog han al st\u00f8jen udadtil. FCK gennemgik en k\u00e6mpe organisatorisk forandring, og det er faktisk det, jeg er mest stolt over,&#8221; udtaler Lange til <a href=\"https:\/\/ekstrabladet.dk\/sport\/fodbold\/dansk_fodbold\/superligaen\/fc_koebenhavn\/ramt-af-staale-fyring-det-er-meget-langt-fra-sandheden\/8328714\" target=\"_blank\" rel=\"noreferrer noopener\">Ekstra Bladet<\/a>.<\/p>\n\n\n\n<p>Den nuv\u00e6rende sportsdirekt\u00f8r i Aston Villa peger i samme omb\u00e6ring p\u00e5 sit eget skifte til Premier League, som aldrig var kommet i stand uden St\u00e5le Solbakken.<\/p>\n\n\n\n<figure class=\"wp-block-embed-wordpress wp-block-embed is-type-wp-embed is-provider-ace-football-danmark\"><div class=\"wp-block-embed__wrapper\">\n<blockquote class=\"wp-embedded-content\" data-secret=\"u9o4lgQk4h\"><a href=\"https:\/\/acefootball.com\/da\/fodboldnyheder\/medie-fc-koebenhavn-back-rykker-til-rusland\/\">Medie: FC K\u00f8benhavn-back rykker til Rusland<\/a><\/blockquote><iframe class=\"wp-embedded-content\" sandbox=\"allow-scripts\" security=\"restricted\" style=\"position: absolute; clip: rect(1px, 1px, 1px, 1px);\" title=\"&#8220;Medie: FC K\u00f8benhavn-back rykker til Rusland&#8221; &#8212; Ace Football Danmark\" src=\"https:\/\/acefootball.com\/da\/fodboldnyheder\/medie-fc-koebenhavn-back-rykker-til-rusland\/embed\/#?secret=u9o4lgQk4h\" data-secret=\"u9o4lgQk4h\" width=\"600\" height=\"338\" frameborder=\"0\" marginwidth=\"0\" marginheight=\"0\" scrolling=\"no\"><\/iframe>\n<\/div><\/figure>\n","protected":false},"excerpt":{"rendered":"<p>FC K\u00f8benhavn blev inden fyringen af St\u00e5le Solbakken kritiseret for at lade nordmanden have for stor magt i organisationen<\/p>\n","protected":false},"author":705,"featured_media":235229,"comment_status":"open","ping_status":"closed","sticky":false,"template":"","format":"standard","meta":{"om_disable_all_campaigns":false,"push_articles_ronaldo":{"active":false,"canonical":0,"publish":false},"force_updates":null},"categories":[8204],"tags":[16,182],"enet_tags":{"team":["8391"],"player":["78638"],"sport_events":[]},"yoast_head":"<!-- This site is optimized with the Yoast SEO plugin v18.3 - https:\/\/yoast.com\/wordpress\/plugins\/seo\/ -->\n<title>Tidligere FCK-chef forsvarer St\u00e5le efter kritik<\/title>\n<meta name=\"description\" content=\"FC K\u00f8benhavn blev inden fyringen af St\u00e5le Solbakken kritiseret for at lade nordmanden have for stor magt i organisationen\" \/>\n<meta name=\"robots\" content=\"index, follow, max-snippet:-1, max-image-preview:large, max-video-preview:-1\" \/>\n<link rel=\"canonical\" href=\"https:\/\/acefootball.com\/da\/fodboldnyheder\/tidligere-fck-chef-forsvarer-staale-efter-kritik\/\" \/>\n<meta property=\"og:locale\" content=\"en_US\" \/>\n<meta property=\"og:type\" content=\"article\" \/>\n<meta property=\"og:title\" content=\"Tidligere FCK-chef forsvarer St\u00e5le efter kritik\" \/>\n<meta property=\"og:description\" content=\"FC K\u00f8benhavn blev inden fyringen af St\u00e5le Solbakken kritiseret for at lade nordmanden have for stor magt i organisationen\" \/>\n<meta property=\"og:url\" content=\"https:\/\/acefootball.com\/da\/fodboldnyheder\/tidligere-fck-chef-forsvarer-staale-efter-kritik\/\" \/>\n<meta property=\"og:site_name\" content=\"Ace Football Danmark\" \/>\n<meta property=\"article:publisher\" content=\"https:\/\/www.facebook.com\/acefootballdk\" \/>\n<meta property=\"article:published_time\" content=\"2020-10-15T17:11:15+00:00\" \/>\n<meta property=\"article:modified_time\" content=\"2020-10-15T17:22:30+00:00\" \/>\n<meta property=\"og:image\" content=\"https:\/\/acefootball.com\/da\/wp-content\/uploads\/sites\/2\/2020\/08\/GettyImages-1227753909.jpg\" \/>\n\t<meta property=\"og:image:width\" content=\"1024\" \/>\n\t<meta property=\"og:image:height\" content=\"758\" \/>\n\t<meta property=\"og:image:type\" content=\"image\/jpeg\" \/>\n<meta name=\"twitter:card\" content=\"summary_large_image\" \/>\n<meta name=\"twitter:label1\" content=\"Written by\" \/>\n\t<meta name=\"twitter:data1\" content=\"Mads Dreyer\" \/>\n\t<meta name=\"twitter:label2\" content=\"Est. reading time\" \/>\n\t<meta name=\"twitter:data2\" content=\"1 minute\" \/>\n<script type=\"application\/ld+json\" class=\"yoast-schema-graph\">{\"@context\":\"https:\/\/schema.org\",\"@graph\":[{\"@type\":\"Organization\",\"@id\":\"https:\/\/acefootball.com\/da\/#organization\",\"name\":\"Ace Football\",\"url\":\"https:\/\/acefootball.com\/da\/\",\"sameAs\":[\"https:\/\/www.facebook.com\/acefootballdk\"],\"logo\":{\"@type\":\"ImageObject\",\"@id\":\"https:\/\/acefootball.com\/da\/#logo\",\"inLanguage\":\"en-US\",\"url\":\"https:\/\/acefootball.com\/da\/wp-content\/uploads\/sites\/2\/2020\/07\/Ace-Football-30-07-2020-2.png\",\"contentUrl\":\"https:\/\/acefootball.com\/da\/wp-content\/uploads\/sites\/2\/2020\/07\/Ace-Football-30-07-2020-2.png\",\"width\":1200,\"height\":600,\"caption\":\"Ace Football\"},\"image\":{\"@id\":\"https:\/\/acefootball.com\/da\/#logo\"}},{\"@type\":\"WebSite\",\"@id\":\"https:\/\/acefootball.com\/da\/#website\",\"url\":\"https:\/\/acefootball.com\/da\/\",\"name\":\"Ace Football Danmark\",\"description\":\"Nyheder, Spiltips &amp; Livescore\",\"publisher\":{\"@id\":\"https:\/\/acefootball.com\/da\/#organization\"},\"potentialAction\":[{\"@type\":\"SearchAction\",\"target\":{\"@type\":\"EntryPoint\",\"urlTemplate\":\"https:\/\/acefootball.com\/da\/?s={search_term_string}\"},\"query-input\":\"required name=search_term_string\"}],\"inLanguage\":\"en-US\"},{\"@type\":\"ImageObject\",\"@id\":\"https:\/\/acefootball.com\/da\/fodboldnyheder\/tidligere-fck-chef-forsvarer-staale-efter-kritik\/#primaryimage\",\"inLanguage\":\"en-US\",\"url\":\"https:\/\/acefootball.com\/da\/wp-content\/uploads\/sites\/2\/2020\/08\/GettyImages-1227753909.jpg\",\"contentUrl\":\"https:\/\/acefootball.com\/da\/wp-content\/uploads\/sites\/2\/2020\/08\/GettyImages-1227753909.jpg\",\"width\":1024,\"height\":758,\"caption\":\"AALBORG, DENMARK - JULY 23: Stale Solbakken, head coach of FC Copenhagen gestures during the Danish 3F Superliga match between AaB Aalborg and FC Copenhagen at Aalborg Portland Park on July 23, 2020 in Aalborg, Denmark. (Photo by Lars Ronbog \/ FrontZoneSport via Getty Images)\"},{\"@type\":\"WebPage\",\"@id\":\"https:\/\/acefootball.com\/da\/fodboldnyheder\/tidligere-fck-chef-forsvarer-staale-efter-kritik\/#webpage\",\"url\":\"https:\/\/acefootball.com\/da\/fodboldnyheder\/tidligere-fck-chef-forsvarer-staale-efter-kritik\/\",\"name\":\"Tidligere FCK-chef forsvarer St\u00e5le efter kritik\",\"isPartOf\":{\"@id\":\"https:\/\/acefootball.com\/da\/#website\"},\"primaryImageOfPage\":{\"@id\":\"https:\/\/acefootball.com\/da\/fodboldnyheder\/tidligere-fck-chef-forsvarer-staale-efter-kritik\/#primaryimage\"},\"datePublished\":\"2020-10-15T17:11:15+00:00\",\"dateModified\":\"2020-10-15T17:22:30+00:00\",\"description\":\"FC K\u00f8benhavn blev inden fyringen af St\u00e5le Solbakken kritiseret for at lade nordmanden have for stor magt i organisationen\",\"breadcrumb\":{\"@id\":\"https:\/\/acefootball.com\/da\/fodboldnyheder\/tidligere-fck-chef-forsvarer-staale-efter-kritik\/#breadcrumb\"},\"inLanguage\":\"en-US\",\"potentialAction\":[{\"@type\":\"ReadAction\",\"target\":[\"https:\/\/acefootball.com\/da\/fodboldnyheder\/tidligere-fck-chef-forsvarer-staale-efter-kritik\/\"]}]},{\"@type\":\"BreadcrumbList\",\"@id\":\"https:\/\/acefootball.com\/da\/fodboldnyheder\/tidligere-fck-chef-forsvarer-staale-efter-kritik\/#breadcrumb\",\"itemListElement\":[{\"@type\":\"ListItem\",\"position\":1,\"name\":\"Home\",\"item\":\"https:\/\/acefootball.com\/da\/\"},{\"@type\":\"ListItem\",\"position\":2,\"name\":\"Tidligere FCK-chef forsvarer St\u00e5le efter kritik\"}]},{\"@type\":\"Article\",\"@id\":\"https:\/\/acefootball.com\/da\/fodboldnyheder\/tidligere-fck-chef-forsvarer-staale-efter-kritik\/#article\",\"isPartOf\":{\"@id\":\"https:\/\/acefootball.com\/da\/fodboldnyheder\/tidligere-fck-chef-forsvarer-staale-efter-kritik\/#webpage\"},\"author\":{\"@id\":\"https:\/\/acefootball.com\/da\/#\/schema\/person\/ee67e9cf04a276f144100ffa722f10cd\"},\"headline\":\"Tidligere FCK-chef forsvarer St\u00e5le efter kritik\",\"datePublished\":\"2020-10-15T17:11:15+00:00\",\"dateModified\":\"2020-10-15T17:22:30+00:00\",\"mainEntityOfPage\":{\"@id\":\"https:\/\/acefootball.com\/da\/fodboldnyheder\/tidligere-fck-chef-forsvarer-staale-efter-kritik\/#webpage\"},\"wordCount\":195,\"commentCount\":0,\"publisher\":{\"@id\":\"https:\/\/acefootball.com\/da\/#organization\"},\"image\":{\"@id\":\"https:\/\/acefootball.com\/da\/fodboldnyheder\/tidligere-fck-chef-forsvarer-staale-efter-kritik\/#primaryimage\"},\"thumbnailUrl\":\"https:\/\/acefootball.com\/da\/wp-content\/uploads\/sites\/2\/2020\/08\/GettyImages-1227753909.jpg\",\"keywords\":[\"FC K\u00f8benhavn\",\"St\u00e5le Solbakken\"],\"articleSection\":[\"Udtalelse\"],\"inLanguage\":\"en-US\",\"potentialAction\":[{\"@type\":\"CommentAction\",\"name\":\"Comment\",\"target\":[\"https:\/\/acefootball.com\/da\/fodboldnyheder\/tidligere-fck-chef-forsvarer-staale-efter-kritik\/#respond\"]}]},{\"@type\":\"Person\",\"@id\":\"https:\/\/acefootball.com\/da\/#\/schema\/person\/ee67e9cf04a276f144100ffa722f10cd\",\"name\":\"Mads Dreyer\",\"image\":{\"@type\":\"ImageObject\",\"@id\":\"https:\/\/acefootball.com\/da\/#personlogo\",\"inLanguage\":\"en-US\",\"url\":\"https:\/\/secure.gravatar.com\/avatar\/7c7abf72cfde9902b6a60efe60c88d4c?s=96&d=mm&r=g\",\"contentUrl\":\"https:\/\/secure.gravatar.com\/avatar\/7c7abf72cfde9902b6a60efe60c88d4c?s=96&d=mm&r=g\",\"caption\":\"Mads Dreyer\"},\"description\":\"Skribent og fodboldn\u00f8rd, der lige nu fort\u00e6ller om alt og intet i fodboldverdenen p\u00e5 acefootball.com. Uddannet i kommunikation fra Aalborg Universitet.\",\"sameAs\":[\"https:\/\/www.linkedin.com\/in\/mads-dreyer-b9b08266\/\"],\"url\":\"https:\/\/acefootball.com\/da\/fodboldnyheder\/author\/mdnronaldo\/\"}]}<\/script>\n<!-- \/ Yoast SEO plugin. -->","yoast_head_json":{"title":"Tidligere FCK-chef forsvarer St\u00e5le efter kritik","description":"FC K\u00f8benhavn blev inden fyringen af St\u00e5le Solbakken kritiseret for at lade nordmanden have for stor magt i organisationen","robots":{"index":"index","follow":"follow","max-snippet":"max-snippet:-1","max-image-preview":"max-image-preview:large","max-video-preview":"max-video-preview:-1"},"canonical":"https:\/\/acefootball.com\/da\/fodboldnyheder\/tidligere-fck-chef-forsvarer-staale-efter-kritik\/","og_locale":"en_US","og_type":"article","og_title":"Tidligere FCK-chef forsvarer St\u00e5le efter kritik","og_description":"FC K\u00f8benhavn blev inden fyringen af St\u00e5le Solbakken kritiseret for at lade nordmanden have for stor magt i organisationen","og_url":"https:\/\/acefootball.com\/da\/fodboldnyheder\/tidligere-fck-chef-forsvarer-staale-efter-kritik\/","og_site_name":"Ace Football Danmark","article_publisher":"https:\/\/www.facebook.com\/acefootballdk","article_published_time":"2020-10-15T17:11:15+00:00","article_modified_time":"2020-10-15T17:22:30+00:00","og_image":[{"width":1024,"height":758,"url":"https:\/\/acefootball.com\/da\/wp-content\/uploads\/sites\/2\/2020\/08\/GettyImages-1227753909.jpg","type":"image\/jpeg"}],"twitter_card":"summary_large_image","twitter_misc":{"Written by":"Mads Dreyer","Est. reading time":"1 minute"},"schema":{"@context":"https:\/\/schema.org","@graph":[{"@type":"Organization","@id":"https:\/\/acefootball.com\/da\/#organization","name":"Ace Football","url":"https:\/\/acefootball.com\/da\/","sameAs":["https:\/\/www.facebook.com\/acefootballdk"],"logo":{"@type":"ImageObject","@id":"https:\/\/acefootball.com\/da\/#logo","inLanguage":"en-US","url":"https:\/\/acefootball.com\/da\/wp-content\/uploads\/sites\/2\/2020\/07\/Ace-Football-30-07-2020-2.png","contentUrl":"https:\/\/acefootball.com\/da\/wp-content\/uploads\/sites\/2\/2020\/07\/Ace-Football-30-07-2020-2.png","width":1200,"height":600,"caption":"Ace Football"},"image":{"@id":"https:\/\/acefootball.com\/da\/#logo"}},{"@type":"WebSite","@id":"https:\/\/acefootball.com\/da\/#website","url":"https:\/\/acefootball.com\/da\/","name":"Ace Football Danmark","description":"Nyheder, Spiltips &amp; Livescore","publisher":{"@id":"https:\/\/acefootball.com\/da\/#organization"},"potentialAction":[{"@type":"SearchAction","target":{"@type":"EntryPoint","urlTemplate":"https:\/\/acefootball.com\/da\/?s={search_term_string}"},"query-input":"required name=search_term_string"}],"inLanguage":"en-US"},{"@type":"ImageObject","@id":"https:\/\/acefootball.com\/da\/fodboldnyheder\/tidligere-fck-chef-forsvarer-staale-efter-kritik\/#primaryimage","inLanguage":"en-US","url":"https:\/\/acefootball.com\/da\/wp-content\/uploads\/sites\/2\/2020\/08\/GettyImages-1227753909.jpg","contentUrl":"https:\/\/acefootball.com\/da\/wp-content\/uploads\/sites\/2\/2020\/08\/GettyImages-1227753909.jpg","width":1024,"height":758,"caption":"AALBORG, DENMARK - JULY 23: Stale Solbakken, head coach of FC Copenhagen gestures during the Danish 3F Superliga match between AaB Aalborg and FC Copenhagen at Aalborg Portland Park on July 23, 2020 in Aalborg, Denmark. (Photo by Lars Ronbog \/ FrontZoneSport via Getty Images)"},{"@type":"WebPage","@id":"https:\/\/acefootball.com\/da\/fodboldnyheder\/tidligere-fck-chef-forsvarer-staale-efter-kritik\/#webpage","url":"https:\/\/acefootball.com\/da\/fodboldnyheder\/tidligere-fck-chef-forsvarer-staale-efter-kritik\/","name":"Tidligere FCK-chef forsvarer St\u00e5le efter kritik","isPartOf":{"@id":"https:\/\/acefootball.com\/da\/#website"},"primaryImageOfPage":{"@id":"https:\/\/acefootball.com\/da\/fodboldnyheder\/tidligere-fck-chef-forsvarer-staale-efter-kritik\/#primaryimage"},"datePublished":"2020-10-15T17:11:15+00:00","dateModified":"2020-10-15T17:22:30+00:00","description":"FC K\u00f8benhavn blev inden fyringen af St\u00e5le Solbakken kritiseret for at lade nordmanden have for stor magt i organisationen","breadcrumb":{"@id":"https:\/\/acefootball.com\/da\/fodboldnyheder\/tidligere-fck-chef-forsvarer-staale-efter-kritik\/#breadcrumb"},"inLanguage":"en-US","potentialAction":[{"@type":"ReadAction","target":["https:\/\/acefootball.com\/da\/fodboldnyheder\/tidligere-fck-chef-forsvarer-staale-efter-kritik\/"]}]},{"@type":"BreadcrumbList","@id":"https:\/\/acefootball.com\/da\/fodboldnyheder\/tidligere-fck-chef-forsvarer-staale-efter-kritik\/#breadcrumb","itemListElement":[{"@type":"ListItem","position":1,"name":"Home","item":"https:\/\/acefootball.com\/da\/"},{"@type":"ListItem","position":2,"name":"Tidligere FCK-chef forsvarer St\u00e5le efter kritik"}]},{"@type":"Article","@id":"https:\/\/acefootball.com\/da\/fodboldnyheder\/tidligere-fck-chef-forsvarer-staale-efter-kritik\/#article","isPartOf":{"@id":"https:\/\/acefootball.com\/da\/fodboldnyheder\/tidligere-fck-chef-forsvarer-staale-efter-kritik\/#webpage"},"author":{"@id":"https:\/\/acefootball.com\/da\/#\/schema\/person\/ee67e9cf04a276f144100ffa722f10cd"},"headline":"Tidligere FCK-chef forsvarer St\u00e5le efter kritik","datePublished":"2020-10-15T17:11:15+00:00","dateModified":"2020-10-15T17:22:30+00:00","mainEntityOfPage":{"@id":"https:\/\/acefootball.com\/da\/fodboldnyheder\/tidligere-fck-chef-forsvarer-staale-efter-kritik\/#webpage"},"wordCount":195,"commentCount":0,"publisher":{"@id":"https:\/\/acefootball.com\/da\/#organization"},"image":{"@id":"https:\/\/acefootball.com\/da\/fodboldnyheder\/tidligere-fck-chef-forsvarer-staale-efter-kritik\/#primaryimage"},"thumbnailUrl":"https:\/\/acefootball.com\/da\/wp-content\/uploads\/sites\/2\/2020\/08\/GettyImages-1227753909.jpg","keywords":["FC K\u00f8benhavn","St\u00e5le Solbakken"],"articleSection":["Udtalelse"],"inLanguage":"en-US","potentialAction":[{"@type":"CommentAction","name":"Comment","target":["https:\/\/acefootball.com\/da\/fodboldnyheder\/tidligere-fck-chef-forsvarer-staale-efter-kritik\/#respond"]}]},{"@type":"Person","@id":"https:\/\/acefootball.com\/da\/#\/schema\/person\/ee67e9cf04a276f144100ffa722f10cd","name":"Mads Dreyer","image":{"@type":"ImageObject","@id":"https:\/\/acefootball.com\/da\/#personlogo","inLanguage":"en-US","url":"https:\/\/secure.gravatar.com\/avatar\/7c7abf72cfde9902b6a60efe60c88d4c?s=96&d=mm&r=g","contentUrl":"https:\/\/secure.gravatar.com\/avatar\/7c7abf72cfde9902b6a60efe60c88d4c?s=96&d=mm&r=g","caption":"Mads Dreyer"},"description":"Skribent og fodboldn\u00f8rd, der lige nu fort\u00e6ller om alt og intet i fodboldverdenen p\u00e5 acefootball.com. Uddannet i kommunikation fra Aalborg Universitet.","sameAs":["https:\/\/www.linkedin.com\/in\/mads-dreyer-b9b08266\/"],"url":"https:\/\/acefootball.com\/da\/fodboldnyheder\/author\/mdnronaldo\/"}]}},"fimg_url":"https:\/\/acefootball.com\/da\/wp-content\/uploads\/sites\/2\/2020\/08\/GettyImages-1227753909.jpg","_links":{"self":[{"href":"https:\/\/acefootball.com\/da\/wp-json\/wp\/v2\/posts\/240406"}],"collection":[{"href":"https:\/\/acefootball.com\/da\/wp-json\/wp\/v2\/posts"}],"about":[{"href":"https:\/\/acefootball.com\/da\/wp-json\/wp\/v2\/types\/post"}],"author":[{"embeddable":true,"href":"https:\/\/acefootball.com\/da\/wp-json\/wp\/v2\/users\/705"}],"replies":[{"embeddable":true,"href":"https:\/\/acefootball.com\/da\/wp-json\/wp\/v2\/comments?post=240406"}],"version-history":[{"count":0,"href":"https:\/\/acefootball.com\/da\/wp-json\/wp\/v2\/posts\/240406\/revisions"}],"wp:featuredmedia":[{"embeddable":true,"href":"https:\/\/acefootball.com\/da\/wp-json\/wp\/v2\/media\/235229"}],"wp:attachment":[{"href":"https:\/\/acefootball.com\/da\/wp-json\/wp\/v2\/media?parent=240406"}],"wp:term":[{"taxonomy":"category","embeddable":true,"href":"https:\/\/acefootball.com\/da\/wp-json\/wp\/v2\/categories?post=240406"},{"taxonomy":"post_tag","embeddable":true,"href":"https:\/\/acefootball.com\/da\/wp-json\/wp\/v2\/tags?post=240406"}],"curies":[{"name":"wp","href":"https:\/\/api.w.org\/{rel}","templated":true}]}}