{"id":240402,"date":"2020-10-15T18:33:40","date_gmt":"2020-10-15T16:33:40","guid":{"rendered":"https:\/\/acefootball.com\/da\/?p=240402"},"modified":"2020-10-15T18:33:41","modified_gmt":"2020-10-15T16:33:41","slug":"fm-legende-genoptager-karrieren-i-svensk-amatoerklub","status":"publish","type":"post","link":"https:\/\/acefootball.com\/da\/fodboldnyheder\/fm-legende-genoptager-karrieren-i-svensk-amatoerklub\/","title":{"rendered":"FM-legende genoptager karrieren i svensk amat\u00f8rklub"},"content":{"rendered":"\n<h2 id=\"h-det-tidligere-stortalent-freddy-adu-genoptager-karrieren-i-svenske-sterlen-ff-skriver-den-amerikanske-journalist-ives-galarcep\">Det tidligere stortalent, Freddy Adu, genoptager karrieren i svenske \u00d6sterlen FF, skriver den amerikanske journalist, Ives Galarcep<\/h2>\n\n\n\n<p>For dem, der har levet af Football Manager de seneste 15 \u00e5r, er denne nyhed velsagtens p\u00e5 breaking-niveau.<\/p>\n\n\n\n<p>Det tidligere k\u00e6mpetalent og FM-legende, Freddy Adu, har nemlig valgt at genoptage karrieren, der ellers var stoppet for to \u00e5r siden. Det skriver den amerikanske journalist Ives Galarcep p\u00e5 Twitter.<\/p>\n\n\n\n<figure class=\"wp-block-embed-twitter wp-block-embed is-type-rich is-provider-twitter\"><div class=\"wp-block-embed__wrapper\">\n<blockquote class=\"twitter-tweet\" data-width=\"550\" data-dnt=\"true\"><p lang=\"en\" dir=\"ltr\">Freddy Adu has signed with Swedish side Osterlen FF. It marks Adu\u2019s first return to action since playing for the Las Vegas Lights in 2018.<br><br>Osterlen was recently promoted to Sweden\u2019s Division 1, the third tier in Sweden.<\/p>&mdash; Ives Galarcep (@SoccerByIves) <a href=\"https:\/\/twitter.com\/SoccerByIves\/status\/1316420178972942337?ref_src=twsrc%5Etfw\">October 14, 2020<\/a><\/blockquote><script async src=\"https:\/\/platform.twitter.com\/widgets.js\" charset=\"utf-8\"><\/script>\n<\/div><\/figure>\n\n\n\n<p>Nu 31-\u00e5rige Adu har ikke spillet, siden kontrakten hos Las Vegas Lights blev afbrudt i december 2018, da han har haft problemer med ryggen. Efterf\u00f8lgende har den tidligere amerikanske landsholdsspiller fungeret som ungdomstr\u00e6ner.<\/p>\n\n\n\n<p>Men er der sandhed i Galarceps ord, skal Adu nu repr\u00e6sentere den lille svenske klub \u00d6sterlen FF, som netop er rykket op i den tredjebedste r\u00e6kke. Klubben ligger p\u00e5 f\u00f8rstepladsen og kan ikke l\u00e6ngere hentes med kun en kamp tilbage i s\u00e6sonen.<\/p>\n\n\n\n<figure class=\"wp-block-embed-twitter wp-block-embed is-type-rich is-provider-twitter\"><div class=\"wp-block-embed__wrapper\">\n<blockquote class=\"twitter-tweet\" data-width=\"550\" data-dnt=\"true\"><p lang=\"en\" dir=\"ltr\">Who is the greatest Football Manager wonderkid of all time?<\/p>&mdash; SPORTbible (@sportbible) <a href=\"https:\/\/twitter.com\/sportbible\/status\/1116696842354475010?ref_src=twsrc%5Etfw\">April 12, 2019<\/a><\/blockquote><script async src=\"https:\/\/platform.twitter.com\/widgets.js\" charset=\"utf-8\"><\/script>\n<\/div><\/figure>\n\n\n\n<p>Freddy Adu vurderes som et af de st\u00f8rste talenter nogensinde i spilserien Football Manager, men karrieren n\u00e5ede aldrig i n\u00e6rheden af at ramme samme niveau som de t\u00e5rnh\u00f8je forventninger.<\/p>\n\n\n\n<p>Efter starten i DC United var angriberen omkring hele 12 klubber, heriblandt Benfica, Monaco og Philadelphia, mens det blev til 17 landskampe.<\/p>\n","protected":false},"excerpt":{"rendered":"<p>Det tidligere stortalent, Freddy Adu, genoptager karrieren i svenske \u00d6sterlen FF, skriver den amerikanske journalist, Ives Galarcep<\/p>\n","protected":false},"author":705,"featured_media":240404,"comment_status":"open","ping_status":"closed","sticky":false,"template":"","format":"standard","meta":{"om_disable_all_campaigns":false,"push_articles_ronaldo":{"active":false,"canonical":0,"publish":false},"force_updates":null},"categories":[7],"tags":[],"enet_tags":{"sport_events":[]},"yoast_head":"<!-- This site is optimized with the Yoast SEO plugin v18.3 - https:\/\/yoast.com\/wordpress\/plugins\/seo\/ -->\n<title>FM-legende genoptager karrieren i svensk amat\u00f8rklub<\/title>\n<meta name=\"description\" content=\"Det tidligere stortalent, Freddy Adu, genoptager karrieren i svenske \u00d6sterlen FF, skriver den amerikanske journalist, Ives Galarcep\" \/>\n<meta name=\"robots\" content=\"index, follow, max-snippet:-1, max-image-preview:large, max-video-preview:-1\" \/>\n<link rel=\"canonical\" href=\"https:\/\/acefootball.com\/da\/fodboldnyheder\/fm-legende-genoptager-karrieren-i-svensk-amatoerklub\/\" \/>\n<meta property=\"og:locale\" content=\"en_US\" \/>\n<meta property=\"og:type\" content=\"article\" \/>\n<meta property=\"og:title\" content=\"FM-legende genoptager karrieren i svensk amat\u00f8rklub\" \/>\n<meta property=\"og:description\" content=\"Det tidligere stortalent, Freddy Adu, genoptager karrieren i svenske \u00d6sterlen FF, skriver den amerikanske journalist, Ives Galarcep\" \/>\n<meta property=\"og:url\" content=\"https:\/\/acefootball.com\/da\/fodboldnyheder\/fm-legende-genoptager-karrieren-i-svensk-amatoerklub\/\" \/>\n<meta property=\"og:site_name\" content=\"Ace Football Danmark\" \/>\n<meta property=\"article:publisher\" content=\"https:\/\/www.facebook.com\/acefootballdk\" \/>\n<meta property=\"article:published_time\" content=\"2020-10-15T16:33:40+00:00\" \/>\n<meta property=\"article:modified_time\" content=\"2020-10-15T16:33:41+00:00\" \/>\n<meta property=\"og:image\" content=\"https:\/\/acefootball.com\/da\/wp-content\/uploads\/sites\/2\/2020\/10\/GettyImages-152752813.jpg\" \/>\n\t<meta property=\"og:image:width\" content=\"1024\" \/>\n\t<meta property=\"og:image:height\" content=\"682\" \/>\n\t<meta property=\"og:image:type\" content=\"image\/jpeg\" \/>\n<meta name=\"twitter:card\" content=\"summary_large_image\" \/>\n<meta name=\"twitter:label1\" content=\"Written by\" \/>\n\t<meta name=\"twitter:data1\" content=\"Mads Dreyer\" \/>\n\t<meta name=\"twitter:label2\" content=\"Est. reading time\" \/>\n\t<meta name=\"twitter:data2\" content=\"1 minute\" \/>\n<script type=\"application\/ld+json\" class=\"yoast-schema-graph\">{\"@context\":\"https:\/\/schema.org\",\"@graph\":[{\"@type\":\"Organization\",\"@id\":\"https:\/\/acefootball.com\/da\/#organization\",\"name\":\"Ace Football\",\"url\":\"https:\/\/acefootball.com\/da\/\",\"sameAs\":[\"https:\/\/www.facebook.com\/acefootballdk\"],\"logo\":{\"@type\":\"ImageObject\",\"@id\":\"https:\/\/acefootball.com\/da\/#logo\",\"inLanguage\":\"en-US\",\"url\":\"https:\/\/acefootball.com\/da\/wp-content\/uploads\/sites\/2\/2020\/07\/Ace-Football-30-07-2020-2.png\",\"contentUrl\":\"https:\/\/acefootball.com\/da\/wp-content\/uploads\/sites\/2\/2020\/07\/Ace-Football-30-07-2020-2.png\",\"width\":1200,\"height\":600,\"caption\":\"Ace Football\"},\"image\":{\"@id\":\"https:\/\/acefootball.com\/da\/#logo\"}},{\"@type\":\"WebSite\",\"@id\":\"https:\/\/acefootball.com\/da\/#website\",\"url\":\"https:\/\/acefootball.com\/da\/\",\"name\":\"Ace Football Danmark\",\"description\":\"Nyheder, Spiltips &amp; Livescore\",\"publisher\":{\"@id\":\"https:\/\/acefootball.com\/da\/#organization\"},\"potentialAction\":[{\"@type\":\"SearchAction\",\"target\":{\"@type\":\"EntryPoint\",\"urlTemplate\":\"https:\/\/acefootball.com\/da\/?s={search_term_string}\"},\"query-input\":\"required name=search_term_string\"}],\"inLanguage\":\"en-US\"},{\"@type\":\"ImageObject\",\"@id\":\"https:\/\/acefootball.com\/da\/fodboldnyheder\/fm-legende-genoptager-karrieren-i-svensk-amatoerklub\/#primaryimage\",\"inLanguage\":\"en-US\",\"url\":\"https:\/\/acefootball.com\/da\/wp-content\/uploads\/sites\/2\/2020\/10\/GettyImages-152752813.jpg\",\"contentUrl\":\"https:\/\/acefootball.com\/da\/wp-content\/uploads\/sites\/2\/2020\/10\/GettyImages-152752813.jpg\",\"width\":1024,\"height\":682,\"caption\":\"CHESTER, PA - SEPTEMBER 20: Freddy Adu #11 of the Philadelphia Union kicks the ball during the game against D.C. United at PPL Park on September 20, 2012 in Chester, Pennsylvania. United won 1-0. (Photo by Drew Hallowell\/Getty Images)\"},{\"@type\":\"WebPage\",\"@id\":\"https:\/\/acefootball.com\/da\/fodboldnyheder\/fm-legende-genoptager-karrieren-i-svensk-amatoerklub\/#webpage\",\"url\":\"https:\/\/acefootball.com\/da\/fodboldnyheder\/fm-legende-genoptager-karrieren-i-svensk-amatoerklub\/\",\"name\":\"FM-legende genoptager karrieren i svensk amat\u00f8rklub\",\"isPartOf\":{\"@id\":\"https:\/\/acefootball.com\/da\/#website\"},\"primaryImageOfPage\":{\"@id\":\"https:\/\/acefootball.com\/da\/fodboldnyheder\/fm-legende-genoptager-karrieren-i-svensk-amatoerklub\/#primaryimage\"},\"datePublished\":\"2020-10-15T16:33:40+00:00\",\"dateModified\":\"2020-10-15T16:33:41+00:00\",\"description\":\"Det tidligere stortalent, Freddy Adu, genoptager karrieren i svenske \u00d6sterlen FF, skriver den amerikanske journalist, Ives Galarcep\",\"breadcrumb\":{\"@id\":\"https:\/\/acefootball.com\/da\/fodboldnyheder\/fm-legende-genoptager-karrieren-i-svensk-amatoerklub\/#breadcrumb\"},\"inLanguage\":\"en-US\",\"potentialAction\":[{\"@type\":\"ReadAction\",\"target\":[\"https:\/\/acefootball.com\/da\/fodboldnyheder\/fm-legende-genoptager-karrieren-i-svensk-amatoerklub\/\"]}]},{\"@type\":\"BreadcrumbList\",\"@id\":\"https:\/\/acefootball.com\/da\/fodboldnyheder\/fm-legende-genoptager-karrieren-i-svensk-amatoerklub\/#breadcrumb\",\"itemListElement\":[{\"@type\":\"ListItem\",\"position\":1,\"name\":\"Home\",\"item\":\"https:\/\/acefootball.com\/da\/\"},{\"@type\":\"ListItem\",\"position\":2,\"name\":\"FM-legende genoptager karrieren i svensk amat\u00f8rklub\"}]},{\"@type\":\"Article\",\"@id\":\"https:\/\/acefootball.com\/da\/fodboldnyheder\/fm-legende-genoptager-karrieren-i-svensk-amatoerklub\/#article\",\"isPartOf\":{\"@id\":\"https:\/\/acefootball.com\/da\/fodboldnyheder\/fm-legende-genoptager-karrieren-i-svensk-amatoerklub\/#webpage\"},\"author\":{\"@id\":\"https:\/\/acefootball.com\/da\/#\/schema\/person\/ee67e9cf04a276f144100ffa722f10cd\"},\"headline\":\"FM-legende genoptager karrieren i svensk amat\u00f8rklub\",\"datePublished\":\"2020-10-15T16:33:40+00:00\",\"dateModified\":\"2020-10-15T16:33:41+00:00\",\"mainEntityOfPage\":{\"@id\":\"https:\/\/acefootball.com\/da\/fodboldnyheder\/fm-legende-genoptager-karrieren-i-svensk-amatoerklub\/#webpage\"},\"wordCount\":218,\"commentCount\":0,\"publisher\":{\"@id\":\"https:\/\/acefootball.com\/da\/#organization\"},\"image\":{\"@id\":\"https:\/\/acefootball.com\/da\/fodboldnyheder\/fm-legende-genoptager-karrieren-i-svensk-amatoerklub\/#primaryimage\"},\"thumbnailUrl\":\"https:\/\/acefootball.com\/da\/wp-content\/uploads\/sites\/2\/2020\/10\/GettyImages-152752813.jpg\",\"articleSection\":[\"Transfer\"],\"inLanguage\":\"en-US\",\"potentialAction\":[{\"@type\":\"CommentAction\",\"name\":\"Comment\",\"target\":[\"https:\/\/acefootball.com\/da\/fodboldnyheder\/fm-legende-genoptager-karrieren-i-svensk-amatoerklub\/#respond\"]}]},{\"@type\":\"Person\",\"@id\":\"https:\/\/acefootball.com\/da\/#\/schema\/person\/ee67e9cf04a276f144100ffa722f10cd\",\"name\":\"Mads Dreyer\",\"image\":{\"@type\":\"ImageObject\",\"@id\":\"https:\/\/acefootball.com\/da\/#personlogo\",\"inLanguage\":\"en-US\",\"url\":\"https:\/\/secure.gravatar.com\/avatar\/7c7abf72cfde9902b6a60efe60c88d4c?s=96&d=mm&r=g\",\"contentUrl\":\"https:\/\/secure.gravatar.com\/avatar\/7c7abf72cfde9902b6a60efe60c88d4c?s=96&d=mm&r=g\",\"caption\":\"Mads Dreyer\"},\"description\":\"Skribent og fodboldn\u00f8rd, der lige nu fort\u00e6ller om alt og intet i fodboldverdenen p\u00e5 acefootball.com. Uddannet i kommunikation fra Aalborg Universitet.\",\"sameAs\":[\"https:\/\/www.linkedin.com\/in\/mads-dreyer-b9b08266\/\"],\"url\":\"https:\/\/acefootball.com\/da\/fodboldnyheder\/author\/mdnronaldo\/\"}]}<\/script>\n<!-- \/ Yoast SEO plugin. -->","yoast_head_json":{"title":"FM-legende genoptager karrieren i svensk amat\u00f8rklub","description":"Det tidligere stortalent, Freddy Adu, genoptager karrieren i svenske \u00d6sterlen FF, skriver den amerikanske journalist, Ives Galarcep","robots":{"index":"index","follow":"follow","max-snippet":"max-snippet:-1","max-image-preview":"max-image-preview:large","max-video-preview":"max-video-preview:-1"},"canonical":"https:\/\/acefootball.com\/da\/fodboldnyheder\/fm-legende-genoptager-karrieren-i-svensk-amatoerklub\/","og_locale":"en_US","og_type":"article","og_title":"FM-legende genoptager karrieren i svensk amat\u00f8rklub","og_description":"Det tidligere stortalent, Freddy Adu, genoptager karrieren i svenske \u00d6sterlen FF, skriver den amerikanske journalist, Ives Galarcep","og_url":"https:\/\/acefootball.com\/da\/fodboldnyheder\/fm-legende-genoptager-karrieren-i-svensk-amatoerklub\/","og_site_name":"Ace Football Danmark","article_publisher":"https:\/\/www.facebook.com\/acefootballdk","article_published_time":"2020-10-15T16:33:40+00:00","article_modified_time":"2020-10-15T16:33:41+00:00","og_image":[{"width":1024,"height":682,"url":"https:\/\/acefootball.com\/da\/wp-content\/uploads\/sites\/2\/2020\/10\/GettyImages-152752813.jpg","type":"image\/jpeg"}],"twitter_card":"summary_large_image","twitter_misc":{"Written by":"Mads Dreyer","Est. reading time":"1 minute"},"schema":{"@context":"https:\/\/schema.org","@graph":[{"@type":"Organization","@id":"https:\/\/acefootball.com\/da\/#organization","name":"Ace Football","url":"https:\/\/acefootball.com\/da\/","sameAs":["https:\/\/www.facebook.com\/acefootballdk"],"logo":{"@type":"ImageObject","@id":"https:\/\/acefootball.com\/da\/#logo","inLanguage":"en-US","url":"https:\/\/acefootball.com\/da\/wp-content\/uploads\/sites\/2\/2020\/07\/Ace-Football-30-07-2020-2.png","contentUrl":"https:\/\/acefootball.com\/da\/wp-content\/uploads\/sites\/2\/2020\/07\/Ace-Football-30-07-2020-2.png","width":1200,"height":600,"caption":"Ace Football"},"image":{"@id":"https:\/\/acefootball.com\/da\/#logo"}},{"@type":"WebSite","@id":"https:\/\/acefootball.com\/da\/#website","url":"https:\/\/acefootball.com\/da\/","name":"Ace Football Danmark","description":"Nyheder, Spiltips &amp; Livescore","publisher":{"@id":"https:\/\/acefootball.com\/da\/#organization"},"potentialAction":[{"@type":"SearchAction","target":{"@type":"EntryPoint","urlTemplate":"https:\/\/acefootball.com\/da\/?s={search_term_string}"},"query-input":"required name=search_term_string"}],"inLanguage":"en-US"},{"@type":"ImageObject","@id":"https:\/\/acefootball.com\/da\/fodboldnyheder\/fm-legende-genoptager-karrieren-i-svensk-amatoerklub\/#primaryimage","inLanguage":"en-US","url":"https:\/\/acefootball.com\/da\/wp-content\/uploads\/sites\/2\/2020\/10\/GettyImages-152752813.jpg","contentUrl":"https:\/\/acefootball.com\/da\/wp-content\/uploads\/sites\/2\/2020\/10\/GettyImages-152752813.jpg","width":1024,"height":682,"caption":"CHESTER, PA - SEPTEMBER 20: Freddy Adu #11 of the Philadelphia Union kicks the ball during the game against D.C. United at PPL Park on September 20, 2012 in Chester, Pennsylvania. United won 1-0. (Photo by Drew Hallowell\/Getty Images)"},{"@type":"WebPage","@id":"https:\/\/acefootball.com\/da\/fodboldnyheder\/fm-legende-genoptager-karrieren-i-svensk-amatoerklub\/#webpage","url":"https:\/\/acefootball.com\/da\/fodboldnyheder\/fm-legende-genoptager-karrieren-i-svensk-amatoerklub\/","name":"FM-legende genoptager karrieren i svensk amat\u00f8rklub","isPartOf":{"@id":"https:\/\/acefootball.com\/da\/#website"},"primaryImageOfPage":{"@id":"https:\/\/acefootball.com\/da\/fodboldnyheder\/fm-legende-genoptager-karrieren-i-svensk-amatoerklub\/#primaryimage"},"datePublished":"2020-10-15T16:33:40+00:00","dateModified":"2020-10-15T16:33:41+00:00","description":"Det tidligere stortalent, Freddy Adu, genoptager karrieren i svenske \u00d6sterlen FF, skriver den amerikanske journalist, Ives Galarcep","breadcrumb":{"@id":"https:\/\/acefootball.com\/da\/fodboldnyheder\/fm-legende-genoptager-karrieren-i-svensk-amatoerklub\/#breadcrumb"},"inLanguage":"en-US","potentialAction":[{"@type":"ReadAction","target":["https:\/\/acefootball.com\/da\/fodboldnyheder\/fm-legende-genoptager-karrieren-i-svensk-amatoerklub\/"]}]},{"@type":"BreadcrumbList","@id":"https:\/\/acefootball.com\/da\/fodboldnyheder\/fm-legende-genoptager-karrieren-i-svensk-amatoerklub\/#breadcrumb","itemListElement":[{"@type":"ListItem","position":1,"name":"Home","item":"https:\/\/acefootball.com\/da\/"},{"@type":"ListItem","position":2,"name":"FM-legende genoptager karrieren i svensk amat\u00f8rklub"}]},{"@type":"Article","@id":"https:\/\/acefootball.com\/da\/fodboldnyheder\/fm-legende-genoptager-karrieren-i-svensk-amatoerklub\/#article","isPartOf":{"@id":"https:\/\/acefootball.com\/da\/fodboldnyheder\/fm-legende-genoptager-karrieren-i-svensk-amatoerklub\/#webpage"},"author":{"@id":"https:\/\/acefootball.com\/da\/#\/schema\/person\/ee67e9cf04a276f144100ffa722f10cd"},"headline":"FM-legende genoptager karrieren i svensk amat\u00f8rklub","datePublished":"2020-10-15T16:33:40+00:00","dateModified":"2020-10-15T16:33:41+00:00","mainEntityOfPage":{"@id":"https:\/\/acefootball.com\/da\/fodboldnyheder\/fm-legende-genoptager-karrieren-i-svensk-amatoerklub\/#webpage"},"wordCount":218,"commentCount":0,"publisher":{"@id":"https:\/\/acefootball.com\/da\/#organization"},"image":{"@id":"https:\/\/acefootball.com\/da\/fodboldnyheder\/fm-legende-genoptager-karrieren-i-svensk-amatoerklub\/#primaryimage"},"thumbnailUrl":"https:\/\/acefootball.com\/da\/wp-content\/uploads\/sites\/2\/2020\/10\/GettyImages-152752813.jpg","articleSection":["Transfer"],"inLanguage":"en-US","potentialAction":[{"@type":"CommentAction","name":"Comment","target":["https:\/\/acefootball.com\/da\/fodboldnyheder\/fm-legende-genoptager-karrieren-i-svensk-amatoerklub\/#respond"]}]},{"@type":"Person","@id":"https:\/\/acefootball.com\/da\/#\/schema\/person\/ee67e9cf04a276f144100ffa722f10cd","name":"Mads Dreyer","image":{"@type":"ImageObject","@id":"https:\/\/acefootball.com\/da\/#personlogo","inLanguage":"en-US","url":"https:\/\/secure.gravatar.com\/avatar\/7c7abf72cfde9902b6a60efe60c88d4c?s=96&d=mm&r=g","contentUrl":"https:\/\/secure.gravatar.com\/avatar\/7c7abf72cfde9902b6a60efe60c88d4c?s=96&d=mm&r=g","caption":"Mads Dreyer"},"description":"Skribent og fodboldn\u00f8rd, der lige nu fort\u00e6ller om alt og intet i fodboldverdenen p\u00e5 acefootball.com. Uddannet i kommunikation fra Aalborg Universitet.","sameAs":["https:\/\/www.linkedin.com\/in\/mads-dreyer-b9b08266\/"],"url":"https:\/\/acefootball.com\/da\/fodboldnyheder\/author\/mdnronaldo\/"}]}},"fimg_url":"https:\/\/acefootball.com\/da\/wp-content\/uploads\/sites\/2\/2020\/10\/GettyImages-152752813.jpg","_links":{"self":[{"href":"https:\/\/acefootball.com\/da\/wp-json\/wp\/v2\/posts\/240402"}],"collection":[{"href":"https:\/\/acefootball.com\/da\/wp-json\/wp\/v2\/posts"}],"about":[{"href":"https:\/\/acefootball.com\/da\/wp-json\/wp\/v2\/types\/post"}],"author":[{"embeddable":true,"href":"https:\/\/acefootball.com\/da\/wp-json\/wp\/v2\/users\/705"}],"replies":[{"embeddable":true,"href":"https:\/\/acefootball.com\/da\/wp-json\/wp\/v2\/comments?post=240402"}],"version-history":[{"count":0,"href":"https:\/\/acefootball.com\/da\/wp-json\/wp\/v2\/posts\/240402\/revisions"}],"wp:featuredmedia":[{"embeddable":true,"href":"https:\/\/acefootball.com\/da\/wp-json\/wp\/v2\/media\/240404"}],"wp:attachment":[{"href":"https:\/\/acefootball.com\/da\/wp-json\/wp\/v2\/media?parent=240402"}],"wp:term":[{"taxonomy":"category","embeddable":true,"href":"https:\/\/acefootball.com\/da\/wp-json\/wp\/v2\/categories?post=240402"},{"taxonomy":"post_tag","embeddable":true,"href":"https:\/\/acefootball.com\/da\/wp-json\/wp\/v2\/tags?post=240402"}],"curies":[{"name":"wp","href":"https:\/\/api.w.org\/{rel}","templated":true}]}}