{"id":240398,"date":"2020-10-15T17:16:43","date_gmt":"2020-10-15T15:16:43","guid":{"rendered":"https:\/\/acefootball.com\/da\/?p=240398"},"modified":"2020-10-15T17:16:49","modified_gmt":"2020-10-15T15:16:49","slug":"anklage-juventus-og-ronaldo-har-loejet-om-corona-regler","status":"publish","type":"post","link":"https:\/\/acefootball.com\/da\/fodboldnyheder\/anklage-juventus-og-ronaldo-har-loejet-om-corona-regler\/","title":{"rendered":"Anklage: Juventus og Ronaldo har l\u00f8jet om corona-regler"},"content":{"rendered":"\n<h2 id=\"h-den-italienske-sportsminister-tror-ikke-p-at-cristiano-ronaldo-har-overholdt-corona-reglerne-i-forbindelse-med-transporten-hjem-til-torino\">Den italienske sportsminister tror ikke p\u00e5, at Cristiano Ronaldo har overholdt corona-reglerne i forbindelse med transporten hjem til Torino<\/h2>\n\n\n\n<p>Cristiano Ronaldo blev inden Portugals seneste Nations League-kamp mod Sverige testet positiv for coronavirus, og han m\u00e5tte derfor g\u00e5 i isolation.<\/p>\n\n\n\n<p>Det bet\u00f8d ogs\u00e5, at Ronaldo ikke umiddelbart kunne komme hjem til Torino, men Juventus oplyste onsdag, at man havde fragtet verdensstjernen tilbage til Italien med et privatfly, hvilket var godkendt af myndighederne.<\/p>\n\n\n\n<p>Men det stiller Italiens sportsminister, Vincenzo Spadafora, nu sp\u00f8rgsm\u00e5lstegn ved, da han intet kender til den omtalte tilladelse. I stedet tror han, at Juventus og Ronaldo har brudt isolationsreglerne.<\/p>\n\n\n\n<figure class=\"wp-block-embed-wordpress wp-block-embed is-type-wp-embed is-provider-ace-football-danmark\"><div class=\"wp-block-embed__wrapper\">\n<blockquote class=\"wp-embedded-content\" data-secret=\"NKBjc4tP3N\"><a href=\"https:\/\/acefootball.com\/da\/fodboldnyheder\/ronaldo-kan-misse-laenge-ventet-moede-med-messi\/\">Ronaldo kan misse l\u00e6nge ventet m\u00f8de med Messi<\/a><\/blockquote><iframe class=\"wp-embedded-content\" sandbox=\"allow-scripts\" security=\"restricted\" style=\"position: absolute; clip: rect(1px, 1px, 1px, 1px);\" title=\"&#8220;Ronaldo kan misse l\u00e6nge ventet m\u00f8de med Messi&#8221; &#8212; Ace Football Danmark\" src=\"https:\/\/acefootball.com\/da\/fodboldnyheder\/ronaldo-kan-misse-laenge-ventet-moede-med-messi\/embed\/#?secret=NKBjc4tP3N\" data-secret=\"NKBjc4tP3N\" width=\"600\" height=\"338\" frameborder=\"0\" marginwidth=\"0\" marginheight=\"0\" scrolling=\"no\"><\/iframe>\n<\/div><\/figure>\n\n\n\n<p>&#8220;Ja, det tror jeg, hvis der ikke har v\u00e6ret nogen specifik tilladelse fra sundhedsmyndighederne,&#8221; udtaler ministeren til <a href=\"https:\/\/www.raisport.rai.it\/articoli\/2020\/10\/calcio-spadafora-penso-ronaldo-abbia-violato-il-protocollo-4ee4585b-ff58-4fc8-8dd5-1deb898dc1d2.html\" target=\"_blank\" rel=\"noreferrer noopener\">Rai Sport<\/a>.<\/p>\n\n\n\n<p>Juventus-pr\u00e6sident Andrea Agnelli har dog i dag forsikret, at der ikke er sket brud p\u00e5 corona-reglerne.<\/p>\n\n\n\n<figure class=\"wp-block-embed-twitter wp-block-embed is-type-rich is-provider-twitter\"><div class=\"wp-block-embed__wrapper\">\n<blockquote class=\"twitter-tweet\" data-width=\"550\" data-dnt=\"true\"><p lang=\"en\" dir=\"ltr\">Andrea Agnelli: &quot;Ronaldo hasn&#39;t violated any &#39;bubble&#39;. We told the players that they could continue their fiduciary isolation at home. Answering the call of your country is something that makes you happy and is the beauty of football.&quot;<\/p>&mdash; JuventusFC (@juventusfcen) <a href=\"https:\/\/twitter.com\/juventusfcen\/status\/1316753942110445571?ref_src=twsrc%5Etfw\">October 15, 2020<\/a><\/blockquote><script async src=\"https:\/\/platform.twitter.com\/widgets.js\" charset=\"utf-8\"><\/script>\n<\/div><\/figure>\n\n\n\n<p>Cristiano Ronaldo misser med stor sandsynlighed de kommende tre kampe for Juventus.<\/p>\n","protected":false},"excerpt":{"rendered":"<p>Den italienske sportsminister tror ikke p\u00e5, at Cristiano Ronaldo har overholdt corona-reglerne i forbindelse med transporten hjem til Torino<\/p>\n","protected":false},"author":705,"featured_media":234018,"comment_status":"open","ping_status":"closed","sticky":false,"template":"","format":"standard","meta":{"om_disable_all_campaigns":false,"push_articles_ronaldo":{"active":false,"canonical":0,"publish":false},"force_updates":null},"categories":[8204],"tags":[357,65,131],"enet_tags":{"player":["30893"],"team":["9885"],"league":["55"],"sport_events":[]},"yoast_head":"<!-- This site is optimized with the Yoast SEO plugin v18.3 - https:\/\/yoast.com\/wordpress\/plugins\/seo\/ -->\n<title>Anklage: Juventus og Ronaldo har l\u00f8jet om corona-regler<\/title>\n<meta name=\"description\" content=\"Den italienske sportsminister tror ikke p\u00e5, at Cristiano Ronaldo har overholdt corona-reglerne i forbindelse med transporten hjem til Torino\" \/>\n<meta name=\"robots\" content=\"index, follow, max-snippet:-1, max-image-preview:large, max-video-preview:-1\" \/>\n<link rel=\"canonical\" href=\"https:\/\/acefootball.com\/da\/fodboldnyheder\/anklage-juventus-og-ronaldo-har-loejet-om-corona-regler\/\" \/>\n<meta property=\"og:locale\" content=\"en_US\" \/>\n<meta property=\"og:type\" content=\"article\" \/>\n<meta property=\"og:title\" content=\"Anklage: Juventus og Ronaldo har l\u00f8jet om corona-regler\" \/>\n<meta property=\"og:description\" content=\"Den italienske sportsminister tror ikke p\u00e5, at Cristiano Ronaldo har overholdt corona-reglerne i forbindelse med transporten hjem til Torino\" \/>\n<meta property=\"og:url\" content=\"https:\/\/acefootball.com\/da\/fodboldnyheder\/anklage-juventus-og-ronaldo-har-loejet-om-corona-regler\/\" \/>\n<meta property=\"og:site_name\" content=\"Ace Football Danmark\" \/>\n<meta property=\"article:publisher\" content=\"https:\/\/www.facebook.com\/acefootballdk\" \/>\n<meta property=\"article:published_time\" content=\"2020-10-15T15:16:43+00:00\" \/>\n<meta property=\"article:modified_time\" content=\"2020-10-15T15:16:49+00:00\" \/>\n<meta property=\"og:image\" content=\"https:\/\/acefootball.com\/da\/wp-content\/uploads\/sites\/2\/2020\/08\/GettyImages-1126287114-3.jpg\" \/>\n\t<meta property=\"og:image:width\" content=\"1024\" \/>\n\t<meta property=\"og:image:height\" content=\"699\" \/>\n\t<meta property=\"og:image:type\" content=\"image\/jpeg\" \/>\n<meta name=\"twitter:card\" content=\"summary_large_image\" \/>\n<meta name=\"twitter:label1\" content=\"Written by\" \/>\n\t<meta name=\"twitter:data1\" content=\"Mads Dreyer\" \/>\n\t<meta name=\"twitter:label2\" content=\"Est. reading time\" \/>\n\t<meta name=\"twitter:data2\" content=\"1 minute\" \/>\n<script type=\"application\/ld+json\" class=\"yoast-schema-graph\">{\"@context\":\"https:\/\/schema.org\",\"@graph\":[{\"@type\":\"Organization\",\"@id\":\"https:\/\/acefootball.com\/da\/#organization\",\"name\":\"Ace Football\",\"url\":\"https:\/\/acefootball.com\/da\/\",\"sameAs\":[\"https:\/\/www.facebook.com\/acefootballdk\"],\"logo\":{\"@type\":\"ImageObject\",\"@id\":\"https:\/\/acefootball.com\/da\/#logo\",\"inLanguage\":\"en-US\",\"url\":\"https:\/\/acefootball.com\/da\/wp-content\/uploads\/sites\/2\/2020\/07\/Ace-Football-30-07-2020-2.png\",\"contentUrl\":\"https:\/\/acefootball.com\/da\/wp-content\/uploads\/sites\/2\/2020\/07\/Ace-Football-30-07-2020-2.png\",\"width\":1200,\"height\":600,\"caption\":\"Ace Football\"},\"image\":{\"@id\":\"https:\/\/acefootball.com\/da\/#logo\"}},{\"@type\":\"WebSite\",\"@id\":\"https:\/\/acefootball.com\/da\/#website\",\"url\":\"https:\/\/acefootball.com\/da\/\",\"name\":\"Ace Football Danmark\",\"description\":\"Nyheder, Spiltips &amp; Livescore\",\"publisher\":{\"@id\":\"https:\/\/acefootball.com\/da\/#organization\"},\"potentialAction\":[{\"@type\":\"SearchAction\",\"target\":{\"@type\":\"EntryPoint\",\"urlTemplate\":\"https:\/\/acefootball.com\/da\/?s={search_term_string}\"},\"query-input\":\"required name=search_term_string\"}],\"inLanguage\":\"en-US\"},{\"@type\":\"ImageObject\",\"@id\":\"https:\/\/acefootball.com\/da\/fodboldnyheder\/anklage-juventus-og-ronaldo-har-loejet-om-corona-regler\/#primaryimage\",\"inLanguage\":\"en-US\",\"url\":\"https:\/\/acefootball.com\/da\/wp-content\/uploads\/sites\/2\/2020\/08\/GettyImages-1126287114-3.jpg\",\"contentUrl\":\"https:\/\/acefootball.com\/da\/wp-content\/uploads\/sites\/2\/2020\/08\/GettyImages-1126287114-3.jpg\",\"width\":1024,\"height\":699,\"caption\":\"MADRID, SPAIN - FEBRUARY 20: Cristiano Ronaldo of Juventus looks dejected during the UEFA Champions League Round of 16 First Leg match between Club Atletico de Madrid and Juventus at Estadio Wanda Metropolitano on February 20, 2019 in Madrid, Spain. (Photo by Gonzalo Arroyo Moreno\/Getty Images)\"},{\"@type\":\"WebPage\",\"@id\":\"https:\/\/acefootball.com\/da\/fodboldnyheder\/anklage-juventus-og-ronaldo-har-loejet-om-corona-regler\/#webpage\",\"url\":\"https:\/\/acefootball.com\/da\/fodboldnyheder\/anklage-juventus-og-ronaldo-har-loejet-om-corona-regler\/\",\"name\":\"Anklage: Juventus og Ronaldo har l\u00f8jet om corona-regler\",\"isPartOf\":{\"@id\":\"https:\/\/acefootball.com\/da\/#website\"},\"primaryImageOfPage\":{\"@id\":\"https:\/\/acefootball.com\/da\/fodboldnyheder\/anklage-juventus-og-ronaldo-har-loejet-om-corona-regler\/#primaryimage\"},\"datePublished\":\"2020-10-15T15:16:43+00:00\",\"dateModified\":\"2020-10-15T15:16:49+00:00\",\"description\":\"Den italienske sportsminister tror ikke p\u00e5, at Cristiano Ronaldo har overholdt corona-reglerne i forbindelse med transporten hjem til Torino\",\"breadcrumb\":{\"@id\":\"https:\/\/acefootball.com\/da\/fodboldnyheder\/anklage-juventus-og-ronaldo-har-loejet-om-corona-regler\/#breadcrumb\"},\"inLanguage\":\"en-US\",\"potentialAction\":[{\"@type\":\"ReadAction\",\"target\":[\"https:\/\/acefootball.com\/da\/fodboldnyheder\/anklage-juventus-og-ronaldo-har-loejet-om-corona-regler\/\"]}]},{\"@type\":\"BreadcrumbList\",\"@id\":\"https:\/\/acefootball.com\/da\/fodboldnyheder\/anklage-juventus-og-ronaldo-har-loejet-om-corona-regler\/#breadcrumb\",\"itemListElement\":[{\"@type\":\"ListItem\",\"position\":1,\"name\":\"Home\",\"item\":\"https:\/\/acefootball.com\/da\/\"},{\"@type\":\"ListItem\",\"position\":2,\"name\":\"Anklage: Juventus og Ronaldo har l\u00f8jet om corona-regler\"}]},{\"@type\":\"Article\",\"@id\":\"https:\/\/acefootball.com\/da\/fodboldnyheder\/anklage-juventus-og-ronaldo-har-loejet-om-corona-regler\/#article\",\"isPartOf\":{\"@id\":\"https:\/\/acefootball.com\/da\/fodboldnyheder\/anklage-juventus-og-ronaldo-har-loejet-om-corona-regler\/#webpage\"},\"author\":{\"@id\":\"https:\/\/acefootball.com\/da\/#\/schema\/person\/ee67e9cf04a276f144100ffa722f10cd\"},\"headline\":\"Anklage: Juventus og Ronaldo har l\u00f8jet om corona-regler\",\"datePublished\":\"2020-10-15T15:16:43+00:00\",\"dateModified\":\"2020-10-15T15:16:49+00:00\",\"mainEntityOfPage\":{\"@id\":\"https:\/\/acefootball.com\/da\/fodboldnyheder\/anklage-juventus-og-ronaldo-har-loejet-om-corona-regler\/#webpage\"},\"wordCount\":174,\"commentCount\":0,\"publisher\":{\"@id\":\"https:\/\/acefootball.com\/da\/#organization\"},\"image\":{\"@id\":\"https:\/\/acefootball.com\/da\/fodboldnyheder\/anklage-juventus-og-ronaldo-har-loejet-om-corona-regler\/#primaryimage\"},\"thumbnailUrl\":\"https:\/\/acefootball.com\/da\/wp-content\/uploads\/sites\/2\/2020\/08\/GettyImages-1126287114-3.jpg\",\"keywords\":[\"Cristiano Ronaldo\",\"Juventus\",\"Serie A\"],\"articleSection\":[\"Udtalelse\"],\"inLanguage\":\"en-US\",\"potentialAction\":[{\"@type\":\"CommentAction\",\"name\":\"Comment\",\"target\":[\"https:\/\/acefootball.com\/da\/fodboldnyheder\/anklage-juventus-og-ronaldo-har-loejet-om-corona-regler\/#respond\"]}]},{\"@type\":\"Person\",\"@id\":\"https:\/\/acefootball.com\/da\/#\/schema\/person\/ee67e9cf04a276f144100ffa722f10cd\",\"name\":\"Mads Dreyer\",\"image\":{\"@type\":\"ImageObject\",\"@id\":\"https:\/\/acefootball.com\/da\/#personlogo\",\"inLanguage\":\"en-US\",\"url\":\"https:\/\/secure.gravatar.com\/avatar\/7c7abf72cfde9902b6a60efe60c88d4c?s=96&d=mm&r=g\",\"contentUrl\":\"https:\/\/secure.gravatar.com\/avatar\/7c7abf72cfde9902b6a60efe60c88d4c?s=96&d=mm&r=g\",\"caption\":\"Mads Dreyer\"},\"description\":\"Skribent og fodboldn\u00f8rd, der lige nu fort\u00e6ller om alt og intet i fodboldverdenen p\u00e5 acefootball.com. Uddannet i kommunikation fra Aalborg Universitet.\",\"sameAs\":[\"https:\/\/www.linkedin.com\/in\/mads-dreyer-b9b08266\/\"],\"url\":\"https:\/\/acefootball.com\/da\/fodboldnyheder\/author\/mdnronaldo\/\"}]}<\/script>\n<!-- \/ Yoast SEO plugin. -->","yoast_head_json":{"title":"Anklage: Juventus og Ronaldo har l\u00f8jet om corona-regler","description":"Den italienske sportsminister tror ikke p\u00e5, at Cristiano Ronaldo har overholdt corona-reglerne i forbindelse med transporten hjem til Torino","robots":{"index":"index","follow":"follow","max-snippet":"max-snippet:-1","max-image-preview":"max-image-preview:large","max-video-preview":"max-video-preview:-1"},"canonical":"https:\/\/acefootball.com\/da\/fodboldnyheder\/anklage-juventus-og-ronaldo-har-loejet-om-corona-regler\/","og_locale":"en_US","og_type":"article","og_title":"Anklage: Juventus og Ronaldo har l\u00f8jet om corona-regler","og_description":"Den italienske sportsminister tror ikke p\u00e5, at Cristiano Ronaldo har overholdt corona-reglerne i forbindelse med transporten hjem til Torino","og_url":"https:\/\/acefootball.com\/da\/fodboldnyheder\/anklage-juventus-og-ronaldo-har-loejet-om-corona-regler\/","og_site_name":"Ace Football Danmark","article_publisher":"https:\/\/www.facebook.com\/acefootballdk","article_published_time":"2020-10-15T15:16:43+00:00","article_modified_time":"2020-10-15T15:16:49+00:00","og_image":[{"width":1024,"height":699,"url":"https:\/\/acefootball.com\/da\/wp-content\/uploads\/sites\/2\/2020\/08\/GettyImages-1126287114-3.jpg","type":"image\/jpeg"}],"twitter_card":"summary_large_image","twitter_misc":{"Written by":"Mads Dreyer","Est. reading time":"1 minute"},"schema":{"@context":"https:\/\/schema.org","@graph":[{"@type":"Organization","@id":"https:\/\/acefootball.com\/da\/#organization","name":"Ace Football","url":"https:\/\/acefootball.com\/da\/","sameAs":["https:\/\/www.facebook.com\/acefootballdk"],"logo":{"@type":"ImageObject","@id":"https:\/\/acefootball.com\/da\/#logo","inLanguage":"en-US","url":"https:\/\/acefootball.com\/da\/wp-content\/uploads\/sites\/2\/2020\/07\/Ace-Football-30-07-2020-2.png","contentUrl":"https:\/\/acefootball.com\/da\/wp-content\/uploads\/sites\/2\/2020\/07\/Ace-Football-30-07-2020-2.png","width":1200,"height":600,"caption":"Ace Football"},"image":{"@id":"https:\/\/acefootball.com\/da\/#logo"}},{"@type":"WebSite","@id":"https:\/\/acefootball.com\/da\/#website","url":"https:\/\/acefootball.com\/da\/","name":"Ace Football Danmark","description":"Nyheder, Spiltips &amp; Livescore","publisher":{"@id":"https:\/\/acefootball.com\/da\/#organization"},"potentialAction":[{"@type":"SearchAction","target":{"@type":"EntryPoint","urlTemplate":"https:\/\/acefootball.com\/da\/?s={search_term_string}"},"query-input":"required name=search_term_string"}],"inLanguage":"en-US"},{"@type":"ImageObject","@id":"https:\/\/acefootball.com\/da\/fodboldnyheder\/anklage-juventus-og-ronaldo-har-loejet-om-corona-regler\/#primaryimage","inLanguage":"en-US","url":"https:\/\/acefootball.com\/da\/wp-content\/uploads\/sites\/2\/2020\/08\/GettyImages-1126287114-3.jpg","contentUrl":"https:\/\/acefootball.com\/da\/wp-content\/uploads\/sites\/2\/2020\/08\/GettyImages-1126287114-3.jpg","width":1024,"height":699,"caption":"MADRID, SPAIN - FEBRUARY 20: Cristiano Ronaldo of Juventus looks dejected during the UEFA Champions League Round of 16 First Leg match between Club Atletico de Madrid and Juventus at Estadio Wanda Metropolitano on February 20, 2019 in Madrid, Spain. (Photo by Gonzalo Arroyo Moreno\/Getty Images)"},{"@type":"WebPage","@id":"https:\/\/acefootball.com\/da\/fodboldnyheder\/anklage-juventus-og-ronaldo-har-loejet-om-corona-regler\/#webpage","url":"https:\/\/acefootball.com\/da\/fodboldnyheder\/anklage-juventus-og-ronaldo-har-loejet-om-corona-regler\/","name":"Anklage: Juventus og Ronaldo har l\u00f8jet om corona-regler","isPartOf":{"@id":"https:\/\/acefootball.com\/da\/#website"},"primaryImageOfPage":{"@id":"https:\/\/acefootball.com\/da\/fodboldnyheder\/anklage-juventus-og-ronaldo-har-loejet-om-corona-regler\/#primaryimage"},"datePublished":"2020-10-15T15:16:43+00:00","dateModified":"2020-10-15T15:16:49+00:00","description":"Den italienske sportsminister tror ikke p\u00e5, at Cristiano Ronaldo har overholdt corona-reglerne i forbindelse med transporten hjem til Torino","breadcrumb":{"@id":"https:\/\/acefootball.com\/da\/fodboldnyheder\/anklage-juventus-og-ronaldo-har-loejet-om-corona-regler\/#breadcrumb"},"inLanguage":"en-US","potentialAction":[{"@type":"ReadAction","target":["https:\/\/acefootball.com\/da\/fodboldnyheder\/anklage-juventus-og-ronaldo-har-loejet-om-corona-regler\/"]}]},{"@type":"BreadcrumbList","@id":"https:\/\/acefootball.com\/da\/fodboldnyheder\/anklage-juventus-og-ronaldo-har-loejet-om-corona-regler\/#breadcrumb","itemListElement":[{"@type":"ListItem","position":1,"name":"Home","item":"https:\/\/acefootball.com\/da\/"},{"@type":"ListItem","position":2,"name":"Anklage: Juventus og Ronaldo har l\u00f8jet om corona-regler"}]},{"@type":"Article","@id":"https:\/\/acefootball.com\/da\/fodboldnyheder\/anklage-juventus-og-ronaldo-har-loejet-om-corona-regler\/#article","isPartOf":{"@id":"https:\/\/acefootball.com\/da\/fodboldnyheder\/anklage-juventus-og-ronaldo-har-loejet-om-corona-regler\/#webpage"},"author":{"@id":"https:\/\/acefootball.com\/da\/#\/schema\/person\/ee67e9cf04a276f144100ffa722f10cd"},"headline":"Anklage: Juventus og Ronaldo har l\u00f8jet om corona-regler","datePublished":"2020-10-15T15:16:43+00:00","dateModified":"2020-10-15T15:16:49+00:00","mainEntityOfPage":{"@id":"https:\/\/acefootball.com\/da\/fodboldnyheder\/anklage-juventus-og-ronaldo-har-loejet-om-corona-regler\/#webpage"},"wordCount":174,"commentCount":0,"publisher":{"@id":"https:\/\/acefootball.com\/da\/#organization"},"image":{"@id":"https:\/\/acefootball.com\/da\/fodboldnyheder\/anklage-juventus-og-ronaldo-har-loejet-om-corona-regler\/#primaryimage"},"thumbnailUrl":"https:\/\/acefootball.com\/da\/wp-content\/uploads\/sites\/2\/2020\/08\/GettyImages-1126287114-3.jpg","keywords":["Cristiano Ronaldo","Juventus","Serie A"],"articleSection":["Udtalelse"],"inLanguage":"en-US","potentialAction":[{"@type":"CommentAction","name":"Comment","target":["https:\/\/acefootball.com\/da\/fodboldnyheder\/anklage-juventus-og-ronaldo-har-loejet-om-corona-regler\/#respond"]}]},{"@type":"Person","@id":"https:\/\/acefootball.com\/da\/#\/schema\/person\/ee67e9cf04a276f144100ffa722f10cd","name":"Mads Dreyer","image":{"@type":"ImageObject","@id":"https:\/\/acefootball.com\/da\/#personlogo","inLanguage":"en-US","url":"https:\/\/secure.gravatar.com\/avatar\/7c7abf72cfde9902b6a60efe60c88d4c?s=96&d=mm&r=g","contentUrl":"https:\/\/secure.gravatar.com\/avatar\/7c7abf72cfde9902b6a60efe60c88d4c?s=96&d=mm&r=g","caption":"Mads Dreyer"},"description":"Skribent og fodboldn\u00f8rd, der lige nu fort\u00e6ller om alt og intet i fodboldverdenen p\u00e5 acefootball.com. Uddannet i kommunikation fra Aalborg Universitet.","sameAs":["https:\/\/www.linkedin.com\/in\/mads-dreyer-b9b08266\/"],"url":"https:\/\/acefootball.com\/da\/fodboldnyheder\/author\/mdnronaldo\/"}]}},"fimg_url":"https:\/\/acefootball.com\/da\/wp-content\/uploads\/sites\/2\/2020\/08\/GettyImages-1126287114-3.jpg","_links":{"self":[{"href":"https:\/\/acefootball.com\/da\/wp-json\/wp\/v2\/posts\/240398"}],"collection":[{"href":"https:\/\/acefootball.com\/da\/wp-json\/wp\/v2\/posts"}],"about":[{"href":"https:\/\/acefootball.com\/da\/wp-json\/wp\/v2\/types\/post"}],"author":[{"embeddable":true,"href":"https:\/\/acefootball.com\/da\/wp-json\/wp\/v2\/users\/705"}],"replies":[{"embeddable":true,"href":"https:\/\/acefootball.com\/da\/wp-json\/wp\/v2\/comments?post=240398"}],"version-history":[{"count":0,"href":"https:\/\/acefootball.com\/da\/wp-json\/wp\/v2\/posts\/240398\/revisions"}],"wp:featuredmedia":[{"embeddable":true,"href":"https:\/\/acefootball.com\/da\/wp-json\/wp\/v2\/media\/234018"}],"wp:attachment":[{"href":"https:\/\/acefootball.com\/da\/wp-json\/wp\/v2\/media?parent=240398"}],"wp:term":[{"taxonomy":"category","embeddable":true,"href":"https:\/\/acefootball.com\/da\/wp-json\/wp\/v2\/categories?post=240398"},{"taxonomy":"post_tag","embeddable":true,"href":"https:\/\/acefootball.com\/da\/wp-json\/wp\/v2\/tags?post=240398"}],"curies":[{"name":"wp","href":"https:\/\/api.w.org\/{rel}","templated":true}]}}