{"id":240327,"date":"2020-10-15T08:29:26","date_gmt":"2020-10-15T06:29:26","guid":{"rendered":"https:\/\/acefootball.com\/da\/?p=240327"},"modified":"2020-10-15T08:29:45","modified_gmt":"2020-10-15T06:29:45","slug":"danske-klubber-og-superligaen-gaar-sammen-vil-have-flere-tilskuer-paa-stadion","status":"publish","type":"post","link":"https:\/\/acefootball.com\/da\/fodboldnyheder\/danske-klubber-og-superligaen-gaar-sammen-vil-have-flere-tilskuer-paa-stadion\/","title":{"rendered":"Danske klubber og Superligaen g\u00e5r sammen: Vil have flere tilskuer p\u00e5 stadion"},"content":{"rendered":"\n<h2 id=\"h-3f-superligaen-g-r-nu-til-kamp-mod-covid-19-man-vil-igen-have-flere-tilskuere-p-stadion-og-er-nu-g-et-sammen-om-at-dele-superligaordningen\">3F Superligaen g\u00e5r nu til kamp mod COVID-19. Man vil igen have flere tilskuere p\u00e5 stadion, og er nu g\u00e5et sammen om at dele &#8216;Superligaordningen&#8217;<\/h2>\n\n\n\n<p>Tidligere p\u00e5 m\u00e5neden blev der igen sk\u00e5ret ned p\u00e5 antallet af tilskuere p\u00e5 de danske stadions, hvilket man nu hos Divisionsforeningen vil pr\u00f8ve at lave om p\u00e5.<\/p>\n\n\n\n<p>If\u00f8lge Divisionsforeningen kan holdene fra de to \u00f8verste r\u00e6kker i landet st\u00e5 til samlet at miste 850 millioner kroner i forbindelse med det begr\u00e6nsede antal tilskuere.<\/p>\n\n\n\n<p>Derfor er Divisionsforeningen nu g\u00e5et ud med en kampagne, der skal s\u00e6tte fokus p\u00e5 &#8216;Superligaordningen&#8217;, hvilket bliver bakket op af flere interessenter i dansk fodbold.<\/p>\n\n\n\n<figure class=\"wp-block-embed-twitter wp-block-embed is-type-rich is-provider-twitter\"><div class=\"wp-block-embed__wrapper\">\n<blockquote class=\"twitter-tweet\" data-width=\"550\" data-dnt=\"true\"><p lang=\"da\" dir=\"ltr\">Til kamp mod Covid-19<br><br>3F Superliga sikrer en tryg og sikker oplevelse p\u00e5 stadion for alle. Del og l\u00e6s mere p\u00e5 <a href=\"https:\/\/t.co\/edwA6uzm66\">https:\/\/t.co\/edwA6uzm66<\/a> \ud83d\udcf2<a href=\"https:\/\/twitter.com\/hashtag\/sldk?src=hash&amp;ref_src=twsrc%5Etfw\">#sldk<\/a> | <a href=\"https:\/\/twitter.com\/hashtag\/sikkersuperliga?src=hash&amp;ref_src=twsrc%5Etfw\">#sikkersuperliga<\/a> | <a href=\"https:\/\/twitter.com\/hashtag\/flerefansp%C3%A5stadion?src=hash&amp;ref_src=twsrc%5Etfw\">#flerefansp\u00e5stadion<\/a> <a href=\"https:\/\/t.co\/Qg3UYIdz1K\">pic.twitter.com\/Qg3UYIdz1K<\/a><\/p>&mdash; 3F Superliga (@Superligaen) <a href=\"https:\/\/twitter.com\/Superligaen\/status\/1316619782825955328?ref_src=twsrc%5Etfw\">October 15, 2020<\/a><\/blockquote><script async src=\"https:\/\/platform.twitter.com\/widgets.js\" charset=\"utf-8\"><\/script>\n<\/div><\/figure>\n\n\n\n<figure class=\"wp-block-embed-twitter wp-block-embed is-type-rich is-provider-twitter\"><div class=\"wp-block-embed__wrapper\">\n<blockquote class=\"twitter-tweet\" data-width=\"550\" data-dnt=\"true\"><p lang=\"da\" dir=\"ltr\">Til kamp mod Covid-19<br><br>3F Superliga sikrer en tryg og sikker oplevelse p\u00e5 stadion for alle. Del budskabet og l\u00e6s mere p\u00e5 <a href=\"https:\/\/t.co\/InnQzm7lhd\">https:\/\/t.co\/InnQzm7lhd<\/a><a href=\"https:\/\/twitter.com\/hashtag\/sldk?src=hash&amp;ref_src=twsrc%5Etfw\">#sldk<\/a> <a href=\"https:\/\/twitter.com\/hashtag\/sikkersuperliga?src=hash&amp;ref_src=twsrc%5Etfw\">#sikkersuperliga<\/a> <a href=\"https:\/\/twitter.com\/hashtag\/flerefansp%C3%A5stadion?src=hash&amp;ref_src=twsrc%5Etfw\">#flerefansp\u00e5stadion<\/a> <a href=\"https:\/\/t.co\/20NTJhGnrD\">pic.twitter.com\/20NTJhGnrD<\/a><\/p>&mdash; AaB (@aabsportdk) <a href=\"https:\/\/twitter.com\/aabsportdk\/status\/1316621977386450944?ref_src=twsrc%5Etfw\">October 15, 2020<\/a><\/blockquote><script async src=\"https:\/\/platform.twitter.com\/widgets.js\" charset=\"utf-8\"><\/script>\n<\/div><\/figure>\n\n\n\n<figure class=\"wp-block-embed-twitter wp-block-embed is-type-rich is-provider-twitter\"><div class=\"wp-block-embed__wrapper\">\n<blockquote class=\"twitter-tweet\" data-width=\"550\" data-dnt=\"true\"><p lang=\"da\" dir=\"ltr\">Vi st\u00f8tter kampen mod corona og for flere fans p\u00e5 stadion \u26bd\ud83d\ude4f <a href=\"https:\/\/twitter.com\/hashtag\/sldk?src=hash&amp;ref_src=twsrc%5Etfw\">#sldk<\/a> <a href=\"https:\/\/twitter.com\/hashtag\/ForDanmark?src=hash&amp;ref_src=twsrc%5Etfw\">#ForDanmark<\/a> <a href=\"https:\/\/t.co\/Ci206vEOc3\">https:\/\/t.co\/Ci206vEOc3<\/a><\/p>&mdash; DBU &#8211; En Del Af Noget St\u00f8rre (@DBUfodbold) <a href=\"https:\/\/twitter.com\/DBUfodbold\/status\/1316621854896009218?ref_src=twsrc%5Etfw\">October 15, 2020<\/a><\/blockquote><script async src=\"https:\/\/platform.twitter.com\/widgets.js\" charset=\"utf-8\"><\/script>\n<\/div><\/figure>\n\n\n\n<figure class=\"wp-block-embed-twitter wp-block-embed is-type-rich is-provider-twitter\"><div class=\"wp-block-embed__wrapper\">\n<blockquote class=\"twitter-tweet\" data-width=\"550\" data-dnt=\"true\"><p lang=\"da\" dir=\"ltr\">DBU og Divisionsforeningen g\u00f8r nu en ekstra indsats for at f\u00e5 lov til igen at afvikle fodboldkampe efter \u201dSuperliga-ordningen\u201d, der under sikre forhold tillader mere end 500 personer p\u00e5 stadion <a href=\"https:\/\/twitter.com\/hashtag\/fcklive?src=hash&amp;ref_src=twsrc%5Etfw\">#fcklive<\/a> <a href=\"https:\/\/t.co\/1BnGsheJ5i\">https:\/\/t.co\/1BnGsheJ5i<\/a><\/p>&mdash; F.C. K\u00f8benhavn (@FCKobenhavn) <a href=\"https:\/\/twitter.com\/FCKobenhavn\/status\/1316620351430897664?ref_src=twsrc%5Etfw\">October 15, 2020<\/a><\/blockquote><script async src=\"https:\/\/platform.twitter.com\/widgets.js\" charset=\"utf-8\"><\/script>\n<\/div><\/figure>\n\n\n\n<figure class=\"wp-block-embed-twitter wp-block-embed is-type-rich is-provider-twitter\"><div class=\"wp-block-embed__wrapper\">\n<blockquote class=\"twitter-tweet\" data-width=\"550\" data-dnt=\"true\"><p lang=\"da\" dir=\"ltr\">\ud835\udc13\ud835\udc22\ud835\udc25 \ud835\udc24\ud835\udc1a\ud835\udc26\ud835\udc29 \ud835\udc26\ud835\udc28\ud835\udc1d \ud835\udc02\ud835\udc28\ud835\udc2f\ud835\udc22\ud835\udc1d-\ud835\udfcf\ud835\udfd7<br><br>3F Superliga sikrer en tryg og sikker oplevelse p\u00e5 stadion for alle. Del og l\u00e6s mere p\u00e5 <a href=\"https:\/\/t.co\/Pwy0TYlmiz\">https:\/\/t.co\/Pwy0TYlmiz<\/a> \ud83d\udc47\ud83c\udffb. <a href=\"https:\/\/twitter.com\/hashtag\/sldk?src=hash&amp;ref_src=twsrc%5Etfw\">#sldk<\/a> <a href=\"https:\/\/twitter.com\/hashtag\/sikkersuperliga?src=hash&amp;ref_src=twsrc%5Etfw\">#sikkersuperliga<\/a> <a href=\"https:\/\/twitter.com\/hashtag\/flerefansp%C3%A5stadion?src=hash&amp;ref_src=twsrc%5Etfw\">#flerefansp\u00e5stadion<\/a><br><br>\ud83d\udd17: <a href=\"https:\/\/t.co\/41PLBEFxB9\">https:\/\/t.co\/41PLBEFxB9<\/a> <a href=\"https:\/\/t.co\/8m9w4Xlrhh\">pic.twitter.com\/8m9w4Xlrhh<\/a><\/p>&mdash; S\u00f8nderjyskE Fodbold (@SEfodbold) <a href=\"https:\/\/twitter.com\/SEfodbold\/status\/1316620209357312000?ref_src=twsrc%5Etfw\">October 15, 2020<\/a><\/blockquote><script async src=\"https:\/\/platform.twitter.com\/widgets.js\" charset=\"utf-8\"><\/script>\n<\/div><\/figure>\n\n\n\n<figure class=\"wp-block-embed-twitter wp-block-embed is-type-rich is-provider-twitter\"><div class=\"wp-block-embed__wrapper\">\n<blockquote class=\"twitter-tweet\" data-width=\"550\" data-dnt=\"true\"><p lang=\"da\" dir=\"ltr\">Til kamp mod Covid-19 \ud83d\udcaa<br><br>3F Superliga sikrer en tryg og sikker oplevelse p\u00e5 stadion for alle. Del og l\u00e6s mere p\u00e5 <a href=\"https:\/\/t.co\/K554Uv3rzU\">https:\/\/t.co\/K554Uv3rzU<\/a><a href=\"https:\/\/twitter.com\/hashtag\/sldk?src=hash&amp;ref_src=twsrc%5Etfw\">#sldk<\/a> <a href=\"https:\/\/twitter.com\/hashtag\/sikkersuperliga?src=hash&amp;ref_src=twsrc%5Etfw\">#sikkersuperliga<\/a> <a href=\"https:\/\/twitter.com\/hashtag\/flerefansp%C3%A5stadion?src=hash&amp;ref_src=twsrc%5Etfw\">#flerefansp\u00e5stadion<\/a> <a href=\"https:\/\/t.co\/OakbH0D17s\">pic.twitter.com\/OakbH0D17s<\/a><\/p>&mdash; AC Horsens (@AC_Horsens) <a href=\"https:\/\/twitter.com\/AC_Horsens\/status\/1316619818812891137?ref_src=twsrc%5Etfw\">October 15, 2020<\/a><\/blockquote><script async src=\"https:\/\/platform.twitter.com\/widgets.js\" charset=\"utf-8\"><\/script>\n<\/div><\/figure>\n\n\n\n<figure class=\"wp-block-embed-twitter wp-block-embed is-type-rich is-provider-twitter\"><div class=\"wp-block-embed__wrapper\">\n<blockquote class=\"twitter-tweet\" data-width=\"550\" data-dnt=\"true\"><p lang=\"da\" dir=\"ltr\">Med den s\u00e5kaldte \u201dSuperligaordning\u201d mener vi, at det b\u00e5de er forsvarligt og sikkert at komme p\u00e5 stadion, selvom COVID-19 er over os \u26bd\u26bd Vi har f\u00f8r gjort det med stor succes, s\u00e5 lad os g\u00f8re det igen \u2b07\ufe0f\ud83d\udd35\u26aa<a href=\"https:\/\/twitter.com\/hashtag\/sldk?src=hash&amp;ref_src=twsrc%5Etfw\">#sldk<\/a> <a href=\"https:\/\/twitter.com\/hashtag\/sikkersuperliga?src=hash&amp;ref_src=twsrc%5Etfw\">#sikkersuperliga<\/a> <a href=\"https:\/\/twitter.com\/hashtag\/flerefansp%C3%A5stadion?src=hash&amp;ref_src=twsrc%5Etfw\">#flerefansp\u00e5stadion<\/a> <a href=\"https:\/\/t.co\/7qNd236BX5\">pic.twitter.com\/7qNd236BX5<\/a><\/p>&mdash; Odense Boldklub (@Odense_Boldklub) <a href=\"https:\/\/twitter.com\/Odense_Boldklub\/status\/1316619815205793792?ref_src=twsrc%5Etfw\">October 15, 2020<\/a><\/blockquote><script async src=\"https:\/\/platform.twitter.com\/widgets.js\" charset=\"utf-8\"><\/script>\n<\/div><\/figure>\n\n\n\n<figure class=\"wp-block-embed-twitter wp-block-embed is-type-rich is-provider-twitter\"><div class=\"wp-block-embed__wrapper\">\n<blockquote class=\"twitter-tweet\" data-width=\"550\" data-dnt=\"true\"><p lang=\"no\" dir=\"ltr\">Pressemeddelelse:<a href=\"https:\/\/t.co\/dtnAtzibZH\">https:\/\/t.co\/dtnAtzibZH<\/a> <a href=\"https:\/\/t.co\/y5Z6zFBkV8\">pic.twitter.com\/y5Z6zFBkV8<\/a><\/p>&mdash; Vejle Boldklub (@Vejle_B) <a href=\"https:\/\/twitter.com\/Vejle_B\/status\/1316608166029938689?ref_src=twsrc%5Etfw\">October 15, 2020<\/a><\/blockquote><script async src=\"https:\/\/platform.twitter.com\/widgets.js\" charset=\"utf-8\"><\/script>\n<\/div><\/figure>\n\n\n\n<p>FC K\u00f8benhaven har endvidere inviteret politikerne p\u00e5 Christiansborg til s\u00f8ndagens kamp mod AaB, s\u00e5 de kan komme og opleve modellen p\u00e5 t\u00e6tteste hold:<\/p>\n\n\n\n<figure class=\"wp-block-embed-twitter wp-block-embed is-type-rich is-provider-twitter\"><div class=\"wp-block-embed__wrapper\">\n<blockquote class=\"twitter-tweet\" data-width=\"550\" data-dnt=\"true\"><p lang=\"da\" dir=\"ltr\">F.C. K\u00f8benhavn har inviteret politikerne p\u00e5 Christiansborg til AaB-kampen p\u00e5 s\u00f8ndag, for at de selv kan opleve den afviklingsmodel, som hele fodbolddanmark tripper for at arbejde videre med <a href=\"https:\/\/twitter.com\/hashtag\/fcklive?src=hash&amp;ref_src=twsrc%5Etfw\">#fcklive<\/a> <a href=\"https:\/\/twitter.com\/hashtag\/fckaab?src=hash&amp;ref_src=twsrc%5Etfw\">#fckaab<\/a> <a href=\"https:\/\/t.co\/VB9jRs0uvV\">https:\/\/t.co\/VB9jRs0uvV<\/a><\/p>&mdash; F.C. K\u00f8benhavn (@FCKobenhavn) <a href=\"https:\/\/twitter.com\/FCKobenhavn\/status\/1316623158208876550?ref_src=twsrc%5Etfw\">October 15, 2020<\/a><\/blockquote><script async src=\"https:\/\/platform.twitter.com\/widgets.js\" charset=\"utf-8\"><\/script>\n<\/div><\/figure>\n","protected":false},"excerpt":{"rendered":"<p>Superligaen g\u00e5r nu til kamp mod Covid-19. Man vil igen have flere tilskuere p\u00e5 stadion, og er nu g\u00e5et sammen om at dele &#8216;Superligaordningen&#8217;<\/p>\n","protected":false},"author":43,"featured_media":240338,"comment_status":"open","ping_status":"closed","sticky":false,"template":"","format":"standard","meta":{"om_disable_all_campaigns":false,"push_articles_ronaldo":{"active":false,"canonical":0,"publish":false},"force_updates":null},"categories":[1],"tags":[588],"enet_tags":{"league":["46"],"sport_events":[]},"yoast_head":"<!-- This site is optimized with the Yoast SEO plugin v18.3 - https:\/\/yoast.com\/wordpress\/plugins\/seo\/ -->\n<title>Danske klubber og Superligaen g\u00e5r sammen: Vil have flere tilskuer p\u00e5 stadion<\/title>\n<meta name=\"description\" content=\"Superligaen g\u00e5r nu til kamp mod Covid-19. Man vil igen have flere tilskuere p\u00e5 stadion, og er nu g\u00e5et sammen om at dele &#039;Superligaordningen&#039;\" \/>\n<meta name=\"robots\" content=\"index, follow, max-snippet:-1, max-image-preview:large, max-video-preview:-1\" \/>\n<link rel=\"canonical\" href=\"https:\/\/acefootball.com\/da\/fodboldnyheder\/danske-klubber-og-superligaen-gaar-sammen-vil-have-flere-tilskuer-paa-stadion\/\" \/>\n<meta property=\"og:locale\" content=\"en_US\" \/>\n<meta property=\"og:type\" content=\"article\" \/>\n<meta property=\"og:title\" content=\"Danske klubber og Superligaen g\u00e5r sammen: Vil have flere tilskuer p\u00e5 stadion\" \/>\n<meta property=\"og:description\" content=\"Superligaen g\u00e5r nu til kamp mod Covid-19. Man vil igen have flere tilskuere p\u00e5 stadion, og er nu g\u00e5et sammen om at dele &#039;Superligaordningen&#039;\" \/>\n<meta property=\"og:url\" content=\"https:\/\/acefootball.com\/da\/fodboldnyheder\/danske-klubber-og-superligaen-gaar-sammen-vil-have-flere-tilskuer-paa-stadion\/\" \/>\n<meta property=\"og:site_name\" content=\"Ace Football Danmark\" \/>\n<meta property=\"article:publisher\" content=\"https:\/\/www.facebook.com\/acefootballdk\" \/>\n<meta property=\"article:published_time\" content=\"2020-10-15T06:29:26+00:00\" \/>\n<meta property=\"article:modified_time\" content=\"2020-10-15T06:29:45+00:00\" \/>\n<meta property=\"og:image\" content=\"https:\/\/acefootball.com\/da\/wp-content\/uploads\/sites\/2\/2020\/10\/GettyImages-926020198-1.jpg\" \/>\n\t<meta property=\"og:image:width\" content=\"1024\" \/>\n\t<meta property=\"og:image:height\" content=\"655\" \/>\n\t<meta property=\"og:image:type\" content=\"image\/jpeg\" \/>\n<meta name=\"twitter:card\" content=\"summary_large_image\" \/>\n<meta name=\"twitter:label1\" content=\"Written by\" \/>\n\t<meta name=\"twitter:data1\" content=\"Mikki M\u00f8ller-Iversen\" \/>\n\t<meta name=\"twitter:label2\" content=\"Est. reading time\" \/>\n\t<meta name=\"twitter:data2\" content=\"1 minute\" \/>\n<script type=\"application\/ld+json\" class=\"yoast-schema-graph\">{\"@context\":\"https:\/\/schema.org\",\"@graph\":[{\"@type\":\"Organization\",\"@id\":\"https:\/\/acefootball.com\/da\/#organization\",\"name\":\"Ace Football\",\"url\":\"https:\/\/acefootball.com\/da\/\",\"sameAs\":[\"https:\/\/www.facebook.com\/acefootballdk\"],\"logo\":{\"@type\":\"ImageObject\",\"@id\":\"https:\/\/acefootball.com\/da\/#logo\",\"inLanguage\":\"en-US\",\"url\":\"https:\/\/acefootball.com\/da\/wp-content\/uploads\/sites\/2\/2020\/07\/Ace-Football-30-07-2020-2.png\",\"contentUrl\":\"https:\/\/acefootball.com\/da\/wp-content\/uploads\/sites\/2\/2020\/07\/Ace-Football-30-07-2020-2.png\",\"width\":1200,\"height\":600,\"caption\":\"Ace Football\"},\"image\":{\"@id\":\"https:\/\/acefootball.com\/da\/#logo\"}},{\"@type\":\"WebSite\",\"@id\":\"https:\/\/acefootball.com\/da\/#website\",\"url\":\"https:\/\/acefootball.com\/da\/\",\"name\":\"Ace Football Danmark\",\"description\":\"Nyheder, Spiltips &amp; Livescore\",\"publisher\":{\"@id\":\"https:\/\/acefootball.com\/da\/#organization\"},\"potentialAction\":[{\"@type\":\"SearchAction\",\"target\":{\"@type\":\"EntryPoint\",\"urlTemplate\":\"https:\/\/acefootball.com\/da\/?s={search_term_string}\"},\"query-input\":\"required name=search_term_string\"}],\"inLanguage\":\"en-US\"},{\"@type\":\"ImageObject\",\"@id\":\"https:\/\/acefootball.com\/da\/fodboldnyheder\/danske-klubber-og-superligaen-gaar-sammen-vil-have-flere-tilskuer-paa-stadion\/#primaryimage\",\"inLanguage\":\"en-US\",\"url\":\"https:\/\/acefootball.com\/da\/wp-content\/uploads\/sites\/2\/2020\/10\/GettyImages-926020198-1.jpg\",\"contentUrl\":\"https:\/\/acefootball.com\/da\/wp-content\/uploads\/sites\/2\/2020\/10\/GettyImages-926020198-1.jpg\",\"width\":1024,\"height\":655,\"caption\":\"HERNING, DENMARK - MARCH 01: Tifo from the fans of FC Midtjylland and fireworks prior to the Danish Alka Superliga match between FC Midtjylland and Brondby IF at MCH Arena on March 1, 2018 in Herning, Denmark. (Photo by Lars Ronbog \/ FrontZoneSport via Getty Images)\"},{\"@type\":\"WebPage\",\"@id\":\"https:\/\/acefootball.com\/da\/fodboldnyheder\/danske-klubber-og-superligaen-gaar-sammen-vil-have-flere-tilskuer-paa-stadion\/#webpage\",\"url\":\"https:\/\/acefootball.com\/da\/fodboldnyheder\/danske-klubber-og-superligaen-gaar-sammen-vil-have-flere-tilskuer-paa-stadion\/\",\"name\":\"Danske klubber og Superligaen g\u00e5r sammen: Vil have flere tilskuer p\u00e5 stadion\",\"isPartOf\":{\"@id\":\"https:\/\/acefootball.com\/da\/#website\"},\"primaryImageOfPage\":{\"@id\":\"https:\/\/acefootball.com\/da\/fodboldnyheder\/danske-klubber-og-superligaen-gaar-sammen-vil-have-flere-tilskuer-paa-stadion\/#primaryimage\"},\"datePublished\":\"2020-10-15T06:29:26+00:00\",\"dateModified\":\"2020-10-15T06:29:45+00:00\",\"description\":\"Superligaen g\u00e5r nu til kamp mod Covid-19. Man vil igen have flere tilskuere p\u00e5 stadion, og er nu g\u00e5et sammen om at dele 'Superligaordningen'\",\"breadcrumb\":{\"@id\":\"https:\/\/acefootball.com\/da\/fodboldnyheder\/danske-klubber-og-superligaen-gaar-sammen-vil-have-flere-tilskuer-paa-stadion\/#breadcrumb\"},\"inLanguage\":\"en-US\",\"potentialAction\":[{\"@type\":\"ReadAction\",\"target\":[\"https:\/\/acefootball.com\/da\/fodboldnyheder\/danske-klubber-og-superligaen-gaar-sammen-vil-have-flere-tilskuer-paa-stadion\/\"]}]},{\"@type\":\"BreadcrumbList\",\"@id\":\"https:\/\/acefootball.com\/da\/fodboldnyheder\/danske-klubber-og-superligaen-gaar-sammen-vil-have-flere-tilskuer-paa-stadion\/#breadcrumb\",\"itemListElement\":[{\"@type\":\"ListItem\",\"position\":1,\"name\":\"Home\",\"item\":\"https:\/\/acefootball.com\/da\/\"},{\"@type\":\"ListItem\",\"position\":2,\"name\":\"Danske klubber og Superligaen g\u00e5r sammen: Vil have flere tilskuer p\u00e5 stadion\"}]},{\"@type\":\"Article\",\"@id\":\"https:\/\/acefootball.com\/da\/fodboldnyheder\/danske-klubber-og-superligaen-gaar-sammen-vil-have-flere-tilskuer-paa-stadion\/#article\",\"isPartOf\":{\"@id\":\"https:\/\/acefootball.com\/da\/fodboldnyheder\/danske-klubber-og-superligaen-gaar-sammen-vil-have-flere-tilskuer-paa-stadion\/#webpage\"},\"author\":{\"@id\":\"https:\/\/acefootball.com\/da\/#\/schema\/person\/017c0abe4a8e92938220bf6c097dda93\"},\"headline\":\"Danske klubber og Superligaen g\u00e5r sammen: Vil have flere tilskuer p\u00e5 stadion\",\"datePublished\":\"2020-10-15T06:29:26+00:00\",\"dateModified\":\"2020-10-15T06:29:45+00:00\",\"mainEntityOfPage\":{\"@id\":\"https:\/\/acefootball.com\/da\/fodboldnyheder\/danske-klubber-og-superligaen-gaar-sammen-vil-have-flere-tilskuer-paa-stadion\/#webpage\"},\"wordCount\":199,\"commentCount\":0,\"publisher\":{\"@id\":\"https:\/\/acefootball.com\/da\/#organization\"},\"image\":{\"@id\":\"https:\/\/acefootball.com\/da\/fodboldnyheder\/danske-klubber-og-superligaen-gaar-sammen-vil-have-flere-tilskuer-paa-stadion\/#primaryimage\"},\"thumbnailUrl\":\"https:\/\/acefootball.com\/da\/wp-content\/uploads\/sites\/2\/2020\/10\/GettyImages-926020198-1.jpg\",\"keywords\":[\"Superligaen\"],\"articleSection\":[\"Nyhed\"],\"inLanguage\":\"en-US\",\"potentialAction\":[{\"@type\":\"CommentAction\",\"name\":\"Comment\",\"target\":[\"https:\/\/acefootball.com\/da\/fodboldnyheder\/danske-klubber-og-superligaen-gaar-sammen-vil-have-flere-tilskuer-paa-stadion\/#respond\"]}]},{\"@type\":\"Person\",\"@id\":\"https:\/\/acefootball.com\/da\/#\/schema\/person\/017c0abe4a8e92938220bf6c097dda93\",\"name\":\"Mikki M\u00f8ller-Iversen\",\"image\":{\"@type\":\"ImageObject\",\"@id\":\"https:\/\/acefootball.com\/da\/#personlogo\",\"inLanguage\":\"en-US\",\"url\":\"https:\/\/secure.gravatar.com\/avatar\/e05b419e8b5ae5fcf516800181b96aa2?s=96&d=mm&r=g\",\"contentUrl\":\"https:\/\/secure.gravatar.com\/avatar\/e05b419e8b5ae5fcf516800181b96aa2?s=96&d=mm&r=g\",\"caption\":\"Mikki M\u00f8ller-Iversen\"},\"description\":\"Social Media Manager and writer at Ace Football. Main focus on Danish football and special stories.\",\"sameAs\":[\"https:\/\/www.linkedin.com\/in\/mikki-mller-iversen-26a3a689\/\"],\"url\":\"https:\/\/acefootball.com\/da\/fodboldnyheder\/author\/mmironaldo\/\"}]}<\/script>\n<!-- \/ Yoast SEO plugin. -->","yoast_head_json":{"title":"Danske klubber og Superligaen g\u00e5r sammen: Vil have flere tilskuer p\u00e5 stadion","description":"Superligaen g\u00e5r nu til kamp mod Covid-19. Man vil igen have flere tilskuere p\u00e5 stadion, og er nu g\u00e5et sammen om at dele 'Superligaordningen'","robots":{"index":"index","follow":"follow","max-snippet":"max-snippet:-1","max-image-preview":"max-image-preview:large","max-video-preview":"max-video-preview:-1"},"canonical":"https:\/\/acefootball.com\/da\/fodboldnyheder\/danske-klubber-og-superligaen-gaar-sammen-vil-have-flere-tilskuer-paa-stadion\/","og_locale":"en_US","og_type":"article","og_title":"Danske klubber og Superligaen g\u00e5r sammen: Vil have flere tilskuer p\u00e5 stadion","og_description":"Superligaen g\u00e5r nu til kamp mod Covid-19. Man vil igen have flere tilskuere p\u00e5 stadion, og er nu g\u00e5et sammen om at dele 'Superligaordningen'","og_url":"https:\/\/acefootball.com\/da\/fodboldnyheder\/danske-klubber-og-superligaen-gaar-sammen-vil-have-flere-tilskuer-paa-stadion\/","og_site_name":"Ace Football Danmark","article_publisher":"https:\/\/www.facebook.com\/acefootballdk","article_published_time":"2020-10-15T06:29:26+00:00","article_modified_time":"2020-10-15T06:29:45+00:00","og_image":[{"width":1024,"height":655,"url":"https:\/\/acefootball.com\/da\/wp-content\/uploads\/sites\/2\/2020\/10\/GettyImages-926020198-1.jpg","type":"image\/jpeg"}],"twitter_card":"summary_large_image","twitter_misc":{"Written by":"Mikki M\u00f8ller-Iversen","Est. reading time":"1 minute"},"schema":{"@context":"https:\/\/schema.org","@graph":[{"@type":"Organization","@id":"https:\/\/acefootball.com\/da\/#organization","name":"Ace Football","url":"https:\/\/acefootball.com\/da\/","sameAs":["https:\/\/www.facebook.com\/acefootballdk"],"logo":{"@type":"ImageObject","@id":"https:\/\/acefootball.com\/da\/#logo","inLanguage":"en-US","url":"https:\/\/acefootball.com\/da\/wp-content\/uploads\/sites\/2\/2020\/07\/Ace-Football-30-07-2020-2.png","contentUrl":"https:\/\/acefootball.com\/da\/wp-content\/uploads\/sites\/2\/2020\/07\/Ace-Football-30-07-2020-2.png","width":1200,"height":600,"caption":"Ace Football"},"image":{"@id":"https:\/\/acefootball.com\/da\/#logo"}},{"@type":"WebSite","@id":"https:\/\/acefootball.com\/da\/#website","url":"https:\/\/acefootball.com\/da\/","name":"Ace Football Danmark","description":"Nyheder, Spiltips &amp; Livescore","publisher":{"@id":"https:\/\/acefootball.com\/da\/#organization"},"potentialAction":[{"@type":"SearchAction","target":{"@type":"EntryPoint","urlTemplate":"https:\/\/acefootball.com\/da\/?s={search_term_string}"},"query-input":"required name=search_term_string"}],"inLanguage":"en-US"},{"@type":"ImageObject","@id":"https:\/\/acefootball.com\/da\/fodboldnyheder\/danske-klubber-og-superligaen-gaar-sammen-vil-have-flere-tilskuer-paa-stadion\/#primaryimage","inLanguage":"en-US","url":"https:\/\/acefootball.com\/da\/wp-content\/uploads\/sites\/2\/2020\/10\/GettyImages-926020198-1.jpg","contentUrl":"https:\/\/acefootball.com\/da\/wp-content\/uploads\/sites\/2\/2020\/10\/GettyImages-926020198-1.jpg","width":1024,"height":655,"caption":"HERNING, DENMARK - MARCH 01: Tifo from the fans of FC Midtjylland and fireworks prior to the Danish Alka Superliga match between FC Midtjylland and Brondby IF at MCH Arena on March 1, 2018 in Herning, Denmark. (Photo by Lars Ronbog \/ FrontZoneSport via Getty Images)"},{"@type":"WebPage","@id":"https:\/\/acefootball.com\/da\/fodboldnyheder\/danske-klubber-og-superligaen-gaar-sammen-vil-have-flere-tilskuer-paa-stadion\/#webpage","url":"https:\/\/acefootball.com\/da\/fodboldnyheder\/danske-klubber-og-superligaen-gaar-sammen-vil-have-flere-tilskuer-paa-stadion\/","name":"Danske klubber og Superligaen g\u00e5r sammen: Vil have flere tilskuer p\u00e5 stadion","isPartOf":{"@id":"https:\/\/acefootball.com\/da\/#website"},"primaryImageOfPage":{"@id":"https:\/\/acefootball.com\/da\/fodboldnyheder\/danske-klubber-og-superligaen-gaar-sammen-vil-have-flere-tilskuer-paa-stadion\/#primaryimage"},"datePublished":"2020-10-15T06:29:26+00:00","dateModified":"2020-10-15T06:29:45+00:00","description":"Superligaen g\u00e5r nu til kamp mod Covid-19. Man vil igen have flere tilskuere p\u00e5 stadion, og er nu g\u00e5et sammen om at dele 'Superligaordningen'","breadcrumb":{"@id":"https:\/\/acefootball.com\/da\/fodboldnyheder\/danske-klubber-og-superligaen-gaar-sammen-vil-have-flere-tilskuer-paa-stadion\/#breadcrumb"},"inLanguage":"en-US","potentialAction":[{"@type":"ReadAction","target":["https:\/\/acefootball.com\/da\/fodboldnyheder\/danske-klubber-og-superligaen-gaar-sammen-vil-have-flere-tilskuer-paa-stadion\/"]}]},{"@type":"BreadcrumbList","@id":"https:\/\/acefootball.com\/da\/fodboldnyheder\/danske-klubber-og-superligaen-gaar-sammen-vil-have-flere-tilskuer-paa-stadion\/#breadcrumb","itemListElement":[{"@type":"ListItem","position":1,"name":"Home","item":"https:\/\/acefootball.com\/da\/"},{"@type":"ListItem","position":2,"name":"Danske klubber og Superligaen g\u00e5r sammen: Vil have flere tilskuer p\u00e5 stadion"}]},{"@type":"Article","@id":"https:\/\/acefootball.com\/da\/fodboldnyheder\/danske-klubber-og-superligaen-gaar-sammen-vil-have-flere-tilskuer-paa-stadion\/#article","isPartOf":{"@id":"https:\/\/acefootball.com\/da\/fodboldnyheder\/danske-klubber-og-superligaen-gaar-sammen-vil-have-flere-tilskuer-paa-stadion\/#webpage"},"author":{"@id":"https:\/\/acefootball.com\/da\/#\/schema\/person\/017c0abe4a8e92938220bf6c097dda93"},"headline":"Danske klubber og Superligaen g\u00e5r sammen: Vil have flere tilskuer p\u00e5 stadion","datePublished":"2020-10-15T06:29:26+00:00","dateModified":"2020-10-15T06:29:45+00:00","mainEntityOfPage":{"@id":"https:\/\/acefootball.com\/da\/fodboldnyheder\/danske-klubber-og-superligaen-gaar-sammen-vil-have-flere-tilskuer-paa-stadion\/#webpage"},"wordCount":199,"commentCount":0,"publisher":{"@id":"https:\/\/acefootball.com\/da\/#organization"},"image":{"@id":"https:\/\/acefootball.com\/da\/fodboldnyheder\/danske-klubber-og-superligaen-gaar-sammen-vil-have-flere-tilskuer-paa-stadion\/#primaryimage"},"thumbnailUrl":"https:\/\/acefootball.com\/da\/wp-content\/uploads\/sites\/2\/2020\/10\/GettyImages-926020198-1.jpg","keywords":["Superligaen"],"articleSection":["Nyhed"],"inLanguage":"en-US","potentialAction":[{"@type":"CommentAction","name":"Comment","target":["https:\/\/acefootball.com\/da\/fodboldnyheder\/danske-klubber-og-superligaen-gaar-sammen-vil-have-flere-tilskuer-paa-stadion\/#respond"]}]},{"@type":"Person","@id":"https:\/\/acefootball.com\/da\/#\/schema\/person\/017c0abe4a8e92938220bf6c097dda93","name":"Mikki M\u00f8ller-Iversen","image":{"@type":"ImageObject","@id":"https:\/\/acefootball.com\/da\/#personlogo","inLanguage":"en-US","url":"https:\/\/secure.gravatar.com\/avatar\/e05b419e8b5ae5fcf516800181b96aa2?s=96&d=mm&r=g","contentUrl":"https:\/\/secure.gravatar.com\/avatar\/e05b419e8b5ae5fcf516800181b96aa2?s=96&d=mm&r=g","caption":"Mikki M\u00f8ller-Iversen"},"description":"Social Media Manager and writer at Ace Football. Main focus on Danish football and special stories.","sameAs":["https:\/\/www.linkedin.com\/in\/mikki-mller-iversen-26a3a689\/"],"url":"https:\/\/acefootball.com\/da\/fodboldnyheder\/author\/mmironaldo\/"}]}},"fimg_url":"https:\/\/acefootball.com\/da\/wp-content\/uploads\/sites\/2\/2020\/10\/GettyImages-926020198-1.jpg","_links":{"self":[{"href":"https:\/\/acefootball.com\/da\/wp-json\/wp\/v2\/posts\/240327"}],"collection":[{"href":"https:\/\/acefootball.com\/da\/wp-json\/wp\/v2\/posts"}],"about":[{"href":"https:\/\/acefootball.com\/da\/wp-json\/wp\/v2\/types\/post"}],"author":[{"embeddable":true,"href":"https:\/\/acefootball.com\/da\/wp-json\/wp\/v2\/users\/43"}],"replies":[{"embeddable":true,"href":"https:\/\/acefootball.com\/da\/wp-json\/wp\/v2\/comments?post=240327"}],"version-history":[{"count":0,"href":"https:\/\/acefootball.com\/da\/wp-json\/wp\/v2\/posts\/240327\/revisions"}],"wp:featuredmedia":[{"embeddable":true,"href":"https:\/\/acefootball.com\/da\/wp-json\/wp\/v2\/media\/240338"}],"wp:attachment":[{"href":"https:\/\/acefootball.com\/da\/wp-json\/wp\/v2\/media?parent=240327"}],"wp:term":[{"taxonomy":"category","embeddable":true,"href":"https:\/\/acefootball.com\/da\/wp-json\/wp\/v2\/categories?post=240327"},{"taxonomy":"post_tag","embeddable":true,"href":"https:\/\/acefootball.com\/da\/wp-json\/wp\/v2\/tags?post=240327"}],"curies":[{"name":"wp","href":"https:\/\/api.w.org\/{rel}","templated":true}]}}