{"id":240310,"date":"2020-10-14T21:16:56","date_gmt":"2020-10-14T19:16:56","guid":{"rendered":"https:\/\/acefootball.com\/da\/?p=240310"},"modified":"2020-10-14T20:25:03","modified_gmt":"2020-10-14T18:25:03","slug":"medie-koeman-sender-udskaeldt-franskmand-til-ekstra-traening","status":"publish","type":"post","link":"https:\/\/acefootball.com\/da\/fodboldnyheder\/medie-koeman-sender-udskaeldt-franskmand-til-ekstra-traening\/","title":{"rendered":"Medie: Koeman sender udsk\u00e6ldt franskmand til ekstra tr\u00e6ning"},"content":{"rendered":"\n<h2 id=\"h-ousmane-demb-l-har-absolut-ikke-v-ret-en-succes-i-barcelona-og-nu-fors-ger-ronald-koeman-at-f-lavet-om-p-det-med-ekstra-tr-ningspas\">Ousmane Demb\u00e9l\u00e9 har absolut ikke v\u00e6ret en succes i Barcelona, og nu fors\u00f8ger Ronald Koeman at f\u00e5 lavet om p\u00e5 det med ekstra tr\u00e6ningspas<\/h2>\n\n\n\n<p>Mens flere af FC Barcelonas spillere i \u00f8jeblikket er med deres respektive landshold til samling, har Ronald Koeman givet de resterende spillere fri i de kommende fire dage.<\/p>\n\n\n\n<p>Det g\u00e6lder dog ikke Ousmane Demb\u00e9l\u00e9, som holl\u00e6nderne derimod har beordret til at deltage i ekstra tr\u00e6ning. Det beretter flere kilder fra Spanien om if\u00f8lge <a href=\"https:\/\/www.dailymail.co.uk\/sport\/football\/article-8840115\/Barcelona-winger-Ousmane-Dembele-ordered-extra-training-manager-Ronald-Koeman.html?ns_mchannel=rss&amp;ns_campaign=1490&amp;ito=1490\" target=\"_blank\" rel=\"noreferrer noopener\">Daily Mail. <\/a><\/p>\n\n\n\n<p>Demb\u00e9l\u00e9 kom til den spanske storklub i 2017 for et astronomisk bel\u00f8b, men har p\u00e5 ingen m\u00e5de levet op til forventningerne og har desuden v\u00e6ret plaget af et hav af skader.<\/p>\n\n\n\n<div class=\"wp-block-si-widget wp-block-si-widget--center\"><si-lb-widget widget-id=\"PlayerTransfer\" width=\"440\" data-player-id=\"692984\" data-transfer-id=\"3175697\"><\/si-lb-widget><\/div>\n\n\n\n<p>I det netop overst\u00e5ede transfervindue var han millimeter fra at indg\u00e5 en aftale med Manchester United, men handlen gik i vasken til allersidst, og franskmanden er derfor stadig at finde i FC Barcelona.<\/p>\n\n\n\n<p>En kilde hos det spanske medie <a href=\"https:\/\/www.sport.es\/es\/noticias\/barca\/dembele-no-entreno-voluntariamente-koeman-puso-deberes-8155250\" target=\"_blank\" rel=\"noreferrer noopener\">Sport<\/a> tror ikke, at de ekstra tr\u00e6ninger for Demb\u00e9l\u00e9 skal ses som en straf, men i stedet som et fors\u00f8g p\u00e5 at f\u00e5 ham op p\u00e5 niveau med resten af truppen efter at have misset opstarten p\u00e5 s\u00e6sonen med en skade.<\/p>\n\n\n\n<p>Kantspillerens kontrakt med FC Barcelona l\u00f8ber indtil 2022. <\/p>\n\n\n\n<p><\/p>\n","protected":false},"excerpt":{"rendered":"<p>Ousmane Demb\u00e9l\u00e9 har absolut ikke v\u00e6ret en succes i Barcelona, og nu fors\u00f8ger Ronald Koeman at f\u00e5 lavet om p\u00e5 det med ekstra tr\u00e6ningspas<\/p>\n","protected":false},"author":347,"featured_media":240311,"comment_status":"open","ping_status":"closed","sticky":false,"template":"","format":"standard","meta":{"om_disable_all_campaigns":false,"push_articles_ronaldo":{"active":false,"canonical":0,"publish":false},"force_updates":null},"categories":[1],"tags":[41,303,608,847],"enet_tags":{"team":["8634"],"league":["87"],"player":["692984"],"sport_events":[]},"yoast_head":"<!-- This site is optimized with the Yoast SEO plugin v18.3 - https:\/\/yoast.com\/wordpress\/plugins\/seo\/ -->\n<title>Medie: Koeman sender udsk\u00e6ldt franskmand til ekstra tr\u00e6ning<\/title>\n<meta name=\"description\" content=\"Ousmane Demb\u00e9l\u00e9 har absolut ikke v\u00e6ret en succes i Barcelona, og nu fors\u00f8ger Ronald Koeman at f\u00e5 lavet om p\u00e5 det med ekstra tr\u00e6ningspas\" \/>\n<meta name=\"robots\" content=\"index, follow, max-snippet:-1, max-image-preview:large, max-video-preview:-1\" \/>\n<link rel=\"canonical\" href=\"https:\/\/acefootball.com\/da\/fodboldnyheder\/medie-koeman-sender-udskaeldt-franskmand-til-ekstra-traening\/\" \/>\n<meta property=\"og:locale\" content=\"en_US\" \/>\n<meta property=\"og:type\" content=\"article\" \/>\n<meta property=\"og:title\" content=\"Medie: Koeman sender udsk\u00e6ldt franskmand til ekstra tr\u00e6ning\" \/>\n<meta property=\"og:description\" content=\"Ousmane Demb\u00e9l\u00e9 har absolut ikke v\u00e6ret en succes i Barcelona, og nu fors\u00f8ger Ronald Koeman at f\u00e5 lavet om p\u00e5 det med ekstra tr\u00e6ningspas\" \/>\n<meta property=\"og:url\" content=\"https:\/\/acefootball.com\/da\/fodboldnyheder\/medie-koeman-sender-udskaeldt-franskmand-til-ekstra-traening\/\" \/>\n<meta property=\"og:site_name\" content=\"Ace Football Danmark\" \/>\n<meta property=\"article:publisher\" content=\"https:\/\/www.facebook.com\/acefootballdk\" \/>\n<meta property=\"article:published_time\" content=\"2020-10-14T19:16:56+00:00\" \/>\n<meta property=\"article:modified_time\" content=\"2020-10-14T18:25:03+00:00\" \/>\n<meta property=\"og:image\" content=\"https:\/\/acefootball.com\/da\/wp-content\/uploads\/sites\/2\/2020\/10\/GettyImages-1272861695.jpg\" \/>\n\t<meta property=\"og:image:width\" content=\"1024\" \/>\n\t<meta property=\"og:image:height\" content=\"747\" \/>\n\t<meta property=\"og:image:type\" content=\"image\/jpeg\" \/>\n<meta name=\"twitter:card\" content=\"summary_large_image\" \/>\n<meta name=\"twitter:label1\" content=\"Written by\" \/>\n\t<meta name=\"twitter:data1\" content=\"Nicolaj M. J\u00f8rgensen\" \/>\n\t<meta name=\"twitter:label2\" content=\"Est. reading time\" \/>\n\t<meta name=\"twitter:data2\" content=\"1 minute\" \/>\n<script type=\"application\/ld+json\" class=\"yoast-schema-graph\">{\"@context\":\"https:\/\/schema.org\",\"@graph\":[{\"@type\":\"Organization\",\"@id\":\"https:\/\/acefootball.com\/da\/#organization\",\"name\":\"Ace Football\",\"url\":\"https:\/\/acefootball.com\/da\/\",\"sameAs\":[\"https:\/\/www.facebook.com\/acefootballdk\"],\"logo\":{\"@type\":\"ImageObject\",\"@id\":\"https:\/\/acefootball.com\/da\/#logo\",\"inLanguage\":\"en-US\",\"url\":\"https:\/\/acefootball.com\/da\/wp-content\/uploads\/sites\/2\/2020\/07\/Ace-Football-30-07-2020-2.png\",\"contentUrl\":\"https:\/\/acefootball.com\/da\/wp-content\/uploads\/sites\/2\/2020\/07\/Ace-Football-30-07-2020-2.png\",\"width\":1200,\"height\":600,\"caption\":\"Ace Football\"},\"image\":{\"@id\":\"https:\/\/acefootball.com\/da\/#logo\"}},{\"@type\":\"WebSite\",\"@id\":\"https:\/\/acefootball.com\/da\/#website\",\"url\":\"https:\/\/acefootball.com\/da\/\",\"name\":\"Ace Football Danmark\",\"description\":\"Nyheder, Spiltips &amp; Livescore\",\"publisher\":{\"@id\":\"https:\/\/acefootball.com\/da\/#organization\"},\"potentialAction\":[{\"@type\":\"SearchAction\",\"target\":{\"@type\":\"EntryPoint\",\"urlTemplate\":\"https:\/\/acefootball.com\/da\/?s={search_term_string}\"},\"query-input\":\"required name=search_term_string\"}],\"inLanguage\":\"en-US\"},{\"@type\":\"ImageObject\",\"@id\":\"https:\/\/acefootball.com\/da\/fodboldnyheder\/medie-koeman-sender-udskaeldt-franskmand-til-ekstra-traening\/#primaryimage\",\"inLanguage\":\"en-US\",\"url\":\"https:\/\/acefootball.com\/da\/wp-content\/uploads\/sites\/2\/2020\/10\/GettyImages-1272861695.jpg\",\"contentUrl\":\"https:\/\/acefootball.com\/da\/wp-content\/uploads\/sites\/2\/2020\/10\/GettyImages-1272861695.jpg\",\"width\":1024,\"height\":747,\"caption\":\"BARCELONA, SPAIN - SEPTEMBER 16: Ousmane Dembele of FC Barcelona runs with the ball during the during the pre-season friendly match between FC Barcelona and Girona at Estadi Johan Cruyff on September 16, 2020 in Barcelona, Spain. (Photo by David Ramos\/Getty Images)\"},{\"@type\":\"WebPage\",\"@id\":\"https:\/\/acefootball.com\/da\/fodboldnyheder\/medie-koeman-sender-udskaeldt-franskmand-til-ekstra-traening\/#webpage\",\"url\":\"https:\/\/acefootball.com\/da\/fodboldnyheder\/medie-koeman-sender-udskaeldt-franskmand-til-ekstra-traening\/\",\"name\":\"Medie: Koeman sender udsk\u00e6ldt franskmand til ekstra tr\u00e6ning\",\"isPartOf\":{\"@id\":\"https:\/\/acefootball.com\/da\/#website\"},\"primaryImageOfPage\":{\"@id\":\"https:\/\/acefootball.com\/da\/fodboldnyheder\/medie-koeman-sender-udskaeldt-franskmand-til-ekstra-traening\/#primaryimage\"},\"datePublished\":\"2020-10-14T19:16:56+00:00\",\"dateModified\":\"2020-10-14T18:25:03+00:00\",\"description\":\"Ousmane Demb\u00e9l\u00e9 har absolut ikke v\u00e6ret en succes i Barcelona, og nu fors\u00f8ger Ronald Koeman at f\u00e5 lavet om p\u00e5 det med ekstra tr\u00e6ningspas\",\"breadcrumb\":{\"@id\":\"https:\/\/acefootball.com\/da\/fodboldnyheder\/medie-koeman-sender-udskaeldt-franskmand-til-ekstra-traening\/#breadcrumb\"},\"inLanguage\":\"en-US\",\"potentialAction\":[{\"@type\":\"ReadAction\",\"target\":[\"https:\/\/acefootball.com\/da\/fodboldnyheder\/medie-koeman-sender-udskaeldt-franskmand-til-ekstra-traening\/\"]}]},{\"@type\":\"BreadcrumbList\",\"@id\":\"https:\/\/acefootball.com\/da\/fodboldnyheder\/medie-koeman-sender-udskaeldt-franskmand-til-ekstra-traening\/#breadcrumb\",\"itemListElement\":[{\"@type\":\"ListItem\",\"position\":1,\"name\":\"Home\",\"item\":\"https:\/\/acefootball.com\/da\/\"},{\"@type\":\"ListItem\",\"position\":2,\"name\":\"Medie: Koeman sender udsk\u00e6ldt franskmand til ekstra tr\u00e6ning\"}]},{\"@type\":\"Article\",\"@id\":\"https:\/\/acefootball.com\/da\/fodboldnyheder\/medie-koeman-sender-udskaeldt-franskmand-til-ekstra-traening\/#article\",\"isPartOf\":{\"@id\":\"https:\/\/acefootball.com\/da\/fodboldnyheder\/medie-koeman-sender-udskaeldt-franskmand-til-ekstra-traening\/#webpage\"},\"author\":{\"@id\":\"https:\/\/acefootball.com\/da\/#\/schema\/person\/cc86c6803d8c93f30230e4dbed2a3844\"},\"headline\":\"Medie: Koeman sender udsk\u00e6ldt franskmand til ekstra tr\u00e6ning\",\"datePublished\":\"2020-10-14T19:16:56+00:00\",\"dateModified\":\"2020-10-14T18:25:03+00:00\",\"mainEntityOfPage\":{\"@id\":\"https:\/\/acefootball.com\/da\/fodboldnyheder\/medie-koeman-sender-udskaeldt-franskmand-til-ekstra-traening\/#webpage\"},\"wordCount\":225,\"commentCount\":0,\"publisher\":{\"@id\":\"https:\/\/acefootball.com\/da\/#organization\"},\"image\":{\"@id\":\"https:\/\/acefootball.com\/da\/fodboldnyheder\/medie-koeman-sender-udskaeldt-franskmand-til-ekstra-traening\/#primaryimage\"},\"thumbnailUrl\":\"https:\/\/acefootball.com\/da\/wp-content\/uploads\/sites\/2\/2020\/10\/GettyImages-1272861695.jpg\",\"keywords\":[\"FC Barcelona\",\"La Liga\",\"Ousmane Demb\u00e9l\u00e9\",\"Ronald Koeman\"],\"articleSection\":[\"Nyhed\"],\"inLanguage\":\"en-US\",\"potentialAction\":[{\"@type\":\"CommentAction\",\"name\":\"Comment\",\"target\":[\"https:\/\/acefootball.com\/da\/fodboldnyheder\/medie-koeman-sender-udskaeldt-franskmand-til-ekstra-traening\/#respond\"]}]},{\"@type\":\"Person\",\"@id\":\"https:\/\/acefootball.com\/da\/#\/schema\/person\/cc86c6803d8c93f30230e4dbed2a3844\",\"name\":\"Nicolaj M. J\u00f8rgensen\",\"image\":{\"@type\":\"ImageObject\",\"@id\":\"https:\/\/acefootball.com\/da\/#personlogo\",\"inLanguage\":\"en-US\",\"url\":\"https:\/\/secure.gravatar.com\/avatar\/757fd92a7fd5c1d31c37aee3425e7f74?s=96&d=mm&r=g\",\"contentUrl\":\"https:\/\/secure.gravatar.com\/avatar\/757fd92a7fd5c1d31c37aee3425e7f74?s=96&d=mm&r=g\",\"caption\":\"Nicolaj M. J\u00f8rgensen\"},\"url\":\"https:\/\/acefootball.com\/da\/fodboldnyheder\/author\/nicolajmortenj\/\"}]}<\/script>\n<!-- \/ Yoast SEO plugin. -->","yoast_head_json":{"title":"Medie: Koeman sender udsk\u00e6ldt franskmand til ekstra tr\u00e6ning","description":"Ousmane Demb\u00e9l\u00e9 har absolut ikke v\u00e6ret en succes i Barcelona, og nu fors\u00f8ger Ronald Koeman at f\u00e5 lavet om p\u00e5 det med ekstra tr\u00e6ningspas","robots":{"index":"index","follow":"follow","max-snippet":"max-snippet:-1","max-image-preview":"max-image-preview:large","max-video-preview":"max-video-preview:-1"},"canonical":"https:\/\/acefootball.com\/da\/fodboldnyheder\/medie-koeman-sender-udskaeldt-franskmand-til-ekstra-traening\/","og_locale":"en_US","og_type":"article","og_title":"Medie: Koeman sender udsk\u00e6ldt franskmand til ekstra tr\u00e6ning","og_description":"Ousmane Demb\u00e9l\u00e9 har absolut ikke v\u00e6ret en succes i Barcelona, og nu fors\u00f8ger Ronald Koeman at f\u00e5 lavet om p\u00e5 det med ekstra tr\u00e6ningspas","og_url":"https:\/\/acefootball.com\/da\/fodboldnyheder\/medie-koeman-sender-udskaeldt-franskmand-til-ekstra-traening\/","og_site_name":"Ace Football Danmark","article_publisher":"https:\/\/www.facebook.com\/acefootballdk","article_published_time":"2020-10-14T19:16:56+00:00","article_modified_time":"2020-10-14T18:25:03+00:00","og_image":[{"width":1024,"height":747,"url":"https:\/\/acefootball.com\/da\/wp-content\/uploads\/sites\/2\/2020\/10\/GettyImages-1272861695.jpg","type":"image\/jpeg"}],"twitter_card":"summary_large_image","twitter_misc":{"Written by":"Nicolaj M. J\u00f8rgensen","Est. reading time":"1 minute"},"schema":{"@context":"https:\/\/schema.org","@graph":[{"@type":"Organization","@id":"https:\/\/acefootball.com\/da\/#organization","name":"Ace Football","url":"https:\/\/acefootball.com\/da\/","sameAs":["https:\/\/www.facebook.com\/acefootballdk"],"logo":{"@type":"ImageObject","@id":"https:\/\/acefootball.com\/da\/#logo","inLanguage":"en-US","url":"https:\/\/acefootball.com\/da\/wp-content\/uploads\/sites\/2\/2020\/07\/Ace-Football-30-07-2020-2.png","contentUrl":"https:\/\/acefootball.com\/da\/wp-content\/uploads\/sites\/2\/2020\/07\/Ace-Football-30-07-2020-2.png","width":1200,"height":600,"caption":"Ace Football"},"image":{"@id":"https:\/\/acefootball.com\/da\/#logo"}},{"@type":"WebSite","@id":"https:\/\/acefootball.com\/da\/#website","url":"https:\/\/acefootball.com\/da\/","name":"Ace Football Danmark","description":"Nyheder, Spiltips &amp; Livescore","publisher":{"@id":"https:\/\/acefootball.com\/da\/#organization"},"potentialAction":[{"@type":"SearchAction","target":{"@type":"EntryPoint","urlTemplate":"https:\/\/acefootball.com\/da\/?s={search_term_string}"},"query-input":"required name=search_term_string"}],"inLanguage":"en-US"},{"@type":"ImageObject","@id":"https:\/\/acefootball.com\/da\/fodboldnyheder\/medie-koeman-sender-udskaeldt-franskmand-til-ekstra-traening\/#primaryimage","inLanguage":"en-US","url":"https:\/\/acefootball.com\/da\/wp-content\/uploads\/sites\/2\/2020\/10\/GettyImages-1272861695.jpg","contentUrl":"https:\/\/acefootball.com\/da\/wp-content\/uploads\/sites\/2\/2020\/10\/GettyImages-1272861695.jpg","width":1024,"height":747,"caption":"BARCELONA, SPAIN - SEPTEMBER 16: Ousmane Dembele of FC Barcelona runs with the ball during the during the pre-season friendly match between FC Barcelona and Girona at Estadi Johan Cruyff on September 16, 2020 in Barcelona, Spain. (Photo by David Ramos\/Getty Images)"},{"@type":"WebPage","@id":"https:\/\/acefootball.com\/da\/fodboldnyheder\/medie-koeman-sender-udskaeldt-franskmand-til-ekstra-traening\/#webpage","url":"https:\/\/acefootball.com\/da\/fodboldnyheder\/medie-koeman-sender-udskaeldt-franskmand-til-ekstra-traening\/","name":"Medie: Koeman sender udsk\u00e6ldt franskmand til ekstra tr\u00e6ning","isPartOf":{"@id":"https:\/\/acefootball.com\/da\/#website"},"primaryImageOfPage":{"@id":"https:\/\/acefootball.com\/da\/fodboldnyheder\/medie-koeman-sender-udskaeldt-franskmand-til-ekstra-traening\/#primaryimage"},"datePublished":"2020-10-14T19:16:56+00:00","dateModified":"2020-10-14T18:25:03+00:00","description":"Ousmane Demb\u00e9l\u00e9 har absolut ikke v\u00e6ret en succes i Barcelona, og nu fors\u00f8ger Ronald Koeman at f\u00e5 lavet om p\u00e5 det med ekstra tr\u00e6ningspas","breadcrumb":{"@id":"https:\/\/acefootball.com\/da\/fodboldnyheder\/medie-koeman-sender-udskaeldt-franskmand-til-ekstra-traening\/#breadcrumb"},"inLanguage":"en-US","potentialAction":[{"@type":"ReadAction","target":["https:\/\/acefootball.com\/da\/fodboldnyheder\/medie-koeman-sender-udskaeldt-franskmand-til-ekstra-traening\/"]}]},{"@type":"BreadcrumbList","@id":"https:\/\/acefootball.com\/da\/fodboldnyheder\/medie-koeman-sender-udskaeldt-franskmand-til-ekstra-traening\/#breadcrumb","itemListElement":[{"@type":"ListItem","position":1,"name":"Home","item":"https:\/\/acefootball.com\/da\/"},{"@type":"ListItem","position":2,"name":"Medie: Koeman sender udsk\u00e6ldt franskmand til ekstra tr\u00e6ning"}]},{"@type":"Article","@id":"https:\/\/acefootball.com\/da\/fodboldnyheder\/medie-koeman-sender-udskaeldt-franskmand-til-ekstra-traening\/#article","isPartOf":{"@id":"https:\/\/acefootball.com\/da\/fodboldnyheder\/medie-koeman-sender-udskaeldt-franskmand-til-ekstra-traening\/#webpage"},"author":{"@id":"https:\/\/acefootball.com\/da\/#\/schema\/person\/cc86c6803d8c93f30230e4dbed2a3844"},"headline":"Medie: Koeman sender udsk\u00e6ldt franskmand til ekstra tr\u00e6ning","datePublished":"2020-10-14T19:16:56+00:00","dateModified":"2020-10-14T18:25:03+00:00","mainEntityOfPage":{"@id":"https:\/\/acefootball.com\/da\/fodboldnyheder\/medie-koeman-sender-udskaeldt-franskmand-til-ekstra-traening\/#webpage"},"wordCount":225,"commentCount":0,"publisher":{"@id":"https:\/\/acefootball.com\/da\/#organization"},"image":{"@id":"https:\/\/acefootball.com\/da\/fodboldnyheder\/medie-koeman-sender-udskaeldt-franskmand-til-ekstra-traening\/#primaryimage"},"thumbnailUrl":"https:\/\/acefootball.com\/da\/wp-content\/uploads\/sites\/2\/2020\/10\/GettyImages-1272861695.jpg","keywords":["FC Barcelona","La Liga","Ousmane Demb\u00e9l\u00e9","Ronald Koeman"],"articleSection":["Nyhed"],"inLanguage":"en-US","potentialAction":[{"@type":"CommentAction","name":"Comment","target":["https:\/\/acefootball.com\/da\/fodboldnyheder\/medie-koeman-sender-udskaeldt-franskmand-til-ekstra-traening\/#respond"]}]},{"@type":"Person","@id":"https:\/\/acefootball.com\/da\/#\/schema\/person\/cc86c6803d8c93f30230e4dbed2a3844","name":"Nicolaj M. J\u00f8rgensen","image":{"@type":"ImageObject","@id":"https:\/\/acefootball.com\/da\/#personlogo","inLanguage":"en-US","url":"https:\/\/secure.gravatar.com\/avatar\/757fd92a7fd5c1d31c37aee3425e7f74?s=96&d=mm&r=g","contentUrl":"https:\/\/secure.gravatar.com\/avatar\/757fd92a7fd5c1d31c37aee3425e7f74?s=96&d=mm&r=g","caption":"Nicolaj M. J\u00f8rgensen"},"url":"https:\/\/acefootball.com\/da\/fodboldnyheder\/author\/nicolajmortenj\/"}]}},"fimg_url":"https:\/\/acefootball.com\/da\/wp-content\/uploads\/sites\/2\/2020\/10\/GettyImages-1272861695.jpg","_links":{"self":[{"href":"https:\/\/acefootball.com\/da\/wp-json\/wp\/v2\/posts\/240310"}],"collection":[{"href":"https:\/\/acefootball.com\/da\/wp-json\/wp\/v2\/posts"}],"about":[{"href":"https:\/\/acefootball.com\/da\/wp-json\/wp\/v2\/types\/post"}],"author":[{"embeddable":true,"href":"https:\/\/acefootball.com\/da\/wp-json\/wp\/v2\/users\/347"}],"replies":[{"embeddable":true,"href":"https:\/\/acefootball.com\/da\/wp-json\/wp\/v2\/comments?post=240310"}],"version-history":[{"count":0,"href":"https:\/\/acefootball.com\/da\/wp-json\/wp\/v2\/posts\/240310\/revisions"}],"wp:featuredmedia":[{"embeddable":true,"href":"https:\/\/acefootball.com\/da\/wp-json\/wp\/v2\/media\/240311"}],"wp:attachment":[{"href":"https:\/\/acefootball.com\/da\/wp-json\/wp\/v2\/media?parent=240310"}],"wp:term":[{"taxonomy":"category","embeddable":true,"href":"https:\/\/acefootball.com\/da\/wp-json\/wp\/v2\/categories?post=240310"},{"taxonomy":"post_tag","embeddable":true,"href":"https:\/\/acefootball.com\/da\/wp-json\/wp\/v2\/tags?post=240310"}],"curies":[{"name":"wp","href":"https:\/\/api.w.org\/{rel}","templated":true}]}}