{"id":240281,"date":"2020-10-14T16:13:38","date_gmt":"2020-10-14T14:13:38","guid":{"rendered":"https:\/\/acefootball.com\/da\/?p=240281"},"modified":"2020-10-14T16:02:45","modified_gmt":"2020-10-14T14:02:45","slug":"uefa-planlaegger-em-uden-tilskuere","status":"publish","type":"post","link":"https:\/\/acefootball.com\/da\/fodboldnyheder\/uefa-planlaegger-em-uden-tilskuere\/","title":{"rendered":"UEFA planl\u00e6gger EM uden tilskuere"},"content":{"rendered":"\n<h2 id=\"h-uefa-pr-sident-aleksander-ceferin-afsl-rer-at-man-forbereder-sig-p-ikke-at-kunne-afvikle-em-2021-med-tilskuere\">UEFA-pr\u00e6sident Aleksander Ceferin afsl\u00f8rer, at man forbereder sig p\u00e5 ikke at kunne afvikle EM 2021 med tilskuere<\/h2>\n\n\n\n<p>Sommerens EM-slutrunde blev som bekendt udskudt til n\u00e6ste \u00e5r, men hvordan corona-prognoserne ser ud til den tid, er der ingen, der ved.<\/p>\n\n\n\n<p>UEFA er dog fulde af forventninger til, at turneringen kan gennemf\u00f8res uden problemer, men man forbereder sig alligevel p\u00e5 det v\u00e6rste.<\/p>\n\n\n\n<p>Det indeb\u00e6rer blandt andet, at det europ\u00e6iske fodboldforbund er ved at planl\u00e6gge, hvordan EM 2021 kan afvikles, hvis der endnu ikke skulle v\u00e6re \u00e5bnet for tilskuere i juni n\u00e6ste \u00e5r.<\/p>\n\n\n\n<p>Det afsl\u00f8rer UEFA&#8217;s pr\u00e6sident, Aleksander Ceferin, til den tyske tv-kanal ARD if\u00f8lge <a href=\"https:\/\/www.mundodeportivo.com\/futbol\/eurocopa\/20201014\/484076523885\/la-uefa-planifica-la-eurocopa-2021-con-y-sin-publico-en-los-estadios.html\" target=\"_blank\" rel=\"noreferrer noopener\">Mundo Deportivo<\/a>.<\/p>\n\n\n\n<figure class=\"wp-block-embed-wordpress wp-block-embed is-type-wp-embed is-provider-ace-football-danmark\"><div class=\"wp-block-embed__wrapper\">\n<blockquote class=\"wp-embedded-content\" data-secret=\"Huq31yLjCk\"><a href=\"https:\/\/acefootball.com\/da\/fodboldnyheder\/ronaldo-kan-misse-laenge-ventet-moede-med-messi\/\">Ronaldo kan misse l\u00e6nge ventet m\u00f8de med Messi<\/a><\/blockquote><iframe class=\"wp-embedded-content\" sandbox=\"allow-scripts\" security=\"restricted\" style=\"position: absolute; clip: rect(1px, 1px, 1px, 1px);\" title=\"&#8220;Ronaldo kan misse l\u00e6nge ventet m\u00f8de med Messi&#8221; &#8212; Ace Football Danmark\" src=\"https:\/\/acefootball.com\/da\/fodboldnyheder\/ronaldo-kan-misse-laenge-ventet-moede-med-messi\/embed\/#?secret=Huq31yLjCk\" data-secret=\"Huq31yLjCk\" width=\"600\" height=\"338\" frameborder=\"0\" marginwidth=\"0\" marginheight=\"0\" scrolling=\"no\"><\/iframe>\n<\/div><\/figure>\n\n\n\n<p>&#8220;I \u00f8jeblikket er vi ved at planl\u00e6gge EM s\u00e5dan, som vi \u00f8nsker det. Vi overvejer, hvordan vi kan g\u00f8re det med tilskuere, uden tilskuere, eller med 30, 50 eller 70 procent (tilskuerkapacitet, red.),&#8221; udtaler Ceferin.<\/p>\n\n\n\n<p>Det g\u00f8res heller ikke lettere af, at EM 2021 har 12 v\u00e6rtsbyer i forskellige lande, og den slovenske pr\u00e6sident er heller ikke bleg for at sk\u00e6re ned p\u00e5 antallet, hvis det bliver n\u00f8dvendigt.<\/p>\n\n\n\n<p>&#8220;Teoretisk set kan vi afholde det i to lande, i 11 lande eller i 10 lande.&#8221;<\/p>\n\n\n\n<p>EM-slutrunden er datosat til start den 11. juni 2021 og finale den 11. juli.<\/p>\n","protected":false},"excerpt":{"rendered":"<p>UEFA-pr\u00e6sident Aleksander Ceferin afsl\u00f8rer, at man forbereder sig p\u00e5 ikke at kunne afvikle EM 2021 med tilskuere<\/p>\n","protected":false},"author":705,"featured_media":234869,"comment_status":"open","ping_status":"closed","sticky":false,"template":"","format":"standard","meta":{"om_disable_all_campaigns":false,"push_articles_ronaldo":{"active":false,"canonical":0,"publish":false},"force_updates":null},"categories":[8204],"tags":[692],"enet_tags":{"team":["8238"],"sport_events":[]},"yoast_head":"<!-- This site is optimized with the Yoast SEO plugin v18.3 - https:\/\/yoast.com\/wordpress\/plugins\/seo\/ -->\n<title>UEFA planl\u00e6gger EM uden tilskuere<\/title>\n<meta name=\"description\" content=\"UEFA-pr\u00e6sident Aleksander Ceferin afsl\u00f8rer, at man forbereder sig p\u00e5 ikke at kunne afvikle EM 2021 med tilskuere\" \/>\n<meta name=\"robots\" content=\"index, follow, max-snippet:-1, max-image-preview:large, max-video-preview:-1\" \/>\n<link rel=\"canonical\" href=\"https:\/\/acefootball.com\/da\/fodboldnyheder\/uefa-planlaegger-em-uden-tilskuere\/\" \/>\n<meta property=\"og:locale\" content=\"en_US\" \/>\n<meta property=\"og:type\" content=\"article\" \/>\n<meta property=\"og:title\" content=\"UEFA planl\u00e6gger EM uden tilskuere\" \/>\n<meta property=\"og:description\" content=\"UEFA-pr\u00e6sident Aleksander Ceferin afsl\u00f8rer, at man forbereder sig p\u00e5 ikke at kunne afvikle EM 2021 med tilskuere\" \/>\n<meta property=\"og:url\" content=\"https:\/\/acefootball.com\/da\/fodboldnyheder\/uefa-planlaegger-em-uden-tilskuere\/\" \/>\n<meta property=\"og:site_name\" content=\"Ace Football Danmark\" \/>\n<meta property=\"article:publisher\" content=\"https:\/\/www.facebook.com\/acefootballdk\" \/>\n<meta property=\"article:published_time\" content=\"2020-10-14T14:13:38+00:00\" \/>\n<meta property=\"article:modified_time\" content=\"2020-10-14T14:02:45+00:00\" \/>\n<meta property=\"og:image\" content=\"https:\/\/acefootball.com\/da\/wp-content\/uploads\/sites\/2\/2020\/08\/GettyImages-1017339668.jpg\" \/>\n\t<meta property=\"og:image:width\" content=\"1024\" \/>\n\t<meta property=\"og:image:height\" content=\"683\" \/>\n\t<meta property=\"og:image:type\" content=\"image\/jpeg\" \/>\n<meta name=\"twitter:card\" content=\"summary_large_image\" \/>\n<meta name=\"twitter:label1\" content=\"Written by\" \/>\n\t<meta name=\"twitter:data1\" content=\"Mads Dreyer\" \/>\n\t<meta name=\"twitter:label2\" content=\"Est. reading time\" \/>\n\t<meta name=\"twitter:data2\" content=\"1 minute\" \/>\n<script type=\"application\/ld+json\" class=\"yoast-schema-graph\">{\"@context\":\"https:\/\/schema.org\",\"@graph\":[{\"@type\":\"Organization\",\"@id\":\"https:\/\/acefootball.com\/da\/#organization\",\"name\":\"Ace Football\",\"url\":\"https:\/\/acefootball.com\/da\/\",\"sameAs\":[\"https:\/\/www.facebook.com\/acefootballdk\"],\"logo\":{\"@type\":\"ImageObject\",\"@id\":\"https:\/\/acefootball.com\/da\/#logo\",\"inLanguage\":\"en-US\",\"url\":\"https:\/\/acefootball.com\/da\/wp-content\/uploads\/sites\/2\/2020\/07\/Ace-Football-30-07-2020-2.png\",\"contentUrl\":\"https:\/\/acefootball.com\/da\/wp-content\/uploads\/sites\/2\/2020\/07\/Ace-Football-30-07-2020-2.png\",\"width\":1200,\"height\":600,\"caption\":\"Ace Football\"},\"image\":{\"@id\":\"https:\/\/acefootball.com\/da\/#logo\"}},{\"@type\":\"WebSite\",\"@id\":\"https:\/\/acefootball.com\/da\/#website\",\"url\":\"https:\/\/acefootball.com\/da\/\",\"name\":\"Ace Football Danmark\",\"description\":\"Nyheder, Spiltips &amp; Livescore\",\"publisher\":{\"@id\":\"https:\/\/acefootball.com\/da\/#organization\"},\"potentialAction\":[{\"@type\":\"SearchAction\",\"target\":{\"@type\":\"EntryPoint\",\"urlTemplate\":\"https:\/\/acefootball.com\/da\/?s={search_term_string}\"},\"query-input\":\"required name=search_term_string\"}],\"inLanguage\":\"en-US\"},{\"@type\":\"ImageObject\",\"@id\":\"https:\/\/acefootball.com\/da\/fodboldnyheder\/uefa-planlaegger-em-uden-tilskuere\/#primaryimage\",\"inLanguage\":\"en-US\",\"url\":\"https:\/\/acefootball.com\/da\/wp-content\/uploads\/sites\/2\/2020\/08\/GettyImages-1017339668.jpg\",\"contentUrl\":\"https:\/\/acefootball.com\/da\/wp-content\/uploads\/sites\/2\/2020\/08\/GettyImages-1017339668.jpg\",\"width\":1024,\"height\":683,\"caption\":\"TALLINN, ESTONIA - AUGUST 15: UEFA President, Aleksander Ceferin looks on during the UEFA Super Cup between Real Madrid and Atletico Madrid at Lillekula Stadium on August 15, 2018 in Tallinn, Estonia. (Photo by Alexander Hassenstein\/Getty Images)\"},{\"@type\":\"WebPage\",\"@id\":\"https:\/\/acefootball.com\/da\/fodboldnyheder\/uefa-planlaegger-em-uden-tilskuere\/#webpage\",\"url\":\"https:\/\/acefootball.com\/da\/fodboldnyheder\/uefa-planlaegger-em-uden-tilskuere\/\",\"name\":\"UEFA planl\u00e6gger EM uden tilskuere\",\"isPartOf\":{\"@id\":\"https:\/\/acefootball.com\/da\/#website\"},\"primaryImageOfPage\":{\"@id\":\"https:\/\/acefootball.com\/da\/fodboldnyheder\/uefa-planlaegger-em-uden-tilskuere\/#primaryimage\"},\"datePublished\":\"2020-10-14T14:13:38+00:00\",\"dateModified\":\"2020-10-14T14:02:45+00:00\",\"description\":\"UEFA-pr\u00e6sident Aleksander Ceferin afsl\u00f8rer, at man forbereder sig p\u00e5 ikke at kunne afvikle EM 2021 med tilskuere\",\"breadcrumb\":{\"@id\":\"https:\/\/acefootball.com\/da\/fodboldnyheder\/uefa-planlaegger-em-uden-tilskuere\/#breadcrumb\"},\"inLanguage\":\"en-US\",\"potentialAction\":[{\"@type\":\"ReadAction\",\"target\":[\"https:\/\/acefootball.com\/da\/fodboldnyheder\/uefa-planlaegger-em-uden-tilskuere\/\"]}]},{\"@type\":\"BreadcrumbList\",\"@id\":\"https:\/\/acefootball.com\/da\/fodboldnyheder\/uefa-planlaegger-em-uden-tilskuere\/#breadcrumb\",\"itemListElement\":[{\"@type\":\"ListItem\",\"position\":1,\"name\":\"Home\",\"item\":\"https:\/\/acefootball.com\/da\/\"},{\"@type\":\"ListItem\",\"position\":2,\"name\":\"UEFA planl\u00e6gger EM uden tilskuere\"}]},{\"@type\":\"Article\",\"@id\":\"https:\/\/acefootball.com\/da\/fodboldnyheder\/uefa-planlaegger-em-uden-tilskuere\/#article\",\"isPartOf\":{\"@id\":\"https:\/\/acefootball.com\/da\/fodboldnyheder\/uefa-planlaegger-em-uden-tilskuere\/#webpage\"},\"author\":{\"@id\":\"https:\/\/acefootball.com\/da\/#\/schema\/person\/ee67e9cf04a276f144100ffa722f10cd\"},\"headline\":\"UEFA planl\u00e6gger EM uden tilskuere\",\"datePublished\":\"2020-10-14T14:13:38+00:00\",\"dateModified\":\"2020-10-14T14:02:45+00:00\",\"mainEntityOfPage\":{\"@id\":\"https:\/\/acefootball.com\/da\/fodboldnyheder\/uefa-planlaegger-em-uden-tilskuere\/#webpage\"},\"wordCount\":223,\"commentCount\":0,\"publisher\":{\"@id\":\"https:\/\/acefootball.com\/da\/#organization\"},\"image\":{\"@id\":\"https:\/\/acefootball.com\/da\/fodboldnyheder\/uefa-planlaegger-em-uden-tilskuere\/#primaryimage\"},\"thumbnailUrl\":\"https:\/\/acefootball.com\/da\/wp-content\/uploads\/sites\/2\/2020\/08\/GettyImages-1017339668.jpg\",\"keywords\":[\"Danmark\"],\"articleSection\":[\"Udtalelse\"],\"inLanguage\":\"en-US\",\"potentialAction\":[{\"@type\":\"CommentAction\",\"name\":\"Comment\",\"target\":[\"https:\/\/acefootball.com\/da\/fodboldnyheder\/uefa-planlaegger-em-uden-tilskuere\/#respond\"]}]},{\"@type\":\"Person\",\"@id\":\"https:\/\/acefootball.com\/da\/#\/schema\/person\/ee67e9cf04a276f144100ffa722f10cd\",\"name\":\"Mads Dreyer\",\"image\":{\"@type\":\"ImageObject\",\"@id\":\"https:\/\/acefootball.com\/da\/#personlogo\",\"inLanguage\":\"en-US\",\"url\":\"https:\/\/secure.gravatar.com\/avatar\/7c7abf72cfde9902b6a60efe60c88d4c?s=96&d=mm&r=g\",\"contentUrl\":\"https:\/\/secure.gravatar.com\/avatar\/7c7abf72cfde9902b6a60efe60c88d4c?s=96&d=mm&r=g\",\"caption\":\"Mads Dreyer\"},\"description\":\"Skribent og fodboldn\u00f8rd, der lige nu fort\u00e6ller om alt og intet i fodboldverdenen p\u00e5 acefootball.com. Uddannet i kommunikation fra Aalborg Universitet.\",\"sameAs\":[\"https:\/\/www.linkedin.com\/in\/mads-dreyer-b9b08266\/\"],\"url\":\"https:\/\/acefootball.com\/da\/fodboldnyheder\/author\/mdnronaldo\/\"}]}<\/script>\n<!-- \/ Yoast SEO plugin. -->","yoast_head_json":{"title":"UEFA planl\u00e6gger EM uden tilskuere","description":"UEFA-pr\u00e6sident Aleksander Ceferin afsl\u00f8rer, at man forbereder sig p\u00e5 ikke at kunne afvikle EM 2021 med tilskuere","robots":{"index":"index","follow":"follow","max-snippet":"max-snippet:-1","max-image-preview":"max-image-preview:large","max-video-preview":"max-video-preview:-1"},"canonical":"https:\/\/acefootball.com\/da\/fodboldnyheder\/uefa-planlaegger-em-uden-tilskuere\/","og_locale":"en_US","og_type":"article","og_title":"UEFA planl\u00e6gger EM uden tilskuere","og_description":"UEFA-pr\u00e6sident Aleksander Ceferin afsl\u00f8rer, at man forbereder sig p\u00e5 ikke at kunne afvikle EM 2021 med tilskuere","og_url":"https:\/\/acefootball.com\/da\/fodboldnyheder\/uefa-planlaegger-em-uden-tilskuere\/","og_site_name":"Ace Football Danmark","article_publisher":"https:\/\/www.facebook.com\/acefootballdk","article_published_time":"2020-10-14T14:13:38+00:00","article_modified_time":"2020-10-14T14:02:45+00:00","og_image":[{"width":1024,"height":683,"url":"https:\/\/acefootball.com\/da\/wp-content\/uploads\/sites\/2\/2020\/08\/GettyImages-1017339668.jpg","type":"image\/jpeg"}],"twitter_card":"summary_large_image","twitter_misc":{"Written by":"Mads Dreyer","Est. reading time":"1 minute"},"schema":{"@context":"https:\/\/schema.org","@graph":[{"@type":"Organization","@id":"https:\/\/acefootball.com\/da\/#organization","name":"Ace Football","url":"https:\/\/acefootball.com\/da\/","sameAs":["https:\/\/www.facebook.com\/acefootballdk"],"logo":{"@type":"ImageObject","@id":"https:\/\/acefootball.com\/da\/#logo","inLanguage":"en-US","url":"https:\/\/acefootball.com\/da\/wp-content\/uploads\/sites\/2\/2020\/07\/Ace-Football-30-07-2020-2.png","contentUrl":"https:\/\/acefootball.com\/da\/wp-content\/uploads\/sites\/2\/2020\/07\/Ace-Football-30-07-2020-2.png","width":1200,"height":600,"caption":"Ace Football"},"image":{"@id":"https:\/\/acefootball.com\/da\/#logo"}},{"@type":"WebSite","@id":"https:\/\/acefootball.com\/da\/#website","url":"https:\/\/acefootball.com\/da\/","name":"Ace Football Danmark","description":"Nyheder, Spiltips &amp; Livescore","publisher":{"@id":"https:\/\/acefootball.com\/da\/#organization"},"potentialAction":[{"@type":"SearchAction","target":{"@type":"EntryPoint","urlTemplate":"https:\/\/acefootball.com\/da\/?s={search_term_string}"},"query-input":"required name=search_term_string"}],"inLanguage":"en-US"},{"@type":"ImageObject","@id":"https:\/\/acefootball.com\/da\/fodboldnyheder\/uefa-planlaegger-em-uden-tilskuere\/#primaryimage","inLanguage":"en-US","url":"https:\/\/acefootball.com\/da\/wp-content\/uploads\/sites\/2\/2020\/08\/GettyImages-1017339668.jpg","contentUrl":"https:\/\/acefootball.com\/da\/wp-content\/uploads\/sites\/2\/2020\/08\/GettyImages-1017339668.jpg","width":1024,"height":683,"caption":"TALLINN, ESTONIA - AUGUST 15: UEFA President, Aleksander Ceferin looks on during the UEFA Super Cup between Real Madrid and Atletico Madrid at Lillekula Stadium on August 15, 2018 in Tallinn, Estonia. (Photo by Alexander Hassenstein\/Getty Images)"},{"@type":"WebPage","@id":"https:\/\/acefootball.com\/da\/fodboldnyheder\/uefa-planlaegger-em-uden-tilskuere\/#webpage","url":"https:\/\/acefootball.com\/da\/fodboldnyheder\/uefa-planlaegger-em-uden-tilskuere\/","name":"UEFA planl\u00e6gger EM uden tilskuere","isPartOf":{"@id":"https:\/\/acefootball.com\/da\/#website"},"primaryImageOfPage":{"@id":"https:\/\/acefootball.com\/da\/fodboldnyheder\/uefa-planlaegger-em-uden-tilskuere\/#primaryimage"},"datePublished":"2020-10-14T14:13:38+00:00","dateModified":"2020-10-14T14:02:45+00:00","description":"UEFA-pr\u00e6sident Aleksander Ceferin afsl\u00f8rer, at man forbereder sig p\u00e5 ikke at kunne afvikle EM 2021 med tilskuere","breadcrumb":{"@id":"https:\/\/acefootball.com\/da\/fodboldnyheder\/uefa-planlaegger-em-uden-tilskuere\/#breadcrumb"},"inLanguage":"en-US","potentialAction":[{"@type":"ReadAction","target":["https:\/\/acefootball.com\/da\/fodboldnyheder\/uefa-planlaegger-em-uden-tilskuere\/"]}]},{"@type":"BreadcrumbList","@id":"https:\/\/acefootball.com\/da\/fodboldnyheder\/uefa-planlaegger-em-uden-tilskuere\/#breadcrumb","itemListElement":[{"@type":"ListItem","position":1,"name":"Home","item":"https:\/\/acefootball.com\/da\/"},{"@type":"ListItem","position":2,"name":"UEFA planl\u00e6gger EM uden tilskuere"}]},{"@type":"Article","@id":"https:\/\/acefootball.com\/da\/fodboldnyheder\/uefa-planlaegger-em-uden-tilskuere\/#article","isPartOf":{"@id":"https:\/\/acefootball.com\/da\/fodboldnyheder\/uefa-planlaegger-em-uden-tilskuere\/#webpage"},"author":{"@id":"https:\/\/acefootball.com\/da\/#\/schema\/person\/ee67e9cf04a276f144100ffa722f10cd"},"headline":"UEFA planl\u00e6gger EM uden tilskuere","datePublished":"2020-10-14T14:13:38+00:00","dateModified":"2020-10-14T14:02:45+00:00","mainEntityOfPage":{"@id":"https:\/\/acefootball.com\/da\/fodboldnyheder\/uefa-planlaegger-em-uden-tilskuere\/#webpage"},"wordCount":223,"commentCount":0,"publisher":{"@id":"https:\/\/acefootball.com\/da\/#organization"},"image":{"@id":"https:\/\/acefootball.com\/da\/fodboldnyheder\/uefa-planlaegger-em-uden-tilskuere\/#primaryimage"},"thumbnailUrl":"https:\/\/acefootball.com\/da\/wp-content\/uploads\/sites\/2\/2020\/08\/GettyImages-1017339668.jpg","keywords":["Danmark"],"articleSection":["Udtalelse"],"inLanguage":"en-US","potentialAction":[{"@type":"CommentAction","name":"Comment","target":["https:\/\/acefootball.com\/da\/fodboldnyheder\/uefa-planlaegger-em-uden-tilskuere\/#respond"]}]},{"@type":"Person","@id":"https:\/\/acefootball.com\/da\/#\/schema\/person\/ee67e9cf04a276f144100ffa722f10cd","name":"Mads Dreyer","image":{"@type":"ImageObject","@id":"https:\/\/acefootball.com\/da\/#personlogo","inLanguage":"en-US","url":"https:\/\/secure.gravatar.com\/avatar\/7c7abf72cfde9902b6a60efe60c88d4c?s=96&d=mm&r=g","contentUrl":"https:\/\/secure.gravatar.com\/avatar\/7c7abf72cfde9902b6a60efe60c88d4c?s=96&d=mm&r=g","caption":"Mads Dreyer"},"description":"Skribent og fodboldn\u00f8rd, der lige nu fort\u00e6ller om alt og intet i fodboldverdenen p\u00e5 acefootball.com. Uddannet i kommunikation fra Aalborg Universitet.","sameAs":["https:\/\/www.linkedin.com\/in\/mads-dreyer-b9b08266\/"],"url":"https:\/\/acefootball.com\/da\/fodboldnyheder\/author\/mdnronaldo\/"}]}},"fimg_url":"https:\/\/acefootball.com\/da\/wp-content\/uploads\/sites\/2\/2020\/08\/GettyImages-1017339668.jpg","_links":{"self":[{"href":"https:\/\/acefootball.com\/da\/wp-json\/wp\/v2\/posts\/240281"}],"collection":[{"href":"https:\/\/acefootball.com\/da\/wp-json\/wp\/v2\/posts"}],"about":[{"href":"https:\/\/acefootball.com\/da\/wp-json\/wp\/v2\/types\/post"}],"author":[{"embeddable":true,"href":"https:\/\/acefootball.com\/da\/wp-json\/wp\/v2\/users\/705"}],"replies":[{"embeddable":true,"href":"https:\/\/acefootball.com\/da\/wp-json\/wp\/v2\/comments?post=240281"}],"version-history":[{"count":0,"href":"https:\/\/acefootball.com\/da\/wp-json\/wp\/v2\/posts\/240281\/revisions"}],"wp:featuredmedia":[{"embeddable":true,"href":"https:\/\/acefootball.com\/da\/wp-json\/wp\/v2\/media\/234869"}],"wp:attachment":[{"href":"https:\/\/acefootball.com\/da\/wp-json\/wp\/v2\/media?parent=240281"}],"wp:term":[{"taxonomy":"category","embeddable":true,"href":"https:\/\/acefootball.com\/da\/wp-json\/wp\/v2\/categories?post=240281"},{"taxonomy":"post_tag","embeddable":true,"href":"https:\/\/acefootball.com\/da\/wp-json\/wp\/v2\/tags?post=240281"}],"curies":[{"name":"wp","href":"https:\/\/api.w.org\/{rel}","templated":true}]}}