{"id":240136,"date":"2020-10-12T22:55:45","date_gmt":"2020-10-12T20:55:45","guid":{"rendered":"https:\/\/acefootball.com\/da\/?p=240136"},"modified":"2020-10-12T22:55:46","modified_gmt":"2020-10-12T20:55:46","slug":"de-bruyne-traekker-sig-inden-opgoer-mod-island","status":"publish","type":"post","link":"https:\/\/acefootball.com\/da\/fodboldnyheder\/de-bruyne-traekker-sig-inden-opgoer-mod-island\/","title":{"rendered":"De Bruyne tr\u00e6kker sig inden opg\u00f8r mod Island"},"content":{"rendered":"\n<h2 id=\"h-kevin-de-bruyne-har-forladt-den-belgiske-landsholdslejr-da-han-ikke-bliver-klar-til-onsdagens-opg-r-mod-island\">Kevin De Bruyne har forladt den belgiske landsholdslejr, da han ikke bliver klar til onsdagens opg\u00f8r mod Island<\/h2>\n\n\n\n<div class=\"wp-block-si-widget wp-block-si-widget--center\"><si-lb-widget widget-id=\"MatchInfoWithOdds\" data-nopadding=\"true\" data-card=\"true\" width=\"440\" data-event-id=\"3287048\"><\/si-lb-widget><\/div>\n\n\n\n<p>Belgien tabte s\u00f8ndag til England og er derfor en smule presset frem mod onsdagens opg\u00f8r mod bundproppen Island, men de tre point skal i hus uden hj\u00e6lp fra stjernen Kevin De Bruyne.<\/p>\n\n\n\n<p>Manchester City-spilleren udgik i anden halvleg af s\u00f8ndagens kamp, og nu meddeler belgierne, at han ikke bliver klar til onsdag.<\/p>\n\n\n\n<figure class=\"wp-block-embed-twitter wp-block-embed is-type-rich is-provider-twitter\"><div class=\"wp-block-embed__wrapper\">\n<blockquote class=\"twitter-tweet\" data-width=\"550\" data-dnt=\"true\"><p lang=\"en\" dir=\"ltr\">UPDATE: <a href=\"https:\/\/twitter.com\/DeBruyneKev?ref_src=twsrc%5Etfw\">@DeBruyneKev<\/a> returned to his club. He couldn\u2019t be fit enough to play against Iceland.<\/p>&mdash; Belgian Red Devils (@BelRedDevils) <a href=\"https:\/\/twitter.com\/BelRedDevils\/status\/1315735291345473540?ref_src=twsrc%5Etfw\">October 12, 2020<\/a><\/blockquote><script async src=\"https:\/\/platform.twitter.com\/widgets.js\" charset=\"utf-8\"><\/script>\n<\/div><\/figure>\n\n\n\n<p>De Bruyne er derfor vendt tilbage til sin klub til behandling, men han ventes ikke at m\u00e5tte sidde ude i l\u00e6ngere tid. Landstr\u00e6ner Roberto Mart\u00ednez fortalte efter kampen p\u00e5 Wembley, at der ikke var tale om en decideret skade, men blot mindre smerter.<\/p>\n\n\n\n<p>Den belgiske stjerne er dog nu alligevel tvivlsom til Manchester Citys brag p\u00e5 l\u00f8rdag mod Arsenal.<\/p>\n","protected":false},"excerpt":{"rendered":"<p>Kevin De Bruyne har forladt den belgiske landsholdslejr, da han ikke bliver klar til onsdagens opg\u00f8r mod Island<\/p>\n","protected":false},"author":705,"featured_media":235944,"comment_status":"open","ping_status":"closed","sticky":false,"template":"","format":"standard","meta":{"om_disable_all_campaigns":false,"push_articles_ronaldo":{"active":false,"canonical":0,"publish":false},"force_updates":null},"categories":[1],"tags":[1018,1392,1184,44,134],"enet_tags":{"team":["8263","8536","8456"],"player":["169200"],"league":["47"],"sport_events":[3287048]},"yoast_head":"<!-- This site is optimized with the Yoast SEO plugin v18.3 - https:\/\/yoast.com\/wordpress\/plugins\/seo\/ -->\n<title>De Bruyne tr\u00e6kker sig inden opg\u00f8r mod Island<\/title>\n<meta name=\"description\" content=\"Kevin De Bruyne har forladt den belgiske landsholdslejr, da han ikke bliver klar til onsdagens opg\u00f8r mod Island\" \/>\n<meta name=\"robots\" content=\"index, follow, max-snippet:-1, max-image-preview:large, max-video-preview:-1\" \/>\n<link rel=\"canonical\" href=\"https:\/\/acefootball.com\/da\/fodboldnyheder\/de-bruyne-traekker-sig-inden-opgoer-mod-island\/\" \/>\n<meta property=\"og:locale\" content=\"en_US\" \/>\n<meta property=\"og:type\" content=\"article\" \/>\n<meta property=\"og:title\" content=\"De Bruyne tr\u00e6kker sig inden opg\u00f8r mod Island\" \/>\n<meta property=\"og:description\" content=\"Kevin De Bruyne har forladt den belgiske landsholdslejr, da han ikke bliver klar til onsdagens opg\u00f8r mod Island\" \/>\n<meta property=\"og:url\" content=\"https:\/\/acefootball.com\/da\/fodboldnyheder\/de-bruyne-traekker-sig-inden-opgoer-mod-island\/\" \/>\n<meta property=\"og:site_name\" content=\"Ace Football Danmark\" \/>\n<meta property=\"article:publisher\" content=\"https:\/\/www.facebook.com\/acefootballdk\" \/>\n<meta property=\"article:published_time\" content=\"2020-10-12T20:55:45+00:00\" \/>\n<meta property=\"article:modified_time\" content=\"2020-10-12T20:55:46+00:00\" \/>\n<meta property=\"og:image\" content=\"https:\/\/acefootball.com\/da\/wp-content\/uploads\/sites\/2\/2020\/09\/GettyImages-995589452.jpg\" \/>\n\t<meta property=\"og:image:width\" content=\"1024\" \/>\n\t<meta property=\"og:image:height\" content=\"683\" \/>\n\t<meta property=\"og:image:type\" content=\"image\/jpeg\" \/>\n<meta name=\"twitter:card\" content=\"summary_large_image\" \/>\n<meta name=\"twitter:label1\" content=\"Written by\" \/>\n\t<meta name=\"twitter:data1\" content=\"Mads Dreyer\" \/>\n\t<meta name=\"twitter:label2\" content=\"Est. reading time\" \/>\n\t<meta name=\"twitter:data2\" content=\"1 minute\" \/>\n<script type=\"application\/ld+json\" class=\"yoast-schema-graph\">{\"@context\":\"https:\/\/schema.org\",\"@graph\":[{\"@type\":\"Organization\",\"@id\":\"https:\/\/acefootball.com\/da\/#organization\",\"name\":\"Ace Football\",\"url\":\"https:\/\/acefootball.com\/da\/\",\"sameAs\":[\"https:\/\/www.facebook.com\/acefootballdk\"],\"logo\":{\"@type\":\"ImageObject\",\"@id\":\"https:\/\/acefootball.com\/da\/#logo\",\"inLanguage\":\"en-US\",\"url\":\"https:\/\/acefootball.com\/da\/wp-content\/uploads\/sites\/2\/2020\/07\/Ace-Football-30-07-2020-2.png\",\"contentUrl\":\"https:\/\/acefootball.com\/da\/wp-content\/uploads\/sites\/2\/2020\/07\/Ace-Football-30-07-2020-2.png\",\"width\":1200,\"height\":600,\"caption\":\"Ace Football\"},\"image\":{\"@id\":\"https:\/\/acefootball.com\/da\/#logo\"}},{\"@type\":\"WebSite\",\"@id\":\"https:\/\/acefootball.com\/da\/#website\",\"url\":\"https:\/\/acefootball.com\/da\/\",\"name\":\"Ace Football Danmark\",\"description\":\"Nyheder, Spiltips &amp; Livescore\",\"publisher\":{\"@id\":\"https:\/\/acefootball.com\/da\/#organization\"},\"potentialAction\":[{\"@type\":\"SearchAction\",\"target\":{\"@type\":\"EntryPoint\",\"urlTemplate\":\"https:\/\/acefootball.com\/da\/?s={search_term_string}\"},\"query-input\":\"required name=search_term_string\"}],\"inLanguage\":\"en-US\"},{\"@type\":\"ImageObject\",\"@id\":\"https:\/\/acefootball.com\/da\/fodboldnyheder\/de-bruyne-traekker-sig-inden-opgoer-mod-island\/#primaryimage\",\"inLanguage\":\"en-US\",\"url\":\"https:\/\/acefootball.com\/da\/wp-content\/uploads\/sites\/2\/2020\/09\/GettyImages-995589452.jpg\",\"contentUrl\":\"https:\/\/acefootball.com\/da\/wp-content\/uploads\/sites\/2\/2020\/09\/GettyImages-995589452.jpg\",\"width\":1024,\"height\":683,\"caption\":\"SAINT PETERSBURG, RUSSIA - JULY 10: Kevin De Bruyne of Belgium looks dejected following their sides defeat in the 2018 FIFA World Cup Russia Semi Final match between Belgium and France at Saint Petersburg Stadium on July 10, 2018 in Saint Petersburg, Russia. (Photo by Laurence Griffiths\/Getty Images)\"},{\"@type\":\"WebPage\",\"@id\":\"https:\/\/acefootball.com\/da\/fodboldnyheder\/de-bruyne-traekker-sig-inden-opgoer-mod-island\/#webpage\",\"url\":\"https:\/\/acefootball.com\/da\/fodboldnyheder\/de-bruyne-traekker-sig-inden-opgoer-mod-island\/\",\"name\":\"De Bruyne tr\u00e6kker sig inden opg\u00f8r mod Island\",\"isPartOf\":{\"@id\":\"https:\/\/acefootball.com\/da\/#website\"},\"primaryImageOfPage\":{\"@id\":\"https:\/\/acefootball.com\/da\/fodboldnyheder\/de-bruyne-traekker-sig-inden-opgoer-mod-island\/#primaryimage\"},\"datePublished\":\"2020-10-12T20:55:45+00:00\",\"dateModified\":\"2020-10-12T20:55:46+00:00\",\"description\":\"Kevin De Bruyne har forladt den belgiske landsholdslejr, da han ikke bliver klar til onsdagens opg\u00f8r mod Island\",\"breadcrumb\":{\"@id\":\"https:\/\/acefootball.com\/da\/fodboldnyheder\/de-bruyne-traekker-sig-inden-opgoer-mod-island\/#breadcrumb\"},\"inLanguage\":\"en-US\",\"potentialAction\":[{\"@type\":\"ReadAction\",\"target\":[\"https:\/\/acefootball.com\/da\/fodboldnyheder\/de-bruyne-traekker-sig-inden-opgoer-mod-island\/\"]}]},{\"@type\":\"BreadcrumbList\",\"@id\":\"https:\/\/acefootball.com\/da\/fodboldnyheder\/de-bruyne-traekker-sig-inden-opgoer-mod-island\/#breadcrumb\",\"itemListElement\":[{\"@type\":\"ListItem\",\"position\":1,\"name\":\"Home\",\"item\":\"https:\/\/acefootball.com\/da\/\"},{\"@type\":\"ListItem\",\"position\":2,\"name\":\"De Bruyne tr\u00e6kker sig inden opg\u00f8r mod Island\"}]},{\"@type\":\"Article\",\"@id\":\"https:\/\/acefootball.com\/da\/fodboldnyheder\/de-bruyne-traekker-sig-inden-opgoer-mod-island\/#article\",\"isPartOf\":{\"@id\":\"https:\/\/acefootball.com\/da\/fodboldnyheder\/de-bruyne-traekker-sig-inden-opgoer-mod-island\/#webpage\"},\"author\":{\"@id\":\"https:\/\/acefootball.com\/da\/#\/schema\/person\/ee67e9cf04a276f144100ffa722f10cd\"},\"headline\":\"De Bruyne tr\u00e6kker sig inden opg\u00f8r mod Island\",\"datePublished\":\"2020-10-12T20:55:45+00:00\",\"dateModified\":\"2020-10-12T20:55:46+00:00\",\"mainEntityOfPage\":{\"@id\":\"https:\/\/acefootball.com\/da\/fodboldnyheder\/de-bruyne-traekker-sig-inden-opgoer-mod-island\/#webpage\"},\"wordCount\":154,\"commentCount\":0,\"publisher\":{\"@id\":\"https:\/\/acefootball.com\/da\/#organization\"},\"image\":{\"@id\":\"https:\/\/acefootball.com\/da\/fodboldnyheder\/de-bruyne-traekker-sig-inden-opgoer-mod-island\/#primaryimage\"},\"thumbnailUrl\":\"https:\/\/acefootball.com\/da\/wp-content\/uploads\/sites\/2\/2020\/09\/GettyImages-995589452.jpg\",\"keywords\":[\"Belgien\",\"Island\",\"Kevin De Bruyne\",\"Manchester City\",\"Premier League\"],\"articleSection\":[\"Nyhed\"],\"inLanguage\":\"en-US\",\"potentialAction\":[{\"@type\":\"CommentAction\",\"name\":\"Comment\",\"target\":[\"https:\/\/acefootball.com\/da\/fodboldnyheder\/de-bruyne-traekker-sig-inden-opgoer-mod-island\/#respond\"]}]},{\"@type\":\"Person\",\"@id\":\"https:\/\/acefootball.com\/da\/#\/schema\/person\/ee67e9cf04a276f144100ffa722f10cd\",\"name\":\"Mads Dreyer\",\"image\":{\"@type\":\"ImageObject\",\"@id\":\"https:\/\/acefootball.com\/da\/#personlogo\",\"inLanguage\":\"en-US\",\"url\":\"https:\/\/secure.gravatar.com\/avatar\/7c7abf72cfde9902b6a60efe60c88d4c?s=96&d=mm&r=g\",\"contentUrl\":\"https:\/\/secure.gravatar.com\/avatar\/7c7abf72cfde9902b6a60efe60c88d4c?s=96&d=mm&r=g\",\"caption\":\"Mads Dreyer\"},\"description\":\"Skribent og fodboldn\u00f8rd, der lige nu fort\u00e6ller om alt og intet i fodboldverdenen p\u00e5 acefootball.com. Uddannet i kommunikation fra Aalborg Universitet.\",\"sameAs\":[\"https:\/\/www.linkedin.com\/in\/mads-dreyer-b9b08266\/\"],\"url\":\"https:\/\/acefootball.com\/da\/fodboldnyheder\/author\/mdnronaldo\/\"}]}<\/script>\n<!-- \/ Yoast SEO plugin. -->","yoast_head_json":{"title":"De Bruyne tr\u00e6kker sig inden opg\u00f8r mod Island","description":"Kevin De Bruyne har forladt den belgiske landsholdslejr, da han ikke bliver klar til onsdagens opg\u00f8r mod Island","robots":{"index":"index","follow":"follow","max-snippet":"max-snippet:-1","max-image-preview":"max-image-preview:large","max-video-preview":"max-video-preview:-1"},"canonical":"https:\/\/acefootball.com\/da\/fodboldnyheder\/de-bruyne-traekker-sig-inden-opgoer-mod-island\/","og_locale":"en_US","og_type":"article","og_title":"De Bruyne tr\u00e6kker sig inden opg\u00f8r mod Island","og_description":"Kevin De Bruyne har forladt den belgiske landsholdslejr, da han ikke bliver klar til onsdagens opg\u00f8r mod Island","og_url":"https:\/\/acefootball.com\/da\/fodboldnyheder\/de-bruyne-traekker-sig-inden-opgoer-mod-island\/","og_site_name":"Ace Football Danmark","article_publisher":"https:\/\/www.facebook.com\/acefootballdk","article_published_time":"2020-10-12T20:55:45+00:00","article_modified_time":"2020-10-12T20:55:46+00:00","og_image":[{"width":1024,"height":683,"url":"https:\/\/acefootball.com\/da\/wp-content\/uploads\/sites\/2\/2020\/09\/GettyImages-995589452.jpg","type":"image\/jpeg"}],"twitter_card":"summary_large_image","twitter_misc":{"Written by":"Mads Dreyer","Est. reading time":"1 minute"},"schema":{"@context":"https:\/\/schema.org","@graph":[{"@type":"Organization","@id":"https:\/\/acefootball.com\/da\/#organization","name":"Ace Football","url":"https:\/\/acefootball.com\/da\/","sameAs":["https:\/\/www.facebook.com\/acefootballdk"],"logo":{"@type":"ImageObject","@id":"https:\/\/acefootball.com\/da\/#logo","inLanguage":"en-US","url":"https:\/\/acefootball.com\/da\/wp-content\/uploads\/sites\/2\/2020\/07\/Ace-Football-30-07-2020-2.png","contentUrl":"https:\/\/acefootball.com\/da\/wp-content\/uploads\/sites\/2\/2020\/07\/Ace-Football-30-07-2020-2.png","width":1200,"height":600,"caption":"Ace Football"},"image":{"@id":"https:\/\/acefootball.com\/da\/#logo"}},{"@type":"WebSite","@id":"https:\/\/acefootball.com\/da\/#website","url":"https:\/\/acefootball.com\/da\/","name":"Ace Football Danmark","description":"Nyheder, Spiltips &amp; Livescore","publisher":{"@id":"https:\/\/acefootball.com\/da\/#organization"},"potentialAction":[{"@type":"SearchAction","target":{"@type":"EntryPoint","urlTemplate":"https:\/\/acefootball.com\/da\/?s={search_term_string}"},"query-input":"required name=search_term_string"}],"inLanguage":"en-US"},{"@type":"ImageObject","@id":"https:\/\/acefootball.com\/da\/fodboldnyheder\/de-bruyne-traekker-sig-inden-opgoer-mod-island\/#primaryimage","inLanguage":"en-US","url":"https:\/\/acefootball.com\/da\/wp-content\/uploads\/sites\/2\/2020\/09\/GettyImages-995589452.jpg","contentUrl":"https:\/\/acefootball.com\/da\/wp-content\/uploads\/sites\/2\/2020\/09\/GettyImages-995589452.jpg","width":1024,"height":683,"caption":"SAINT PETERSBURG, RUSSIA - JULY 10: Kevin De Bruyne of Belgium looks dejected following their sides defeat in the 2018 FIFA World Cup Russia Semi Final match between Belgium and France at Saint Petersburg Stadium on July 10, 2018 in Saint Petersburg, Russia. (Photo by Laurence Griffiths\/Getty Images)"},{"@type":"WebPage","@id":"https:\/\/acefootball.com\/da\/fodboldnyheder\/de-bruyne-traekker-sig-inden-opgoer-mod-island\/#webpage","url":"https:\/\/acefootball.com\/da\/fodboldnyheder\/de-bruyne-traekker-sig-inden-opgoer-mod-island\/","name":"De Bruyne tr\u00e6kker sig inden opg\u00f8r mod Island","isPartOf":{"@id":"https:\/\/acefootball.com\/da\/#website"},"primaryImageOfPage":{"@id":"https:\/\/acefootball.com\/da\/fodboldnyheder\/de-bruyne-traekker-sig-inden-opgoer-mod-island\/#primaryimage"},"datePublished":"2020-10-12T20:55:45+00:00","dateModified":"2020-10-12T20:55:46+00:00","description":"Kevin De Bruyne har forladt den belgiske landsholdslejr, da han ikke bliver klar til onsdagens opg\u00f8r mod Island","breadcrumb":{"@id":"https:\/\/acefootball.com\/da\/fodboldnyheder\/de-bruyne-traekker-sig-inden-opgoer-mod-island\/#breadcrumb"},"inLanguage":"en-US","potentialAction":[{"@type":"ReadAction","target":["https:\/\/acefootball.com\/da\/fodboldnyheder\/de-bruyne-traekker-sig-inden-opgoer-mod-island\/"]}]},{"@type":"BreadcrumbList","@id":"https:\/\/acefootball.com\/da\/fodboldnyheder\/de-bruyne-traekker-sig-inden-opgoer-mod-island\/#breadcrumb","itemListElement":[{"@type":"ListItem","position":1,"name":"Home","item":"https:\/\/acefootball.com\/da\/"},{"@type":"ListItem","position":2,"name":"De Bruyne tr\u00e6kker sig inden opg\u00f8r mod Island"}]},{"@type":"Article","@id":"https:\/\/acefootball.com\/da\/fodboldnyheder\/de-bruyne-traekker-sig-inden-opgoer-mod-island\/#article","isPartOf":{"@id":"https:\/\/acefootball.com\/da\/fodboldnyheder\/de-bruyne-traekker-sig-inden-opgoer-mod-island\/#webpage"},"author":{"@id":"https:\/\/acefootball.com\/da\/#\/schema\/person\/ee67e9cf04a276f144100ffa722f10cd"},"headline":"De Bruyne tr\u00e6kker sig inden opg\u00f8r mod Island","datePublished":"2020-10-12T20:55:45+00:00","dateModified":"2020-10-12T20:55:46+00:00","mainEntityOfPage":{"@id":"https:\/\/acefootball.com\/da\/fodboldnyheder\/de-bruyne-traekker-sig-inden-opgoer-mod-island\/#webpage"},"wordCount":154,"commentCount":0,"publisher":{"@id":"https:\/\/acefootball.com\/da\/#organization"},"image":{"@id":"https:\/\/acefootball.com\/da\/fodboldnyheder\/de-bruyne-traekker-sig-inden-opgoer-mod-island\/#primaryimage"},"thumbnailUrl":"https:\/\/acefootball.com\/da\/wp-content\/uploads\/sites\/2\/2020\/09\/GettyImages-995589452.jpg","keywords":["Belgien","Island","Kevin De Bruyne","Manchester City","Premier League"],"articleSection":["Nyhed"],"inLanguage":"en-US","potentialAction":[{"@type":"CommentAction","name":"Comment","target":["https:\/\/acefootball.com\/da\/fodboldnyheder\/de-bruyne-traekker-sig-inden-opgoer-mod-island\/#respond"]}]},{"@type":"Person","@id":"https:\/\/acefootball.com\/da\/#\/schema\/person\/ee67e9cf04a276f144100ffa722f10cd","name":"Mads Dreyer","image":{"@type":"ImageObject","@id":"https:\/\/acefootball.com\/da\/#personlogo","inLanguage":"en-US","url":"https:\/\/secure.gravatar.com\/avatar\/7c7abf72cfde9902b6a60efe60c88d4c?s=96&d=mm&r=g","contentUrl":"https:\/\/secure.gravatar.com\/avatar\/7c7abf72cfde9902b6a60efe60c88d4c?s=96&d=mm&r=g","caption":"Mads Dreyer"},"description":"Skribent og fodboldn\u00f8rd, der lige nu fort\u00e6ller om alt og intet i fodboldverdenen p\u00e5 acefootball.com. Uddannet i kommunikation fra Aalborg Universitet.","sameAs":["https:\/\/www.linkedin.com\/in\/mads-dreyer-b9b08266\/"],"url":"https:\/\/acefootball.com\/da\/fodboldnyheder\/author\/mdnronaldo\/"}]}},"fimg_url":"https:\/\/acefootball.com\/da\/wp-content\/uploads\/sites\/2\/2020\/09\/GettyImages-995589452.jpg","_links":{"self":[{"href":"https:\/\/acefootball.com\/da\/wp-json\/wp\/v2\/posts\/240136"}],"collection":[{"href":"https:\/\/acefootball.com\/da\/wp-json\/wp\/v2\/posts"}],"about":[{"href":"https:\/\/acefootball.com\/da\/wp-json\/wp\/v2\/types\/post"}],"author":[{"embeddable":true,"href":"https:\/\/acefootball.com\/da\/wp-json\/wp\/v2\/users\/705"}],"replies":[{"embeddable":true,"href":"https:\/\/acefootball.com\/da\/wp-json\/wp\/v2\/comments?post=240136"}],"version-history":[{"count":0,"href":"https:\/\/acefootball.com\/da\/wp-json\/wp\/v2\/posts\/240136\/revisions"}],"wp:featuredmedia":[{"embeddable":true,"href":"https:\/\/acefootball.com\/da\/wp-json\/wp\/v2\/media\/235944"}],"wp:attachment":[{"href":"https:\/\/acefootball.com\/da\/wp-json\/wp\/v2\/media?parent=240136"}],"wp:term":[{"taxonomy":"category","embeddable":true,"href":"https:\/\/acefootball.com\/da\/wp-json\/wp\/v2\/categories?post=240136"},{"taxonomy":"post_tag","embeddable":true,"href":"https:\/\/acefootball.com\/da\/wp-json\/wp\/v2\/tags?post=240136"}],"curies":[{"name":"wp","href":"https:\/\/api.w.org\/{rel}","templated":true}]}}