{"id":240129,"date":"2020-10-12T21:14:13","date_gmt":"2020-10-12T19:14:13","guid":{"rendered":"https:\/\/acefootball.com\/da\/?p=240129"},"modified":"2020-10-12T21:14:13","modified_gmt":"2020-10-12T19:14:13","slug":"medie-bayern-afviste-attraktiv-byttehandel-med-eriksen","status":"publish","type":"post","link":"https:\/\/acefootball.com\/da\/fodboldnyheder\/medie-bayern-afviste-attraktiv-byttehandel-med-eriksen\/","title":{"rendered":"Medie: Bayern afviste attraktiv byttehandel med Eriksen"},"content":{"rendered":"\n<h2 id=\"h-if-lge-tysk-sky-sport-blev-christian-eriksen-tilbudt-til-bayern-m-nchen-i-bytte-for-forsvarsspilleren-jerome-boateng\">If\u00f8lge tysk Sky Sport blev Christian Eriksen tilbudt til Bayern M\u00fcnchen i bytte for forsvarsspilleren Jerome Boateng<\/h2>\n\n\n\n<p>Flere medier har i sommer beskrevet, hvordan Inter fors\u00f8gte at slippe af med Christian Eriksen, der ikke havde noget prangende f\u00f8rste halve \u00e5r i Serie A-klubben.<\/p>\n\n\n\n<p>Der har senest v\u00e6ret historier om, at Inter har tilbudt den danske landsholdsstjerne til flere tyske klubber, og nu er der dukket endnu en historie op.<\/p>\n\n\n\n<p><a href=\"https:\/\/sport.sky.de\/fussball\/artikel\/fc-bayern-transfer-news-inter-wollte-eriksen-boateng-tauschen\/12102724\/34130\" target=\"_blank\" rel=\"noreferrer noopener\">Tysk Sky Sport<\/a> skriver s\u00e5ledes, at Champions League-mestrene fra Bayern M\u00fcnchen ogs\u00e5 har f\u00e5et buddet, men at man valgte at takke p\u00e6nt nej tak.<\/p>\n\n\n\n<div class=\"wp-block-si-widget wp-block-si-widget--center\"><si-lb-widget widget-id=\"PlayerSeasonStatsSnap\" data-hide-controls=\"false\" width=\"440\" data-player-id=\"157723\"><\/si-lb-widget><\/div>\n\n\n\n<p>If\u00f8lge mediet var det dog et ganske attraktivt tilbud, Inter kom med, da man ville give slip p\u00e5 Eriksen mod at f\u00e5 en aldrende Jerome Boateng den modsatte vej.<\/p>\n\n\n\n<p>Som bekendt lykkedes det ikke at skibe danskeren afsted i det netop overst\u00e5ede transfervindue, og han m\u00e5 nu fors\u00f8ge at spille sig ind i varmen hos Antonio Conte i endnu en halvs\u00e6son.<\/p>\n","protected":false},"excerpt":{"rendered":"<p>If\u00f8lge tysk Sky Sport blev Christian Eriksen tilbudt til Bayern M\u00fcnchen i bytte for forsvarsspilleren Jerome Boateng<\/p>\n","protected":false},"author":705,"featured_media":238330,"comment_status":"open","ping_status":"closed","sticky":false,"template":"","format":"standard","meta":{"om_disable_all_campaigns":false,"push_articles_ronaldo":{"active":false,"canonical":0,"publish":false},"force_updates":null},"categories":[7],"tags":[74,143,478,394,1411,131],"enet_tags":{"team":["9823","8636"],"league":["54","55"],"player":["157723","36183"],"sport_events":[]},"yoast_head":"<!-- This site is optimized with the Yoast SEO plugin v18.3 - https:\/\/yoast.com\/wordpress\/plugins\/seo\/ -->\n<title>Medie: Bayern afviste attraktiv byttehandel med Eriksen<\/title>\n<meta name=\"description\" content=\"If\u00f8lge tysk Sky Sport blev Christian Eriksen tilbudt til Bayern M\u00fcnchen i bytte for forsvarsspilleren Jerome Boateng\" \/>\n<meta name=\"robots\" content=\"index, follow, max-snippet:-1, max-image-preview:large, max-video-preview:-1\" \/>\n<link rel=\"canonical\" href=\"https:\/\/acefootball.com\/da\/fodboldnyheder\/medie-bayern-afviste-attraktiv-byttehandel-med-eriksen\/\" \/>\n<meta property=\"og:locale\" content=\"en_US\" \/>\n<meta property=\"og:type\" content=\"article\" \/>\n<meta property=\"og:title\" content=\"Medie: Bayern afviste attraktiv byttehandel med Eriksen\" \/>\n<meta property=\"og:description\" content=\"If\u00f8lge tysk Sky Sport blev Christian Eriksen tilbudt til Bayern M\u00fcnchen i bytte for forsvarsspilleren Jerome Boateng\" \/>\n<meta property=\"og:url\" content=\"https:\/\/acefootball.com\/da\/fodboldnyheder\/medie-bayern-afviste-attraktiv-byttehandel-med-eriksen\/\" \/>\n<meta property=\"og:site_name\" content=\"Ace Football Danmark\" \/>\n<meta property=\"article:publisher\" content=\"https:\/\/www.facebook.com\/acefootballdk\" \/>\n<meta property=\"article:published_time\" content=\"2020-10-12T19:14:13+00:00\" \/>\n<meta property=\"og:image\" content=\"https:\/\/acefootball.com\/da\/wp-content\/uploads\/sites\/2\/2020\/09\/GettyImages-1228595649.jpg\" \/>\n\t<meta property=\"og:image:width\" content=\"1024\" \/>\n\t<meta property=\"og:image:height\" content=\"696\" \/>\n\t<meta property=\"og:image:type\" content=\"image\/jpeg\" \/>\n<meta name=\"twitter:card\" content=\"summary_large_image\" \/>\n<meta name=\"twitter:label1\" content=\"Written by\" \/>\n\t<meta name=\"twitter:data1\" content=\"Mads Dreyer\" \/>\n\t<meta name=\"twitter:label2\" content=\"Est. reading time\" \/>\n\t<meta name=\"twitter:data2\" content=\"1 minute\" \/>\n<script type=\"application\/ld+json\" class=\"yoast-schema-graph\">{\"@context\":\"https:\/\/schema.org\",\"@graph\":[{\"@type\":\"Organization\",\"@id\":\"https:\/\/acefootball.com\/da\/#organization\",\"name\":\"Ace Football\",\"url\":\"https:\/\/acefootball.com\/da\/\",\"sameAs\":[\"https:\/\/www.facebook.com\/acefootballdk\"],\"logo\":{\"@type\":\"ImageObject\",\"@id\":\"https:\/\/acefootball.com\/da\/#logo\",\"inLanguage\":\"en-US\",\"url\":\"https:\/\/acefootball.com\/da\/wp-content\/uploads\/sites\/2\/2020\/07\/Ace-Football-30-07-2020-2.png\",\"contentUrl\":\"https:\/\/acefootball.com\/da\/wp-content\/uploads\/sites\/2\/2020\/07\/Ace-Football-30-07-2020-2.png\",\"width\":1200,\"height\":600,\"caption\":\"Ace Football\"},\"image\":{\"@id\":\"https:\/\/acefootball.com\/da\/#logo\"}},{\"@type\":\"WebSite\",\"@id\":\"https:\/\/acefootball.com\/da\/#website\",\"url\":\"https:\/\/acefootball.com\/da\/\",\"name\":\"Ace Football Danmark\",\"description\":\"Nyheder, Spiltips &amp; Livescore\",\"publisher\":{\"@id\":\"https:\/\/acefootball.com\/da\/#organization\"},\"potentialAction\":[{\"@type\":\"SearchAction\",\"target\":{\"@type\":\"EntryPoint\",\"urlTemplate\":\"https:\/\/acefootball.com\/da\/?s={search_term_string}\"},\"query-input\":\"required name=search_term_string\"}],\"inLanguage\":\"en-US\"},{\"@type\":\"ImageObject\",\"@id\":\"https:\/\/acefootball.com\/da\/fodboldnyheder\/medie-bayern-afviste-attraktiv-byttehandel-med-eriksen\/#primaryimage\",\"inLanguage\":\"en-US\",\"url\":\"https:\/\/acefootball.com\/da\/wp-content\/uploads\/sites\/2\/2020\/09\/GettyImages-1228595649.jpg\",\"contentUrl\":\"https:\/\/acefootball.com\/da\/wp-content\/uploads\/sites\/2\/2020\/09\/GettyImages-1228595649.jpg\",\"width\":1024,\"height\":696,\"caption\":\"MILAN, ITALY - SEPTEMBER 19: Christian Eriksen of FC Internazionale reacts during the friendly match between FC Internazionale and SC Pisa at Stadio Giuseppe Meazza on September 19, 2020 in Milan, Italy. (Photo by Marco Luzzani\/Getty Images)\"},{\"@type\":\"WebPage\",\"@id\":\"https:\/\/acefootball.com\/da\/fodboldnyheder\/medie-bayern-afviste-attraktiv-byttehandel-med-eriksen\/#webpage\",\"url\":\"https:\/\/acefootball.com\/da\/fodboldnyheder\/medie-bayern-afviste-attraktiv-byttehandel-med-eriksen\/\",\"name\":\"Medie: Bayern afviste attraktiv byttehandel med Eriksen\",\"isPartOf\":{\"@id\":\"https:\/\/acefootball.com\/da\/#website\"},\"primaryImageOfPage\":{\"@id\":\"https:\/\/acefootball.com\/da\/fodboldnyheder\/medie-bayern-afviste-attraktiv-byttehandel-med-eriksen\/#primaryimage\"},\"datePublished\":\"2020-10-12T19:14:13+00:00\",\"dateModified\":\"2020-10-12T19:14:13+00:00\",\"description\":\"If\u00f8lge tysk Sky Sport blev Christian Eriksen tilbudt til Bayern M\u00fcnchen i bytte for forsvarsspilleren Jerome Boateng\",\"breadcrumb\":{\"@id\":\"https:\/\/acefootball.com\/da\/fodboldnyheder\/medie-bayern-afviste-attraktiv-byttehandel-med-eriksen\/#breadcrumb\"},\"inLanguage\":\"en-US\",\"potentialAction\":[{\"@type\":\"ReadAction\",\"target\":[\"https:\/\/acefootball.com\/da\/fodboldnyheder\/medie-bayern-afviste-attraktiv-byttehandel-med-eriksen\/\"]}]},{\"@type\":\"BreadcrumbList\",\"@id\":\"https:\/\/acefootball.com\/da\/fodboldnyheder\/medie-bayern-afviste-attraktiv-byttehandel-med-eriksen\/#breadcrumb\",\"itemListElement\":[{\"@type\":\"ListItem\",\"position\":1,\"name\":\"Home\",\"item\":\"https:\/\/acefootball.com\/da\/\"},{\"@type\":\"ListItem\",\"position\":2,\"name\":\"Medie: Bayern afviste attraktiv byttehandel med Eriksen\"}]},{\"@type\":\"Article\",\"@id\":\"https:\/\/acefootball.com\/da\/fodboldnyheder\/medie-bayern-afviste-attraktiv-byttehandel-med-eriksen\/#article\",\"isPartOf\":{\"@id\":\"https:\/\/acefootball.com\/da\/fodboldnyheder\/medie-bayern-afviste-attraktiv-byttehandel-med-eriksen\/#webpage\"},\"author\":{\"@id\":\"https:\/\/acefootball.com\/da\/#\/schema\/person\/ee67e9cf04a276f144100ffa722f10cd\"},\"headline\":\"Medie: Bayern afviste attraktiv byttehandel med Eriksen\",\"datePublished\":\"2020-10-12T19:14:13+00:00\",\"dateModified\":\"2020-10-12T19:14:13+00:00\",\"mainEntityOfPage\":{\"@id\":\"https:\/\/acefootball.com\/da\/fodboldnyheder\/medie-bayern-afviste-attraktiv-byttehandel-med-eriksen\/#webpage\"},\"wordCount\":174,\"commentCount\":0,\"publisher\":{\"@id\":\"https:\/\/acefootball.com\/da\/#organization\"},\"image\":{\"@id\":\"https:\/\/acefootball.com\/da\/fodboldnyheder\/medie-bayern-afviste-attraktiv-byttehandel-med-eriksen\/#primaryimage\"},\"thumbnailUrl\":\"https:\/\/acefootball.com\/da\/wp-content\/uploads\/sites\/2\/2020\/09\/GettyImages-1228595649.jpg\",\"keywords\":[\"Bayern M\u00fcnchen\",\"Bundesliga\",\"Christian Eriksen\",\"Inter Milan\",\"Jerome Boateng\",\"Serie A\"],\"articleSection\":[\"Transfer\"],\"inLanguage\":\"en-US\",\"potentialAction\":[{\"@type\":\"CommentAction\",\"name\":\"Comment\",\"target\":[\"https:\/\/acefootball.com\/da\/fodboldnyheder\/medie-bayern-afviste-attraktiv-byttehandel-med-eriksen\/#respond\"]}]},{\"@type\":\"Person\",\"@id\":\"https:\/\/acefootball.com\/da\/#\/schema\/person\/ee67e9cf04a276f144100ffa722f10cd\",\"name\":\"Mads Dreyer\",\"image\":{\"@type\":\"ImageObject\",\"@id\":\"https:\/\/acefootball.com\/da\/#personlogo\",\"inLanguage\":\"en-US\",\"url\":\"https:\/\/secure.gravatar.com\/avatar\/7c7abf72cfde9902b6a60efe60c88d4c?s=96&d=mm&r=g\",\"contentUrl\":\"https:\/\/secure.gravatar.com\/avatar\/7c7abf72cfde9902b6a60efe60c88d4c?s=96&d=mm&r=g\",\"caption\":\"Mads Dreyer\"},\"description\":\"Skribent og fodboldn\u00f8rd, der lige nu fort\u00e6ller om alt og intet i fodboldverdenen p\u00e5 acefootball.com. Uddannet i kommunikation fra Aalborg Universitet.\",\"sameAs\":[\"https:\/\/www.linkedin.com\/in\/mads-dreyer-b9b08266\/\"],\"url\":\"https:\/\/acefootball.com\/da\/fodboldnyheder\/author\/mdnronaldo\/\"}]}<\/script>\n<!-- \/ Yoast SEO plugin. -->","yoast_head_json":{"title":"Medie: Bayern afviste attraktiv byttehandel med Eriksen","description":"If\u00f8lge tysk Sky Sport blev Christian Eriksen tilbudt til Bayern M\u00fcnchen i bytte for forsvarsspilleren Jerome Boateng","robots":{"index":"index","follow":"follow","max-snippet":"max-snippet:-1","max-image-preview":"max-image-preview:large","max-video-preview":"max-video-preview:-1"},"canonical":"https:\/\/acefootball.com\/da\/fodboldnyheder\/medie-bayern-afviste-attraktiv-byttehandel-med-eriksen\/","og_locale":"en_US","og_type":"article","og_title":"Medie: Bayern afviste attraktiv byttehandel med Eriksen","og_description":"If\u00f8lge tysk Sky Sport blev Christian Eriksen tilbudt til Bayern M\u00fcnchen i bytte for forsvarsspilleren Jerome Boateng","og_url":"https:\/\/acefootball.com\/da\/fodboldnyheder\/medie-bayern-afviste-attraktiv-byttehandel-med-eriksen\/","og_site_name":"Ace Football Danmark","article_publisher":"https:\/\/www.facebook.com\/acefootballdk","article_published_time":"2020-10-12T19:14:13+00:00","og_image":[{"width":1024,"height":696,"url":"https:\/\/acefootball.com\/da\/wp-content\/uploads\/sites\/2\/2020\/09\/GettyImages-1228595649.jpg","type":"image\/jpeg"}],"twitter_card":"summary_large_image","twitter_misc":{"Written by":"Mads Dreyer","Est. reading time":"1 minute"},"schema":{"@context":"https:\/\/schema.org","@graph":[{"@type":"Organization","@id":"https:\/\/acefootball.com\/da\/#organization","name":"Ace Football","url":"https:\/\/acefootball.com\/da\/","sameAs":["https:\/\/www.facebook.com\/acefootballdk"],"logo":{"@type":"ImageObject","@id":"https:\/\/acefootball.com\/da\/#logo","inLanguage":"en-US","url":"https:\/\/acefootball.com\/da\/wp-content\/uploads\/sites\/2\/2020\/07\/Ace-Football-30-07-2020-2.png","contentUrl":"https:\/\/acefootball.com\/da\/wp-content\/uploads\/sites\/2\/2020\/07\/Ace-Football-30-07-2020-2.png","width":1200,"height":600,"caption":"Ace Football"},"image":{"@id":"https:\/\/acefootball.com\/da\/#logo"}},{"@type":"WebSite","@id":"https:\/\/acefootball.com\/da\/#website","url":"https:\/\/acefootball.com\/da\/","name":"Ace Football Danmark","description":"Nyheder, Spiltips &amp; Livescore","publisher":{"@id":"https:\/\/acefootball.com\/da\/#organization"},"potentialAction":[{"@type":"SearchAction","target":{"@type":"EntryPoint","urlTemplate":"https:\/\/acefootball.com\/da\/?s={search_term_string}"},"query-input":"required name=search_term_string"}],"inLanguage":"en-US"},{"@type":"ImageObject","@id":"https:\/\/acefootball.com\/da\/fodboldnyheder\/medie-bayern-afviste-attraktiv-byttehandel-med-eriksen\/#primaryimage","inLanguage":"en-US","url":"https:\/\/acefootball.com\/da\/wp-content\/uploads\/sites\/2\/2020\/09\/GettyImages-1228595649.jpg","contentUrl":"https:\/\/acefootball.com\/da\/wp-content\/uploads\/sites\/2\/2020\/09\/GettyImages-1228595649.jpg","width":1024,"height":696,"caption":"MILAN, ITALY - SEPTEMBER 19: Christian Eriksen of FC Internazionale reacts during the friendly match between FC Internazionale and SC Pisa at Stadio Giuseppe Meazza on September 19, 2020 in Milan, Italy. (Photo by Marco Luzzani\/Getty Images)"},{"@type":"WebPage","@id":"https:\/\/acefootball.com\/da\/fodboldnyheder\/medie-bayern-afviste-attraktiv-byttehandel-med-eriksen\/#webpage","url":"https:\/\/acefootball.com\/da\/fodboldnyheder\/medie-bayern-afviste-attraktiv-byttehandel-med-eriksen\/","name":"Medie: Bayern afviste attraktiv byttehandel med Eriksen","isPartOf":{"@id":"https:\/\/acefootball.com\/da\/#website"},"primaryImageOfPage":{"@id":"https:\/\/acefootball.com\/da\/fodboldnyheder\/medie-bayern-afviste-attraktiv-byttehandel-med-eriksen\/#primaryimage"},"datePublished":"2020-10-12T19:14:13+00:00","dateModified":"2020-10-12T19:14:13+00:00","description":"If\u00f8lge tysk Sky Sport blev Christian Eriksen tilbudt til Bayern M\u00fcnchen i bytte for forsvarsspilleren Jerome Boateng","breadcrumb":{"@id":"https:\/\/acefootball.com\/da\/fodboldnyheder\/medie-bayern-afviste-attraktiv-byttehandel-med-eriksen\/#breadcrumb"},"inLanguage":"en-US","potentialAction":[{"@type":"ReadAction","target":["https:\/\/acefootball.com\/da\/fodboldnyheder\/medie-bayern-afviste-attraktiv-byttehandel-med-eriksen\/"]}]},{"@type":"BreadcrumbList","@id":"https:\/\/acefootball.com\/da\/fodboldnyheder\/medie-bayern-afviste-attraktiv-byttehandel-med-eriksen\/#breadcrumb","itemListElement":[{"@type":"ListItem","position":1,"name":"Home","item":"https:\/\/acefootball.com\/da\/"},{"@type":"ListItem","position":2,"name":"Medie: Bayern afviste attraktiv byttehandel med Eriksen"}]},{"@type":"Article","@id":"https:\/\/acefootball.com\/da\/fodboldnyheder\/medie-bayern-afviste-attraktiv-byttehandel-med-eriksen\/#article","isPartOf":{"@id":"https:\/\/acefootball.com\/da\/fodboldnyheder\/medie-bayern-afviste-attraktiv-byttehandel-med-eriksen\/#webpage"},"author":{"@id":"https:\/\/acefootball.com\/da\/#\/schema\/person\/ee67e9cf04a276f144100ffa722f10cd"},"headline":"Medie: Bayern afviste attraktiv byttehandel med Eriksen","datePublished":"2020-10-12T19:14:13+00:00","dateModified":"2020-10-12T19:14:13+00:00","mainEntityOfPage":{"@id":"https:\/\/acefootball.com\/da\/fodboldnyheder\/medie-bayern-afviste-attraktiv-byttehandel-med-eriksen\/#webpage"},"wordCount":174,"commentCount":0,"publisher":{"@id":"https:\/\/acefootball.com\/da\/#organization"},"image":{"@id":"https:\/\/acefootball.com\/da\/fodboldnyheder\/medie-bayern-afviste-attraktiv-byttehandel-med-eriksen\/#primaryimage"},"thumbnailUrl":"https:\/\/acefootball.com\/da\/wp-content\/uploads\/sites\/2\/2020\/09\/GettyImages-1228595649.jpg","keywords":["Bayern M\u00fcnchen","Bundesliga","Christian Eriksen","Inter Milan","Jerome Boateng","Serie A"],"articleSection":["Transfer"],"inLanguage":"en-US","potentialAction":[{"@type":"CommentAction","name":"Comment","target":["https:\/\/acefootball.com\/da\/fodboldnyheder\/medie-bayern-afviste-attraktiv-byttehandel-med-eriksen\/#respond"]}]},{"@type":"Person","@id":"https:\/\/acefootball.com\/da\/#\/schema\/person\/ee67e9cf04a276f144100ffa722f10cd","name":"Mads Dreyer","image":{"@type":"ImageObject","@id":"https:\/\/acefootball.com\/da\/#personlogo","inLanguage":"en-US","url":"https:\/\/secure.gravatar.com\/avatar\/7c7abf72cfde9902b6a60efe60c88d4c?s=96&d=mm&r=g","contentUrl":"https:\/\/secure.gravatar.com\/avatar\/7c7abf72cfde9902b6a60efe60c88d4c?s=96&d=mm&r=g","caption":"Mads Dreyer"},"description":"Skribent og fodboldn\u00f8rd, der lige nu fort\u00e6ller om alt og intet i fodboldverdenen p\u00e5 acefootball.com. Uddannet i kommunikation fra Aalborg Universitet.","sameAs":["https:\/\/www.linkedin.com\/in\/mads-dreyer-b9b08266\/"],"url":"https:\/\/acefootball.com\/da\/fodboldnyheder\/author\/mdnronaldo\/"}]}},"fimg_url":"https:\/\/acefootball.com\/da\/wp-content\/uploads\/sites\/2\/2020\/09\/GettyImages-1228595649.jpg","_links":{"self":[{"href":"https:\/\/acefootball.com\/da\/wp-json\/wp\/v2\/posts\/240129"}],"collection":[{"href":"https:\/\/acefootball.com\/da\/wp-json\/wp\/v2\/posts"}],"about":[{"href":"https:\/\/acefootball.com\/da\/wp-json\/wp\/v2\/types\/post"}],"author":[{"embeddable":true,"href":"https:\/\/acefootball.com\/da\/wp-json\/wp\/v2\/users\/705"}],"replies":[{"embeddable":true,"href":"https:\/\/acefootball.com\/da\/wp-json\/wp\/v2\/comments?post=240129"}],"version-history":[{"count":0,"href":"https:\/\/acefootball.com\/da\/wp-json\/wp\/v2\/posts\/240129\/revisions"}],"wp:featuredmedia":[{"embeddable":true,"href":"https:\/\/acefootball.com\/da\/wp-json\/wp\/v2\/media\/238330"}],"wp:attachment":[{"href":"https:\/\/acefootball.com\/da\/wp-json\/wp\/v2\/media?parent=240129"}],"wp:term":[{"taxonomy":"category","embeddable":true,"href":"https:\/\/acefootball.com\/da\/wp-json\/wp\/v2\/categories?post=240129"},{"taxonomy":"post_tag","embeddable":true,"href":"https:\/\/acefootball.com\/da\/wp-json\/wp\/v2\/tags?post=240129"}],"curies":[{"name":"wp","href":"https:\/\/api.w.org\/{rel}","templated":true}]}}