{"id":240122,"date":"2020-10-12T18:52:17","date_gmt":"2020-10-12T16:52:17","guid":{"rendered":"https:\/\/acefootball.com\/da\/?p=240122"},"modified":"2020-10-12T18:52:18","modified_gmt":"2020-10-12T16:52:18","slug":"avis-saa-meget-koster-staale-fyring-fc-koebenhavn","status":"publish","type":"post","link":"https:\/\/acefootball.com\/da\/fodboldnyheder\/avis-saa-meget-koster-staale-fyring-fc-koebenhavn\/","title":{"rendered":"Avis: S\u00e5 meget koster St\u00e5le-fyring FC K\u00f8benhavn"},"content":{"rendered":"\n<h2 id=\"h-st-le-solbakken-har-endnu-ikke-udtalt-sig-siden-fyringen-i-fc-k-benhavn-og-det-er-der-en-god-grund-til\">St\u00e5le Solbakken har endnu ikke udtalt sig siden fyringen i FC K\u00f8benhavn, og det er der en god grund til<\/h2>\n\n\n\n<p>L\u00f8rdag smed FC K\u00f8benhavn en bombe med fyringen af St\u00e5le Solbakken, hvilket kom bag p\u00e5 det meste af fodbold-Danmark.<\/p>\n\n\n\n<p>Og det kom formentlig ogs\u00e5 bag p\u00e5 Solbakken selv, da der endnu ikke er kommet en offentlig reaktion fra den fyrede nordmand.<\/p>\n\n\n\n<p>Det er der da ogs\u00e5 en god grund til, da FC K\u00f8benhavn-koryf\u00e6et fortsat er ved at komme sig over nedturen. Det fort\u00e6ller han i en sms til <a href=\"https:\/\/ekstrabladet.dk\/sport\/fodbold\/dansk_fodbold\/superligaen\/fc_koebenhavn\/har-du-undret-dig-derfor-er-staale-helt-tavs\/8325284\" target=\"_blank\" rel=\"noreferrer noopener\">Ekstra Bladet<\/a>.<\/p>\n\n\n\n<p>&#8220;Der g\u00e5r et stykke tid, f\u00f8r jeg udtaler mig. Jeg har brug for at sunde mig,&#8221; skriver Solbakken.<\/p>\n\n\n\n<figure class=\"wp-block-embed-wordpress wp-block-embed is-type-wp-embed is-provider-ace-football-danmark\"><div class=\"wp-block-embed__wrapper\">\n<blockquote class=\"wp-embedded-content\" data-secret=\"UzIiljBBq9\"><a href=\"https:\/\/acefootball.com\/da\/fodboldnyheder\/bookmaker-er-ikke-i-tvivl-her-er-favoritterne-til-at-blive-ny-fck-traener\/\">Bookmaker er ikke i tvivl: Her er favoritterne til at blive ny FCK-tr\u00e6ner<\/a><\/blockquote><iframe class=\"wp-embedded-content\" sandbox=\"allow-scripts\" security=\"restricted\" style=\"position: absolute; clip: rect(1px, 1px, 1px, 1px);\" title=\"&#8220;Bookmaker er ikke i tvivl: Her er favoritterne til at blive ny FCK-tr\u00e6ner&#8221; &#8212; Ace Football Danmark\" src=\"https:\/\/acefootball.com\/da\/fodboldnyheder\/bookmaker-er-ikke-i-tvivl-her-er-favoritterne-til-at-blive-ny-fck-traener\/embed\/#?secret=UzIiljBBq9\" data-secret=\"UzIiljBBq9\" width=\"600\" height=\"338\" frameborder=\"0\" marginwidth=\"0\" marginheight=\"0\" scrolling=\"no\"><\/iframe>\n<\/div><\/figure>\n\n\n\n<p>Avisen peger dog ogs\u00e5 p\u00e5, at den ottedobbelte Superliga-mester har t\u00e6nkt sig at vente til, den \u00f8konomiske del af fyringen er p\u00e5 plads, f\u00f8r der kommer en officiel udmelding.<\/p>\n\n\n\n<p>Da kontrakten f\u00f8rst stod til udl\u00f8b om knap tre \u00e5r &#8211; og til en \u00e5rsl\u00f8n p\u00e5 10 millioner kroner &#8211; betyder det, at FC K\u00f8benhavn formentlig m\u00e5 hoste op med 27 millioner som kompensation.<\/p>\n\n\n\n<p>Bel\u00f8bet kan dog blive nedsat, hvis Solbakken finder et nyt job inden FCK-aftalens oprindelige udl\u00f8b.<\/p>\n","protected":false},"excerpt":{"rendered":"<p>St\u00e5le Solbakken har endnu ikke udtalt sig siden fyringen i FC K\u00f8benhavn, og det er der en god grund til<\/p>\n","protected":false},"author":705,"featured_media":234070,"comment_status":"open","ping_status":"closed","sticky":false,"template":"","format":"standard","meta":{"om_disable_all_campaigns":false,"push_articles_ronaldo":{"active":false,"canonical":0,"publish":false},"force_updates":null},"categories":[1],"tags":[16,182,588],"enet_tags":{"team":["8391"],"player":["78638"],"league":["46"],"sport_events":[]},"yoast_head":"<!-- This site is optimized with the Yoast SEO plugin v18.3 - https:\/\/yoast.com\/wordpress\/plugins\/seo\/ -->\n<title>Avis: S\u00e5 meget koster St\u00e5le-fyring FC K\u00f8benhavn<\/title>\n<meta name=\"description\" content=\"St\u00e5le Solbakken har endnu ikke udtalt sig siden fyringen i FC K\u00f8benhavn, og det er der en god grund til\" \/>\n<meta name=\"robots\" content=\"index, follow, max-snippet:-1, max-image-preview:large, max-video-preview:-1\" \/>\n<link rel=\"canonical\" href=\"https:\/\/acefootball.com\/da\/fodboldnyheder\/avis-saa-meget-koster-staale-fyring-fc-koebenhavn\/\" \/>\n<meta property=\"og:locale\" content=\"en_US\" \/>\n<meta property=\"og:type\" content=\"article\" \/>\n<meta property=\"og:title\" content=\"Avis: S\u00e5 meget koster St\u00e5le-fyring FC K\u00f8benhavn\" \/>\n<meta property=\"og:description\" content=\"St\u00e5le Solbakken har endnu ikke udtalt sig siden fyringen i FC K\u00f8benhavn, og det er der en god grund til\" \/>\n<meta property=\"og:url\" content=\"https:\/\/acefootball.com\/da\/fodboldnyheder\/avis-saa-meget-koster-staale-fyring-fc-koebenhavn\/\" \/>\n<meta property=\"og:site_name\" content=\"Ace Football Danmark\" \/>\n<meta property=\"article:publisher\" content=\"https:\/\/www.facebook.com\/acefootballdk\" \/>\n<meta property=\"article:published_time\" content=\"2020-10-12T16:52:17+00:00\" \/>\n<meta property=\"article:modified_time\" content=\"2020-10-12T16:52:18+00:00\" \/>\n<meta property=\"og:image\" content=\"https:\/\/acefootball.com\/da\/wp-content\/uploads\/sites\/2\/2020\/08\/GettyImages-1227694937.jpg\" \/>\n\t<meta property=\"og:image:width\" content=\"1024\" \/>\n\t<meta property=\"og:image:height\" content=\"714\" \/>\n\t<meta property=\"og:image:type\" content=\"image\/jpeg\" \/>\n<meta name=\"twitter:card\" content=\"summary_large_image\" \/>\n<meta name=\"twitter:label1\" content=\"Written by\" \/>\n\t<meta name=\"twitter:data1\" content=\"Mads Dreyer\" \/>\n\t<meta name=\"twitter:label2\" content=\"Est. reading time\" \/>\n\t<meta name=\"twitter:data2\" content=\"1 minute\" \/>\n<script type=\"application\/ld+json\" class=\"yoast-schema-graph\">{\"@context\":\"https:\/\/schema.org\",\"@graph\":[{\"@type\":\"Organization\",\"@id\":\"https:\/\/acefootball.com\/da\/#organization\",\"name\":\"Ace Football\",\"url\":\"https:\/\/acefootball.com\/da\/\",\"sameAs\":[\"https:\/\/www.facebook.com\/acefootballdk\"],\"logo\":{\"@type\":\"ImageObject\",\"@id\":\"https:\/\/acefootball.com\/da\/#logo\",\"inLanguage\":\"en-US\",\"url\":\"https:\/\/acefootball.com\/da\/wp-content\/uploads\/sites\/2\/2020\/07\/Ace-Football-30-07-2020-2.png\",\"contentUrl\":\"https:\/\/acefootball.com\/da\/wp-content\/uploads\/sites\/2\/2020\/07\/Ace-Football-30-07-2020-2.png\",\"width\":1200,\"height\":600,\"caption\":\"Ace Football\"},\"image\":{\"@id\":\"https:\/\/acefootball.com\/da\/#logo\"}},{\"@type\":\"WebSite\",\"@id\":\"https:\/\/acefootball.com\/da\/#website\",\"url\":\"https:\/\/acefootball.com\/da\/\",\"name\":\"Ace Football Danmark\",\"description\":\"Nyheder, Spiltips &amp; Livescore\",\"publisher\":{\"@id\":\"https:\/\/acefootball.com\/da\/#organization\"},\"potentialAction\":[{\"@type\":\"SearchAction\",\"target\":{\"@type\":\"EntryPoint\",\"urlTemplate\":\"https:\/\/acefootball.com\/da\/?s={search_term_string}\"},\"query-input\":\"required name=search_term_string\"}],\"inLanguage\":\"en-US\"},{\"@type\":\"ImageObject\",\"@id\":\"https:\/\/acefootball.com\/da\/fodboldnyheder\/avis-saa-meget-koster-staale-fyring-fc-koebenhavn\/#primaryimage\",\"inLanguage\":\"en-US\",\"url\":\"https:\/\/acefootball.com\/da\/wp-content\/uploads\/sites\/2\/2020\/08\/GettyImages-1227694937.jpg\",\"contentUrl\":\"https:\/\/acefootball.com\/da\/wp-content\/uploads\/sites\/2\/2020\/08\/GettyImages-1227694937.jpg\",\"width\":1024,\"height\":714,\"caption\":\"COPENHAGEN, DENMARK - JULY 19: Stale Solbakken, head coach of FC Copenhagen leaving the pitch dejected after the Danish 3F Superliga match between FC Copenhagen and AGF Aarhus at Telia Parken on July 19, 2020 in Copenhagen, Denmark. (Photo by Lars Ronbog \/ FrontZoneSport via Getty Images)\"},{\"@type\":\"WebPage\",\"@id\":\"https:\/\/acefootball.com\/da\/fodboldnyheder\/avis-saa-meget-koster-staale-fyring-fc-koebenhavn\/#webpage\",\"url\":\"https:\/\/acefootball.com\/da\/fodboldnyheder\/avis-saa-meget-koster-staale-fyring-fc-koebenhavn\/\",\"name\":\"Avis: S\u00e5 meget koster St\u00e5le-fyring FC K\u00f8benhavn\",\"isPartOf\":{\"@id\":\"https:\/\/acefootball.com\/da\/#website\"},\"primaryImageOfPage\":{\"@id\":\"https:\/\/acefootball.com\/da\/fodboldnyheder\/avis-saa-meget-koster-staale-fyring-fc-koebenhavn\/#primaryimage\"},\"datePublished\":\"2020-10-12T16:52:17+00:00\",\"dateModified\":\"2020-10-12T16:52:18+00:00\",\"description\":\"St\u00e5le Solbakken har endnu ikke udtalt sig siden fyringen i FC K\u00f8benhavn, og det er der en god grund til\",\"breadcrumb\":{\"@id\":\"https:\/\/acefootball.com\/da\/fodboldnyheder\/avis-saa-meget-koster-staale-fyring-fc-koebenhavn\/#breadcrumb\"},\"inLanguage\":\"en-US\",\"potentialAction\":[{\"@type\":\"ReadAction\",\"target\":[\"https:\/\/acefootball.com\/da\/fodboldnyheder\/avis-saa-meget-koster-staale-fyring-fc-koebenhavn\/\"]}]},{\"@type\":\"BreadcrumbList\",\"@id\":\"https:\/\/acefootball.com\/da\/fodboldnyheder\/avis-saa-meget-koster-staale-fyring-fc-koebenhavn\/#breadcrumb\",\"itemListElement\":[{\"@type\":\"ListItem\",\"position\":1,\"name\":\"Home\",\"item\":\"https:\/\/acefootball.com\/da\/\"},{\"@type\":\"ListItem\",\"position\":2,\"name\":\"Avis: S\u00e5 meget koster St\u00e5le-fyring FC K\u00f8benhavn\"}]},{\"@type\":\"Article\",\"@id\":\"https:\/\/acefootball.com\/da\/fodboldnyheder\/avis-saa-meget-koster-staale-fyring-fc-koebenhavn\/#article\",\"isPartOf\":{\"@id\":\"https:\/\/acefootball.com\/da\/fodboldnyheder\/avis-saa-meget-koster-staale-fyring-fc-koebenhavn\/#webpage\"},\"author\":{\"@id\":\"https:\/\/acefootball.com\/da\/#\/schema\/person\/ee67e9cf04a276f144100ffa722f10cd\"},\"headline\":\"Avis: S\u00e5 meget koster St\u00e5le-fyring FC K\u00f8benhavn\",\"datePublished\":\"2020-10-12T16:52:17+00:00\",\"dateModified\":\"2020-10-12T16:52:18+00:00\",\"mainEntityOfPage\":{\"@id\":\"https:\/\/acefootball.com\/da\/fodboldnyheder\/avis-saa-meget-koster-staale-fyring-fc-koebenhavn\/#webpage\"},\"wordCount\":217,\"commentCount\":0,\"publisher\":{\"@id\":\"https:\/\/acefootball.com\/da\/#organization\"},\"image\":{\"@id\":\"https:\/\/acefootball.com\/da\/fodboldnyheder\/avis-saa-meget-koster-staale-fyring-fc-koebenhavn\/#primaryimage\"},\"thumbnailUrl\":\"https:\/\/acefootball.com\/da\/wp-content\/uploads\/sites\/2\/2020\/08\/GettyImages-1227694937.jpg\",\"keywords\":[\"FC K\u00f8benhavn\",\"St\u00e5le Solbakken\",\"Superligaen\"],\"articleSection\":[\"Nyhed\"],\"inLanguage\":\"en-US\",\"potentialAction\":[{\"@type\":\"CommentAction\",\"name\":\"Comment\",\"target\":[\"https:\/\/acefootball.com\/da\/fodboldnyheder\/avis-saa-meget-koster-staale-fyring-fc-koebenhavn\/#respond\"]}]},{\"@type\":\"Person\",\"@id\":\"https:\/\/acefootball.com\/da\/#\/schema\/person\/ee67e9cf04a276f144100ffa722f10cd\",\"name\":\"Mads Dreyer\",\"image\":{\"@type\":\"ImageObject\",\"@id\":\"https:\/\/acefootball.com\/da\/#personlogo\",\"inLanguage\":\"en-US\",\"url\":\"https:\/\/secure.gravatar.com\/avatar\/7c7abf72cfde9902b6a60efe60c88d4c?s=96&d=mm&r=g\",\"contentUrl\":\"https:\/\/secure.gravatar.com\/avatar\/7c7abf72cfde9902b6a60efe60c88d4c?s=96&d=mm&r=g\",\"caption\":\"Mads Dreyer\"},\"description\":\"Skribent og fodboldn\u00f8rd, der lige nu fort\u00e6ller om alt og intet i fodboldverdenen p\u00e5 acefootball.com. Uddannet i kommunikation fra Aalborg Universitet.\",\"sameAs\":[\"https:\/\/www.linkedin.com\/in\/mads-dreyer-b9b08266\/\"],\"url\":\"https:\/\/acefootball.com\/da\/fodboldnyheder\/author\/mdnronaldo\/\"}]}<\/script>\n<!-- \/ Yoast SEO plugin. -->","yoast_head_json":{"title":"Avis: S\u00e5 meget koster St\u00e5le-fyring FC K\u00f8benhavn","description":"St\u00e5le Solbakken har endnu ikke udtalt sig siden fyringen i FC K\u00f8benhavn, og det er der en god grund til","robots":{"index":"index","follow":"follow","max-snippet":"max-snippet:-1","max-image-preview":"max-image-preview:large","max-video-preview":"max-video-preview:-1"},"canonical":"https:\/\/acefootball.com\/da\/fodboldnyheder\/avis-saa-meget-koster-staale-fyring-fc-koebenhavn\/","og_locale":"en_US","og_type":"article","og_title":"Avis: S\u00e5 meget koster St\u00e5le-fyring FC K\u00f8benhavn","og_description":"St\u00e5le Solbakken har endnu ikke udtalt sig siden fyringen i FC K\u00f8benhavn, og det er der en god grund til","og_url":"https:\/\/acefootball.com\/da\/fodboldnyheder\/avis-saa-meget-koster-staale-fyring-fc-koebenhavn\/","og_site_name":"Ace Football Danmark","article_publisher":"https:\/\/www.facebook.com\/acefootballdk","article_published_time":"2020-10-12T16:52:17+00:00","article_modified_time":"2020-10-12T16:52:18+00:00","og_image":[{"width":1024,"height":714,"url":"https:\/\/acefootball.com\/da\/wp-content\/uploads\/sites\/2\/2020\/08\/GettyImages-1227694937.jpg","type":"image\/jpeg"}],"twitter_card":"summary_large_image","twitter_misc":{"Written by":"Mads Dreyer","Est. reading time":"1 minute"},"schema":{"@context":"https:\/\/schema.org","@graph":[{"@type":"Organization","@id":"https:\/\/acefootball.com\/da\/#organization","name":"Ace Football","url":"https:\/\/acefootball.com\/da\/","sameAs":["https:\/\/www.facebook.com\/acefootballdk"],"logo":{"@type":"ImageObject","@id":"https:\/\/acefootball.com\/da\/#logo","inLanguage":"en-US","url":"https:\/\/acefootball.com\/da\/wp-content\/uploads\/sites\/2\/2020\/07\/Ace-Football-30-07-2020-2.png","contentUrl":"https:\/\/acefootball.com\/da\/wp-content\/uploads\/sites\/2\/2020\/07\/Ace-Football-30-07-2020-2.png","width":1200,"height":600,"caption":"Ace Football"},"image":{"@id":"https:\/\/acefootball.com\/da\/#logo"}},{"@type":"WebSite","@id":"https:\/\/acefootball.com\/da\/#website","url":"https:\/\/acefootball.com\/da\/","name":"Ace Football Danmark","description":"Nyheder, Spiltips &amp; Livescore","publisher":{"@id":"https:\/\/acefootball.com\/da\/#organization"},"potentialAction":[{"@type":"SearchAction","target":{"@type":"EntryPoint","urlTemplate":"https:\/\/acefootball.com\/da\/?s={search_term_string}"},"query-input":"required name=search_term_string"}],"inLanguage":"en-US"},{"@type":"ImageObject","@id":"https:\/\/acefootball.com\/da\/fodboldnyheder\/avis-saa-meget-koster-staale-fyring-fc-koebenhavn\/#primaryimage","inLanguage":"en-US","url":"https:\/\/acefootball.com\/da\/wp-content\/uploads\/sites\/2\/2020\/08\/GettyImages-1227694937.jpg","contentUrl":"https:\/\/acefootball.com\/da\/wp-content\/uploads\/sites\/2\/2020\/08\/GettyImages-1227694937.jpg","width":1024,"height":714,"caption":"COPENHAGEN, DENMARK - JULY 19: Stale Solbakken, head coach of FC Copenhagen leaving the pitch dejected after the Danish 3F Superliga match between FC Copenhagen and AGF Aarhus at Telia Parken on July 19, 2020 in Copenhagen, Denmark. (Photo by Lars Ronbog \/ FrontZoneSport via Getty Images)"},{"@type":"WebPage","@id":"https:\/\/acefootball.com\/da\/fodboldnyheder\/avis-saa-meget-koster-staale-fyring-fc-koebenhavn\/#webpage","url":"https:\/\/acefootball.com\/da\/fodboldnyheder\/avis-saa-meget-koster-staale-fyring-fc-koebenhavn\/","name":"Avis: S\u00e5 meget koster St\u00e5le-fyring FC K\u00f8benhavn","isPartOf":{"@id":"https:\/\/acefootball.com\/da\/#website"},"primaryImageOfPage":{"@id":"https:\/\/acefootball.com\/da\/fodboldnyheder\/avis-saa-meget-koster-staale-fyring-fc-koebenhavn\/#primaryimage"},"datePublished":"2020-10-12T16:52:17+00:00","dateModified":"2020-10-12T16:52:18+00:00","description":"St\u00e5le Solbakken har endnu ikke udtalt sig siden fyringen i FC K\u00f8benhavn, og det er der en god grund til","breadcrumb":{"@id":"https:\/\/acefootball.com\/da\/fodboldnyheder\/avis-saa-meget-koster-staale-fyring-fc-koebenhavn\/#breadcrumb"},"inLanguage":"en-US","potentialAction":[{"@type":"ReadAction","target":["https:\/\/acefootball.com\/da\/fodboldnyheder\/avis-saa-meget-koster-staale-fyring-fc-koebenhavn\/"]}]},{"@type":"BreadcrumbList","@id":"https:\/\/acefootball.com\/da\/fodboldnyheder\/avis-saa-meget-koster-staale-fyring-fc-koebenhavn\/#breadcrumb","itemListElement":[{"@type":"ListItem","position":1,"name":"Home","item":"https:\/\/acefootball.com\/da\/"},{"@type":"ListItem","position":2,"name":"Avis: S\u00e5 meget koster St\u00e5le-fyring FC K\u00f8benhavn"}]},{"@type":"Article","@id":"https:\/\/acefootball.com\/da\/fodboldnyheder\/avis-saa-meget-koster-staale-fyring-fc-koebenhavn\/#article","isPartOf":{"@id":"https:\/\/acefootball.com\/da\/fodboldnyheder\/avis-saa-meget-koster-staale-fyring-fc-koebenhavn\/#webpage"},"author":{"@id":"https:\/\/acefootball.com\/da\/#\/schema\/person\/ee67e9cf04a276f144100ffa722f10cd"},"headline":"Avis: S\u00e5 meget koster St\u00e5le-fyring FC K\u00f8benhavn","datePublished":"2020-10-12T16:52:17+00:00","dateModified":"2020-10-12T16:52:18+00:00","mainEntityOfPage":{"@id":"https:\/\/acefootball.com\/da\/fodboldnyheder\/avis-saa-meget-koster-staale-fyring-fc-koebenhavn\/#webpage"},"wordCount":217,"commentCount":0,"publisher":{"@id":"https:\/\/acefootball.com\/da\/#organization"},"image":{"@id":"https:\/\/acefootball.com\/da\/fodboldnyheder\/avis-saa-meget-koster-staale-fyring-fc-koebenhavn\/#primaryimage"},"thumbnailUrl":"https:\/\/acefootball.com\/da\/wp-content\/uploads\/sites\/2\/2020\/08\/GettyImages-1227694937.jpg","keywords":["FC K\u00f8benhavn","St\u00e5le Solbakken","Superligaen"],"articleSection":["Nyhed"],"inLanguage":"en-US","potentialAction":[{"@type":"CommentAction","name":"Comment","target":["https:\/\/acefootball.com\/da\/fodboldnyheder\/avis-saa-meget-koster-staale-fyring-fc-koebenhavn\/#respond"]}]},{"@type":"Person","@id":"https:\/\/acefootball.com\/da\/#\/schema\/person\/ee67e9cf04a276f144100ffa722f10cd","name":"Mads Dreyer","image":{"@type":"ImageObject","@id":"https:\/\/acefootball.com\/da\/#personlogo","inLanguage":"en-US","url":"https:\/\/secure.gravatar.com\/avatar\/7c7abf72cfde9902b6a60efe60c88d4c?s=96&d=mm&r=g","contentUrl":"https:\/\/secure.gravatar.com\/avatar\/7c7abf72cfde9902b6a60efe60c88d4c?s=96&d=mm&r=g","caption":"Mads Dreyer"},"description":"Skribent og fodboldn\u00f8rd, der lige nu fort\u00e6ller om alt og intet i fodboldverdenen p\u00e5 acefootball.com. Uddannet i kommunikation fra Aalborg Universitet.","sameAs":["https:\/\/www.linkedin.com\/in\/mads-dreyer-b9b08266\/"],"url":"https:\/\/acefootball.com\/da\/fodboldnyheder\/author\/mdnronaldo\/"}]}},"fimg_url":"https:\/\/acefootball.com\/da\/wp-content\/uploads\/sites\/2\/2020\/08\/GettyImages-1227694937.jpg","_links":{"self":[{"href":"https:\/\/acefootball.com\/da\/wp-json\/wp\/v2\/posts\/240122"}],"collection":[{"href":"https:\/\/acefootball.com\/da\/wp-json\/wp\/v2\/posts"}],"about":[{"href":"https:\/\/acefootball.com\/da\/wp-json\/wp\/v2\/types\/post"}],"author":[{"embeddable":true,"href":"https:\/\/acefootball.com\/da\/wp-json\/wp\/v2\/users\/705"}],"replies":[{"embeddable":true,"href":"https:\/\/acefootball.com\/da\/wp-json\/wp\/v2\/comments?post=240122"}],"version-history":[{"count":0,"href":"https:\/\/acefootball.com\/da\/wp-json\/wp\/v2\/posts\/240122\/revisions"}],"wp:featuredmedia":[{"embeddable":true,"href":"https:\/\/acefootball.com\/da\/wp-json\/wp\/v2\/media\/234070"}],"wp:attachment":[{"href":"https:\/\/acefootball.com\/da\/wp-json\/wp\/v2\/media?parent=240122"}],"wp:term":[{"taxonomy":"category","embeddable":true,"href":"https:\/\/acefootball.com\/da\/wp-json\/wp\/v2\/categories?post=240122"},{"taxonomy":"post_tag","embeddable":true,"href":"https:\/\/acefootball.com\/da\/wp-json\/wp\/v2\/tags?post=240122"}],"curies":[{"name":"wp","href":"https:\/\/api.w.org\/{rel}","templated":true}]}}