{"id":240098,"date":"2020-10-12T15:59:28","date_gmt":"2020-10-12T13:59:28","guid":{"rendered":"https:\/\/acefootball.com\/da\/?p=240098"},"modified":"2020-10-12T15:59:28","modified_gmt":"2020-10-12T13:59:28","slug":"dortmund-tager-faenomen-med-i-champions-league-kan-blive-yngste-nogensinde","status":"publish","type":"post","link":"https:\/\/acefootball.com\/da\/fodboldnyheder\/dortmund-tager-faenomen-med-i-champions-league-kan-blive-yngste-nogensinde\/","title":{"rendered":"Dortmund tager f\u00e6nomen med i Champions League: Kan blive yngste nogensinde"},"content":{"rendered":"\n<h2 id=\"h-borussia-dortmund-har-planer-om-at-registrere-angrebsf-nomenet-youssoufa-moukoko-til-champions-league-gruppespillet\">Borussia Dortmund har planer om at registrere angrebsf\u00e6nomenet Youssoufa Moukoko til Champions League-gruppespillet<\/h2>\n\n\n\n<p>Lige nu er det Erling H\u00e5land, der tager alle overskrifterne i Borussia Dortmund, men om godt en m\u00e5neds tid kan fokus skifte til en anden af tyskernes store angrebsh\u00e5b.<\/p>\n\n\n\n<p>Klubben g\u00e5r nemlig kun og venter p\u00e5, at kalenderen siger 20. november, s\u00e5 Youssoufa Moukoko fylder 16 \u00e5r og lovligt kan spille g\u00e6ldende kampe for f\u00f8rsteholdet.<\/p>\n\n\n\n<p>Den nu kun 15-\u00e5rige angriber har i flere \u00e5r v\u00e6ret udr\u00e5bt som en kommende superstjerne, og han har da ogs\u00e5 allerede bevist kvaliteterne ved at h\u00f8vle m\u00e5l ind p\u00e5 samleb\u00e5nd p\u00e5 diverse ungdomshold.<\/p>\n\n\n\n<figure class=\"wp-block-embed-twitter wp-block-embed is-type-rich is-provider-twitter\"><div class=\"wp-block-embed__wrapper\">\n<blockquote class=\"twitter-tweet\" data-width=\"550\" data-dnt=\"true\"><p lang=\"en\" dir=\"ltr\">Youssoufa Moukoko<br><br>Age 12<br>U17: 24 goals in 13 games<br><br>Age 13<br>U17: 36 \u26bd\ufe0f in 26<br><br>Age 14<br>U17: 30 \u26bd\ufe0f in 17<br>U19: 18 \u26bd\ufe0f in 11<br><br>Age 15:<br>U19: 16 \u26bd\ufe0f in 9<br><br>Total:<br>U17: 83 \u26bd\ufe0f in 50<br>U19: 34 \u26bd\ufe0f in 20<br>Overall: 117 \u26bd\ufe0f in 70<br><br>Eligible to play in the Bundesliga Nov 20.  <a href=\"https:\/\/t.co\/VItvxGkKAD\">pic.twitter.com\/VItvxGkKAD<\/a><\/p>&mdash; Mahdi (@PrimeSancho) <a href=\"https:\/\/twitter.com\/PrimeSancho\/status\/1314279896622026752?ref_src=twsrc%5Etfw\">October 8, 2020<\/a><\/blockquote><script async src=\"https:\/\/platform.twitter.com\/widgets.js\" charset=\"utf-8\"><\/script>\n<\/div><\/figure>\n\n\n\n<p>Og Dortmund-ledelsen har ikke t\u00e6nkt sig at t\u00f8ve med at hive den tyske U20-landsholdsspiller op blandt stjernerne, n\u00e5r alderen tillader det. Sportsdirekt\u00f8r Michael Zorc har nemlig bekr\u00e6ftet over for Bild, at Moukoko bliver registreret til Champions League-gruppespillet, s\u00e5 snart han fylder 16. Det skriver <a href=\"https:\/\/www.goal.com\/en\/news\/borussia-dortmund-plan-to-register-moukoko-for-champions\/11l1kfvwx6qfr1bvorzzlgev1e\" target=\"_blank\" rel=\"noreferrer noopener\">Goal<\/a>.<\/p>\n\n\n\n<p>Det betyder, at Moukoko har muligheden for at blive den yngste debutant nogensinde i Champions League, hvis han kommer p\u00e5 banen til en af de tre sidste gruppespilskampe.<\/p>\n\n\n\n<p>Allerede fire dage efter sin f\u00f8dselsdag m\u00f8der Dortmund Club Br\u00fcgge p\u00e5 hjemmebane inden de afsluttende opg\u00f8r mod Lazio og Zenit.<\/p>\n\n\n\n<p>Den nuv\u00e6rende rekord tilh\u00f8rer fortsat nigerianske Celestine Babayaro, der i 1994 debuterede for Anderlecht i en alder af 16 \u00e5r og 87 dage.<\/p>\n","protected":false},"excerpt":{"rendered":"<p>Borussia Dortmund har planer om at registrere angrebsf\u00e6nomenet Youssoufa Moukoko til Champions League-gruppespillet<\/p>\n","protected":false},"author":705,"featured_media":234059,"comment_status":"open","ping_status":"closed","sticky":false,"template":"","format":"standard","meta":{"om_disable_all_campaigns":false,"push_articles_ronaldo":{"active":false,"canonical":0,"publish":false},"force_updates":null},"categories":[1],"tags":[142,143,206,7348],"enet_tags":{"team":["9789"],"league":["54","42"],"sport_events":[]},"yoast_head":"<!-- This site is optimized with the Yoast SEO plugin v18.3 - https:\/\/yoast.com\/wordpress\/plugins\/seo\/ -->\n<title>Dortmund tager f\u00e6nomen med i Champions League: Kan blive yngste nogensinde<\/title>\n<meta name=\"description\" content=\"Borussia Dortmund har planer om at registrere angrebsf\u00e6nomenet Youssoufa Moukoko til Champions League-gruppespillet\" \/>\n<meta name=\"robots\" content=\"index, follow, max-snippet:-1, max-image-preview:large, max-video-preview:-1\" \/>\n<link rel=\"canonical\" href=\"https:\/\/acefootball.com\/da\/fodboldnyheder\/dortmund-tager-faenomen-med-i-champions-league-kan-blive-yngste-nogensinde\/\" \/>\n<meta property=\"og:locale\" content=\"en_US\" \/>\n<meta property=\"og:type\" content=\"article\" \/>\n<meta property=\"og:title\" content=\"Dortmund tager f\u00e6nomen med i Champions League: Kan blive yngste nogensinde\" \/>\n<meta property=\"og:description\" content=\"Borussia Dortmund har planer om at registrere angrebsf\u00e6nomenet Youssoufa Moukoko til Champions League-gruppespillet\" \/>\n<meta property=\"og:url\" content=\"https:\/\/acefootball.com\/da\/fodboldnyheder\/dortmund-tager-faenomen-med-i-champions-league-kan-blive-yngste-nogensinde\/\" \/>\n<meta property=\"og:site_name\" content=\"Ace Football Danmark\" \/>\n<meta property=\"article:publisher\" content=\"https:\/\/www.facebook.com\/acefootballdk\" \/>\n<meta property=\"article:published_time\" content=\"2020-10-12T13:59:28+00:00\" \/>\n<meta property=\"og:image\" content=\"https:\/\/acefootball.com\/da\/wp-content\/uploads\/sites\/2\/2020\/08\/GettyImages-1205526019.jpg\" \/>\n\t<meta property=\"og:image:width\" content=\"1024\" \/>\n\t<meta property=\"og:image:height\" content=\"700\" \/>\n\t<meta property=\"og:image:type\" content=\"image\/jpeg\" \/>\n<meta name=\"twitter:card\" content=\"summary_large_image\" \/>\n<meta name=\"twitter:label1\" content=\"Written by\" \/>\n\t<meta name=\"twitter:data1\" content=\"Mads Dreyer\" \/>\n\t<meta name=\"twitter:label2\" content=\"Est. reading time\" \/>\n\t<meta name=\"twitter:data2\" content=\"1 minute\" \/>\n<script type=\"application\/ld+json\" class=\"yoast-schema-graph\">{\"@context\":\"https:\/\/schema.org\",\"@graph\":[{\"@type\":\"Organization\",\"@id\":\"https:\/\/acefootball.com\/da\/#organization\",\"name\":\"Ace Football\",\"url\":\"https:\/\/acefootball.com\/da\/\",\"sameAs\":[\"https:\/\/www.facebook.com\/acefootballdk\"],\"logo\":{\"@type\":\"ImageObject\",\"@id\":\"https:\/\/acefootball.com\/da\/#logo\",\"inLanguage\":\"en-US\",\"url\":\"https:\/\/acefootball.com\/da\/wp-content\/uploads\/sites\/2\/2020\/07\/Ace-Football-30-07-2020-2.png\",\"contentUrl\":\"https:\/\/acefootball.com\/da\/wp-content\/uploads\/sites\/2\/2020\/07\/Ace-Football-30-07-2020-2.png\",\"width\":1200,\"height\":600,\"caption\":\"Ace Football\"},\"image\":{\"@id\":\"https:\/\/acefootball.com\/da\/#logo\"}},{\"@type\":\"WebSite\",\"@id\":\"https:\/\/acefootball.com\/da\/#website\",\"url\":\"https:\/\/acefootball.com\/da\/\",\"name\":\"Ace Football Danmark\",\"description\":\"Nyheder, Spiltips &amp; Livescore\",\"publisher\":{\"@id\":\"https:\/\/acefootball.com\/da\/#organization\"},\"potentialAction\":[{\"@type\":\"SearchAction\",\"target\":{\"@type\":\"EntryPoint\",\"urlTemplate\":\"https:\/\/acefootball.com\/da\/?s={search_term_string}\"},\"query-input\":\"required name=search_term_string\"}],\"inLanguage\":\"en-US\"},{\"@type\":\"ImageObject\",\"@id\":\"https:\/\/acefootball.com\/da\/fodboldnyheder\/dortmund-tager-faenomen-med-i-champions-league-kan-blive-yngste-nogensinde\/#primaryimage\",\"inLanguage\":\"en-US\",\"url\":\"https:\/\/acefootball.com\/da\/wp-content\/uploads\/sites\/2\/2020\/08\/GettyImages-1205526019.jpg\",\"contentUrl\":\"https:\/\/acefootball.com\/da\/wp-content\/uploads\/sites\/2\/2020\/08\/GettyImages-1205526019.jpg\",\"width\":1024,\"height\":700,\"caption\":\"DERBY, ENGLAND - FEBRUARY 11: Youssoufa Moukoko of Borussia Dortmund U19 runs with the ball during the UEFA Youth League match between Derby U19 and Borussia Dortmund U19 at Pride Park on February 11, 2020 in Derby, United Kingdom. (Photo by Gareth Copley\/Getty Images)\"},{\"@type\":\"WebPage\",\"@id\":\"https:\/\/acefootball.com\/da\/fodboldnyheder\/dortmund-tager-faenomen-med-i-champions-league-kan-blive-yngste-nogensinde\/#webpage\",\"url\":\"https:\/\/acefootball.com\/da\/fodboldnyheder\/dortmund-tager-faenomen-med-i-champions-league-kan-blive-yngste-nogensinde\/\",\"name\":\"Dortmund tager f\u00e6nomen med i Champions League: Kan blive yngste nogensinde\",\"isPartOf\":{\"@id\":\"https:\/\/acefootball.com\/da\/#website\"},\"primaryImageOfPage\":{\"@id\":\"https:\/\/acefootball.com\/da\/fodboldnyheder\/dortmund-tager-faenomen-med-i-champions-league-kan-blive-yngste-nogensinde\/#primaryimage\"},\"datePublished\":\"2020-10-12T13:59:28+00:00\",\"dateModified\":\"2020-10-12T13:59:28+00:00\",\"description\":\"Borussia Dortmund har planer om at registrere angrebsf\u00e6nomenet Youssoufa Moukoko til Champions League-gruppespillet\",\"breadcrumb\":{\"@id\":\"https:\/\/acefootball.com\/da\/fodboldnyheder\/dortmund-tager-faenomen-med-i-champions-league-kan-blive-yngste-nogensinde\/#breadcrumb\"},\"inLanguage\":\"en-US\",\"potentialAction\":[{\"@type\":\"ReadAction\",\"target\":[\"https:\/\/acefootball.com\/da\/fodboldnyheder\/dortmund-tager-faenomen-med-i-champions-league-kan-blive-yngste-nogensinde\/\"]}]},{\"@type\":\"BreadcrumbList\",\"@id\":\"https:\/\/acefootball.com\/da\/fodboldnyheder\/dortmund-tager-faenomen-med-i-champions-league-kan-blive-yngste-nogensinde\/#breadcrumb\",\"itemListElement\":[{\"@type\":\"ListItem\",\"position\":1,\"name\":\"Home\",\"item\":\"https:\/\/acefootball.com\/da\/\"},{\"@type\":\"ListItem\",\"position\":2,\"name\":\"Dortmund tager f\u00e6nomen med i Champions League: Kan blive yngste nogensinde\"}]},{\"@type\":\"Article\",\"@id\":\"https:\/\/acefootball.com\/da\/fodboldnyheder\/dortmund-tager-faenomen-med-i-champions-league-kan-blive-yngste-nogensinde\/#article\",\"isPartOf\":{\"@id\":\"https:\/\/acefootball.com\/da\/fodboldnyheder\/dortmund-tager-faenomen-med-i-champions-league-kan-blive-yngste-nogensinde\/#webpage\"},\"author\":{\"@id\":\"https:\/\/acefootball.com\/da\/#\/schema\/person\/ee67e9cf04a276f144100ffa722f10cd\"},\"headline\":\"Dortmund tager f\u00e6nomen med i Champions League: Kan blive yngste nogensinde\",\"datePublished\":\"2020-10-12T13:59:28+00:00\",\"dateModified\":\"2020-10-12T13:59:28+00:00\",\"mainEntityOfPage\":{\"@id\":\"https:\/\/acefootball.com\/da\/fodboldnyheder\/dortmund-tager-faenomen-med-i-champions-league-kan-blive-yngste-nogensinde\/#webpage\"},\"wordCount\":253,\"commentCount\":0,\"publisher\":{\"@id\":\"https:\/\/acefootball.com\/da\/#organization\"},\"image\":{\"@id\":\"https:\/\/acefootball.com\/da\/fodboldnyheder\/dortmund-tager-faenomen-med-i-champions-league-kan-blive-yngste-nogensinde\/#primaryimage\"},\"thumbnailUrl\":\"https:\/\/acefootball.com\/da\/wp-content\/uploads\/sites\/2\/2020\/08\/GettyImages-1205526019.jpg\",\"keywords\":[\"Borussia Dortmund\",\"Bundesliga\",\"Champions League\",\"Youssoufa Moukoko\"],\"articleSection\":[\"Nyhed\"],\"inLanguage\":\"en-US\",\"potentialAction\":[{\"@type\":\"CommentAction\",\"name\":\"Comment\",\"target\":[\"https:\/\/acefootball.com\/da\/fodboldnyheder\/dortmund-tager-faenomen-med-i-champions-league-kan-blive-yngste-nogensinde\/#respond\"]}]},{\"@type\":\"Person\",\"@id\":\"https:\/\/acefootball.com\/da\/#\/schema\/person\/ee67e9cf04a276f144100ffa722f10cd\",\"name\":\"Mads Dreyer\",\"image\":{\"@type\":\"ImageObject\",\"@id\":\"https:\/\/acefootball.com\/da\/#personlogo\",\"inLanguage\":\"en-US\",\"url\":\"https:\/\/secure.gravatar.com\/avatar\/7c7abf72cfde9902b6a60efe60c88d4c?s=96&d=mm&r=g\",\"contentUrl\":\"https:\/\/secure.gravatar.com\/avatar\/7c7abf72cfde9902b6a60efe60c88d4c?s=96&d=mm&r=g\",\"caption\":\"Mads Dreyer\"},\"description\":\"Skribent og fodboldn\u00f8rd, der lige nu fort\u00e6ller om alt og intet i fodboldverdenen p\u00e5 acefootball.com. Uddannet i kommunikation fra Aalborg Universitet.\",\"sameAs\":[\"https:\/\/www.linkedin.com\/in\/mads-dreyer-b9b08266\/\"],\"url\":\"https:\/\/acefootball.com\/da\/fodboldnyheder\/author\/mdnronaldo\/\"}]}<\/script>\n<!-- \/ Yoast SEO plugin. -->","yoast_head_json":{"title":"Dortmund tager f\u00e6nomen med i Champions League: Kan blive yngste nogensinde","description":"Borussia Dortmund har planer om at registrere angrebsf\u00e6nomenet Youssoufa Moukoko til Champions League-gruppespillet","robots":{"index":"index","follow":"follow","max-snippet":"max-snippet:-1","max-image-preview":"max-image-preview:large","max-video-preview":"max-video-preview:-1"},"canonical":"https:\/\/acefootball.com\/da\/fodboldnyheder\/dortmund-tager-faenomen-med-i-champions-league-kan-blive-yngste-nogensinde\/","og_locale":"en_US","og_type":"article","og_title":"Dortmund tager f\u00e6nomen med i Champions League: Kan blive yngste nogensinde","og_description":"Borussia Dortmund har planer om at registrere angrebsf\u00e6nomenet Youssoufa Moukoko til Champions League-gruppespillet","og_url":"https:\/\/acefootball.com\/da\/fodboldnyheder\/dortmund-tager-faenomen-med-i-champions-league-kan-blive-yngste-nogensinde\/","og_site_name":"Ace Football Danmark","article_publisher":"https:\/\/www.facebook.com\/acefootballdk","article_published_time":"2020-10-12T13:59:28+00:00","og_image":[{"width":1024,"height":700,"url":"https:\/\/acefootball.com\/da\/wp-content\/uploads\/sites\/2\/2020\/08\/GettyImages-1205526019.jpg","type":"image\/jpeg"}],"twitter_card":"summary_large_image","twitter_misc":{"Written by":"Mads Dreyer","Est. reading time":"1 minute"},"schema":{"@context":"https:\/\/schema.org","@graph":[{"@type":"Organization","@id":"https:\/\/acefootball.com\/da\/#organization","name":"Ace Football","url":"https:\/\/acefootball.com\/da\/","sameAs":["https:\/\/www.facebook.com\/acefootballdk"],"logo":{"@type":"ImageObject","@id":"https:\/\/acefootball.com\/da\/#logo","inLanguage":"en-US","url":"https:\/\/acefootball.com\/da\/wp-content\/uploads\/sites\/2\/2020\/07\/Ace-Football-30-07-2020-2.png","contentUrl":"https:\/\/acefootball.com\/da\/wp-content\/uploads\/sites\/2\/2020\/07\/Ace-Football-30-07-2020-2.png","width":1200,"height":600,"caption":"Ace Football"},"image":{"@id":"https:\/\/acefootball.com\/da\/#logo"}},{"@type":"WebSite","@id":"https:\/\/acefootball.com\/da\/#website","url":"https:\/\/acefootball.com\/da\/","name":"Ace Football Danmark","description":"Nyheder, Spiltips &amp; Livescore","publisher":{"@id":"https:\/\/acefootball.com\/da\/#organization"},"potentialAction":[{"@type":"SearchAction","target":{"@type":"EntryPoint","urlTemplate":"https:\/\/acefootball.com\/da\/?s={search_term_string}"},"query-input":"required name=search_term_string"}],"inLanguage":"en-US"},{"@type":"ImageObject","@id":"https:\/\/acefootball.com\/da\/fodboldnyheder\/dortmund-tager-faenomen-med-i-champions-league-kan-blive-yngste-nogensinde\/#primaryimage","inLanguage":"en-US","url":"https:\/\/acefootball.com\/da\/wp-content\/uploads\/sites\/2\/2020\/08\/GettyImages-1205526019.jpg","contentUrl":"https:\/\/acefootball.com\/da\/wp-content\/uploads\/sites\/2\/2020\/08\/GettyImages-1205526019.jpg","width":1024,"height":700,"caption":"DERBY, ENGLAND - FEBRUARY 11: Youssoufa Moukoko of Borussia Dortmund U19 runs with the ball during the UEFA Youth League match between Derby U19 and Borussia Dortmund U19 at Pride Park on February 11, 2020 in Derby, United Kingdom. (Photo by Gareth Copley\/Getty Images)"},{"@type":"WebPage","@id":"https:\/\/acefootball.com\/da\/fodboldnyheder\/dortmund-tager-faenomen-med-i-champions-league-kan-blive-yngste-nogensinde\/#webpage","url":"https:\/\/acefootball.com\/da\/fodboldnyheder\/dortmund-tager-faenomen-med-i-champions-league-kan-blive-yngste-nogensinde\/","name":"Dortmund tager f\u00e6nomen med i Champions League: Kan blive yngste nogensinde","isPartOf":{"@id":"https:\/\/acefootball.com\/da\/#website"},"primaryImageOfPage":{"@id":"https:\/\/acefootball.com\/da\/fodboldnyheder\/dortmund-tager-faenomen-med-i-champions-league-kan-blive-yngste-nogensinde\/#primaryimage"},"datePublished":"2020-10-12T13:59:28+00:00","dateModified":"2020-10-12T13:59:28+00:00","description":"Borussia Dortmund har planer om at registrere angrebsf\u00e6nomenet Youssoufa Moukoko til Champions League-gruppespillet","breadcrumb":{"@id":"https:\/\/acefootball.com\/da\/fodboldnyheder\/dortmund-tager-faenomen-med-i-champions-league-kan-blive-yngste-nogensinde\/#breadcrumb"},"inLanguage":"en-US","potentialAction":[{"@type":"ReadAction","target":["https:\/\/acefootball.com\/da\/fodboldnyheder\/dortmund-tager-faenomen-med-i-champions-league-kan-blive-yngste-nogensinde\/"]}]},{"@type":"BreadcrumbList","@id":"https:\/\/acefootball.com\/da\/fodboldnyheder\/dortmund-tager-faenomen-med-i-champions-league-kan-blive-yngste-nogensinde\/#breadcrumb","itemListElement":[{"@type":"ListItem","position":1,"name":"Home","item":"https:\/\/acefootball.com\/da\/"},{"@type":"ListItem","position":2,"name":"Dortmund tager f\u00e6nomen med i Champions League: Kan blive yngste nogensinde"}]},{"@type":"Article","@id":"https:\/\/acefootball.com\/da\/fodboldnyheder\/dortmund-tager-faenomen-med-i-champions-league-kan-blive-yngste-nogensinde\/#article","isPartOf":{"@id":"https:\/\/acefootball.com\/da\/fodboldnyheder\/dortmund-tager-faenomen-med-i-champions-league-kan-blive-yngste-nogensinde\/#webpage"},"author":{"@id":"https:\/\/acefootball.com\/da\/#\/schema\/person\/ee67e9cf04a276f144100ffa722f10cd"},"headline":"Dortmund tager f\u00e6nomen med i Champions League: Kan blive yngste nogensinde","datePublished":"2020-10-12T13:59:28+00:00","dateModified":"2020-10-12T13:59:28+00:00","mainEntityOfPage":{"@id":"https:\/\/acefootball.com\/da\/fodboldnyheder\/dortmund-tager-faenomen-med-i-champions-league-kan-blive-yngste-nogensinde\/#webpage"},"wordCount":253,"commentCount":0,"publisher":{"@id":"https:\/\/acefootball.com\/da\/#organization"},"image":{"@id":"https:\/\/acefootball.com\/da\/fodboldnyheder\/dortmund-tager-faenomen-med-i-champions-league-kan-blive-yngste-nogensinde\/#primaryimage"},"thumbnailUrl":"https:\/\/acefootball.com\/da\/wp-content\/uploads\/sites\/2\/2020\/08\/GettyImages-1205526019.jpg","keywords":["Borussia Dortmund","Bundesliga","Champions League","Youssoufa Moukoko"],"articleSection":["Nyhed"],"inLanguage":"en-US","potentialAction":[{"@type":"CommentAction","name":"Comment","target":["https:\/\/acefootball.com\/da\/fodboldnyheder\/dortmund-tager-faenomen-med-i-champions-league-kan-blive-yngste-nogensinde\/#respond"]}]},{"@type":"Person","@id":"https:\/\/acefootball.com\/da\/#\/schema\/person\/ee67e9cf04a276f144100ffa722f10cd","name":"Mads Dreyer","image":{"@type":"ImageObject","@id":"https:\/\/acefootball.com\/da\/#personlogo","inLanguage":"en-US","url":"https:\/\/secure.gravatar.com\/avatar\/7c7abf72cfde9902b6a60efe60c88d4c?s=96&d=mm&r=g","contentUrl":"https:\/\/secure.gravatar.com\/avatar\/7c7abf72cfde9902b6a60efe60c88d4c?s=96&d=mm&r=g","caption":"Mads Dreyer"},"description":"Skribent og fodboldn\u00f8rd, der lige nu fort\u00e6ller om alt og intet i fodboldverdenen p\u00e5 acefootball.com. Uddannet i kommunikation fra Aalborg Universitet.","sameAs":["https:\/\/www.linkedin.com\/in\/mads-dreyer-b9b08266\/"],"url":"https:\/\/acefootball.com\/da\/fodboldnyheder\/author\/mdnronaldo\/"}]}},"fimg_url":"https:\/\/acefootball.com\/da\/wp-content\/uploads\/sites\/2\/2020\/08\/GettyImages-1205526019.jpg","_links":{"self":[{"href":"https:\/\/acefootball.com\/da\/wp-json\/wp\/v2\/posts\/240098"}],"collection":[{"href":"https:\/\/acefootball.com\/da\/wp-json\/wp\/v2\/posts"}],"about":[{"href":"https:\/\/acefootball.com\/da\/wp-json\/wp\/v2\/types\/post"}],"author":[{"embeddable":true,"href":"https:\/\/acefootball.com\/da\/wp-json\/wp\/v2\/users\/705"}],"replies":[{"embeddable":true,"href":"https:\/\/acefootball.com\/da\/wp-json\/wp\/v2\/comments?post=240098"}],"version-history":[{"count":0,"href":"https:\/\/acefootball.com\/da\/wp-json\/wp\/v2\/posts\/240098\/revisions"}],"wp:featuredmedia":[{"embeddable":true,"href":"https:\/\/acefootball.com\/da\/wp-json\/wp\/v2\/media\/234059"}],"wp:attachment":[{"href":"https:\/\/acefootball.com\/da\/wp-json\/wp\/v2\/media?parent=240098"}],"wp:term":[{"taxonomy":"category","embeddable":true,"href":"https:\/\/acefootball.com\/da\/wp-json\/wp\/v2\/categories?post=240098"},{"taxonomy":"post_tag","embeddable":true,"href":"https:\/\/acefootball.com\/da\/wp-json\/wp\/v2\/tags?post=240098"}],"curies":[{"name":"wp","href":"https:\/\/api.w.org\/{rel}","templated":true}]}}