{"id":240022,"date":"2020-10-11T22:11:24","date_gmt":"2020-10-11T20:11:24","guid":{"rendered":"https:\/\/acefootball.com\/da\/?p=240022"},"modified":"2020-10-11T22:11:25","modified_gmt":"2020-10-11T20:11:25","slug":"rygte-bayern-ville-smide-boksen-for-real-midt","status":"publish","type":"post","link":"https:\/\/acefootball.com\/da\/fodboldnyheder\/rygte-bayern-ville-smide-boksen-for-real-midt\/","title":{"rendered":"Rygte: Bayern ville smide boksen for Real-midt"},"content":{"rendered":"\n<h2 id=\"h-if-lge-marca-var-bayern-m-nchen-i-tale-med-real-madrid-om-et-k-b-af-federico-valverde-for-intet-mindre-end-750-millioner-kroner\">If\u00f8lge Marca var Bayern M\u00fcnchen i tale med Real Madrid om et k\u00f8b af Federico Valverde for intet mindre end 750 millioner kroner<\/h2>\n\n\n\n<p>De forsvarende Champions League-mestre fra Bayern M\u00fcnchen var i sommer angiveligt ude p\u00e5 at styrke midtbanen, da man n\u00e6rmede sig en afsked med Thiago.<\/p>\n\n\n\n<p>Her skulle tyskerne have kastet blikket mod Real Madrid, hvor Federico Valverde var udset som det helt store transferm\u00e5l. S\u00e5dan skriver <a href=\"https:\/\/www.marca.com\/futbol\/real-madrid\/2020\/10\/11\/5f81ddbae2704e05918b460a.html\" target=\"_blank\" rel=\"noreferrer noopener\">Marca<\/a>.<\/p>\n\n\n\n<div class=\"wp-block-si-widget wp-block-si-widget--center\"><si-lb-widget widget-id=\"PlayerSeasonStatsSnap\" data-hide-controls=\"false\" width=\"440\" data-player-id=\"743533\"><\/si-lb-widget><\/div>\n\n\n\n<p>Og det var ikke sm\u00e5penge, Bayern var klar til at smide efter uruguayaneren. Den spanske avis beretter om et bud p\u00e5 op mod 750 millioner kroner, som Real valgte at afvise.<\/p>\n\n\n\n<p>Valverde er tilt\u00e6nkt en central plads i den nye generation af Real Madrid-truppen, som ogs\u00e5 t\u00e6ller talenter som Vinicius Jr., Rodrygo og Martin \u00d8degaard.<\/p>\n","protected":false},"excerpt":{"rendered":"<p>If\u00f8lge Marca var Bayern M\u00fcnchen i tale med Real Madrid om et k\u00f8b af Federico Valverde for intet mindre end 750 millioner kroner<\/p>\n","protected":false},"author":705,"featured_media":240024,"comment_status":"open","ping_status":"closed","sticky":false,"template":"","format":"standard","meta":{"om_disable_all_campaigns":false,"push_articles_ronaldo":{"active":false,"canonical":0,"publish":false},"force_updates":null},"categories":[7],"tags":[74,143,6470,303,85],"enet_tags":{"team":["9823","8633"],"league":["54","87"],"player":["743533"],"sport_events":[]},"yoast_head":"<!-- This site is optimized with the Yoast SEO plugin v18.3 - https:\/\/yoast.com\/wordpress\/plugins\/seo\/ -->\n<title>Rygte: Bayern ville smide boksen for Real-midt<\/title>\n<meta name=\"description\" content=\"If\u00f8lge Marca var Bayern M\u00fcnchen i tale med Real Madrid om et k\u00f8b af Federico Valverde for intet mindre end 750 millioner kroner\" \/>\n<meta name=\"robots\" content=\"index, follow, max-snippet:-1, max-image-preview:large, max-video-preview:-1\" \/>\n<link rel=\"canonical\" href=\"https:\/\/acefootball.com\/da\/fodboldnyheder\/rygte-bayern-ville-smide-boksen-for-real-midt\/\" \/>\n<meta property=\"og:locale\" content=\"en_US\" \/>\n<meta property=\"og:type\" content=\"article\" \/>\n<meta property=\"og:title\" content=\"Rygte: Bayern ville smide boksen for Real-midt\" \/>\n<meta property=\"og:description\" content=\"If\u00f8lge Marca var Bayern M\u00fcnchen i tale med Real Madrid om et k\u00f8b af Federico Valverde for intet mindre end 750 millioner kroner\" \/>\n<meta property=\"og:url\" content=\"https:\/\/acefootball.com\/da\/fodboldnyheder\/rygte-bayern-ville-smide-boksen-for-real-midt\/\" \/>\n<meta property=\"og:site_name\" content=\"Ace Football Danmark\" \/>\n<meta property=\"article:publisher\" content=\"https:\/\/www.facebook.com\/acefootballdk\" \/>\n<meta property=\"article:published_time\" content=\"2020-10-11T20:11:24+00:00\" \/>\n<meta property=\"article:modified_time\" content=\"2020-10-11T20:11:25+00:00\" \/>\n<meta property=\"og:image\" content=\"https:\/\/acefootball.com\/da\/wp-content\/uploads\/sites\/2\/2020\/10\/GettyImages-1208032213.jpg\" \/>\n\t<meta property=\"og:image:width\" content=\"1024\" \/>\n\t<meta property=\"og:image:height\" content=\"683\" \/>\n\t<meta property=\"og:image:type\" content=\"image\/jpeg\" \/>\n<meta name=\"twitter:card\" content=\"summary_large_image\" \/>\n<meta name=\"twitter:label1\" content=\"Written by\" \/>\n\t<meta name=\"twitter:data1\" content=\"Mads Dreyer\" \/>\n\t<meta name=\"twitter:label2\" content=\"Est. reading time\" \/>\n\t<meta name=\"twitter:data2\" content=\"1 minute\" \/>\n<script type=\"application\/ld+json\" class=\"yoast-schema-graph\">{\"@context\":\"https:\/\/schema.org\",\"@graph\":[{\"@type\":\"Organization\",\"@id\":\"https:\/\/acefootball.com\/da\/#organization\",\"name\":\"Ace Football\",\"url\":\"https:\/\/acefootball.com\/da\/\",\"sameAs\":[\"https:\/\/www.facebook.com\/acefootballdk\"],\"logo\":{\"@type\":\"ImageObject\",\"@id\":\"https:\/\/acefootball.com\/da\/#logo\",\"inLanguage\":\"en-US\",\"url\":\"https:\/\/acefootball.com\/da\/wp-content\/uploads\/sites\/2\/2020\/07\/Ace-Football-30-07-2020-2.png\",\"contentUrl\":\"https:\/\/acefootball.com\/da\/wp-content\/uploads\/sites\/2\/2020\/07\/Ace-Football-30-07-2020-2.png\",\"width\":1200,\"height\":600,\"caption\":\"Ace Football\"},\"image\":{\"@id\":\"https:\/\/acefootball.com\/da\/#logo\"}},{\"@type\":\"WebSite\",\"@id\":\"https:\/\/acefootball.com\/da\/#website\",\"url\":\"https:\/\/acefootball.com\/da\/\",\"name\":\"Ace Football Danmark\",\"description\":\"Nyheder, Spiltips &amp; Livescore\",\"publisher\":{\"@id\":\"https:\/\/acefootball.com\/da\/#organization\"},\"potentialAction\":[{\"@type\":\"SearchAction\",\"target\":{\"@type\":\"EntryPoint\",\"urlTemplate\":\"https:\/\/acefootball.com\/da\/?s={search_term_string}\"},\"query-input\":\"required name=search_term_string\"}],\"inLanguage\":\"en-US\"},{\"@type\":\"ImageObject\",\"@id\":\"https:\/\/acefootball.com\/da\/fodboldnyheder\/rygte-bayern-ville-smide-boksen-for-real-midt\/#primaryimage\",\"inLanguage\":\"en-US\",\"url\":\"https:\/\/acefootball.com\/da\/wp-content\/uploads\/sites\/2\/2020\/10\/GettyImages-1208032213.jpg\",\"contentUrl\":\"https:\/\/acefootball.com\/da\/wp-content\/uploads\/sites\/2\/2020\/10\/GettyImages-1208032213.jpg\",\"width\":1024,\"height\":683,\"caption\":\"VALENCIA, SPAIN - FEBRUARY 22: Federico Valverde of Real Madrid controls the ball during the Liga match between Levante UD and Real Madrid CF at Ciutat de Valencia on February 22, 2020 in Valencia, Spain. (Photo by Eric Alonso\/Getty Images)\"},{\"@type\":\"WebPage\",\"@id\":\"https:\/\/acefootball.com\/da\/fodboldnyheder\/rygte-bayern-ville-smide-boksen-for-real-midt\/#webpage\",\"url\":\"https:\/\/acefootball.com\/da\/fodboldnyheder\/rygte-bayern-ville-smide-boksen-for-real-midt\/\",\"name\":\"Rygte: Bayern ville smide boksen for Real-midt\",\"isPartOf\":{\"@id\":\"https:\/\/acefootball.com\/da\/#website\"},\"primaryImageOfPage\":{\"@id\":\"https:\/\/acefootball.com\/da\/fodboldnyheder\/rygte-bayern-ville-smide-boksen-for-real-midt\/#primaryimage\"},\"datePublished\":\"2020-10-11T20:11:24+00:00\",\"dateModified\":\"2020-10-11T20:11:25+00:00\",\"description\":\"If\u00f8lge Marca var Bayern M\u00fcnchen i tale med Real Madrid om et k\u00f8b af Federico Valverde for intet mindre end 750 millioner kroner\",\"breadcrumb\":{\"@id\":\"https:\/\/acefootball.com\/da\/fodboldnyheder\/rygte-bayern-ville-smide-boksen-for-real-midt\/#breadcrumb\"},\"inLanguage\":\"en-US\",\"potentialAction\":[{\"@type\":\"ReadAction\",\"target\":[\"https:\/\/acefootball.com\/da\/fodboldnyheder\/rygte-bayern-ville-smide-boksen-for-real-midt\/\"]}]},{\"@type\":\"BreadcrumbList\",\"@id\":\"https:\/\/acefootball.com\/da\/fodboldnyheder\/rygte-bayern-ville-smide-boksen-for-real-midt\/#breadcrumb\",\"itemListElement\":[{\"@type\":\"ListItem\",\"position\":1,\"name\":\"Home\",\"item\":\"https:\/\/acefootball.com\/da\/\"},{\"@type\":\"ListItem\",\"position\":2,\"name\":\"Rygte: Bayern ville smide boksen for Real-midt\"}]},{\"@type\":\"Article\",\"@id\":\"https:\/\/acefootball.com\/da\/fodboldnyheder\/rygte-bayern-ville-smide-boksen-for-real-midt\/#article\",\"isPartOf\":{\"@id\":\"https:\/\/acefootball.com\/da\/fodboldnyheder\/rygte-bayern-ville-smide-boksen-for-real-midt\/#webpage\"},\"author\":{\"@id\":\"https:\/\/acefootball.com\/da\/#\/schema\/person\/ee67e9cf04a276f144100ffa722f10cd\"},\"headline\":\"Rygte: Bayern ville smide boksen for Real-midt\",\"datePublished\":\"2020-10-11T20:11:24+00:00\",\"dateModified\":\"2020-10-11T20:11:25+00:00\",\"mainEntityOfPage\":{\"@id\":\"https:\/\/acefootball.com\/da\/fodboldnyheder\/rygte-bayern-ville-smide-boksen-for-real-midt\/#webpage\"},\"wordCount\":139,\"commentCount\":0,\"publisher\":{\"@id\":\"https:\/\/acefootball.com\/da\/#organization\"},\"image\":{\"@id\":\"https:\/\/acefootball.com\/da\/fodboldnyheder\/rygte-bayern-ville-smide-boksen-for-real-midt\/#primaryimage\"},\"thumbnailUrl\":\"https:\/\/acefootball.com\/da\/wp-content\/uploads\/sites\/2\/2020\/10\/GettyImages-1208032213.jpg\",\"keywords\":[\"Bayern M\u00fcnchen\",\"Bundesliga\",\"Federico Valverde\",\"La Liga\",\"Real Madrid\"],\"articleSection\":[\"Transfer\"],\"inLanguage\":\"en-US\",\"potentialAction\":[{\"@type\":\"CommentAction\",\"name\":\"Comment\",\"target\":[\"https:\/\/acefootball.com\/da\/fodboldnyheder\/rygte-bayern-ville-smide-boksen-for-real-midt\/#respond\"]}]},{\"@type\":\"Person\",\"@id\":\"https:\/\/acefootball.com\/da\/#\/schema\/person\/ee67e9cf04a276f144100ffa722f10cd\",\"name\":\"Mads Dreyer\",\"image\":{\"@type\":\"ImageObject\",\"@id\":\"https:\/\/acefootball.com\/da\/#personlogo\",\"inLanguage\":\"en-US\",\"url\":\"https:\/\/secure.gravatar.com\/avatar\/7c7abf72cfde9902b6a60efe60c88d4c?s=96&d=mm&r=g\",\"contentUrl\":\"https:\/\/secure.gravatar.com\/avatar\/7c7abf72cfde9902b6a60efe60c88d4c?s=96&d=mm&r=g\",\"caption\":\"Mads Dreyer\"},\"description\":\"Skribent og fodboldn\u00f8rd, der lige nu fort\u00e6ller om alt og intet i fodboldverdenen p\u00e5 acefootball.com. Uddannet i kommunikation fra Aalborg Universitet.\",\"sameAs\":[\"https:\/\/www.linkedin.com\/in\/mads-dreyer-b9b08266\/\"],\"url\":\"https:\/\/acefootball.com\/da\/fodboldnyheder\/author\/mdnronaldo\/\"}]}<\/script>\n<!-- \/ Yoast SEO plugin. -->","yoast_head_json":{"title":"Rygte: Bayern ville smide boksen for Real-midt","description":"If\u00f8lge Marca var Bayern M\u00fcnchen i tale med Real Madrid om et k\u00f8b af Federico Valverde for intet mindre end 750 millioner kroner","robots":{"index":"index","follow":"follow","max-snippet":"max-snippet:-1","max-image-preview":"max-image-preview:large","max-video-preview":"max-video-preview:-1"},"canonical":"https:\/\/acefootball.com\/da\/fodboldnyheder\/rygte-bayern-ville-smide-boksen-for-real-midt\/","og_locale":"en_US","og_type":"article","og_title":"Rygte: Bayern ville smide boksen for Real-midt","og_description":"If\u00f8lge Marca var Bayern M\u00fcnchen i tale med Real Madrid om et k\u00f8b af Federico Valverde for intet mindre end 750 millioner kroner","og_url":"https:\/\/acefootball.com\/da\/fodboldnyheder\/rygte-bayern-ville-smide-boksen-for-real-midt\/","og_site_name":"Ace Football Danmark","article_publisher":"https:\/\/www.facebook.com\/acefootballdk","article_published_time":"2020-10-11T20:11:24+00:00","article_modified_time":"2020-10-11T20:11:25+00:00","og_image":[{"width":1024,"height":683,"url":"https:\/\/acefootball.com\/da\/wp-content\/uploads\/sites\/2\/2020\/10\/GettyImages-1208032213.jpg","type":"image\/jpeg"}],"twitter_card":"summary_large_image","twitter_misc":{"Written by":"Mads Dreyer","Est. reading time":"1 minute"},"schema":{"@context":"https:\/\/schema.org","@graph":[{"@type":"Organization","@id":"https:\/\/acefootball.com\/da\/#organization","name":"Ace Football","url":"https:\/\/acefootball.com\/da\/","sameAs":["https:\/\/www.facebook.com\/acefootballdk"],"logo":{"@type":"ImageObject","@id":"https:\/\/acefootball.com\/da\/#logo","inLanguage":"en-US","url":"https:\/\/acefootball.com\/da\/wp-content\/uploads\/sites\/2\/2020\/07\/Ace-Football-30-07-2020-2.png","contentUrl":"https:\/\/acefootball.com\/da\/wp-content\/uploads\/sites\/2\/2020\/07\/Ace-Football-30-07-2020-2.png","width":1200,"height":600,"caption":"Ace Football"},"image":{"@id":"https:\/\/acefootball.com\/da\/#logo"}},{"@type":"WebSite","@id":"https:\/\/acefootball.com\/da\/#website","url":"https:\/\/acefootball.com\/da\/","name":"Ace Football Danmark","description":"Nyheder, Spiltips &amp; Livescore","publisher":{"@id":"https:\/\/acefootball.com\/da\/#organization"},"potentialAction":[{"@type":"SearchAction","target":{"@type":"EntryPoint","urlTemplate":"https:\/\/acefootball.com\/da\/?s={search_term_string}"},"query-input":"required name=search_term_string"}],"inLanguage":"en-US"},{"@type":"ImageObject","@id":"https:\/\/acefootball.com\/da\/fodboldnyheder\/rygte-bayern-ville-smide-boksen-for-real-midt\/#primaryimage","inLanguage":"en-US","url":"https:\/\/acefootball.com\/da\/wp-content\/uploads\/sites\/2\/2020\/10\/GettyImages-1208032213.jpg","contentUrl":"https:\/\/acefootball.com\/da\/wp-content\/uploads\/sites\/2\/2020\/10\/GettyImages-1208032213.jpg","width":1024,"height":683,"caption":"VALENCIA, SPAIN - FEBRUARY 22: Federico Valverde of Real Madrid controls the ball during the Liga match between Levante UD and Real Madrid CF at Ciutat de Valencia on February 22, 2020 in Valencia, Spain. (Photo by Eric Alonso\/Getty Images)"},{"@type":"WebPage","@id":"https:\/\/acefootball.com\/da\/fodboldnyheder\/rygte-bayern-ville-smide-boksen-for-real-midt\/#webpage","url":"https:\/\/acefootball.com\/da\/fodboldnyheder\/rygte-bayern-ville-smide-boksen-for-real-midt\/","name":"Rygte: Bayern ville smide boksen for Real-midt","isPartOf":{"@id":"https:\/\/acefootball.com\/da\/#website"},"primaryImageOfPage":{"@id":"https:\/\/acefootball.com\/da\/fodboldnyheder\/rygte-bayern-ville-smide-boksen-for-real-midt\/#primaryimage"},"datePublished":"2020-10-11T20:11:24+00:00","dateModified":"2020-10-11T20:11:25+00:00","description":"If\u00f8lge Marca var Bayern M\u00fcnchen i tale med Real Madrid om et k\u00f8b af Federico Valverde for intet mindre end 750 millioner kroner","breadcrumb":{"@id":"https:\/\/acefootball.com\/da\/fodboldnyheder\/rygte-bayern-ville-smide-boksen-for-real-midt\/#breadcrumb"},"inLanguage":"en-US","potentialAction":[{"@type":"ReadAction","target":["https:\/\/acefootball.com\/da\/fodboldnyheder\/rygte-bayern-ville-smide-boksen-for-real-midt\/"]}]},{"@type":"BreadcrumbList","@id":"https:\/\/acefootball.com\/da\/fodboldnyheder\/rygte-bayern-ville-smide-boksen-for-real-midt\/#breadcrumb","itemListElement":[{"@type":"ListItem","position":1,"name":"Home","item":"https:\/\/acefootball.com\/da\/"},{"@type":"ListItem","position":2,"name":"Rygte: Bayern ville smide boksen for Real-midt"}]},{"@type":"Article","@id":"https:\/\/acefootball.com\/da\/fodboldnyheder\/rygte-bayern-ville-smide-boksen-for-real-midt\/#article","isPartOf":{"@id":"https:\/\/acefootball.com\/da\/fodboldnyheder\/rygte-bayern-ville-smide-boksen-for-real-midt\/#webpage"},"author":{"@id":"https:\/\/acefootball.com\/da\/#\/schema\/person\/ee67e9cf04a276f144100ffa722f10cd"},"headline":"Rygte: Bayern ville smide boksen for Real-midt","datePublished":"2020-10-11T20:11:24+00:00","dateModified":"2020-10-11T20:11:25+00:00","mainEntityOfPage":{"@id":"https:\/\/acefootball.com\/da\/fodboldnyheder\/rygte-bayern-ville-smide-boksen-for-real-midt\/#webpage"},"wordCount":139,"commentCount":0,"publisher":{"@id":"https:\/\/acefootball.com\/da\/#organization"},"image":{"@id":"https:\/\/acefootball.com\/da\/fodboldnyheder\/rygte-bayern-ville-smide-boksen-for-real-midt\/#primaryimage"},"thumbnailUrl":"https:\/\/acefootball.com\/da\/wp-content\/uploads\/sites\/2\/2020\/10\/GettyImages-1208032213.jpg","keywords":["Bayern M\u00fcnchen","Bundesliga","Federico Valverde","La Liga","Real Madrid"],"articleSection":["Transfer"],"inLanguage":"en-US","potentialAction":[{"@type":"CommentAction","name":"Comment","target":["https:\/\/acefootball.com\/da\/fodboldnyheder\/rygte-bayern-ville-smide-boksen-for-real-midt\/#respond"]}]},{"@type":"Person","@id":"https:\/\/acefootball.com\/da\/#\/schema\/person\/ee67e9cf04a276f144100ffa722f10cd","name":"Mads Dreyer","image":{"@type":"ImageObject","@id":"https:\/\/acefootball.com\/da\/#personlogo","inLanguage":"en-US","url":"https:\/\/secure.gravatar.com\/avatar\/7c7abf72cfde9902b6a60efe60c88d4c?s=96&d=mm&r=g","contentUrl":"https:\/\/secure.gravatar.com\/avatar\/7c7abf72cfde9902b6a60efe60c88d4c?s=96&d=mm&r=g","caption":"Mads Dreyer"},"description":"Skribent og fodboldn\u00f8rd, der lige nu fort\u00e6ller om alt og intet i fodboldverdenen p\u00e5 acefootball.com. Uddannet i kommunikation fra Aalborg Universitet.","sameAs":["https:\/\/www.linkedin.com\/in\/mads-dreyer-b9b08266\/"],"url":"https:\/\/acefootball.com\/da\/fodboldnyheder\/author\/mdnronaldo\/"}]}},"fimg_url":"https:\/\/acefootball.com\/da\/wp-content\/uploads\/sites\/2\/2020\/10\/GettyImages-1208032213.jpg","_links":{"self":[{"href":"https:\/\/acefootball.com\/da\/wp-json\/wp\/v2\/posts\/240022"}],"collection":[{"href":"https:\/\/acefootball.com\/da\/wp-json\/wp\/v2\/posts"}],"about":[{"href":"https:\/\/acefootball.com\/da\/wp-json\/wp\/v2\/types\/post"}],"author":[{"embeddable":true,"href":"https:\/\/acefootball.com\/da\/wp-json\/wp\/v2\/users\/705"}],"replies":[{"embeddable":true,"href":"https:\/\/acefootball.com\/da\/wp-json\/wp\/v2\/comments?post=240022"}],"version-history":[{"count":0,"href":"https:\/\/acefootball.com\/da\/wp-json\/wp\/v2\/posts\/240022\/revisions"}],"wp:featuredmedia":[{"embeddable":true,"href":"https:\/\/acefootball.com\/da\/wp-json\/wp\/v2\/media\/240024"}],"wp:attachment":[{"href":"https:\/\/acefootball.com\/da\/wp-json\/wp\/v2\/media?parent=240022"}],"wp:term":[{"taxonomy":"category","embeddable":true,"href":"https:\/\/acefootball.com\/da\/wp-json\/wp\/v2\/categories?post=240022"},{"taxonomy":"post_tag","embeddable":true,"href":"https:\/\/acefootball.com\/da\/wp-json\/wp\/v2\/tags?post=240022"}],"curies":[{"name":"wp","href":"https:\/\/api.w.org\/{rel}","templated":true}]}}