{"id":240004,"date":"2020-10-11T18:52:08","date_gmt":"2020-10-11T16:52:08","guid":{"rendered":"https:\/\/acefootball.com\/da\/?p=240004"},"modified":"2020-10-11T18:52:08","modified_gmt":"2020-10-11T16:52:08","slug":"falk-om-staale-fyring-det-aabner-for-nye-muligheder","status":"publish","type":"post","link":"https:\/\/acefootball.com\/da\/fodboldnyheder\/falk-om-staale-fyring-det-aabner-for-nye-muligheder\/","title":{"rendered":"Falk om St\u00e5le-fyring: Det \u00e5bner for nye muligheder"},"content":{"rendered":"\n<h2 id=\"h-if-lge-rasmus-falk-har-truppen-i-fc-k-benhavn-pligt-til-at-se-fremad-efter-l-rdagens-overraskende-fyring-af-st-le-solbakken\">If\u00f8lge Rasmus Falk har truppen i FC K\u00f8benhavn pligt til at se fremad efter l\u00f8rdagens overraskende fyring af St\u00e5le Solbakken<\/h2>\n\n\n\n<p>L\u00f8rdag valgte ledelsen i FC K\u00f8benhavn at fyre St\u00e5le Solbakken efter et 2020 med svingende resultater, og det var noget, der kom bag p\u00e5 mange folk i klubben.<\/p>\n\n\n\n<p>Det var ikke mindst en stor overraskelse for flere af spillerne, men der er ikke tid til at dv\u00e6le ved fortiden i den kriseramte storklub.<\/p>\n\n\n\n<p>Rasmus Falk opfordrer s\u00e5ledes holdkammeraterne til at se fremad og udnytte situationen til at se muligheder i stedet for udfordringer.<\/p>\n\n\n\n<div class=\"wp-block-si-widget wp-block-si-widget--center\"><si-lb-widget widget-id=\"PlayerSeasonStatsSnap\" data-hide-controls=\"false\" width=\"440\" data-player-id=\"199818\"><\/si-lb-widget><\/div>\n\n\n\n<p>&#8220;Vi har alle en forpligtigelse til at tage det her som en frisk start,&#8221; siger Rasmus Falk til <a href=\"https:\/\/www.fck.dk\/nyhed\/fischer-og-falk-ny-energi-og-frisk-start\" target=\"_blank\" rel=\"noreferrer noopener\">klubbens hjemmeside<\/a>.<\/p>\n\n\n\n<p>&#8220;Det \u00e5bner nye muligheder for nogle spillere og for friske tanker og impulser for os alle, og det skal vi bruge til at l\u00f8fte os. Alle har nu rettet blikket mod kampen n\u00e6ste s\u00f8ndag, og jeg er sikker p\u00e5, at vi kommer til at v\u00e6re 100 procent klar til den opgave.&#8221;<\/p>\n\n\n\n<figure class=\"wp-block-embed-wordpress wp-block-embed is-type-wp-embed is-provider-ace-football-danmark\"><div class=\"wp-block-embed__wrapper\">\n<blockquote class=\"wp-embedded-content\" data-secret=\"iTFC75EfRy\"><a href=\"https:\/\/acefootball.com\/da\/fodboldnyheder\/per-frimann-frygter-at-fck-laver-samme-fejl-som-hans-klub\/\">Per Frimann frygter, at FCK laver samme fejl som hans klub<\/a><\/blockquote><iframe class=\"wp-embedded-content\" sandbox=\"allow-scripts\" security=\"restricted\" style=\"position: absolute; clip: rect(1px, 1px, 1px, 1px);\" title=\"&#8220;Per Frimann frygter, at FCK laver samme fejl som hans klub&#8221; &#8212; Ace Football Danmark\" src=\"https:\/\/acefootball.com\/da\/fodboldnyheder\/per-frimann-frygter-at-fck-laver-samme-fejl-som-hans-klub\/embed\/#?secret=iTFC75EfRy\" data-secret=\"iTFC75EfRy\" width=\"600\" height=\"338\" frameborder=\"0\" marginwidth=\"0\" marginheight=\"0\" scrolling=\"no\"><\/iframe>\n<\/div><\/figure>\n\n\n\n<p>N\u00e6ste opgave er den kommende s\u00f8ndag, hvor FC K\u00f8benhavn m\u00f8der AaB i Parken.<\/p>\n","protected":false},"excerpt":{"rendered":"<p>If\u00f8lge Rasmus Falk har truppen i FC K\u00f8benhavn pligt til at se fremad efter l\u00f8rdagens overraskende fyring af St\u00e5le Solbakken<\/p>\n","protected":false},"author":705,"featured_media":240005,"comment_status":"open","ping_status":"closed","sticky":false,"template":"","format":"standard","meta":{"om_disable_all_campaigns":false,"push_articles_ronaldo":{"active":false,"canonical":0,"publish":false},"force_updates":null},"categories":[8204],"tags":[16,648,588],"enet_tags":{"team":["8391"],"player":["199818"],"league":["46"],"sport_events":[]},"yoast_head":"<!-- This site is optimized with the Yoast SEO plugin v18.3 - https:\/\/yoast.com\/wordpress\/plugins\/seo\/ -->\n<title>Falk om St\u00e5le-fyring: Det \u00e5bner for nye muligheder<\/title>\n<meta name=\"description\" content=\"If\u00f8lge Rasmus Falk har truppen i FC K\u00f8benhavn pligt til at se fremad efter l\u00f8rdagens overraskende fyring af St\u00e5le Solbakken\" \/>\n<meta name=\"robots\" content=\"index, follow, max-snippet:-1, max-image-preview:large, max-video-preview:-1\" \/>\n<link rel=\"canonical\" href=\"https:\/\/acefootball.com\/da\/fodboldnyheder\/falk-om-staale-fyring-det-aabner-for-nye-muligheder\/\" \/>\n<meta property=\"og:locale\" content=\"en_US\" \/>\n<meta property=\"og:type\" content=\"article\" \/>\n<meta property=\"og:title\" content=\"Falk om St\u00e5le-fyring: Det \u00e5bner for nye muligheder\" \/>\n<meta property=\"og:description\" content=\"If\u00f8lge Rasmus Falk har truppen i FC K\u00f8benhavn pligt til at se fremad efter l\u00f8rdagens overraskende fyring af St\u00e5le Solbakken\" \/>\n<meta property=\"og:url\" content=\"https:\/\/acefootball.com\/da\/fodboldnyheder\/falk-om-staale-fyring-det-aabner-for-nye-muligheder\/\" \/>\n<meta property=\"og:site_name\" content=\"Ace Football Danmark\" \/>\n<meta property=\"article:publisher\" content=\"https:\/\/www.facebook.com\/acefootballdk\" \/>\n<meta property=\"article:published_time\" content=\"2020-10-11T16:52:08+00:00\" \/>\n<meta property=\"og:image\" content=\"https:\/\/acefootball.com\/da\/wp-content\/uploads\/sites\/2\/2020\/10\/GettyImages-1228616281.jpg\" \/>\n\t<meta property=\"og:image:width\" content=\"1024\" \/>\n\t<meta property=\"og:image:height\" content=\"683\" \/>\n\t<meta property=\"og:image:type\" content=\"image\/jpeg\" \/>\n<meta name=\"twitter:card\" content=\"summary_large_image\" \/>\n<meta name=\"twitter:label1\" content=\"Written by\" \/>\n\t<meta name=\"twitter:data1\" content=\"Mads Dreyer\" \/>\n\t<meta name=\"twitter:label2\" content=\"Est. reading time\" \/>\n\t<meta name=\"twitter:data2\" content=\"1 minute\" \/>\n<script type=\"application\/ld+json\" class=\"yoast-schema-graph\">{\"@context\":\"https:\/\/schema.org\",\"@graph\":[{\"@type\":\"Organization\",\"@id\":\"https:\/\/acefootball.com\/da\/#organization\",\"name\":\"Ace Football\",\"url\":\"https:\/\/acefootball.com\/da\/\",\"sameAs\":[\"https:\/\/www.facebook.com\/acefootballdk\"],\"logo\":{\"@type\":\"ImageObject\",\"@id\":\"https:\/\/acefootball.com\/da\/#logo\",\"inLanguage\":\"en-US\",\"url\":\"https:\/\/acefootball.com\/da\/wp-content\/uploads\/sites\/2\/2020\/07\/Ace-Football-30-07-2020-2.png\",\"contentUrl\":\"https:\/\/acefootball.com\/da\/wp-content\/uploads\/sites\/2\/2020\/07\/Ace-Football-30-07-2020-2.png\",\"width\":1200,\"height\":600,\"caption\":\"Ace Football\"},\"image\":{\"@id\":\"https:\/\/acefootball.com\/da\/#logo\"}},{\"@type\":\"WebSite\",\"@id\":\"https:\/\/acefootball.com\/da\/#website\",\"url\":\"https:\/\/acefootball.com\/da\/\",\"name\":\"Ace Football Danmark\",\"description\":\"Nyheder, Spiltips &amp; Livescore\",\"publisher\":{\"@id\":\"https:\/\/acefootball.com\/da\/#organization\"},\"potentialAction\":[{\"@type\":\"SearchAction\",\"target\":{\"@type\":\"EntryPoint\",\"urlTemplate\":\"https:\/\/acefootball.com\/da\/?s={search_term_string}\"},\"query-input\":\"required name=search_term_string\"}],\"inLanguage\":\"en-US\"},{\"@type\":\"ImageObject\",\"@id\":\"https:\/\/acefootball.com\/da\/fodboldnyheder\/falk-om-staale-fyring-det-aabner-for-nye-muligheder\/#primaryimage\",\"inLanguage\":\"en-US\",\"url\":\"https:\/\/acefootball.com\/da\/wp-content\/uploads\/sites\/2\/2020\/10\/GettyImages-1228616281.jpg\",\"contentUrl\":\"https:\/\/acefootball.com\/da\/wp-content\/uploads\/sites\/2\/2020\/10\/GettyImages-1228616281.jpg\",\"width\":1024,\"height\":683,\"caption\":\"COPENHAGEN, DENMARK - SEPTEMBER 20: Rasmus Falk of FC Copenhagen and Hjortur Hermannsson of Brondby IF compete for the ball during the Danish 3F Superliga match between FC Copenhagen and Brondby IF at Parken on September 20, 2020 in Copenhagen, Denmark. (Photo by Lars Ronbog \/ FrontZoneSport via Getty Images)\"},{\"@type\":\"WebPage\",\"@id\":\"https:\/\/acefootball.com\/da\/fodboldnyheder\/falk-om-staale-fyring-det-aabner-for-nye-muligheder\/#webpage\",\"url\":\"https:\/\/acefootball.com\/da\/fodboldnyheder\/falk-om-staale-fyring-det-aabner-for-nye-muligheder\/\",\"name\":\"Falk om St\u00e5le-fyring: Det \u00e5bner for nye muligheder\",\"isPartOf\":{\"@id\":\"https:\/\/acefootball.com\/da\/#website\"},\"primaryImageOfPage\":{\"@id\":\"https:\/\/acefootball.com\/da\/fodboldnyheder\/falk-om-staale-fyring-det-aabner-for-nye-muligheder\/#primaryimage\"},\"datePublished\":\"2020-10-11T16:52:08+00:00\",\"dateModified\":\"2020-10-11T16:52:08+00:00\",\"description\":\"If\u00f8lge Rasmus Falk har truppen i FC K\u00f8benhavn pligt til at se fremad efter l\u00f8rdagens overraskende fyring af St\u00e5le Solbakken\",\"breadcrumb\":{\"@id\":\"https:\/\/acefootball.com\/da\/fodboldnyheder\/falk-om-staale-fyring-det-aabner-for-nye-muligheder\/#breadcrumb\"},\"inLanguage\":\"en-US\",\"potentialAction\":[{\"@type\":\"ReadAction\",\"target\":[\"https:\/\/acefootball.com\/da\/fodboldnyheder\/falk-om-staale-fyring-det-aabner-for-nye-muligheder\/\"]}]},{\"@type\":\"BreadcrumbList\",\"@id\":\"https:\/\/acefootball.com\/da\/fodboldnyheder\/falk-om-staale-fyring-det-aabner-for-nye-muligheder\/#breadcrumb\",\"itemListElement\":[{\"@type\":\"ListItem\",\"position\":1,\"name\":\"Home\",\"item\":\"https:\/\/acefootball.com\/da\/\"},{\"@type\":\"ListItem\",\"position\":2,\"name\":\"Falk om St\u00e5le-fyring: Det \u00e5bner for nye muligheder\"}]},{\"@type\":\"Article\",\"@id\":\"https:\/\/acefootball.com\/da\/fodboldnyheder\/falk-om-staale-fyring-det-aabner-for-nye-muligheder\/#article\",\"isPartOf\":{\"@id\":\"https:\/\/acefootball.com\/da\/fodboldnyheder\/falk-om-staale-fyring-det-aabner-for-nye-muligheder\/#webpage\"},\"author\":{\"@id\":\"https:\/\/acefootball.com\/da\/#\/schema\/person\/ee67e9cf04a276f144100ffa722f10cd\"},\"headline\":\"Falk om St\u00e5le-fyring: Det \u00e5bner for nye muligheder\",\"datePublished\":\"2020-10-11T16:52:08+00:00\",\"dateModified\":\"2020-10-11T16:52:08+00:00\",\"mainEntityOfPage\":{\"@id\":\"https:\/\/acefootball.com\/da\/fodboldnyheder\/falk-om-staale-fyring-det-aabner-for-nye-muligheder\/#webpage\"},\"wordCount\":207,\"commentCount\":0,\"publisher\":{\"@id\":\"https:\/\/acefootball.com\/da\/#organization\"},\"image\":{\"@id\":\"https:\/\/acefootball.com\/da\/fodboldnyheder\/falk-om-staale-fyring-det-aabner-for-nye-muligheder\/#primaryimage\"},\"thumbnailUrl\":\"https:\/\/acefootball.com\/da\/wp-content\/uploads\/sites\/2\/2020\/10\/GettyImages-1228616281.jpg\",\"keywords\":[\"FC K\u00f8benhavn\",\"Rasmus Falk\",\"Superligaen\"],\"articleSection\":[\"Udtalelse\"],\"inLanguage\":\"en-US\",\"potentialAction\":[{\"@type\":\"CommentAction\",\"name\":\"Comment\",\"target\":[\"https:\/\/acefootball.com\/da\/fodboldnyheder\/falk-om-staale-fyring-det-aabner-for-nye-muligheder\/#respond\"]}]},{\"@type\":\"Person\",\"@id\":\"https:\/\/acefootball.com\/da\/#\/schema\/person\/ee67e9cf04a276f144100ffa722f10cd\",\"name\":\"Mads Dreyer\",\"image\":{\"@type\":\"ImageObject\",\"@id\":\"https:\/\/acefootball.com\/da\/#personlogo\",\"inLanguage\":\"en-US\",\"url\":\"https:\/\/secure.gravatar.com\/avatar\/7c7abf72cfde9902b6a60efe60c88d4c?s=96&d=mm&r=g\",\"contentUrl\":\"https:\/\/secure.gravatar.com\/avatar\/7c7abf72cfde9902b6a60efe60c88d4c?s=96&d=mm&r=g\",\"caption\":\"Mads Dreyer\"},\"description\":\"Skribent og fodboldn\u00f8rd, der lige nu fort\u00e6ller om alt og intet i fodboldverdenen p\u00e5 acefootball.com. Uddannet i kommunikation fra Aalborg Universitet.\",\"sameAs\":[\"https:\/\/www.linkedin.com\/in\/mads-dreyer-b9b08266\/\"],\"url\":\"https:\/\/acefootball.com\/da\/fodboldnyheder\/author\/mdnronaldo\/\"}]}<\/script>\n<!-- \/ Yoast SEO plugin. -->","yoast_head_json":{"title":"Falk om St\u00e5le-fyring: Det \u00e5bner for nye muligheder","description":"If\u00f8lge Rasmus Falk har truppen i FC K\u00f8benhavn pligt til at se fremad efter l\u00f8rdagens overraskende fyring af St\u00e5le Solbakken","robots":{"index":"index","follow":"follow","max-snippet":"max-snippet:-1","max-image-preview":"max-image-preview:large","max-video-preview":"max-video-preview:-1"},"canonical":"https:\/\/acefootball.com\/da\/fodboldnyheder\/falk-om-staale-fyring-det-aabner-for-nye-muligheder\/","og_locale":"en_US","og_type":"article","og_title":"Falk om St\u00e5le-fyring: Det \u00e5bner for nye muligheder","og_description":"If\u00f8lge Rasmus Falk har truppen i FC K\u00f8benhavn pligt til at se fremad efter l\u00f8rdagens overraskende fyring af St\u00e5le Solbakken","og_url":"https:\/\/acefootball.com\/da\/fodboldnyheder\/falk-om-staale-fyring-det-aabner-for-nye-muligheder\/","og_site_name":"Ace Football Danmark","article_publisher":"https:\/\/www.facebook.com\/acefootballdk","article_published_time":"2020-10-11T16:52:08+00:00","og_image":[{"width":1024,"height":683,"url":"https:\/\/acefootball.com\/da\/wp-content\/uploads\/sites\/2\/2020\/10\/GettyImages-1228616281.jpg","type":"image\/jpeg"}],"twitter_card":"summary_large_image","twitter_misc":{"Written by":"Mads Dreyer","Est. reading time":"1 minute"},"schema":{"@context":"https:\/\/schema.org","@graph":[{"@type":"Organization","@id":"https:\/\/acefootball.com\/da\/#organization","name":"Ace Football","url":"https:\/\/acefootball.com\/da\/","sameAs":["https:\/\/www.facebook.com\/acefootballdk"],"logo":{"@type":"ImageObject","@id":"https:\/\/acefootball.com\/da\/#logo","inLanguage":"en-US","url":"https:\/\/acefootball.com\/da\/wp-content\/uploads\/sites\/2\/2020\/07\/Ace-Football-30-07-2020-2.png","contentUrl":"https:\/\/acefootball.com\/da\/wp-content\/uploads\/sites\/2\/2020\/07\/Ace-Football-30-07-2020-2.png","width":1200,"height":600,"caption":"Ace Football"},"image":{"@id":"https:\/\/acefootball.com\/da\/#logo"}},{"@type":"WebSite","@id":"https:\/\/acefootball.com\/da\/#website","url":"https:\/\/acefootball.com\/da\/","name":"Ace Football Danmark","description":"Nyheder, Spiltips &amp; Livescore","publisher":{"@id":"https:\/\/acefootball.com\/da\/#organization"},"potentialAction":[{"@type":"SearchAction","target":{"@type":"EntryPoint","urlTemplate":"https:\/\/acefootball.com\/da\/?s={search_term_string}"},"query-input":"required name=search_term_string"}],"inLanguage":"en-US"},{"@type":"ImageObject","@id":"https:\/\/acefootball.com\/da\/fodboldnyheder\/falk-om-staale-fyring-det-aabner-for-nye-muligheder\/#primaryimage","inLanguage":"en-US","url":"https:\/\/acefootball.com\/da\/wp-content\/uploads\/sites\/2\/2020\/10\/GettyImages-1228616281.jpg","contentUrl":"https:\/\/acefootball.com\/da\/wp-content\/uploads\/sites\/2\/2020\/10\/GettyImages-1228616281.jpg","width":1024,"height":683,"caption":"COPENHAGEN, DENMARK - SEPTEMBER 20: Rasmus Falk of FC Copenhagen and Hjortur Hermannsson of Brondby IF compete for the ball during the Danish 3F Superliga match between FC Copenhagen and Brondby IF at Parken on September 20, 2020 in Copenhagen, Denmark. (Photo by Lars Ronbog \/ FrontZoneSport via Getty Images)"},{"@type":"WebPage","@id":"https:\/\/acefootball.com\/da\/fodboldnyheder\/falk-om-staale-fyring-det-aabner-for-nye-muligheder\/#webpage","url":"https:\/\/acefootball.com\/da\/fodboldnyheder\/falk-om-staale-fyring-det-aabner-for-nye-muligheder\/","name":"Falk om St\u00e5le-fyring: Det \u00e5bner for nye muligheder","isPartOf":{"@id":"https:\/\/acefootball.com\/da\/#website"},"primaryImageOfPage":{"@id":"https:\/\/acefootball.com\/da\/fodboldnyheder\/falk-om-staale-fyring-det-aabner-for-nye-muligheder\/#primaryimage"},"datePublished":"2020-10-11T16:52:08+00:00","dateModified":"2020-10-11T16:52:08+00:00","description":"If\u00f8lge Rasmus Falk har truppen i FC K\u00f8benhavn pligt til at se fremad efter l\u00f8rdagens overraskende fyring af St\u00e5le Solbakken","breadcrumb":{"@id":"https:\/\/acefootball.com\/da\/fodboldnyheder\/falk-om-staale-fyring-det-aabner-for-nye-muligheder\/#breadcrumb"},"inLanguage":"en-US","potentialAction":[{"@type":"ReadAction","target":["https:\/\/acefootball.com\/da\/fodboldnyheder\/falk-om-staale-fyring-det-aabner-for-nye-muligheder\/"]}]},{"@type":"BreadcrumbList","@id":"https:\/\/acefootball.com\/da\/fodboldnyheder\/falk-om-staale-fyring-det-aabner-for-nye-muligheder\/#breadcrumb","itemListElement":[{"@type":"ListItem","position":1,"name":"Home","item":"https:\/\/acefootball.com\/da\/"},{"@type":"ListItem","position":2,"name":"Falk om St\u00e5le-fyring: Det \u00e5bner for nye muligheder"}]},{"@type":"Article","@id":"https:\/\/acefootball.com\/da\/fodboldnyheder\/falk-om-staale-fyring-det-aabner-for-nye-muligheder\/#article","isPartOf":{"@id":"https:\/\/acefootball.com\/da\/fodboldnyheder\/falk-om-staale-fyring-det-aabner-for-nye-muligheder\/#webpage"},"author":{"@id":"https:\/\/acefootball.com\/da\/#\/schema\/person\/ee67e9cf04a276f144100ffa722f10cd"},"headline":"Falk om St\u00e5le-fyring: Det \u00e5bner for nye muligheder","datePublished":"2020-10-11T16:52:08+00:00","dateModified":"2020-10-11T16:52:08+00:00","mainEntityOfPage":{"@id":"https:\/\/acefootball.com\/da\/fodboldnyheder\/falk-om-staale-fyring-det-aabner-for-nye-muligheder\/#webpage"},"wordCount":207,"commentCount":0,"publisher":{"@id":"https:\/\/acefootball.com\/da\/#organization"},"image":{"@id":"https:\/\/acefootball.com\/da\/fodboldnyheder\/falk-om-staale-fyring-det-aabner-for-nye-muligheder\/#primaryimage"},"thumbnailUrl":"https:\/\/acefootball.com\/da\/wp-content\/uploads\/sites\/2\/2020\/10\/GettyImages-1228616281.jpg","keywords":["FC K\u00f8benhavn","Rasmus Falk","Superligaen"],"articleSection":["Udtalelse"],"inLanguage":"en-US","potentialAction":[{"@type":"CommentAction","name":"Comment","target":["https:\/\/acefootball.com\/da\/fodboldnyheder\/falk-om-staale-fyring-det-aabner-for-nye-muligheder\/#respond"]}]},{"@type":"Person","@id":"https:\/\/acefootball.com\/da\/#\/schema\/person\/ee67e9cf04a276f144100ffa722f10cd","name":"Mads Dreyer","image":{"@type":"ImageObject","@id":"https:\/\/acefootball.com\/da\/#personlogo","inLanguage":"en-US","url":"https:\/\/secure.gravatar.com\/avatar\/7c7abf72cfde9902b6a60efe60c88d4c?s=96&d=mm&r=g","contentUrl":"https:\/\/secure.gravatar.com\/avatar\/7c7abf72cfde9902b6a60efe60c88d4c?s=96&d=mm&r=g","caption":"Mads Dreyer"},"description":"Skribent og fodboldn\u00f8rd, der lige nu fort\u00e6ller om alt og intet i fodboldverdenen p\u00e5 acefootball.com. Uddannet i kommunikation fra Aalborg Universitet.","sameAs":["https:\/\/www.linkedin.com\/in\/mads-dreyer-b9b08266\/"],"url":"https:\/\/acefootball.com\/da\/fodboldnyheder\/author\/mdnronaldo\/"}]}},"fimg_url":"https:\/\/acefootball.com\/da\/wp-content\/uploads\/sites\/2\/2020\/10\/GettyImages-1228616281.jpg","_links":{"self":[{"href":"https:\/\/acefootball.com\/da\/wp-json\/wp\/v2\/posts\/240004"}],"collection":[{"href":"https:\/\/acefootball.com\/da\/wp-json\/wp\/v2\/posts"}],"about":[{"href":"https:\/\/acefootball.com\/da\/wp-json\/wp\/v2\/types\/post"}],"author":[{"embeddable":true,"href":"https:\/\/acefootball.com\/da\/wp-json\/wp\/v2\/users\/705"}],"replies":[{"embeddable":true,"href":"https:\/\/acefootball.com\/da\/wp-json\/wp\/v2\/comments?post=240004"}],"version-history":[{"count":0,"href":"https:\/\/acefootball.com\/da\/wp-json\/wp\/v2\/posts\/240004\/revisions"}],"wp:featuredmedia":[{"embeddable":true,"href":"https:\/\/acefootball.com\/da\/wp-json\/wp\/v2\/media\/240005"}],"wp:attachment":[{"href":"https:\/\/acefootball.com\/da\/wp-json\/wp\/v2\/media?parent=240004"}],"wp:term":[{"taxonomy":"category","embeddable":true,"href":"https:\/\/acefootball.com\/da\/wp-json\/wp\/v2\/categories?post=240004"},{"taxonomy":"post_tag","embeddable":true,"href":"https:\/\/acefootball.com\/da\/wp-json\/wp\/v2\/tags?post=240004"}],"curies":[{"name":"wp","href":"https:\/\/api.w.org\/{rel}","templated":true}]}}