{"id":239952,"date":"2020-10-10T21:09:52","date_gmt":"2020-10-10T19:09:52","guid":{"rendered":"https:\/\/acefootball.com\/da\/?p=239952"},"modified":"2020-10-10T21:09:53","modified_gmt":"2020-10-10T19:09:53","slug":"bendtner-starter-traenerkarrieren-i-december","status":"publish","type":"post","link":"https:\/\/acefootball.com\/da\/fodboldnyheder\/bendtner-starter-traenerkarrieren-i-december\/","title":{"rendered":"Bendtner starter tr\u00e6nerkarrieren i december"},"content":{"rendered":"\n<h2 id=\"h-nicklas-bendtner-har-varslet-en-begyndende-tr-nerkarriere-og-nu-fort-ller-den-tidligere-landsholdsspiller-at-han-starter-op-i-december\">Nicklas Bendtner har varslet en begyndende tr\u00e6nerkarriere, og nu fort\u00e6ller den tidligere landsholdsspiller, at han starter op i december<\/h2>\n\n\n\n<p>Efter bruddet med FC K\u00f8benhavn sidste \u00e5r fortalte Nicklas Bendtner, at han noget overraskende havde planer om at starte en tr\u00e6nerkarriere op.<\/p>\n\n\n\n<p>Og det er noget, den tidligere landsholdsbomber har t\u00e6nkt sig at g\u00f8re alvor af. Der venter nemlig et tr\u00e6nerkursus i december.<\/p>\n\n\n\n<p>&#8220;Det er mine ambitioner lige nu, og jeg begynder p\u00e5 et tr\u00e6nerkursus i december. Jeg skal have taget eksamenerne f\u00f8rst, men jeg har heldigvis mange gode venner i fodboldverdenen, som jeg kan l\u00e6re af,&#8221; udtaler Bendtner til <a href=\"https:\/\/www.theguardian.com\/football\/2020\/oct\/09\/nicklas-bendtner-i-became-too-fond-of-the-lifestyle-that-came-with-the-money\" target=\"_blank\" rel=\"noreferrer noopener\">The Guardian<\/a>.<\/p>\n\n\n\n<figure class=\"wp-block-embed-wordpress wp-block-embed is-type-wp-embed is-provider-ace-football-danmark\"><div class=\"wp-block-embed__wrapper\">\n<blockquote class=\"wp-embedded-content\" data-secret=\"q6G1svlHVt\"><a href=\"https:\/\/acefootball.com\/da\/fodboldnyheder\/bendtner-langer-ud-efter-fck-han-fik-tre-fire-gange-saa-meget-tillid-som-mig\/\">Bendtner langer ud efter FCK: Han fik tre-fire gange s\u00e5 meget tillid som mig<\/a><\/blockquote><iframe class=\"wp-embedded-content\" sandbox=\"allow-scripts\" security=\"restricted\" style=\"position: absolute; clip: rect(1px, 1px, 1px, 1px);\" title=\"&#8220;Bendtner langer ud efter FCK: Han fik tre-fire gange s\u00e5 meget tillid som mig&#8221; &#8212; Ace Football Danmark\" src=\"https:\/\/acefootball.com\/da\/fodboldnyheder\/bendtner-langer-ud-efter-fck-han-fik-tre-fire-gange-saa-meget-tillid-som-mig\/embed\/#?secret=q6G1svlHVt\" data-secret=\"q6G1svlHVt\" width=\"600\" height=\"338\" frameborder=\"0\" marginwidth=\"0\" marginheight=\"0\" scrolling=\"no\"><\/iframe>\n<\/div><\/figure>\n\n\n\n<p>Mange har tvivlet p\u00e5 den farverige stjernes kvaliteter som tr\u00e6ner, men Bendtner mener, at han har visse erfaringer, der kan v\u00e6re med til at lede unge spillere p\u00e5 rette vej.<\/p>\n\n\n\n<p>&#8220;Jeg tror, det bliver \u00e9n af mine styrker. Jeg har en god forst\u00e5else for, hvor folk er i deres liv, da jeg selv har pr\u00f8vet det. Jeg er ogs\u00e5 heldig at have spillet under gode tr\u00e6nere, s\u00e5 p\u00e5 nogle m\u00e5der er jeg m\u00e5ske et skridt foran.&#8221;<\/p>\n\n\n\n<p>32-\u00e5rige Nicklas Bendtner har endnu ikke helt lagt st\u00f8vlerne p\u00e5 hylden, men der er droslet gevaldigt ned. Han er s\u00e5ledes blevet en del af <a href=\"https:\/\/acefootball.com\/da\/fodboldnyheder\/nicklas-bendtner-skal-spille-old-boys\/\">Old Boys-holdet i barndomsklubben T\u00e5rnby FF<\/a>.<\/p>\n","protected":false},"excerpt":{"rendered":"<p>Nicklas Bendtner har varslet en begyndende tr\u00e6nerkarriere, og nu fort\u00e6ller den tidligere landsholdsspiller, at han starter op i december<\/p>\n","protected":false},"author":705,"featured_media":236783,"comment_status":"open","ping_status":"closed","sticky":false,"template":"","format":"standard","meta":{"om_disable_all_campaigns":false,"push_articles_ronaldo":{"active":false,"canonical":0,"publish":false},"force_updates":null},"categories":[8204],"tags":[232],"enet_tags":{"player":["36410"],"sport_events":[]},"yoast_head":"<!-- This site is optimized with the Yoast SEO plugin v18.3 - https:\/\/yoast.com\/wordpress\/plugins\/seo\/ -->\n<title>Bendtner starter tr\u00e6nerkarrieren i december<\/title>\n<meta name=\"description\" content=\"Nicklas Bendtner har varslet en begyndende tr\u00e6nerkarriere, og nu fort\u00e6ller den tidligere landsholdsspiller, at han starter op i december\" \/>\n<meta name=\"robots\" content=\"index, follow, max-snippet:-1, max-image-preview:large, max-video-preview:-1\" \/>\n<link rel=\"canonical\" href=\"https:\/\/acefootball.com\/da\/fodboldnyheder\/bendtner-starter-traenerkarrieren-i-december\/\" \/>\n<meta property=\"og:locale\" content=\"en_US\" \/>\n<meta property=\"og:type\" content=\"article\" \/>\n<meta property=\"og:title\" content=\"Bendtner starter tr\u00e6nerkarrieren i december\" \/>\n<meta property=\"og:description\" content=\"Nicklas Bendtner har varslet en begyndende tr\u00e6nerkarriere, og nu fort\u00e6ller den tidligere landsholdsspiller, at han starter op i december\" \/>\n<meta property=\"og:url\" content=\"https:\/\/acefootball.com\/da\/fodboldnyheder\/bendtner-starter-traenerkarrieren-i-december\/\" \/>\n<meta property=\"og:site_name\" content=\"Ace Football Danmark\" \/>\n<meta property=\"article:publisher\" content=\"https:\/\/www.facebook.com\/acefootballdk\" \/>\n<meta property=\"article:published_time\" content=\"2020-10-10T19:09:52+00:00\" \/>\n<meta property=\"article:modified_time\" content=\"2020-10-10T19:09:53+00:00\" \/>\n<meta property=\"og:image\" content=\"https:\/\/acefootball.com\/da\/wp-content\/uploads\/sites\/2\/2020\/09\/GettyImages-872925126.jpg\" \/>\n\t<meta property=\"og:image:width\" content=\"1024\" \/>\n\t<meta property=\"og:image:height\" content=\"683\" \/>\n\t<meta property=\"og:image:type\" content=\"image\/jpeg\" \/>\n<meta name=\"twitter:card\" content=\"summary_large_image\" \/>\n<meta name=\"twitter:label1\" content=\"Written by\" \/>\n\t<meta name=\"twitter:data1\" content=\"Mads Dreyer\" \/>\n\t<meta name=\"twitter:label2\" content=\"Est. reading time\" \/>\n\t<meta name=\"twitter:data2\" content=\"1 minute\" \/>\n<script type=\"application\/ld+json\" class=\"yoast-schema-graph\">{\"@context\":\"https:\/\/schema.org\",\"@graph\":[{\"@type\":\"Organization\",\"@id\":\"https:\/\/acefootball.com\/da\/#organization\",\"name\":\"Ace Football\",\"url\":\"https:\/\/acefootball.com\/da\/\",\"sameAs\":[\"https:\/\/www.facebook.com\/acefootballdk\"],\"logo\":{\"@type\":\"ImageObject\",\"@id\":\"https:\/\/acefootball.com\/da\/#logo\",\"inLanguage\":\"en-US\",\"url\":\"https:\/\/acefootball.com\/da\/wp-content\/uploads\/sites\/2\/2020\/07\/Ace-Football-30-07-2020-2.png\",\"contentUrl\":\"https:\/\/acefootball.com\/da\/wp-content\/uploads\/sites\/2\/2020\/07\/Ace-Football-30-07-2020-2.png\",\"width\":1200,\"height\":600,\"caption\":\"Ace Football\"},\"image\":{\"@id\":\"https:\/\/acefootball.com\/da\/#logo\"}},{\"@type\":\"WebSite\",\"@id\":\"https:\/\/acefootball.com\/da\/#website\",\"url\":\"https:\/\/acefootball.com\/da\/\",\"name\":\"Ace Football Danmark\",\"description\":\"Nyheder, Spiltips &amp; Livescore\",\"publisher\":{\"@id\":\"https:\/\/acefootball.com\/da\/#organization\"},\"potentialAction\":[{\"@type\":\"SearchAction\",\"target\":{\"@type\":\"EntryPoint\",\"urlTemplate\":\"https:\/\/acefootball.com\/da\/?s={search_term_string}\"},\"query-input\":\"required name=search_term_string\"}],\"inLanguage\":\"en-US\"},{\"@type\":\"ImageObject\",\"@id\":\"https:\/\/acefootball.com\/da\/fodboldnyheder\/bendtner-starter-traenerkarrieren-i-december\/#primaryimage\",\"inLanguage\":\"en-US\",\"url\":\"https:\/\/acefootball.com\/da\/wp-content\/uploads\/sites\/2\/2020\/09\/GettyImages-872925126.jpg\",\"contentUrl\":\"https:\/\/acefootball.com\/da\/wp-content\/uploads\/sites\/2\/2020\/09\/GettyImages-872925126.jpg\",\"width\":1024,\"height\":683,\"caption\":\"COPENHAGEN, DENMARK - NOVEMBER 11: Nicklas Bendtner of Denmark looks on during the FIFA 2018 World Cup Qualifier Play-Off: First Leg between Denmark and Republic of Ireland at Telia Parken on November 11, 2017 in Copenhagen, . (Photo by Catherine Ivill\/Getty Images)\"},{\"@type\":\"WebPage\",\"@id\":\"https:\/\/acefootball.com\/da\/fodboldnyheder\/bendtner-starter-traenerkarrieren-i-december\/#webpage\",\"url\":\"https:\/\/acefootball.com\/da\/fodboldnyheder\/bendtner-starter-traenerkarrieren-i-december\/\",\"name\":\"Bendtner starter tr\u00e6nerkarrieren i december\",\"isPartOf\":{\"@id\":\"https:\/\/acefootball.com\/da\/#website\"},\"primaryImageOfPage\":{\"@id\":\"https:\/\/acefootball.com\/da\/fodboldnyheder\/bendtner-starter-traenerkarrieren-i-december\/#primaryimage\"},\"datePublished\":\"2020-10-10T19:09:52+00:00\",\"dateModified\":\"2020-10-10T19:09:53+00:00\",\"description\":\"Nicklas Bendtner har varslet en begyndende tr\u00e6nerkarriere, og nu fort\u00e6ller den tidligere landsholdsspiller, at han starter op i december\",\"breadcrumb\":{\"@id\":\"https:\/\/acefootball.com\/da\/fodboldnyheder\/bendtner-starter-traenerkarrieren-i-december\/#breadcrumb\"},\"inLanguage\":\"en-US\",\"potentialAction\":[{\"@type\":\"ReadAction\",\"target\":[\"https:\/\/acefootball.com\/da\/fodboldnyheder\/bendtner-starter-traenerkarrieren-i-december\/\"]}]},{\"@type\":\"BreadcrumbList\",\"@id\":\"https:\/\/acefootball.com\/da\/fodboldnyheder\/bendtner-starter-traenerkarrieren-i-december\/#breadcrumb\",\"itemListElement\":[{\"@type\":\"ListItem\",\"position\":1,\"name\":\"Home\",\"item\":\"https:\/\/acefootball.com\/da\/\"},{\"@type\":\"ListItem\",\"position\":2,\"name\":\"Bendtner starter tr\u00e6nerkarrieren i december\"}]},{\"@type\":\"Article\",\"@id\":\"https:\/\/acefootball.com\/da\/fodboldnyheder\/bendtner-starter-traenerkarrieren-i-december\/#article\",\"isPartOf\":{\"@id\":\"https:\/\/acefootball.com\/da\/fodboldnyheder\/bendtner-starter-traenerkarrieren-i-december\/#webpage\"},\"author\":{\"@id\":\"https:\/\/acefootball.com\/da\/#\/schema\/person\/ee67e9cf04a276f144100ffa722f10cd\"},\"headline\":\"Bendtner starter tr\u00e6nerkarrieren i december\",\"datePublished\":\"2020-10-10T19:09:52+00:00\",\"dateModified\":\"2020-10-10T19:09:53+00:00\",\"mainEntityOfPage\":{\"@id\":\"https:\/\/acefootball.com\/da\/fodboldnyheder\/bendtner-starter-traenerkarrieren-i-december\/#webpage\"},\"wordCount\":240,\"commentCount\":0,\"publisher\":{\"@id\":\"https:\/\/acefootball.com\/da\/#organization\"},\"image\":{\"@id\":\"https:\/\/acefootball.com\/da\/fodboldnyheder\/bendtner-starter-traenerkarrieren-i-december\/#primaryimage\"},\"thumbnailUrl\":\"https:\/\/acefootball.com\/da\/wp-content\/uploads\/sites\/2\/2020\/09\/GettyImages-872925126.jpg\",\"keywords\":[\"Nicklas Bendtner\"],\"articleSection\":[\"Udtalelse\"],\"inLanguage\":\"en-US\",\"potentialAction\":[{\"@type\":\"CommentAction\",\"name\":\"Comment\",\"target\":[\"https:\/\/acefootball.com\/da\/fodboldnyheder\/bendtner-starter-traenerkarrieren-i-december\/#respond\"]}]},{\"@type\":\"Person\",\"@id\":\"https:\/\/acefootball.com\/da\/#\/schema\/person\/ee67e9cf04a276f144100ffa722f10cd\",\"name\":\"Mads Dreyer\",\"image\":{\"@type\":\"ImageObject\",\"@id\":\"https:\/\/acefootball.com\/da\/#personlogo\",\"inLanguage\":\"en-US\",\"url\":\"https:\/\/secure.gravatar.com\/avatar\/7c7abf72cfde9902b6a60efe60c88d4c?s=96&d=mm&r=g\",\"contentUrl\":\"https:\/\/secure.gravatar.com\/avatar\/7c7abf72cfde9902b6a60efe60c88d4c?s=96&d=mm&r=g\",\"caption\":\"Mads Dreyer\"},\"description\":\"Skribent og fodboldn\u00f8rd, der lige nu fort\u00e6ller om alt og intet i fodboldverdenen p\u00e5 acefootball.com. Uddannet i kommunikation fra Aalborg Universitet.\",\"sameAs\":[\"https:\/\/www.linkedin.com\/in\/mads-dreyer-b9b08266\/\"],\"url\":\"https:\/\/acefootball.com\/da\/fodboldnyheder\/author\/mdnronaldo\/\"}]}<\/script>\n<!-- \/ Yoast SEO plugin. -->","yoast_head_json":{"title":"Bendtner starter tr\u00e6nerkarrieren i december","description":"Nicklas Bendtner har varslet en begyndende tr\u00e6nerkarriere, og nu fort\u00e6ller den tidligere landsholdsspiller, at han starter op i december","robots":{"index":"index","follow":"follow","max-snippet":"max-snippet:-1","max-image-preview":"max-image-preview:large","max-video-preview":"max-video-preview:-1"},"canonical":"https:\/\/acefootball.com\/da\/fodboldnyheder\/bendtner-starter-traenerkarrieren-i-december\/","og_locale":"en_US","og_type":"article","og_title":"Bendtner starter tr\u00e6nerkarrieren i december","og_description":"Nicklas Bendtner har varslet en begyndende tr\u00e6nerkarriere, og nu fort\u00e6ller den tidligere landsholdsspiller, at han starter op i december","og_url":"https:\/\/acefootball.com\/da\/fodboldnyheder\/bendtner-starter-traenerkarrieren-i-december\/","og_site_name":"Ace Football Danmark","article_publisher":"https:\/\/www.facebook.com\/acefootballdk","article_published_time":"2020-10-10T19:09:52+00:00","article_modified_time":"2020-10-10T19:09:53+00:00","og_image":[{"width":1024,"height":683,"url":"https:\/\/acefootball.com\/da\/wp-content\/uploads\/sites\/2\/2020\/09\/GettyImages-872925126.jpg","type":"image\/jpeg"}],"twitter_card":"summary_large_image","twitter_misc":{"Written by":"Mads Dreyer","Est. reading time":"1 minute"},"schema":{"@context":"https:\/\/schema.org","@graph":[{"@type":"Organization","@id":"https:\/\/acefootball.com\/da\/#organization","name":"Ace Football","url":"https:\/\/acefootball.com\/da\/","sameAs":["https:\/\/www.facebook.com\/acefootballdk"],"logo":{"@type":"ImageObject","@id":"https:\/\/acefootball.com\/da\/#logo","inLanguage":"en-US","url":"https:\/\/acefootball.com\/da\/wp-content\/uploads\/sites\/2\/2020\/07\/Ace-Football-30-07-2020-2.png","contentUrl":"https:\/\/acefootball.com\/da\/wp-content\/uploads\/sites\/2\/2020\/07\/Ace-Football-30-07-2020-2.png","width":1200,"height":600,"caption":"Ace Football"},"image":{"@id":"https:\/\/acefootball.com\/da\/#logo"}},{"@type":"WebSite","@id":"https:\/\/acefootball.com\/da\/#website","url":"https:\/\/acefootball.com\/da\/","name":"Ace Football Danmark","description":"Nyheder, Spiltips &amp; Livescore","publisher":{"@id":"https:\/\/acefootball.com\/da\/#organization"},"potentialAction":[{"@type":"SearchAction","target":{"@type":"EntryPoint","urlTemplate":"https:\/\/acefootball.com\/da\/?s={search_term_string}"},"query-input":"required name=search_term_string"}],"inLanguage":"en-US"},{"@type":"ImageObject","@id":"https:\/\/acefootball.com\/da\/fodboldnyheder\/bendtner-starter-traenerkarrieren-i-december\/#primaryimage","inLanguage":"en-US","url":"https:\/\/acefootball.com\/da\/wp-content\/uploads\/sites\/2\/2020\/09\/GettyImages-872925126.jpg","contentUrl":"https:\/\/acefootball.com\/da\/wp-content\/uploads\/sites\/2\/2020\/09\/GettyImages-872925126.jpg","width":1024,"height":683,"caption":"COPENHAGEN, DENMARK - NOVEMBER 11: Nicklas Bendtner of Denmark looks on during the FIFA 2018 World Cup Qualifier Play-Off: First Leg between Denmark and Republic of Ireland at Telia Parken on November 11, 2017 in Copenhagen, . (Photo by Catherine Ivill\/Getty Images)"},{"@type":"WebPage","@id":"https:\/\/acefootball.com\/da\/fodboldnyheder\/bendtner-starter-traenerkarrieren-i-december\/#webpage","url":"https:\/\/acefootball.com\/da\/fodboldnyheder\/bendtner-starter-traenerkarrieren-i-december\/","name":"Bendtner starter tr\u00e6nerkarrieren i december","isPartOf":{"@id":"https:\/\/acefootball.com\/da\/#website"},"primaryImageOfPage":{"@id":"https:\/\/acefootball.com\/da\/fodboldnyheder\/bendtner-starter-traenerkarrieren-i-december\/#primaryimage"},"datePublished":"2020-10-10T19:09:52+00:00","dateModified":"2020-10-10T19:09:53+00:00","description":"Nicklas Bendtner har varslet en begyndende tr\u00e6nerkarriere, og nu fort\u00e6ller den tidligere landsholdsspiller, at han starter op i december","breadcrumb":{"@id":"https:\/\/acefootball.com\/da\/fodboldnyheder\/bendtner-starter-traenerkarrieren-i-december\/#breadcrumb"},"inLanguage":"en-US","potentialAction":[{"@type":"ReadAction","target":["https:\/\/acefootball.com\/da\/fodboldnyheder\/bendtner-starter-traenerkarrieren-i-december\/"]}]},{"@type":"BreadcrumbList","@id":"https:\/\/acefootball.com\/da\/fodboldnyheder\/bendtner-starter-traenerkarrieren-i-december\/#breadcrumb","itemListElement":[{"@type":"ListItem","position":1,"name":"Home","item":"https:\/\/acefootball.com\/da\/"},{"@type":"ListItem","position":2,"name":"Bendtner starter tr\u00e6nerkarrieren i december"}]},{"@type":"Article","@id":"https:\/\/acefootball.com\/da\/fodboldnyheder\/bendtner-starter-traenerkarrieren-i-december\/#article","isPartOf":{"@id":"https:\/\/acefootball.com\/da\/fodboldnyheder\/bendtner-starter-traenerkarrieren-i-december\/#webpage"},"author":{"@id":"https:\/\/acefootball.com\/da\/#\/schema\/person\/ee67e9cf04a276f144100ffa722f10cd"},"headline":"Bendtner starter tr\u00e6nerkarrieren i december","datePublished":"2020-10-10T19:09:52+00:00","dateModified":"2020-10-10T19:09:53+00:00","mainEntityOfPage":{"@id":"https:\/\/acefootball.com\/da\/fodboldnyheder\/bendtner-starter-traenerkarrieren-i-december\/#webpage"},"wordCount":240,"commentCount":0,"publisher":{"@id":"https:\/\/acefootball.com\/da\/#organization"},"image":{"@id":"https:\/\/acefootball.com\/da\/fodboldnyheder\/bendtner-starter-traenerkarrieren-i-december\/#primaryimage"},"thumbnailUrl":"https:\/\/acefootball.com\/da\/wp-content\/uploads\/sites\/2\/2020\/09\/GettyImages-872925126.jpg","keywords":["Nicklas Bendtner"],"articleSection":["Udtalelse"],"inLanguage":"en-US","potentialAction":[{"@type":"CommentAction","name":"Comment","target":["https:\/\/acefootball.com\/da\/fodboldnyheder\/bendtner-starter-traenerkarrieren-i-december\/#respond"]}]},{"@type":"Person","@id":"https:\/\/acefootball.com\/da\/#\/schema\/person\/ee67e9cf04a276f144100ffa722f10cd","name":"Mads Dreyer","image":{"@type":"ImageObject","@id":"https:\/\/acefootball.com\/da\/#personlogo","inLanguage":"en-US","url":"https:\/\/secure.gravatar.com\/avatar\/7c7abf72cfde9902b6a60efe60c88d4c?s=96&d=mm&r=g","contentUrl":"https:\/\/secure.gravatar.com\/avatar\/7c7abf72cfde9902b6a60efe60c88d4c?s=96&d=mm&r=g","caption":"Mads Dreyer"},"description":"Skribent og fodboldn\u00f8rd, der lige nu fort\u00e6ller om alt og intet i fodboldverdenen p\u00e5 acefootball.com. Uddannet i kommunikation fra Aalborg Universitet.","sameAs":["https:\/\/www.linkedin.com\/in\/mads-dreyer-b9b08266\/"],"url":"https:\/\/acefootball.com\/da\/fodboldnyheder\/author\/mdnronaldo\/"}]}},"fimg_url":"https:\/\/acefootball.com\/da\/wp-content\/uploads\/sites\/2\/2020\/09\/GettyImages-872925126.jpg","_links":{"self":[{"href":"https:\/\/acefootball.com\/da\/wp-json\/wp\/v2\/posts\/239952"}],"collection":[{"href":"https:\/\/acefootball.com\/da\/wp-json\/wp\/v2\/posts"}],"about":[{"href":"https:\/\/acefootball.com\/da\/wp-json\/wp\/v2\/types\/post"}],"author":[{"embeddable":true,"href":"https:\/\/acefootball.com\/da\/wp-json\/wp\/v2\/users\/705"}],"replies":[{"embeddable":true,"href":"https:\/\/acefootball.com\/da\/wp-json\/wp\/v2\/comments?post=239952"}],"version-history":[{"count":0,"href":"https:\/\/acefootball.com\/da\/wp-json\/wp\/v2\/posts\/239952\/revisions"}],"wp:featuredmedia":[{"embeddable":true,"href":"https:\/\/acefootball.com\/da\/wp-json\/wp\/v2\/media\/236783"}],"wp:attachment":[{"href":"https:\/\/acefootball.com\/da\/wp-json\/wp\/v2\/media?parent=239952"}],"wp:term":[{"taxonomy":"category","embeddable":true,"href":"https:\/\/acefootball.com\/da\/wp-json\/wp\/v2\/categories?post=239952"},{"taxonomy":"post_tag","embeddable":true,"href":"https:\/\/acefootball.com\/da\/wp-json\/wp\/v2\/tags?post=239952"}],"curies":[{"name":"wp","href":"https:\/\/api.w.org\/{rel}","templated":true}]}}