{"id":239896,"date":"2020-10-10T11:59:16","date_gmt":"2020-10-10T09:59:16","guid":{"rendered":"https:\/\/acefootball.com\/da\/?p=239896"},"modified":"2020-10-10T12:05:00","modified_gmt":"2020-10-10T10:05:00","slug":"efter-staales-exit-fem-bud-paa-fc-koebenhavns-kommende-cheftraener","status":"publish","type":"post","link":"https:\/\/acefootball.com\/da\/fodboldnyheder\/efter-staales-exit-fem-bud-paa-fc-koebenhavns-kommende-cheftraener\/","title":{"rendered":"Efter St\u00e5les exit: Fem bud p\u00e5 FC K\u00f8benhavns kommende cheftr\u00e6ner"},"content":{"rendered":"\n<h2 id=\"h-fc-k-benhavn-skal-p-jagt-efter-en-ny-cheftr-ner-og-nedenfor-giver-vi-nogle-bud-p-hvem-l-verne-vil-have-i-kikkerten\">FC K\u00f8benhavn skal p\u00e5 jagt efter en ny cheftr\u00e6ner, og nedenfor giver vi nogle bud p\u00e5, hvem L\u00f8verne vil have i kikkerten <\/h2>\n\n\n\n<p>St\u00e5le Solbakken har i en l\u00e6ngere \u00e5rr\u00e6kke v\u00e6ret synonym med FC K\u00f8benhavn, men efter et sl\u00f8jt 2020 i Superligaen og en misset Europa League-kvalifikation, blev nordmanden l\u00f8rdag fyret.<\/p>\n\n\n\n<p>Hjalte Bo N\u00f8rregaard og William Kvist er i n\u00f8dens stund blevet tildelt hvervet at skulle lede klubben, indtil en permanent cheftr\u00e6ner er fundet.<\/p>\n\n\n\n<p>Men hvem g\u00e5r mon hen og bliver den kommende, permanente cheftr\u00e6ner i FC K\u00f8benhavn? Herunder giver vi fem bud p\u00e5 tr\u00e6nerprofiler, som kan komme i spil.<\/p>\n\n\n\n<h3 id=\"h-den-oplagte\">Den oplagte <\/h3>\n\n\n<!DOCTYPE html PUBLIC \"-\/\/W3C\/\/DTD HTML 4.0 Transitional\/\/EN\" \"http:\/\/www.w3.org\/TR\/REC-html40\/loose.dtd\">\n<html><head><meta http-equiv=\"Content-Type\" content=\"text\/html; charset=UTF-8\"><\/head><body>\n<figure class=\"wp-block-image size-large\"><img loading=\"lazy\" width=\"1024\" height=\"683\" src=\"https:\/\/acefootball.com\/da\/wp-content\/uploads\/sites\/2\/2020\/10\/GettyImages-1225972433.jpg\" alt=\"\" class=\"wp-image-239897\" srcset=\"https:\/\/acefootball.com\/da\/wp-content\/uploads\/sites\/2\/2020\/10\/GettyImages-1225972433.jpg 1024w, https:\/\/acefootball.com\/da\/wp-content\/uploads\/sites\/2\/2020\/10\/GettyImages-1225972433-300x200.jpg 300w, https:\/\/acefootball.com\/da\/wp-content\/uploads\/sites\/2\/2020\/10\/GettyImages-1225972433-768x512.jpg 768w\" sizes=\"(max-width: 1024px) 100vw, 1024px\" \/><figcaption class=\"wp-block-image-caption\">Getty Images<\/figcaption><\/figure>\n<\/body><\/html>\n\n\n\n<p>Den nuv\u00e6rende cheftr\u00e6ner i AGF, <strong>David Nielsen<\/strong>, er umiddelbart det bedste bud p\u00e5 en kommende lederskikkelse i FC K\u00f8benhavn.<\/p>\n\n\n\n<p>Som aktiv spiller repr\u00e6senterede han faktisk L\u00f8verne fra 1997-2001, og derfor besidder han ogs\u00e5 et vist kendskab til klubben og dens infrastruktur. <\/p>\n\n\n\n<p>Sp\u00f8rgsm\u00e5let er dog, om det vil lykkes FC K\u00f8benhavn at lokke Nielsen ud af AGF&#8217;s kl\u00f8er. De Hviies cheftr\u00e6ner har nemlig f\u00e5et bygget noget unikt op i \u00c5rhus, og m\u00e5ske han gerne vil se, hvor langt han kan drive projektet. <\/p>\n\n\n\n<p>Ikke desto mindre kan det v\u00e6re meget sv\u00e6rt at sige nej til en klub som FCK.<\/p>\n\n\n\n<h3 id=\"h-den-uambiti-se\">Den uambiti\u00f8se<\/h3>\n\n\n<!DOCTYPE html PUBLIC \"-\/\/W3C\/\/DTD HTML 4.0 Transitional\/\/EN\" \"http:\/\/www.w3.org\/TR\/REC-html40\/loose.dtd\">\n<html><head><meta http-equiv=\"Content-Type\" content=\"text\/html; charset=UTF-8\"><\/head><body>\n<figure class=\"wp-block-image size-large\"><img loading=\"lazy\" width=\"1024\" height=\"682\" src=\"https:\/\/acefootball.com\/da\/wp-content\/uploads\/sites\/2\/2020\/10\/GettyImages-455269368.jpg\" alt=\"\" class=\"wp-image-239900\" srcset=\"https:\/\/acefootball.com\/da\/wp-content\/uploads\/sites\/2\/2020\/10\/GettyImages-455269368.jpg 1024w, https:\/\/acefootball.com\/da\/wp-content\/uploads\/sites\/2\/2020\/10\/GettyImages-455269368-300x200.jpg 300w, https:\/\/acefootball.com\/da\/wp-content\/uploads\/sites\/2\/2020\/10\/GettyImages-455269368-768x512.jpg 768w, https:\/\/acefootball.com\/da\/wp-content\/uploads\/sites\/2\/2020\/10\/GettyImages-455269368-295x195.jpg 295w\" sizes=\"(max-width: 1024px) 100vw, 1024px\" \/><figcaption class=\"wp-block-image-caption\">Getty Images<\/figcaption><\/figure>\n<\/body><\/html>\n\n\n\n<p><strong>Hjalte Bo N\u00f8rregaard <\/strong>har som n\u00e6vnt overtaget styringen med FC K\u00f8benhavn p\u00e5 midlertidig basis, men det er slet ikke ut\u00e6nkeligt, at den aftale kan blive omdannet til en permanent en af slagsen, hvis der kommer succes p\u00e5 gr\u00f8nsv\u00e6ren. <\/p>\n\n\n\n<p>Sp\u00f8rgsm\u00e5let er dog, om N\u00f8rregaard har gennemslagskraft nok til at v\u00e6re frontfigur i en storklub som FC K\u00f8benhavn.<\/p>\n\n\n\n<p>Han har tidligere spillet i klubben og har senest fungeret som U19-holdets cheftr\u00e6ner. Derfor kender han klubben ind og ud, men om det er nok til en permanent ans\u00e6ttelse m\u00e5 tiden vise. <\/p>\n\n\n\n<h3 id=\"h-langskuddet\">Langskuddet<\/h3>\n\n\n<!DOCTYPE html PUBLIC \"-\/\/W3C\/\/DTD HTML 4.0 Transitional\/\/EN\" \"http:\/\/www.w3.org\/TR\/REC-html40\/loose.dtd\">\n<html><head><meta http-equiv=\"Content-Type\" content=\"text\/html; charset=UTF-8\"><\/head><body>\n<figure class=\"wp-block-image size-large\"><img loading=\"lazy\" width=\"1024\" height=\"784\" src=\"https:\/\/acefootball.com\/da\/wp-content\/uploads\/sites\/2\/2020\/10\/GettyImages-476292944.jpg\" alt=\"\" class=\"wp-image-239902\" srcset=\"https:\/\/acefootball.com\/da\/wp-content\/uploads\/sites\/2\/2020\/10\/GettyImages-476292944.jpg 1024w, https:\/\/acefootball.com\/da\/wp-content\/uploads\/sites\/2\/2020\/10\/GettyImages-476292944-300x230.jpg 300w, https:\/\/acefootball.com\/da\/wp-content\/uploads\/sites\/2\/2020\/10\/GettyImages-476292944-768x588.jpg 768w\" sizes=\"(max-width: 1024px) 100vw, 1024px\" \/><figcaption class=\"wp-block-image-caption\">Getty Images<\/figcaption><\/figure>\n<\/body><\/html>\n\n\n\n<p>I \u00f8jeblikket er<strong> Christian Poulsen<\/strong> fungerende assistenttr\u00e6ner i Ajax, og den tidligere danske landsholdsspiller har derfor et ganske godt renom\u00e9.<\/p>\n\n\n\n<p>Han har en fortid som spiller i FC K\u00f8benhavn og har derfor det FC K\u00f8benhavn-DNA, som bestyrelsesformand Bo Rygaard s\u00e5 gerne vil have, at klubbens cheftr\u00e6ner skal besidde.<\/p>\n\n\n\n<p>M\u00e5ske det kan blive sv\u00e6rt for FC K\u00f8benhavn at hive Poulsen v\u00e6k fra Ajax, men det vil til geng\u00e6ld give ham muligheden for at f\u00e5 et cheftr\u00e6nerjob i en stor klub. <\/p>\n\n\n\n<h3 id=\"h-den-sjove-men-usandsynlige\">Den sjove, men usandsynlige<\/h3>\n\n\n<!DOCTYPE html PUBLIC \"-\/\/W3C\/\/DTD HTML 4.0 Transitional\/\/EN\" \"http:\/\/www.w3.org\/TR\/REC-html40\/loose.dtd\">\n<html><head><meta http-equiv=\"Content-Type\" content=\"text\/html; charset=UTF-8\"><\/head><body>\n<figure class=\"wp-block-image size-large\"><img loading=\"lazy\" width=\"1024\" height=\"660\" src=\"https:\/\/acefootball.com\/da\/wp-content\/uploads\/sites\/2\/2020\/10\/GettyImages-1216816825-1.jpg\" alt=\"\" class=\"wp-image-239899\" srcset=\"https:\/\/acefootball.com\/da\/wp-content\/uploads\/sites\/2\/2020\/10\/GettyImages-1216816825-1.jpg 1024w, https:\/\/acefootball.com\/da\/wp-content\/uploads\/sites\/2\/2020\/10\/GettyImages-1216816825-1-300x193.jpg 300w, https:\/\/acefootball.com\/da\/wp-content\/uploads\/sites\/2\/2020\/10\/GettyImages-1216816825-1-768x495.jpg 768w\" sizes=\"(max-width: 1024px) 100vw, 1024px\" \/><figcaption class=\"wp-block-image-caption\">Getty Images<\/figcaption><\/figure>\n<\/body><\/html>\n\n\n\n<p><strong>Bo Henriksen<\/strong> form\u00e5ede at skabe et stabilt fundament i AC Horsens p\u00e5 trods af et yderst skrabet \u00f8konomisk r\u00e5derum.<\/p>\n\n\n\n<p>I sommer forlod han dog klubben og har siden da fungeret som tv-ekspert og kommentator p\u00e5 kampe fra Superligaen. <\/p>\n\n\n\n<p>Henriksen er dog nok ikke f\u00e6rdig som cheftr\u00e6ner og ville uden tvivl v\u00e6re interesseret i jobbet som FCK-tr\u00e6ner. Om L\u00f8verne vil v\u00e6re lige s\u00e5 interesseret er til geng\u00e6ld yderst tvivlsomt.<\/p>\n\n\n\n<p>Henriksen har ikke erfaring med at st\u00e5 i spidsen for en s\u00e5 stor klub som FC K\u00f8benhavn, og derfor vil det nok v\u00e6re et un\u00f8dvendigt sats, selvom det kunne v\u00e6re sjovt at se den karismatiske tr\u00e6ner Telia Parken. <\/p>\n\n\n\n<h3 id=\"h-den-helt-dyre\">Den helt dyre <\/h3>\n\n\n<!DOCTYPE html PUBLIC \"-\/\/W3C\/\/DTD HTML 4.0 Transitional\/\/EN\" \"http:\/\/www.w3.org\/TR\/REC-html40\/loose.dtd\">\n<html><head><meta http-equiv=\"Content-Type\" content=\"text\/html; charset=UTF-8\"><\/head><body>\n<figure class=\"wp-block-image size-large\"><img loading=\"lazy\" width=\"1024\" height=\"683\" src=\"https:\/\/acefootball.com\/da\/wp-content\/uploads\/sites\/2\/2020\/10\/GettyImages-1145310887.jpg\" alt=\"\" class=\"wp-image-239903\" srcset=\"https:\/\/acefootball.com\/da\/wp-content\/uploads\/sites\/2\/2020\/10\/GettyImages-1145310887.jpg 1024w, https:\/\/acefootball.com\/da\/wp-content\/uploads\/sites\/2\/2020\/10\/GettyImages-1145310887-300x200.jpg 300w, https:\/\/acefootball.com\/da\/wp-content\/uploads\/sites\/2\/2020\/10\/GettyImages-1145310887-768x512.jpg 768w\" sizes=\"(max-width: 1024px) 100vw, 1024px\" \/><figcaption class=\"wp-block-image-caption\">Getty Images<\/figcaption><\/figure>\n<\/body><\/html>\n\n\n\n<p>Kunne den tidligere Br\u00f8ndby-tr\u00e6ner <strong>Alexander Zorniger<\/strong> finde p\u00e5 at krydse fjendens linjer og overtage styringen i FC K\u00f8benhavn? <\/p>\n\n\n\n<p>Vi erkender blankt, at tanken er helt vanvittig, og tyskerens fodboldfilosofi er m\u00e5ske heller ikke lige \u00e9n, som passer til m\u00e5den, man gerne vil spille fodbold p\u00e5 i FC K\u00f8benhavn.<\/p>\n\n\n\n<p>Men nyt skal der til, og Zorniger har i den grad bevist, at han kan bygge noget solidt op, da han var t\u00e6t p\u00e5 at f\u00f8re Br\u00f8ndby til Superliga-titlen i 2018. <\/p>\n\n\n\n<p>Tanken er som n\u00e6vnt vanvittig, men efter sommerens dramatiske transfervindue, kan man ikke vide sig sikker p\u00e5 noget som helst, selvom Zorniger i FCK vil v\u00e6re en absurd tanke.<\/p>\n","protected":false},"excerpt":{"rendered":"<p>FC K\u00f8benhavn skal p\u00e5 jagt efter en ny cheftr\u00e6ner, og nedenfor giver vi nogle bud p\u00e5, hvem L\u00f8verne vil have i kikkerten <\/p>\n","protected":false},"author":347,"featured_media":239904,"comment_status":"open","ping_status":"closed","sticky":false,"template":"","format":"standard","meta":{"om_disable_all_campaigns":false,"push_articles_ronaldo":{"active":false,"canonical":0,"publish":false},"force_updates":null},"categories":[2470],"tags":[155,297,296,16,182,588],"enet_tags":{"player":["212275","532991","78638"],"team":["8391"],"league":["46"],"sport_events":[]},"yoast_head":"<!-- This site is optimized with the Yoast SEO plugin v18.3 - https:\/\/yoast.com\/wordpress\/plugins\/seo\/ -->\n<title>Efter St\u00e5les exit: Fem bud p\u00e5 FC K\u00f8benhavns kommende cheftr\u00e6ner<\/title>\n<meta name=\"description\" content=\"FC K\u00f8benhavn skal p\u00e5 jagt efter en ny cheftr\u00e6ner, og nedenfor giver vi nogle bud p\u00e5, hvem L\u00f8verne vil have i kikkerten\" \/>\n<meta name=\"robots\" content=\"index, follow, max-snippet:-1, max-image-preview:large, max-video-preview:-1\" \/>\n<link rel=\"canonical\" href=\"https:\/\/acefootball.com\/da\/fodboldnyheder\/efter-staales-exit-fem-bud-paa-fc-koebenhavns-kommende-cheftraener\/\" \/>\n<meta property=\"og:locale\" content=\"en_US\" \/>\n<meta property=\"og:type\" content=\"article\" \/>\n<meta property=\"og:title\" content=\"Efter St\u00e5les exit: Fem bud p\u00e5 FC K\u00f8benhavns kommende cheftr\u00e6ner\" \/>\n<meta property=\"og:description\" content=\"FC K\u00f8benhavn skal p\u00e5 jagt efter en ny cheftr\u00e6ner, og nedenfor giver vi nogle bud p\u00e5, hvem L\u00f8verne vil have i kikkerten\" \/>\n<meta property=\"og:url\" content=\"https:\/\/acefootball.com\/da\/fodboldnyheder\/efter-staales-exit-fem-bud-paa-fc-koebenhavns-kommende-cheftraener\/\" \/>\n<meta property=\"og:site_name\" content=\"Ace Football Danmark\" \/>\n<meta property=\"article:publisher\" content=\"https:\/\/www.facebook.com\/acefootballdk\" \/>\n<meta property=\"article:published_time\" content=\"2020-10-10T09:59:16+00:00\" \/>\n<meta property=\"article:modified_time\" content=\"2020-10-10T10:05:00+00:00\" \/>\n<meta property=\"og:image\" content=\"https:\/\/acefootball.com\/da\/wp-content\/uploads\/sites\/2\/2020\/10\/Design-uden-navn-15.png\" \/>\n\t<meta property=\"og:image:width\" content=\"1024\" \/>\n\t<meta property=\"og:image:height\" content=\"650\" \/>\n\t<meta property=\"og:image:type\" content=\"image\/png\" \/>\n<meta name=\"twitter:card\" content=\"summary_large_image\" \/>\n<meta name=\"twitter:label1\" content=\"Written by\" \/>\n\t<meta name=\"twitter:data1\" content=\"Nicolaj M. J\u00f8rgensen\" \/>\n\t<meta name=\"twitter:label2\" content=\"Est. reading time\" \/>\n\t<meta name=\"twitter:data2\" content=\"4 minutes\" \/>\n<script type=\"application\/ld+json\" class=\"yoast-schema-graph\">{\"@context\":\"https:\/\/schema.org\",\"@graph\":[{\"@type\":\"Organization\",\"@id\":\"https:\/\/acefootball.com\/da\/#organization\",\"name\":\"Ace Football\",\"url\":\"https:\/\/acefootball.com\/da\/\",\"sameAs\":[\"https:\/\/www.facebook.com\/acefootballdk\"],\"logo\":{\"@type\":\"ImageObject\",\"@id\":\"https:\/\/acefootball.com\/da\/#logo\",\"inLanguage\":\"en-US\",\"url\":\"https:\/\/acefootball.com\/da\/wp-content\/uploads\/sites\/2\/2020\/07\/Ace-Football-30-07-2020-2.png\",\"contentUrl\":\"https:\/\/acefootball.com\/da\/wp-content\/uploads\/sites\/2\/2020\/07\/Ace-Football-30-07-2020-2.png\",\"width\":1200,\"height\":600,\"caption\":\"Ace Football\"},\"image\":{\"@id\":\"https:\/\/acefootball.com\/da\/#logo\"}},{\"@type\":\"WebSite\",\"@id\":\"https:\/\/acefootball.com\/da\/#website\",\"url\":\"https:\/\/acefootball.com\/da\/\",\"name\":\"Ace Football Danmark\",\"description\":\"Nyheder, Spiltips &amp; Livescore\",\"publisher\":{\"@id\":\"https:\/\/acefootball.com\/da\/#organization\"},\"potentialAction\":[{\"@type\":\"SearchAction\",\"target\":{\"@type\":\"EntryPoint\",\"urlTemplate\":\"https:\/\/acefootball.com\/da\/?s={search_term_string}\"},\"query-input\":\"required name=search_term_string\"}],\"inLanguage\":\"en-US\"},{\"@type\":\"ImageObject\",\"@id\":\"https:\/\/acefootball.com\/da\/fodboldnyheder\/efter-staales-exit-fem-bud-paa-fc-koebenhavns-kommende-cheftraener\/#primaryimage\",\"inLanguage\":\"en-US\",\"url\":\"https:\/\/acefootball.com\/da\/wp-content\/uploads\/sites\/2\/2020\/10\/Design-uden-navn-15.png\",\"contentUrl\":\"https:\/\/acefootball.com\/da\/wp-content\/uploads\/sites\/2\/2020\/10\/Design-uden-navn-15.png\",\"width\":1024,\"height\":650},{\"@type\":\"WebPage\",\"@id\":\"https:\/\/acefootball.com\/da\/fodboldnyheder\/efter-staales-exit-fem-bud-paa-fc-koebenhavns-kommende-cheftraener\/#webpage\",\"url\":\"https:\/\/acefootball.com\/da\/fodboldnyheder\/efter-staales-exit-fem-bud-paa-fc-koebenhavns-kommende-cheftraener\/\",\"name\":\"Efter St\u00e5les exit: Fem bud p\u00e5 FC K\u00f8benhavns kommende cheftr\u00e6ner\",\"isPartOf\":{\"@id\":\"https:\/\/acefootball.com\/da\/#website\"},\"primaryImageOfPage\":{\"@id\":\"https:\/\/acefootball.com\/da\/fodboldnyheder\/efter-staales-exit-fem-bud-paa-fc-koebenhavns-kommende-cheftraener\/#primaryimage\"},\"datePublished\":\"2020-10-10T09:59:16+00:00\",\"dateModified\":\"2020-10-10T10:05:00+00:00\",\"description\":\"FC K\u00f8benhavn skal p\u00e5 jagt efter en ny cheftr\u00e6ner, og nedenfor giver vi nogle bud p\u00e5, hvem L\u00f8verne vil have i kikkerten\",\"breadcrumb\":{\"@id\":\"https:\/\/acefootball.com\/da\/fodboldnyheder\/efter-staales-exit-fem-bud-paa-fc-koebenhavns-kommende-cheftraener\/#breadcrumb\"},\"inLanguage\":\"en-US\",\"potentialAction\":[{\"@type\":\"ReadAction\",\"target\":[\"https:\/\/acefootball.com\/da\/fodboldnyheder\/efter-staales-exit-fem-bud-paa-fc-koebenhavns-kommende-cheftraener\/\"]}]},{\"@type\":\"BreadcrumbList\",\"@id\":\"https:\/\/acefootball.com\/da\/fodboldnyheder\/efter-staales-exit-fem-bud-paa-fc-koebenhavns-kommende-cheftraener\/#breadcrumb\",\"itemListElement\":[{\"@type\":\"ListItem\",\"position\":1,\"name\":\"Home\",\"item\":\"https:\/\/acefootball.com\/da\/\"},{\"@type\":\"ListItem\",\"position\":2,\"name\":\"Efter St\u00e5les exit: Fem bud p\u00e5 FC K\u00f8benhavns kommende cheftr\u00e6ner\"}]},{\"@type\":\"Article\",\"@id\":\"https:\/\/acefootball.com\/da\/fodboldnyheder\/efter-staales-exit-fem-bud-paa-fc-koebenhavns-kommende-cheftraener\/#article\",\"isPartOf\":{\"@id\":\"https:\/\/acefootball.com\/da\/fodboldnyheder\/efter-staales-exit-fem-bud-paa-fc-koebenhavns-kommende-cheftraener\/#webpage\"},\"author\":{\"@id\":\"https:\/\/acefootball.com\/da\/#\/schema\/person\/cc86c6803d8c93f30230e4dbed2a3844\"},\"headline\":\"Efter St\u00e5les exit: Fem bud p\u00e5 FC K\u00f8benhavns kommende cheftr\u00e6ner\",\"datePublished\":\"2020-10-10T09:59:16+00:00\",\"dateModified\":\"2020-10-10T10:05:00+00:00\",\"mainEntityOfPage\":{\"@id\":\"https:\/\/acefootball.com\/da\/fodboldnyheder\/efter-staales-exit-fem-bud-paa-fc-koebenhavns-kommende-cheftraener\/#webpage\"},\"wordCount\":721,\"commentCount\":0,\"publisher\":{\"@id\":\"https:\/\/acefootball.com\/da\/#organization\"},\"image\":{\"@id\":\"https:\/\/acefootball.com\/da\/fodboldnyheder\/efter-staales-exit-fem-bud-paa-fc-koebenhavns-kommende-cheftraener\/#primaryimage\"},\"thumbnailUrl\":\"https:\/\/acefootball.com\/da\/wp-content\/uploads\/sites\/2\/2020\/10\/Design-uden-navn-15.png\",\"keywords\":[\"Alexander Zorniger\",\"Bo Henriksen\",\"David Nielsen\",\"FC K\u00f8benhavn\",\"St\u00e5le Solbakken\",\"Superligaen\"],\"articleSection\":[\"Offsite\"],\"inLanguage\":\"en-US\",\"potentialAction\":[{\"@type\":\"CommentAction\",\"name\":\"Comment\",\"target\":[\"https:\/\/acefootball.com\/da\/fodboldnyheder\/efter-staales-exit-fem-bud-paa-fc-koebenhavns-kommende-cheftraener\/#respond\"]}]},{\"@type\":\"Person\",\"@id\":\"https:\/\/acefootball.com\/da\/#\/schema\/person\/cc86c6803d8c93f30230e4dbed2a3844\",\"name\":\"Nicolaj M. J\u00f8rgensen\",\"image\":{\"@type\":\"ImageObject\",\"@id\":\"https:\/\/acefootball.com\/da\/#personlogo\",\"inLanguage\":\"en-US\",\"url\":\"https:\/\/secure.gravatar.com\/avatar\/757fd92a7fd5c1d31c37aee3425e7f74?s=96&d=mm&r=g\",\"contentUrl\":\"https:\/\/secure.gravatar.com\/avatar\/757fd92a7fd5c1d31c37aee3425e7f74?s=96&d=mm&r=g\",\"caption\":\"Nicolaj M. J\u00f8rgensen\"},\"url\":\"https:\/\/acefootball.com\/da\/fodboldnyheder\/author\/nicolajmortenj\/\"}]}<\/script>\n<!-- \/ Yoast SEO plugin. -->","yoast_head_json":{"title":"Efter St\u00e5les exit: Fem bud p\u00e5 FC K\u00f8benhavns kommende cheftr\u00e6ner","description":"FC K\u00f8benhavn skal p\u00e5 jagt efter en ny cheftr\u00e6ner, og nedenfor giver vi nogle bud p\u00e5, hvem L\u00f8verne vil have i kikkerten","robots":{"index":"index","follow":"follow","max-snippet":"max-snippet:-1","max-image-preview":"max-image-preview:large","max-video-preview":"max-video-preview:-1"},"canonical":"https:\/\/acefootball.com\/da\/fodboldnyheder\/efter-staales-exit-fem-bud-paa-fc-koebenhavns-kommende-cheftraener\/","og_locale":"en_US","og_type":"article","og_title":"Efter St\u00e5les exit: Fem bud p\u00e5 FC K\u00f8benhavns kommende cheftr\u00e6ner","og_description":"FC K\u00f8benhavn skal p\u00e5 jagt efter en ny cheftr\u00e6ner, og nedenfor giver vi nogle bud p\u00e5, hvem L\u00f8verne vil have i kikkerten","og_url":"https:\/\/acefootball.com\/da\/fodboldnyheder\/efter-staales-exit-fem-bud-paa-fc-koebenhavns-kommende-cheftraener\/","og_site_name":"Ace Football Danmark","article_publisher":"https:\/\/www.facebook.com\/acefootballdk","article_published_time":"2020-10-10T09:59:16+00:00","article_modified_time":"2020-10-10T10:05:00+00:00","og_image":[{"width":1024,"height":650,"url":"https:\/\/acefootball.com\/da\/wp-content\/uploads\/sites\/2\/2020\/10\/Design-uden-navn-15.png","type":"image\/png"}],"twitter_card":"summary_large_image","twitter_misc":{"Written by":"Nicolaj M. J\u00f8rgensen","Est. reading time":"4 minutes"},"schema":{"@context":"https:\/\/schema.org","@graph":[{"@type":"Organization","@id":"https:\/\/acefootball.com\/da\/#organization","name":"Ace Football","url":"https:\/\/acefootball.com\/da\/","sameAs":["https:\/\/www.facebook.com\/acefootballdk"],"logo":{"@type":"ImageObject","@id":"https:\/\/acefootball.com\/da\/#logo","inLanguage":"en-US","url":"https:\/\/acefootball.com\/da\/wp-content\/uploads\/sites\/2\/2020\/07\/Ace-Football-30-07-2020-2.png","contentUrl":"https:\/\/acefootball.com\/da\/wp-content\/uploads\/sites\/2\/2020\/07\/Ace-Football-30-07-2020-2.png","width":1200,"height":600,"caption":"Ace Football"},"image":{"@id":"https:\/\/acefootball.com\/da\/#logo"}},{"@type":"WebSite","@id":"https:\/\/acefootball.com\/da\/#website","url":"https:\/\/acefootball.com\/da\/","name":"Ace Football Danmark","description":"Nyheder, Spiltips &amp; Livescore","publisher":{"@id":"https:\/\/acefootball.com\/da\/#organization"},"potentialAction":[{"@type":"SearchAction","target":{"@type":"EntryPoint","urlTemplate":"https:\/\/acefootball.com\/da\/?s={search_term_string}"},"query-input":"required name=search_term_string"}],"inLanguage":"en-US"},{"@type":"ImageObject","@id":"https:\/\/acefootball.com\/da\/fodboldnyheder\/efter-staales-exit-fem-bud-paa-fc-koebenhavns-kommende-cheftraener\/#primaryimage","inLanguage":"en-US","url":"https:\/\/acefootball.com\/da\/wp-content\/uploads\/sites\/2\/2020\/10\/Design-uden-navn-15.png","contentUrl":"https:\/\/acefootball.com\/da\/wp-content\/uploads\/sites\/2\/2020\/10\/Design-uden-navn-15.png","width":1024,"height":650},{"@type":"WebPage","@id":"https:\/\/acefootball.com\/da\/fodboldnyheder\/efter-staales-exit-fem-bud-paa-fc-koebenhavns-kommende-cheftraener\/#webpage","url":"https:\/\/acefootball.com\/da\/fodboldnyheder\/efter-staales-exit-fem-bud-paa-fc-koebenhavns-kommende-cheftraener\/","name":"Efter St\u00e5les exit: Fem bud p\u00e5 FC K\u00f8benhavns kommende cheftr\u00e6ner","isPartOf":{"@id":"https:\/\/acefootball.com\/da\/#website"},"primaryImageOfPage":{"@id":"https:\/\/acefootball.com\/da\/fodboldnyheder\/efter-staales-exit-fem-bud-paa-fc-koebenhavns-kommende-cheftraener\/#primaryimage"},"datePublished":"2020-10-10T09:59:16+00:00","dateModified":"2020-10-10T10:05:00+00:00","description":"FC K\u00f8benhavn skal p\u00e5 jagt efter en ny cheftr\u00e6ner, og nedenfor giver vi nogle bud p\u00e5, hvem L\u00f8verne vil have i kikkerten","breadcrumb":{"@id":"https:\/\/acefootball.com\/da\/fodboldnyheder\/efter-staales-exit-fem-bud-paa-fc-koebenhavns-kommende-cheftraener\/#breadcrumb"},"inLanguage":"en-US","potentialAction":[{"@type":"ReadAction","target":["https:\/\/acefootball.com\/da\/fodboldnyheder\/efter-staales-exit-fem-bud-paa-fc-koebenhavns-kommende-cheftraener\/"]}]},{"@type":"BreadcrumbList","@id":"https:\/\/acefootball.com\/da\/fodboldnyheder\/efter-staales-exit-fem-bud-paa-fc-koebenhavns-kommende-cheftraener\/#breadcrumb","itemListElement":[{"@type":"ListItem","position":1,"name":"Home","item":"https:\/\/acefootball.com\/da\/"},{"@type":"ListItem","position":2,"name":"Efter St\u00e5les exit: Fem bud p\u00e5 FC K\u00f8benhavns kommende cheftr\u00e6ner"}]},{"@type":"Article","@id":"https:\/\/acefootball.com\/da\/fodboldnyheder\/efter-staales-exit-fem-bud-paa-fc-koebenhavns-kommende-cheftraener\/#article","isPartOf":{"@id":"https:\/\/acefootball.com\/da\/fodboldnyheder\/efter-staales-exit-fem-bud-paa-fc-koebenhavns-kommende-cheftraener\/#webpage"},"author":{"@id":"https:\/\/acefootball.com\/da\/#\/schema\/person\/cc86c6803d8c93f30230e4dbed2a3844"},"headline":"Efter St\u00e5les exit: Fem bud p\u00e5 FC K\u00f8benhavns kommende cheftr\u00e6ner","datePublished":"2020-10-10T09:59:16+00:00","dateModified":"2020-10-10T10:05:00+00:00","mainEntityOfPage":{"@id":"https:\/\/acefootball.com\/da\/fodboldnyheder\/efter-staales-exit-fem-bud-paa-fc-koebenhavns-kommende-cheftraener\/#webpage"},"wordCount":721,"commentCount":0,"publisher":{"@id":"https:\/\/acefootball.com\/da\/#organization"},"image":{"@id":"https:\/\/acefootball.com\/da\/fodboldnyheder\/efter-staales-exit-fem-bud-paa-fc-koebenhavns-kommende-cheftraener\/#primaryimage"},"thumbnailUrl":"https:\/\/acefootball.com\/da\/wp-content\/uploads\/sites\/2\/2020\/10\/Design-uden-navn-15.png","keywords":["Alexander Zorniger","Bo Henriksen","David Nielsen","FC K\u00f8benhavn","St\u00e5le Solbakken","Superligaen"],"articleSection":["Offsite"],"inLanguage":"en-US","potentialAction":[{"@type":"CommentAction","name":"Comment","target":["https:\/\/acefootball.com\/da\/fodboldnyheder\/efter-staales-exit-fem-bud-paa-fc-koebenhavns-kommende-cheftraener\/#respond"]}]},{"@type":"Person","@id":"https:\/\/acefootball.com\/da\/#\/schema\/person\/cc86c6803d8c93f30230e4dbed2a3844","name":"Nicolaj M. J\u00f8rgensen","image":{"@type":"ImageObject","@id":"https:\/\/acefootball.com\/da\/#personlogo","inLanguage":"en-US","url":"https:\/\/secure.gravatar.com\/avatar\/757fd92a7fd5c1d31c37aee3425e7f74?s=96&d=mm&r=g","contentUrl":"https:\/\/secure.gravatar.com\/avatar\/757fd92a7fd5c1d31c37aee3425e7f74?s=96&d=mm&r=g","caption":"Nicolaj M. J\u00f8rgensen"},"url":"https:\/\/acefootball.com\/da\/fodboldnyheder\/author\/nicolajmortenj\/"}]}},"fimg_url":"https:\/\/acefootball.com\/da\/wp-content\/uploads\/sites\/2\/2020\/10\/Design-uden-navn-15.png","_links":{"self":[{"href":"https:\/\/acefootball.com\/da\/wp-json\/wp\/v2\/posts\/239896"}],"collection":[{"href":"https:\/\/acefootball.com\/da\/wp-json\/wp\/v2\/posts"}],"about":[{"href":"https:\/\/acefootball.com\/da\/wp-json\/wp\/v2\/types\/post"}],"author":[{"embeddable":true,"href":"https:\/\/acefootball.com\/da\/wp-json\/wp\/v2\/users\/347"}],"replies":[{"embeddable":true,"href":"https:\/\/acefootball.com\/da\/wp-json\/wp\/v2\/comments?post=239896"}],"version-history":[{"count":0,"href":"https:\/\/acefootball.com\/da\/wp-json\/wp\/v2\/posts\/239896\/revisions"}],"wp:featuredmedia":[{"embeddable":true,"href":"https:\/\/acefootball.com\/da\/wp-json\/wp\/v2\/media\/239904"}],"wp:attachment":[{"href":"https:\/\/acefootball.com\/da\/wp-json\/wp\/v2\/media?parent=239896"}],"wp:term":[{"taxonomy":"category","embeddable":true,"href":"https:\/\/acefootball.com\/da\/wp-json\/wp\/v2\/categories?post=239896"},{"taxonomy":"post_tag","embeddable":true,"href":"https:\/\/acefootball.com\/da\/wp-json\/wp\/v2\/tags?post=239896"}],"curies":[{"name":"wp","href":"https:\/\/api.w.org\/{rel}","templated":true}]}}