{"id":239884,"date":"2020-10-10T09:48:25","date_gmt":"2020-10-10T07:48:25","guid":{"rendered":"https:\/\/acefootball.com\/da\/?p=239884"},"modified":"2020-10-10T09:48:40","modified_gmt":"2020-10-10T07:48:40","slug":"groenkjaer-om-staale-exit-jeg-kan-ikke-lide-det","status":"publish","type":"post","link":"https:\/\/acefootball.com\/da\/fodboldnyheder\/groenkjaer-om-staale-exit-jeg-kan-ikke-lide-det\/","title":{"rendered":"Gr\u00f8nkj\u00e6r om St\u00e5le-exit: Jeg kan ikke lide det"},"content":{"rendered":"\n<h2 id=\"h-den-tidligere-fc-k-benhavn-spiller-jesper-gr-nkj-r-lovpriser-st-le-solbakken-og-indikerer-at-han-ikke-er-den-store-fan-af-tr-nerfyringer\">Den tidligere FC K\u00f8benhavn-spiller Jesper Gr\u00f8nkj\u00e6r lovpriser St\u00e5le Solbakken og indikerer, at han ikke er den store fan af tr\u00e6nerfyringer<\/h2>\n\n\n\n<p>Det kom som et chok for de fleste, da FC K\u00f8benhavn tidligere p\u00e5 l\u00f8rdagen offentliggjorde, at St\u00e5le Solbakken er f\u00e6rdig som manager i klubben. <\/p>\n\n\n\n<p>Ogs\u00e5 den tidligere stjerne i klubben, Jesper Gr\u00f8nkj\u00e6r, er noget chokeret og fort\u00e6ller p\u00e5 Twitter, at s\u00e5danne fyringer er \u00e5rsagen til, at han ikke er involveret i en fodboldklub den dag i dag.<\/p>\n\n\n\n<figure class=\"wp-block-embed-twitter wp-block-embed is-type-rich is-provider-twitter\"><div class=\"wp-block-embed__wrapper\">\n<blockquote class=\"twitter-tweet\" data-width=\"550\" data-dnt=\"true\"><p lang=\"da\" dir=\"ltr\">Jeg kan ikke lide det. Nok ogs\u00e5 derfor min mave aldrig har fortalt mig, at jeg skulle forts\u00e6tte i indercirklen ved en fodboldklub. Jeg synes, den er h\u00e5rd og jeg bliver for f\u00f8lelsesm\u00e6ssigt involveret. Uanset om beslutning er rigtig eller urigtig. Det vil jeg ikke kloge mig p\u00e5. <a href=\"https:\/\/t.co\/2NDIq1etum\">https:\/\/t.co\/2NDIq1etum<\/a><\/p>&mdash; Jesper Gr\u00f8nkj\u00e6r (@J_Gronkjaer) <a href=\"https:\/\/twitter.com\/J_Gronkjaer\/status\/1314823929941426176?ref_src=twsrc%5Etfw\">October 10, 2020<\/a><\/blockquote><script async src=\"https:\/\/platform.twitter.com\/widgets.js\" charset=\"utf-8\"><\/script>\n<\/div><\/figure>\n\n\n\n<p>Den nuv\u00e6rende tv-ekspert roser desuden Solbakken for hans taktiske evner s\u00e5vel som hans evne til at motivere spillerne omkring sig. <\/p>\n\n\n\n<figure class=\"wp-block-embed-twitter wp-block-embed is-type-rich is-provider-twitter\"><div class=\"wp-block-embed__wrapper\">\n<blockquote class=\"twitter-tweet\" data-width=\"550\" data-dnt=\"true\"><p lang=\"da\" dir=\"ltr\">Tak St\u00e5le. Du var en inspiration i vores tid sammen. Du l\u00f8ftede <a href=\"https:\/\/twitter.com\/FCKobenhavn?ref_src=twsrc%5Etfw\">@FCKobenhavn<\/a> til et niveau, som ingen havde kunne regne med. Stor motivator, taktisk indsigt, forlangende og et fantastisk ansigt for Superligaen og Dansk fodbold. Held og lykke St\u00e5le<\/p>&mdash; Jesper Gr\u00f8nkj\u00e6r (@J_Gronkjaer) <a href=\"https:\/\/twitter.com\/J_Gronkjaer\/status\/1314821214028869632?ref_src=twsrc%5Etfw\">October 10, 2020<\/a><\/blockquote><script async src=\"https:\/\/platform.twitter.com\/widgets.js\" charset=\"utf-8\"><\/script>\n<\/div><\/figure>\n\n\n\n<p>Mens Gr\u00f8nkj\u00e6r ikke vil forholde sig til, om FC K\u00f8benhavn har truffet den rigtige beslutning med fyringen af Solbakken, er flere af klubbens fans noget uforst\u00e5ende over for det overraskende farvel.<\/p>\n\n\n\n<p>Du kan se nogle af reaktionerne p\u00e5 Twitter herunder.<\/p>\n\n\n\n<figure class=\"wp-block-embed-twitter wp-block-embed is-type-rich is-provider-twitter\"><div class=\"wp-block-embed__wrapper\">\n<blockquote class=\"twitter-tweet\" data-width=\"550\" data-dnt=\"true\"><p lang=\"da\" dir=\"ltr\">Er i blevet fuldst\u00e6ndigt sindsyge? Fucking amat\u00f8rer.<\/p>&mdash; Casper Fischer Raavig (@Fiscker89) <a href=\"https:\/\/twitter.com\/Fiscker89\/status\/1314815599038656512?ref_src=twsrc%5Etfw\">October 10, 2020<\/a><\/blockquote><script async src=\"https:\/\/platform.twitter.com\/widgets.js\" charset=\"utf-8\"><\/script>\n<\/div><\/figure>\n\n\n\n<figure class=\"wp-block-embed-twitter wp-block-embed is-type-rich is-provider-twitter\"><div class=\"wp-block-embed__wrapper\">\n<blockquote class=\"twitter-tweet\" data-width=\"550\" data-dnt=\"true\"><p lang=\"da\" dir=\"ltr\">Undskyld har I tabt sutten? Hvorfor dog det? Og hvis der er en god grund, foruden formdyk, hvorfor s\u00e5 nu og p\u00e5 den m\u00e5de? Det er sku ikke v\u00e6rdigt. Man skulle tro vi var en midterklub \ud83e\udd2f<\/p>&mdash; Jacob N\u00f8ddeskov (@Noddeskov) <a href=\"https:\/\/twitter.com\/Noddeskov\/status\/1314821410850832385?ref_src=twsrc%5Etfw\">October 10, 2020<\/a><\/blockquote><script async src=\"https:\/\/platform.twitter.com\/widgets.js\" charset=\"utf-8\"><\/script>\n<\/div><\/figure>\n\n\n\n<figure class=\"wp-block-embed-twitter wp-block-embed is-type-rich is-provider-twitter\"><div class=\"wp-block-embed__wrapper\">\n<blockquote class=\"twitter-tweet\" data-width=\"550\" data-dnt=\"true\"><p lang=\"da\" dir=\"ltr\">Jeg er virkelig splittet med det her. Havde, i sin tid, h\u00e5bet, at Kasper Hjulmand engang ville tage over for St\u00e5le. Lige nu kan jeg ikke se hvem, der har samme autoritet og positive arrogance, der kan overtage efter ham og l\u00f8fte FCK til igen at v\u00e6re det dominerende hold i DK.<\/p>&mdash; Federik Trabjerg (@FrederikTrabje1) <a href=\"https:\/\/twitter.com\/FrederikTrabje1\/status\/1314830464096624646?ref_src=twsrc%5Etfw\">October 10, 2020<\/a><\/blockquote><script async src=\"https:\/\/platform.twitter.com\/widgets.js\" charset=\"utf-8\"><\/script>\n<\/div><\/figure>\n","protected":false},"excerpt":{"rendered":"<p>Den tidligere FC K\u00f8benhavn-spiller Jesper Gr\u00f8nkj\u00e6r lovpriser St\u00e5le Solbakken og indikerer, at han ikke er den store fan af tr\u00e6nerfyringer<\/p>\n","protected":false},"author":347,"featured_media":239885,"comment_status":"open","ping_status":"closed","sticky":false,"template":"","format":"standard","meta":{"om_disable_all_campaigns":false,"push_articles_ronaldo":{"active":false,"canonical":0,"publish":false},"force_updates":null},"categories":[8060],"tags":[16,7910,182,588],"enet_tags":{"team":["8391"],"player":["78638"],"league":["46"],"sport_events":[]},"yoast_head":"<!-- This site is optimized with the Yoast SEO plugin v18.3 - https:\/\/yoast.com\/wordpress\/plugins\/seo\/ -->\n<title>Gr\u00f8nkj\u00e6r om St\u00e5le-exit: Jeg kan ikke lide det<\/title>\n<meta name=\"description\" content=\"Den tidligere FC K\u00f8benhavn-spiller Jesper Gr\u00f8nkj\u00e6r lovpriser St\u00e5le Solbakken og indikerer, at han ikke er den store fan af tr\u00e6nerfyringer\" \/>\n<meta name=\"robots\" content=\"index, follow, max-snippet:-1, max-image-preview:large, max-video-preview:-1\" \/>\n<link rel=\"canonical\" href=\"https:\/\/acefootball.com\/da\/fodboldnyheder\/groenkjaer-om-staale-exit-jeg-kan-ikke-lide-det\/\" \/>\n<meta property=\"og:locale\" content=\"en_US\" \/>\n<meta property=\"og:type\" content=\"article\" \/>\n<meta property=\"og:title\" content=\"Gr\u00f8nkj\u00e6r om St\u00e5le-exit: Jeg kan ikke lide det\" \/>\n<meta property=\"og:description\" content=\"Den tidligere FC K\u00f8benhavn-spiller Jesper Gr\u00f8nkj\u00e6r lovpriser St\u00e5le Solbakken og indikerer, at han ikke er den store fan af tr\u00e6nerfyringer\" \/>\n<meta property=\"og:url\" content=\"https:\/\/acefootball.com\/da\/fodboldnyheder\/groenkjaer-om-staale-exit-jeg-kan-ikke-lide-det\/\" \/>\n<meta property=\"og:site_name\" content=\"Ace Football Danmark\" \/>\n<meta property=\"article:publisher\" content=\"https:\/\/www.facebook.com\/acefootballdk\" \/>\n<meta property=\"article:published_time\" content=\"2020-10-10T07:48:25+00:00\" \/>\n<meta property=\"article:modified_time\" content=\"2020-10-10T07:48:40+00:00\" \/>\n<meta property=\"og:image\" content=\"https:\/\/acefootball.com\/da\/wp-content\/uploads\/sites\/2\/2020\/10\/GettyImages-504170051.jpg\" \/>\n\t<meta property=\"og:image:width\" content=\"1024\" \/>\n\t<meta property=\"og:image:height\" content=\"683\" \/>\n\t<meta property=\"og:image:type\" content=\"image\/jpeg\" \/>\n<meta name=\"twitter:card\" content=\"summary_large_image\" \/>\n<meta name=\"twitter:label1\" content=\"Written by\" \/>\n\t<meta name=\"twitter:data1\" content=\"Nicolaj M. J\u00f8rgensen\" \/>\n\t<meta name=\"twitter:label2\" content=\"Est. reading time\" \/>\n\t<meta name=\"twitter:data2\" content=\"1 minute\" \/>\n<script type=\"application\/ld+json\" class=\"yoast-schema-graph\">{\"@context\":\"https:\/\/schema.org\",\"@graph\":[{\"@type\":\"Organization\",\"@id\":\"https:\/\/acefootball.com\/da\/#organization\",\"name\":\"Ace Football\",\"url\":\"https:\/\/acefootball.com\/da\/\",\"sameAs\":[\"https:\/\/www.facebook.com\/acefootballdk\"],\"logo\":{\"@type\":\"ImageObject\",\"@id\":\"https:\/\/acefootball.com\/da\/#logo\",\"inLanguage\":\"en-US\",\"url\":\"https:\/\/acefootball.com\/da\/wp-content\/uploads\/sites\/2\/2020\/07\/Ace-Football-30-07-2020-2.png\",\"contentUrl\":\"https:\/\/acefootball.com\/da\/wp-content\/uploads\/sites\/2\/2020\/07\/Ace-Football-30-07-2020-2.png\",\"width\":1200,\"height\":600,\"caption\":\"Ace Football\"},\"image\":{\"@id\":\"https:\/\/acefootball.com\/da\/#logo\"}},{\"@type\":\"WebSite\",\"@id\":\"https:\/\/acefootball.com\/da\/#website\",\"url\":\"https:\/\/acefootball.com\/da\/\",\"name\":\"Ace Football Danmark\",\"description\":\"Nyheder, Spiltips &amp; Livescore\",\"publisher\":{\"@id\":\"https:\/\/acefootball.com\/da\/#organization\"},\"potentialAction\":[{\"@type\":\"SearchAction\",\"target\":{\"@type\":\"EntryPoint\",\"urlTemplate\":\"https:\/\/acefootball.com\/da\/?s={search_term_string}\"},\"query-input\":\"required name=search_term_string\"}],\"inLanguage\":\"en-US\"},{\"@type\":\"ImageObject\",\"@id\":\"https:\/\/acefootball.com\/da\/fodboldnyheder\/groenkjaer-om-staale-exit-jeg-kan-ikke-lide-det\/#primaryimage\",\"inLanguage\":\"en-US\",\"url\":\"https:\/\/acefootball.com\/da\/wp-content\/uploads\/sites\/2\/2020\/10\/GettyImages-504170051.jpg\",\"contentUrl\":\"https:\/\/acefootball.com\/da\/wp-content\/uploads\/sites\/2\/2020\/10\/GettyImages-504170051.jpg\",\"width\":1024,\"height\":683,\"caption\":\"12-11-2007: Dansk Fodbold Award 2007 - SAS Liga Player of the Year Jesper Gr\u00f8nkj\u00e6r, FCK and Coach of tthe Year St\u00e5le Solbakken, FCK. \u00a9 Lars R\u00f8nb\u00f8g \/ Frontzonesport.dk (Photo by Lars Ronbog\/FrontzoneSport via Getty Images)\"},{\"@type\":\"WebPage\",\"@id\":\"https:\/\/acefootball.com\/da\/fodboldnyheder\/groenkjaer-om-staale-exit-jeg-kan-ikke-lide-det\/#webpage\",\"url\":\"https:\/\/acefootball.com\/da\/fodboldnyheder\/groenkjaer-om-staale-exit-jeg-kan-ikke-lide-det\/\",\"name\":\"Gr\u00f8nkj\u00e6r om St\u00e5le-exit: Jeg kan ikke lide det\",\"isPartOf\":{\"@id\":\"https:\/\/acefootball.com\/da\/#website\"},\"primaryImageOfPage\":{\"@id\":\"https:\/\/acefootball.com\/da\/fodboldnyheder\/groenkjaer-om-staale-exit-jeg-kan-ikke-lide-det\/#primaryimage\"},\"datePublished\":\"2020-10-10T07:48:25+00:00\",\"dateModified\":\"2020-10-10T07:48:40+00:00\",\"description\":\"Den tidligere FC K\u00f8benhavn-spiller Jesper Gr\u00f8nkj\u00e6r lovpriser St\u00e5le Solbakken og indikerer, at han ikke er den store fan af tr\u00e6nerfyringer\",\"breadcrumb\":{\"@id\":\"https:\/\/acefootball.com\/da\/fodboldnyheder\/groenkjaer-om-staale-exit-jeg-kan-ikke-lide-det\/#breadcrumb\"},\"inLanguage\":\"en-US\",\"potentialAction\":[{\"@type\":\"ReadAction\",\"target\":[\"https:\/\/acefootball.com\/da\/fodboldnyheder\/groenkjaer-om-staale-exit-jeg-kan-ikke-lide-det\/\"]}]},{\"@type\":\"BreadcrumbList\",\"@id\":\"https:\/\/acefootball.com\/da\/fodboldnyheder\/groenkjaer-om-staale-exit-jeg-kan-ikke-lide-det\/#breadcrumb\",\"itemListElement\":[{\"@type\":\"ListItem\",\"position\":1,\"name\":\"Home\",\"item\":\"https:\/\/acefootball.com\/da\/\"},{\"@type\":\"ListItem\",\"position\":2,\"name\":\"Gr\u00f8nkj\u00e6r om St\u00e5le-exit: Jeg kan ikke lide det\"}]},{\"@type\":\"Article\",\"@id\":\"https:\/\/acefootball.com\/da\/fodboldnyheder\/groenkjaer-om-staale-exit-jeg-kan-ikke-lide-det\/#article\",\"isPartOf\":{\"@id\":\"https:\/\/acefootball.com\/da\/fodboldnyheder\/groenkjaer-om-staale-exit-jeg-kan-ikke-lide-det\/#webpage\"},\"author\":{\"@id\":\"https:\/\/acefootball.com\/da\/#\/schema\/person\/cc86c6803d8c93f30230e4dbed2a3844\"},\"headline\":\"Gr\u00f8nkj\u00e6r om St\u00e5le-exit: Jeg kan ikke lide det\",\"datePublished\":\"2020-10-10T07:48:25+00:00\",\"dateModified\":\"2020-10-10T07:48:40+00:00\",\"mainEntityOfPage\":{\"@id\":\"https:\/\/acefootball.com\/da\/fodboldnyheder\/groenkjaer-om-staale-exit-jeg-kan-ikke-lide-det\/#webpage\"},\"wordCount\":194,\"commentCount\":0,\"publisher\":{\"@id\":\"https:\/\/acefootball.com\/da\/#organization\"},\"image\":{\"@id\":\"https:\/\/acefootball.com\/da\/fodboldnyheder\/groenkjaer-om-staale-exit-jeg-kan-ikke-lide-det\/#primaryimage\"},\"thumbnailUrl\":\"https:\/\/acefootball.com\/da\/wp-content\/uploads\/sites\/2\/2020\/10\/GettyImages-504170051.jpg\",\"keywords\":[\"FC K\u00f8benhavn\",\"Jesper Gr\u00f8nkj\u00e6r\",\"St\u00e5le Solbakken\",\"Superligaen\"],\"articleSection\":[\"Reaktion\"],\"inLanguage\":\"en-US\",\"potentialAction\":[{\"@type\":\"CommentAction\",\"name\":\"Comment\",\"target\":[\"https:\/\/acefootball.com\/da\/fodboldnyheder\/groenkjaer-om-staale-exit-jeg-kan-ikke-lide-det\/#respond\"]}]},{\"@type\":\"Person\",\"@id\":\"https:\/\/acefootball.com\/da\/#\/schema\/person\/cc86c6803d8c93f30230e4dbed2a3844\",\"name\":\"Nicolaj M. J\u00f8rgensen\",\"image\":{\"@type\":\"ImageObject\",\"@id\":\"https:\/\/acefootball.com\/da\/#personlogo\",\"inLanguage\":\"en-US\",\"url\":\"https:\/\/secure.gravatar.com\/avatar\/757fd92a7fd5c1d31c37aee3425e7f74?s=96&d=mm&r=g\",\"contentUrl\":\"https:\/\/secure.gravatar.com\/avatar\/757fd92a7fd5c1d31c37aee3425e7f74?s=96&d=mm&r=g\",\"caption\":\"Nicolaj M. J\u00f8rgensen\"},\"url\":\"https:\/\/acefootball.com\/da\/fodboldnyheder\/author\/nicolajmortenj\/\"}]}<\/script>\n<!-- \/ Yoast SEO plugin. -->","yoast_head_json":{"title":"Gr\u00f8nkj\u00e6r om St\u00e5le-exit: Jeg kan ikke lide det","description":"Den tidligere FC K\u00f8benhavn-spiller Jesper Gr\u00f8nkj\u00e6r lovpriser St\u00e5le Solbakken og indikerer, at han ikke er den store fan af tr\u00e6nerfyringer","robots":{"index":"index","follow":"follow","max-snippet":"max-snippet:-1","max-image-preview":"max-image-preview:large","max-video-preview":"max-video-preview:-1"},"canonical":"https:\/\/acefootball.com\/da\/fodboldnyheder\/groenkjaer-om-staale-exit-jeg-kan-ikke-lide-det\/","og_locale":"en_US","og_type":"article","og_title":"Gr\u00f8nkj\u00e6r om St\u00e5le-exit: Jeg kan ikke lide det","og_description":"Den tidligere FC K\u00f8benhavn-spiller Jesper Gr\u00f8nkj\u00e6r lovpriser St\u00e5le Solbakken og indikerer, at han ikke er den store fan af tr\u00e6nerfyringer","og_url":"https:\/\/acefootball.com\/da\/fodboldnyheder\/groenkjaer-om-staale-exit-jeg-kan-ikke-lide-det\/","og_site_name":"Ace Football Danmark","article_publisher":"https:\/\/www.facebook.com\/acefootballdk","article_published_time":"2020-10-10T07:48:25+00:00","article_modified_time":"2020-10-10T07:48:40+00:00","og_image":[{"width":1024,"height":683,"url":"https:\/\/acefootball.com\/da\/wp-content\/uploads\/sites\/2\/2020\/10\/GettyImages-504170051.jpg","type":"image\/jpeg"}],"twitter_card":"summary_large_image","twitter_misc":{"Written by":"Nicolaj M. J\u00f8rgensen","Est. reading time":"1 minute"},"schema":{"@context":"https:\/\/schema.org","@graph":[{"@type":"Organization","@id":"https:\/\/acefootball.com\/da\/#organization","name":"Ace Football","url":"https:\/\/acefootball.com\/da\/","sameAs":["https:\/\/www.facebook.com\/acefootballdk"],"logo":{"@type":"ImageObject","@id":"https:\/\/acefootball.com\/da\/#logo","inLanguage":"en-US","url":"https:\/\/acefootball.com\/da\/wp-content\/uploads\/sites\/2\/2020\/07\/Ace-Football-30-07-2020-2.png","contentUrl":"https:\/\/acefootball.com\/da\/wp-content\/uploads\/sites\/2\/2020\/07\/Ace-Football-30-07-2020-2.png","width":1200,"height":600,"caption":"Ace Football"},"image":{"@id":"https:\/\/acefootball.com\/da\/#logo"}},{"@type":"WebSite","@id":"https:\/\/acefootball.com\/da\/#website","url":"https:\/\/acefootball.com\/da\/","name":"Ace Football Danmark","description":"Nyheder, Spiltips &amp; Livescore","publisher":{"@id":"https:\/\/acefootball.com\/da\/#organization"},"potentialAction":[{"@type":"SearchAction","target":{"@type":"EntryPoint","urlTemplate":"https:\/\/acefootball.com\/da\/?s={search_term_string}"},"query-input":"required name=search_term_string"}],"inLanguage":"en-US"},{"@type":"ImageObject","@id":"https:\/\/acefootball.com\/da\/fodboldnyheder\/groenkjaer-om-staale-exit-jeg-kan-ikke-lide-det\/#primaryimage","inLanguage":"en-US","url":"https:\/\/acefootball.com\/da\/wp-content\/uploads\/sites\/2\/2020\/10\/GettyImages-504170051.jpg","contentUrl":"https:\/\/acefootball.com\/da\/wp-content\/uploads\/sites\/2\/2020\/10\/GettyImages-504170051.jpg","width":1024,"height":683,"caption":"12-11-2007: Dansk Fodbold Award 2007 - SAS Liga Player of the Year Jesper Gr\u00f8nkj\u00e6r, FCK and Coach of tthe Year St\u00e5le Solbakken, FCK. \u00a9 Lars R\u00f8nb\u00f8g \/ Frontzonesport.dk (Photo by Lars Ronbog\/FrontzoneSport via Getty Images)"},{"@type":"WebPage","@id":"https:\/\/acefootball.com\/da\/fodboldnyheder\/groenkjaer-om-staale-exit-jeg-kan-ikke-lide-det\/#webpage","url":"https:\/\/acefootball.com\/da\/fodboldnyheder\/groenkjaer-om-staale-exit-jeg-kan-ikke-lide-det\/","name":"Gr\u00f8nkj\u00e6r om St\u00e5le-exit: Jeg kan ikke lide det","isPartOf":{"@id":"https:\/\/acefootball.com\/da\/#website"},"primaryImageOfPage":{"@id":"https:\/\/acefootball.com\/da\/fodboldnyheder\/groenkjaer-om-staale-exit-jeg-kan-ikke-lide-det\/#primaryimage"},"datePublished":"2020-10-10T07:48:25+00:00","dateModified":"2020-10-10T07:48:40+00:00","description":"Den tidligere FC K\u00f8benhavn-spiller Jesper Gr\u00f8nkj\u00e6r lovpriser St\u00e5le Solbakken og indikerer, at han ikke er den store fan af tr\u00e6nerfyringer","breadcrumb":{"@id":"https:\/\/acefootball.com\/da\/fodboldnyheder\/groenkjaer-om-staale-exit-jeg-kan-ikke-lide-det\/#breadcrumb"},"inLanguage":"en-US","potentialAction":[{"@type":"ReadAction","target":["https:\/\/acefootball.com\/da\/fodboldnyheder\/groenkjaer-om-staale-exit-jeg-kan-ikke-lide-det\/"]}]},{"@type":"BreadcrumbList","@id":"https:\/\/acefootball.com\/da\/fodboldnyheder\/groenkjaer-om-staale-exit-jeg-kan-ikke-lide-det\/#breadcrumb","itemListElement":[{"@type":"ListItem","position":1,"name":"Home","item":"https:\/\/acefootball.com\/da\/"},{"@type":"ListItem","position":2,"name":"Gr\u00f8nkj\u00e6r om St\u00e5le-exit: Jeg kan ikke lide det"}]},{"@type":"Article","@id":"https:\/\/acefootball.com\/da\/fodboldnyheder\/groenkjaer-om-staale-exit-jeg-kan-ikke-lide-det\/#article","isPartOf":{"@id":"https:\/\/acefootball.com\/da\/fodboldnyheder\/groenkjaer-om-staale-exit-jeg-kan-ikke-lide-det\/#webpage"},"author":{"@id":"https:\/\/acefootball.com\/da\/#\/schema\/person\/cc86c6803d8c93f30230e4dbed2a3844"},"headline":"Gr\u00f8nkj\u00e6r om St\u00e5le-exit: Jeg kan ikke lide det","datePublished":"2020-10-10T07:48:25+00:00","dateModified":"2020-10-10T07:48:40+00:00","mainEntityOfPage":{"@id":"https:\/\/acefootball.com\/da\/fodboldnyheder\/groenkjaer-om-staale-exit-jeg-kan-ikke-lide-det\/#webpage"},"wordCount":194,"commentCount":0,"publisher":{"@id":"https:\/\/acefootball.com\/da\/#organization"},"image":{"@id":"https:\/\/acefootball.com\/da\/fodboldnyheder\/groenkjaer-om-staale-exit-jeg-kan-ikke-lide-det\/#primaryimage"},"thumbnailUrl":"https:\/\/acefootball.com\/da\/wp-content\/uploads\/sites\/2\/2020\/10\/GettyImages-504170051.jpg","keywords":["FC K\u00f8benhavn","Jesper Gr\u00f8nkj\u00e6r","St\u00e5le Solbakken","Superligaen"],"articleSection":["Reaktion"],"inLanguage":"en-US","potentialAction":[{"@type":"CommentAction","name":"Comment","target":["https:\/\/acefootball.com\/da\/fodboldnyheder\/groenkjaer-om-staale-exit-jeg-kan-ikke-lide-det\/#respond"]}]},{"@type":"Person","@id":"https:\/\/acefootball.com\/da\/#\/schema\/person\/cc86c6803d8c93f30230e4dbed2a3844","name":"Nicolaj M. J\u00f8rgensen","image":{"@type":"ImageObject","@id":"https:\/\/acefootball.com\/da\/#personlogo","inLanguage":"en-US","url":"https:\/\/secure.gravatar.com\/avatar\/757fd92a7fd5c1d31c37aee3425e7f74?s=96&d=mm&r=g","contentUrl":"https:\/\/secure.gravatar.com\/avatar\/757fd92a7fd5c1d31c37aee3425e7f74?s=96&d=mm&r=g","caption":"Nicolaj M. J\u00f8rgensen"},"url":"https:\/\/acefootball.com\/da\/fodboldnyheder\/author\/nicolajmortenj\/"}]}},"fimg_url":"https:\/\/acefootball.com\/da\/wp-content\/uploads\/sites\/2\/2020\/10\/GettyImages-504170051.jpg","_links":{"self":[{"href":"https:\/\/acefootball.com\/da\/wp-json\/wp\/v2\/posts\/239884"}],"collection":[{"href":"https:\/\/acefootball.com\/da\/wp-json\/wp\/v2\/posts"}],"about":[{"href":"https:\/\/acefootball.com\/da\/wp-json\/wp\/v2\/types\/post"}],"author":[{"embeddable":true,"href":"https:\/\/acefootball.com\/da\/wp-json\/wp\/v2\/users\/347"}],"replies":[{"embeddable":true,"href":"https:\/\/acefootball.com\/da\/wp-json\/wp\/v2\/comments?post=239884"}],"version-history":[{"count":0,"href":"https:\/\/acefootball.com\/da\/wp-json\/wp\/v2\/posts\/239884\/revisions"}],"wp:featuredmedia":[{"embeddable":true,"href":"https:\/\/acefootball.com\/da\/wp-json\/wp\/v2\/media\/239885"}],"wp:attachment":[{"href":"https:\/\/acefootball.com\/da\/wp-json\/wp\/v2\/media?parent=239884"}],"wp:term":[{"taxonomy":"category","embeddable":true,"href":"https:\/\/acefootball.com\/da\/wp-json\/wp\/v2\/categories?post=239884"},{"taxonomy":"post_tag","embeddable":true,"href":"https:\/\/acefootball.com\/da\/wp-json\/wp\/v2\/tags?post=239884"}],"curies":[{"name":"wp","href":"https:\/\/api.w.org\/{rel}","templated":true}]}}