{"id":239655,"date":"2020-10-07T13:29:06","date_gmt":"2020-10-07T11:29:06","guid":{"rendered":"https:\/\/acefootball.com\/da\/?p=239655"},"modified":"2020-10-07T13:29:07","modified_gmt":"2020-10-07T11:29:07","slug":"staale-zeca-har-vaeret-haardt-ramt-af-corona-perioden","status":"publish","type":"post","link":"https:\/\/acefootball.com\/da\/fodboldnyheder\/staale-zeca-har-vaeret-haardt-ramt-af-corona-perioden\/","title":{"rendered":"St\u00e5le: Zeca har v\u00e6ret h\u00e5rdt ramt af corona-perioden"},"content":{"rendered":"\n<h2 id=\"h-fc-k-benhavn-anf-rer-zeca-har-ikke-v-ret-p-det-vanlige-niveau-i-denne-s-son-og-det-er-der-if-lge-st-le-solbakken-en-god-grund-til\">FC K\u00f8benhavn-anf\u00f8rer Zeca har ikke v\u00e6ret p\u00e5 det vanlige niveau i denne s\u00e6son, og det er der if\u00f8lge St\u00e5le Solbakken en god grund til<\/h2>\n\n\n\n<p>Det har v\u00e6ret en r\u00e6dsom start p\u00e5 s\u00e6sonen for FC K\u00f8benhavn, der ikke blot har m\u00e5tte forlade Europa League inden gruppespillet, men ogs\u00e5 er kommet skidt fra land i Superligaen.<\/p>\n\n\n\n<p>Flere af profilerne har ikke kunne holde det vanligt h\u00f8je niveau, og den ellers stabile Carlos Zeca har ikke v\u00e6ret nogen undtagelse.<\/p>\n\n\n\n<p>Det er manager St\u00e5le Solbakken ogs\u00e5 godt klar over, men der ligger en helt naturlig \u00e5rsag til grund for formdykket.<\/p>\n\n\n\n<p>&#8220;Zeca har v\u00e6ret rigtig h\u00e5rdt ramt af denne coronaperiode, og han m\u00e5 op p\u00e5 det niveau, han var p\u00e5 inden. Vi har haft nogle h\u00e5rde og \u00e6rlige samtaler med ham, og jeg h\u00e5ber, at det vi s\u00e5 i s\u00f8ndags var f\u00f8rste skridt tilbage, for b\u00e5de en Pep og en Falk centralt er afh\u00e6ngige af en, som er bedre defensivt og beskytter sin firek\u00e6de bedre Zeca har gjort i en periode,&#8221; lyder det fra nordmanden p\u00e5 <a href=\"https:\/\/www.fck.dk\/nyhed\/staales-status-del-2\" target=\"_blank\" rel=\"noreferrer noopener\">FC K\u00f8benhavns hjemmeside<\/a> og forts\u00e6tter:<\/p>\n\n\n\n<div class=\"wp-block-si-widget wp-block-si-widget--center\"><si-lb-widget widget-id=\"PlayerSeasonProfileOPTA\" width=\"440\" data-player-id=\"11798\"><\/si-lb-widget><\/div>\n\n\n\n<p>&#8220;Da Zeca kom i mesterskabss\u00e6sonen viste mine \u00f8jne &#8211; og godt bakket op af statistik &#8211; at hans aktionsradius og hans adf\u00e6rd defensivt for holdet var bedre. Han viste ogs\u00e5 enorme takter mod United, hvor han d\u00e6kkede enorme rum sammen med Jens og beskyttede firek\u00e6den fantastisk og desuden pr\u00e6gede kampen med bolden.&#8221;<\/p>\n\n\n\n<p>&#8220;Men der har v\u00e6ret for mange kampe, hvor han slet og ret nok har v\u00e6ret dr\u00e6net for kr\u00e6fter, b\u00e5de fysisk og psykisk, efter en periode b\u00e5de p\u00e5 og uden for banen, og nu m\u00e5 vi h\u00e5be, at vi f\u00e5r set den Zeca, vi har set i det meste af tiden.&#8221;<\/p>\n\n\n\n<figure class=\"wp-block-embed-wordpress wp-block-embed is-type-wp-embed is-provider-ace-football-danmark\"><div class=\"wp-block-embed__wrapper\">\n<blockquote class=\"wp-embedded-content\" data-secret=\"Zo7lPpvoAU\"><a href=\"https:\/\/acefootball.com\/da\/fodboldnyheder\/fifa-21-har-talt-her-er-superligaens-langsomste-spillere\/\">FIFA 21 har talt: Her er Superligaens langsomste spillere<\/a><\/blockquote><iframe class=\"wp-embedded-content\" sandbox=\"allow-scripts\" security=\"restricted\" style=\"position: absolute; clip: rect(1px, 1px, 1px, 1px);\" title=\"&#8220;FIFA 21 har talt: Her er Superligaens langsomste spillere&#8221; &#8212; Ace Football Danmark\" src=\"https:\/\/acefootball.com\/da\/fodboldnyheder\/fifa-21-har-talt-her-er-superligaens-langsomste-spillere\/embed\/#?secret=Zo7lPpvoAU\" data-secret=\"Zo7lPpvoAU\" width=\"600\" height=\"338\" frameborder=\"0\" marginwidth=\"0\" marginheight=\"0\" scrolling=\"no\"><\/iframe>\n<\/div><\/figure>\n\n\n\n<p>FC K\u00f8benhavn fik dog en h\u00e5rdt tiltr\u00e6ngt sejr p\u00e5 3-2 over FC Nordsj\u00e6lland i seneste Superliga-runde og kravlede derved v\u00e6k fra nedrykningsstregen.<\/p>\n","protected":false},"excerpt":{"rendered":"<p>FC K\u00f8benhavn-anf\u00f8rer Zeca har ikke v\u00e6ret p\u00e5 det vanlige niveau i denne s\u00e6son, og det er der if\u00f8lge St\u00e5le Solbakken en god grund til<\/p>\n","protected":false},"author":705,"featured_media":239059,"comment_status":"open","ping_status":"closed","sticky":false,"template":"","format":"standard","meta":{"om_disable_all_campaigns":false,"push_articles_ronaldo":{"active":false,"canonical":0,"publish":false},"force_updates":null},"categories":[8204],"tags":[872,16,182,588],"enet_tags":{"player":["11798","78638"],"team":["8391"],"league":["46"],"sport_events":[]},"yoast_head":"<!-- This site is optimized with the Yoast SEO plugin v18.3 - https:\/\/yoast.com\/wordpress\/plugins\/seo\/ -->\n<title>St\u00e5le: Zeca har v\u00e6ret h\u00e5rdt ramt af corona-perioden<\/title>\n<meta name=\"description\" content=\"FC K\u00f8benhavn-anf\u00f8rer Zeca har ikke v\u00e6ret p\u00e5 det vanlige niveau i denne s\u00e6son, og det er der if\u00f8lge St\u00e5le Solbakken en god grund til\" \/>\n<meta name=\"robots\" content=\"index, follow, max-snippet:-1, max-image-preview:large, max-video-preview:-1\" \/>\n<link rel=\"canonical\" href=\"https:\/\/acefootball.com\/da\/fodboldnyheder\/staale-zeca-har-vaeret-haardt-ramt-af-corona-perioden\/\" \/>\n<meta property=\"og:locale\" content=\"en_US\" \/>\n<meta property=\"og:type\" content=\"article\" \/>\n<meta property=\"og:title\" content=\"St\u00e5le: Zeca har v\u00e6ret h\u00e5rdt ramt af corona-perioden\" \/>\n<meta property=\"og:description\" content=\"FC K\u00f8benhavn-anf\u00f8rer Zeca har ikke v\u00e6ret p\u00e5 det vanlige niveau i denne s\u00e6son, og det er der if\u00f8lge St\u00e5le Solbakken en god grund til\" \/>\n<meta property=\"og:url\" content=\"https:\/\/acefootball.com\/da\/fodboldnyheder\/staale-zeca-har-vaeret-haardt-ramt-af-corona-perioden\/\" \/>\n<meta property=\"og:site_name\" content=\"Ace Football Danmark\" \/>\n<meta property=\"article:publisher\" content=\"https:\/\/www.facebook.com\/acefootballdk\" \/>\n<meta property=\"article:published_time\" content=\"2020-10-07T11:29:06+00:00\" \/>\n<meta property=\"article:modified_time\" content=\"2020-10-07T11:29:07+00:00\" \/>\n<meta property=\"og:image\" content=\"https:\/\/acefootball.com\/da\/wp-content\/uploads\/sites\/2\/2020\/10\/GettyImages-1228833103.jpg\" \/>\n\t<meta property=\"og:image:width\" content=\"1024\" \/>\n\t<meta property=\"og:image:height\" content=\"631\" \/>\n\t<meta property=\"og:image:type\" content=\"image\/jpeg\" \/>\n<meta name=\"twitter:card\" content=\"summary_large_image\" \/>\n<meta name=\"twitter:label1\" content=\"Written by\" \/>\n\t<meta name=\"twitter:data1\" content=\"Mads Dreyer\" \/>\n\t<meta name=\"twitter:label2\" content=\"Est. reading time\" \/>\n\t<meta name=\"twitter:data2\" content=\"2 minutes\" \/>\n<script type=\"application\/ld+json\" class=\"yoast-schema-graph\">{\"@context\":\"https:\/\/schema.org\",\"@graph\":[{\"@type\":\"Organization\",\"@id\":\"https:\/\/acefootball.com\/da\/#organization\",\"name\":\"Ace Football\",\"url\":\"https:\/\/acefootball.com\/da\/\",\"sameAs\":[\"https:\/\/www.facebook.com\/acefootballdk\"],\"logo\":{\"@type\":\"ImageObject\",\"@id\":\"https:\/\/acefootball.com\/da\/#logo\",\"inLanguage\":\"en-US\",\"url\":\"https:\/\/acefootball.com\/da\/wp-content\/uploads\/sites\/2\/2020\/07\/Ace-Football-30-07-2020-2.png\",\"contentUrl\":\"https:\/\/acefootball.com\/da\/wp-content\/uploads\/sites\/2\/2020\/07\/Ace-Football-30-07-2020-2.png\",\"width\":1200,\"height\":600,\"caption\":\"Ace Football\"},\"image\":{\"@id\":\"https:\/\/acefootball.com\/da\/#logo\"}},{\"@type\":\"WebSite\",\"@id\":\"https:\/\/acefootball.com\/da\/#website\",\"url\":\"https:\/\/acefootball.com\/da\/\",\"name\":\"Ace Football Danmark\",\"description\":\"Nyheder, Spiltips &amp; Livescore\",\"publisher\":{\"@id\":\"https:\/\/acefootball.com\/da\/#organization\"},\"potentialAction\":[{\"@type\":\"SearchAction\",\"target\":{\"@type\":\"EntryPoint\",\"urlTemplate\":\"https:\/\/acefootball.com\/da\/?s={search_term_string}\"},\"query-input\":\"required name=search_term_string\"}],\"inLanguage\":\"en-US\"},{\"@type\":\"ImageObject\",\"@id\":\"https:\/\/acefootball.com\/da\/fodboldnyheder\/staale-zeca-har-vaeret-haardt-ramt-af-corona-perioden\/#primaryimage\",\"inLanguage\":\"en-US\",\"url\":\"https:\/\/acefootball.com\/da\/wp-content\/uploads\/sites\/2\/2020\/10\/GettyImages-1228833103.jpg\",\"contentUrl\":\"https:\/\/acefootball.com\/da\/wp-content\/uploads\/sites\/2\/2020\/10\/GettyImages-1228833103.jpg\",\"width\":1024,\"height\":631,\"caption\":\"COPENHAGEN, DENMARK - OCTOBER 01: Carlos Zeca of FC Copenhagen looks on during the UEFA Europa League Playoff match between FC Copenhagen and HNK Rijeka at Parken on October 1, 2020 in Copenhagen, Denmark. (Photo by Lars Ronbog \/ FrontZoneSport via Getty Images)\"},{\"@type\":\"WebPage\",\"@id\":\"https:\/\/acefootball.com\/da\/fodboldnyheder\/staale-zeca-har-vaeret-haardt-ramt-af-corona-perioden\/#webpage\",\"url\":\"https:\/\/acefootball.com\/da\/fodboldnyheder\/staale-zeca-har-vaeret-haardt-ramt-af-corona-perioden\/\",\"name\":\"St\u00e5le: Zeca har v\u00e6ret h\u00e5rdt ramt af corona-perioden\",\"isPartOf\":{\"@id\":\"https:\/\/acefootball.com\/da\/#website\"},\"primaryImageOfPage\":{\"@id\":\"https:\/\/acefootball.com\/da\/fodboldnyheder\/staale-zeca-har-vaeret-haardt-ramt-af-corona-perioden\/#primaryimage\"},\"datePublished\":\"2020-10-07T11:29:06+00:00\",\"dateModified\":\"2020-10-07T11:29:07+00:00\",\"description\":\"FC K\u00f8benhavn-anf\u00f8rer Zeca har ikke v\u00e6ret p\u00e5 det vanlige niveau i denne s\u00e6son, og det er der if\u00f8lge St\u00e5le Solbakken en god grund til\",\"breadcrumb\":{\"@id\":\"https:\/\/acefootball.com\/da\/fodboldnyheder\/staale-zeca-har-vaeret-haardt-ramt-af-corona-perioden\/#breadcrumb\"},\"inLanguage\":\"en-US\",\"potentialAction\":[{\"@type\":\"ReadAction\",\"target\":[\"https:\/\/acefootball.com\/da\/fodboldnyheder\/staale-zeca-har-vaeret-haardt-ramt-af-corona-perioden\/\"]}]},{\"@type\":\"BreadcrumbList\",\"@id\":\"https:\/\/acefootball.com\/da\/fodboldnyheder\/staale-zeca-har-vaeret-haardt-ramt-af-corona-perioden\/#breadcrumb\",\"itemListElement\":[{\"@type\":\"ListItem\",\"position\":1,\"name\":\"Home\",\"item\":\"https:\/\/acefootball.com\/da\/\"},{\"@type\":\"ListItem\",\"position\":2,\"name\":\"St\u00e5le: Zeca har v\u00e6ret h\u00e5rdt ramt af corona-perioden\"}]},{\"@type\":\"Article\",\"@id\":\"https:\/\/acefootball.com\/da\/fodboldnyheder\/staale-zeca-har-vaeret-haardt-ramt-af-corona-perioden\/#article\",\"isPartOf\":{\"@id\":\"https:\/\/acefootball.com\/da\/fodboldnyheder\/staale-zeca-har-vaeret-haardt-ramt-af-corona-perioden\/#webpage\"},\"author\":{\"@id\":\"https:\/\/acefootball.com\/da\/#\/schema\/person\/ee67e9cf04a276f144100ffa722f10cd\"},\"headline\":\"St\u00e5le: Zeca har v\u00e6ret h\u00e5rdt ramt af corona-perioden\",\"datePublished\":\"2020-10-07T11:29:06+00:00\",\"dateModified\":\"2020-10-07T11:29:07+00:00\",\"mainEntityOfPage\":{\"@id\":\"https:\/\/acefootball.com\/da\/fodboldnyheder\/staale-zeca-har-vaeret-haardt-ramt-af-corona-perioden\/#webpage\"},\"wordCount\":361,\"commentCount\":0,\"publisher\":{\"@id\":\"https:\/\/acefootball.com\/da\/#organization\"},\"image\":{\"@id\":\"https:\/\/acefootball.com\/da\/fodboldnyheder\/staale-zeca-har-vaeret-haardt-ramt-af-corona-perioden\/#primaryimage\"},\"thumbnailUrl\":\"https:\/\/acefootball.com\/da\/wp-content\/uploads\/sites\/2\/2020\/10\/GettyImages-1228833103.jpg\",\"keywords\":[\"Carlos Zeca\",\"FC K\u00f8benhavn\",\"St\u00e5le Solbakken\",\"Superligaen\"],\"articleSection\":[\"Udtalelse\"],\"inLanguage\":\"en-US\",\"potentialAction\":[{\"@type\":\"CommentAction\",\"name\":\"Comment\",\"target\":[\"https:\/\/acefootball.com\/da\/fodboldnyheder\/staale-zeca-har-vaeret-haardt-ramt-af-corona-perioden\/#respond\"]}]},{\"@type\":\"Person\",\"@id\":\"https:\/\/acefootball.com\/da\/#\/schema\/person\/ee67e9cf04a276f144100ffa722f10cd\",\"name\":\"Mads Dreyer\",\"image\":{\"@type\":\"ImageObject\",\"@id\":\"https:\/\/acefootball.com\/da\/#personlogo\",\"inLanguage\":\"en-US\",\"url\":\"https:\/\/secure.gravatar.com\/avatar\/7c7abf72cfde9902b6a60efe60c88d4c?s=96&d=mm&r=g\",\"contentUrl\":\"https:\/\/secure.gravatar.com\/avatar\/7c7abf72cfde9902b6a60efe60c88d4c?s=96&d=mm&r=g\",\"caption\":\"Mads Dreyer\"},\"description\":\"Skribent og fodboldn\u00f8rd, der lige nu fort\u00e6ller om alt og intet i fodboldverdenen p\u00e5 acefootball.com. Uddannet i kommunikation fra Aalborg Universitet.\",\"sameAs\":[\"https:\/\/www.linkedin.com\/in\/mads-dreyer-b9b08266\/\"],\"url\":\"https:\/\/acefootball.com\/da\/fodboldnyheder\/author\/mdnronaldo\/\"}]}<\/script>\n<!-- \/ Yoast SEO plugin. -->","yoast_head_json":{"title":"St\u00e5le: Zeca har v\u00e6ret h\u00e5rdt ramt af corona-perioden","description":"FC K\u00f8benhavn-anf\u00f8rer Zeca har ikke v\u00e6ret p\u00e5 det vanlige niveau i denne s\u00e6son, og det er der if\u00f8lge St\u00e5le Solbakken en god grund til","robots":{"index":"index","follow":"follow","max-snippet":"max-snippet:-1","max-image-preview":"max-image-preview:large","max-video-preview":"max-video-preview:-1"},"canonical":"https:\/\/acefootball.com\/da\/fodboldnyheder\/staale-zeca-har-vaeret-haardt-ramt-af-corona-perioden\/","og_locale":"en_US","og_type":"article","og_title":"St\u00e5le: Zeca har v\u00e6ret h\u00e5rdt ramt af corona-perioden","og_description":"FC K\u00f8benhavn-anf\u00f8rer Zeca har ikke v\u00e6ret p\u00e5 det vanlige niveau i denne s\u00e6son, og det er der if\u00f8lge St\u00e5le Solbakken en god grund til","og_url":"https:\/\/acefootball.com\/da\/fodboldnyheder\/staale-zeca-har-vaeret-haardt-ramt-af-corona-perioden\/","og_site_name":"Ace Football Danmark","article_publisher":"https:\/\/www.facebook.com\/acefootballdk","article_published_time":"2020-10-07T11:29:06+00:00","article_modified_time":"2020-10-07T11:29:07+00:00","og_image":[{"width":1024,"height":631,"url":"https:\/\/acefootball.com\/da\/wp-content\/uploads\/sites\/2\/2020\/10\/GettyImages-1228833103.jpg","type":"image\/jpeg"}],"twitter_card":"summary_large_image","twitter_misc":{"Written by":"Mads Dreyer","Est. reading time":"2 minutes"},"schema":{"@context":"https:\/\/schema.org","@graph":[{"@type":"Organization","@id":"https:\/\/acefootball.com\/da\/#organization","name":"Ace Football","url":"https:\/\/acefootball.com\/da\/","sameAs":["https:\/\/www.facebook.com\/acefootballdk"],"logo":{"@type":"ImageObject","@id":"https:\/\/acefootball.com\/da\/#logo","inLanguage":"en-US","url":"https:\/\/acefootball.com\/da\/wp-content\/uploads\/sites\/2\/2020\/07\/Ace-Football-30-07-2020-2.png","contentUrl":"https:\/\/acefootball.com\/da\/wp-content\/uploads\/sites\/2\/2020\/07\/Ace-Football-30-07-2020-2.png","width":1200,"height":600,"caption":"Ace Football"},"image":{"@id":"https:\/\/acefootball.com\/da\/#logo"}},{"@type":"WebSite","@id":"https:\/\/acefootball.com\/da\/#website","url":"https:\/\/acefootball.com\/da\/","name":"Ace Football Danmark","description":"Nyheder, Spiltips &amp; Livescore","publisher":{"@id":"https:\/\/acefootball.com\/da\/#organization"},"potentialAction":[{"@type":"SearchAction","target":{"@type":"EntryPoint","urlTemplate":"https:\/\/acefootball.com\/da\/?s={search_term_string}"},"query-input":"required name=search_term_string"}],"inLanguage":"en-US"},{"@type":"ImageObject","@id":"https:\/\/acefootball.com\/da\/fodboldnyheder\/staale-zeca-har-vaeret-haardt-ramt-af-corona-perioden\/#primaryimage","inLanguage":"en-US","url":"https:\/\/acefootball.com\/da\/wp-content\/uploads\/sites\/2\/2020\/10\/GettyImages-1228833103.jpg","contentUrl":"https:\/\/acefootball.com\/da\/wp-content\/uploads\/sites\/2\/2020\/10\/GettyImages-1228833103.jpg","width":1024,"height":631,"caption":"COPENHAGEN, DENMARK - OCTOBER 01: Carlos Zeca of FC Copenhagen looks on during the UEFA Europa League Playoff match between FC Copenhagen and HNK Rijeka at Parken on October 1, 2020 in Copenhagen, Denmark. (Photo by Lars Ronbog \/ FrontZoneSport via Getty Images)"},{"@type":"WebPage","@id":"https:\/\/acefootball.com\/da\/fodboldnyheder\/staale-zeca-har-vaeret-haardt-ramt-af-corona-perioden\/#webpage","url":"https:\/\/acefootball.com\/da\/fodboldnyheder\/staale-zeca-har-vaeret-haardt-ramt-af-corona-perioden\/","name":"St\u00e5le: Zeca har v\u00e6ret h\u00e5rdt ramt af corona-perioden","isPartOf":{"@id":"https:\/\/acefootball.com\/da\/#website"},"primaryImageOfPage":{"@id":"https:\/\/acefootball.com\/da\/fodboldnyheder\/staale-zeca-har-vaeret-haardt-ramt-af-corona-perioden\/#primaryimage"},"datePublished":"2020-10-07T11:29:06+00:00","dateModified":"2020-10-07T11:29:07+00:00","description":"FC K\u00f8benhavn-anf\u00f8rer Zeca har ikke v\u00e6ret p\u00e5 det vanlige niveau i denne s\u00e6son, og det er der if\u00f8lge St\u00e5le Solbakken en god grund til","breadcrumb":{"@id":"https:\/\/acefootball.com\/da\/fodboldnyheder\/staale-zeca-har-vaeret-haardt-ramt-af-corona-perioden\/#breadcrumb"},"inLanguage":"en-US","potentialAction":[{"@type":"ReadAction","target":["https:\/\/acefootball.com\/da\/fodboldnyheder\/staale-zeca-har-vaeret-haardt-ramt-af-corona-perioden\/"]}]},{"@type":"BreadcrumbList","@id":"https:\/\/acefootball.com\/da\/fodboldnyheder\/staale-zeca-har-vaeret-haardt-ramt-af-corona-perioden\/#breadcrumb","itemListElement":[{"@type":"ListItem","position":1,"name":"Home","item":"https:\/\/acefootball.com\/da\/"},{"@type":"ListItem","position":2,"name":"St\u00e5le: Zeca har v\u00e6ret h\u00e5rdt ramt af corona-perioden"}]},{"@type":"Article","@id":"https:\/\/acefootball.com\/da\/fodboldnyheder\/staale-zeca-har-vaeret-haardt-ramt-af-corona-perioden\/#article","isPartOf":{"@id":"https:\/\/acefootball.com\/da\/fodboldnyheder\/staale-zeca-har-vaeret-haardt-ramt-af-corona-perioden\/#webpage"},"author":{"@id":"https:\/\/acefootball.com\/da\/#\/schema\/person\/ee67e9cf04a276f144100ffa722f10cd"},"headline":"St\u00e5le: Zeca har v\u00e6ret h\u00e5rdt ramt af corona-perioden","datePublished":"2020-10-07T11:29:06+00:00","dateModified":"2020-10-07T11:29:07+00:00","mainEntityOfPage":{"@id":"https:\/\/acefootball.com\/da\/fodboldnyheder\/staale-zeca-har-vaeret-haardt-ramt-af-corona-perioden\/#webpage"},"wordCount":361,"commentCount":0,"publisher":{"@id":"https:\/\/acefootball.com\/da\/#organization"},"image":{"@id":"https:\/\/acefootball.com\/da\/fodboldnyheder\/staale-zeca-har-vaeret-haardt-ramt-af-corona-perioden\/#primaryimage"},"thumbnailUrl":"https:\/\/acefootball.com\/da\/wp-content\/uploads\/sites\/2\/2020\/10\/GettyImages-1228833103.jpg","keywords":["Carlos Zeca","FC K\u00f8benhavn","St\u00e5le Solbakken","Superligaen"],"articleSection":["Udtalelse"],"inLanguage":"en-US","potentialAction":[{"@type":"CommentAction","name":"Comment","target":["https:\/\/acefootball.com\/da\/fodboldnyheder\/staale-zeca-har-vaeret-haardt-ramt-af-corona-perioden\/#respond"]}]},{"@type":"Person","@id":"https:\/\/acefootball.com\/da\/#\/schema\/person\/ee67e9cf04a276f144100ffa722f10cd","name":"Mads Dreyer","image":{"@type":"ImageObject","@id":"https:\/\/acefootball.com\/da\/#personlogo","inLanguage":"en-US","url":"https:\/\/secure.gravatar.com\/avatar\/7c7abf72cfde9902b6a60efe60c88d4c?s=96&d=mm&r=g","contentUrl":"https:\/\/secure.gravatar.com\/avatar\/7c7abf72cfde9902b6a60efe60c88d4c?s=96&d=mm&r=g","caption":"Mads Dreyer"},"description":"Skribent og fodboldn\u00f8rd, der lige nu fort\u00e6ller om alt og intet i fodboldverdenen p\u00e5 acefootball.com. Uddannet i kommunikation fra Aalborg Universitet.","sameAs":["https:\/\/www.linkedin.com\/in\/mads-dreyer-b9b08266\/"],"url":"https:\/\/acefootball.com\/da\/fodboldnyheder\/author\/mdnronaldo\/"}]}},"fimg_url":"https:\/\/acefootball.com\/da\/wp-content\/uploads\/sites\/2\/2020\/10\/GettyImages-1228833103.jpg","_links":{"self":[{"href":"https:\/\/acefootball.com\/da\/wp-json\/wp\/v2\/posts\/239655"}],"collection":[{"href":"https:\/\/acefootball.com\/da\/wp-json\/wp\/v2\/posts"}],"about":[{"href":"https:\/\/acefootball.com\/da\/wp-json\/wp\/v2\/types\/post"}],"author":[{"embeddable":true,"href":"https:\/\/acefootball.com\/da\/wp-json\/wp\/v2\/users\/705"}],"replies":[{"embeddable":true,"href":"https:\/\/acefootball.com\/da\/wp-json\/wp\/v2\/comments?post=239655"}],"version-history":[{"count":0,"href":"https:\/\/acefootball.com\/da\/wp-json\/wp\/v2\/posts\/239655\/revisions"}],"wp:featuredmedia":[{"embeddable":true,"href":"https:\/\/acefootball.com\/da\/wp-json\/wp\/v2\/media\/239059"}],"wp:attachment":[{"href":"https:\/\/acefootball.com\/da\/wp-json\/wp\/v2\/media?parent=239655"}],"wp:term":[{"taxonomy":"category","embeddable":true,"href":"https:\/\/acefootball.com\/da\/wp-json\/wp\/v2\/categories?post=239655"},{"taxonomy":"post_tag","embeddable":true,"href":"https:\/\/acefootball.com\/da\/wp-json\/wp\/v2\/tags?post=239655"}],"curies":[{"name":"wp","href":"https:\/\/api.w.org\/{rel}","templated":true}]}}