{"id":239648,"date":"2020-10-07T13:07:45","date_gmt":"2020-10-07T11:07:45","guid":{"rendered":"https:\/\/acefootball.com\/da\/?p=239648"},"modified":"2020-10-07T13:07:46","modified_gmt":"2020-10-07T11:07:46","slug":"bekraeftet-barcelona-medlemmer-et-skridt-taettere-paa-at-vaelte-bartomeu","status":"publish","type":"post","link":"https:\/\/acefootball.com\/da\/fodboldnyheder\/bekraeftet-barcelona-medlemmer-et-skridt-taettere-paa-at-vaelte-bartomeu\/","title":{"rendered":"Bekr\u00e6ftet: Barcelona-medlemmer et skridt t\u00e6ttere p\u00e5 at v\u00e6lte Bartomeu"},"content":{"rendered":"\n<h2 id=\"h-det-er-nu-endeligt-bekr-ftet-at-der-er-indsamlet-flere-end-16-521-underskrifter-for-et-nyt-pr-sidentvalg-i-fc-barcelona\">Det er nu endeligt bekr\u00e6ftet, at der er indsamlet flere end 16.521 underskrifter for et nyt pr\u00e6sidentvalg i FC Barcelona<\/h2>\n\n\n\n<p>Kampen for at v\u00e6lte pr\u00e6sident Josep Bartomeu forts\u00e6tter for FC Barcelona-medlemmerne, og nu kan m\u00e5let v\u00e6re meget t\u00e6t p\u00e5.<\/p>\n\n\n\n<p>Efter officielle opt\u00e6llinger af underskriftsindsamlingen er det nu bekr\u00e6ftet, at man har n\u00e5et det p\u00e5kr\u00e6vede antal p\u00e5 16.521, hvilket var nok til at bringe processen et skridt t\u00e6ttere p\u00e5 et nyt pr\u00e6sidentvalg.<\/p>\n\n\n\n<p>Informationen kommer fra V\u00edctor Navarro, der er journalist hos mediet COPE.<\/p>\n\n\n\n<figure class=\"wp-block-embed-twitter wp-block-embed is-type-rich is-provider-twitter\"><div class=\"wp-block-embed__wrapper\">\n<blockquote class=\"twitter-tweet\" data-width=\"550\" data-dnt=\"true\"><p lang=\"es\" dir=\"ltr\">\ud83d\udd35\ud83d\udd34 \u00a1\u00daLTIMA HORA <a href=\"https:\/\/twitter.com\/hashtag\/MocionDeCensura?src=hash&amp;ref_src=twsrc%5Etfw\">#MocionDeCensura<\/a>! VALIDADAS LAS 16.521 FIRMAS NECESARIAS<br><br>\ud83d\uddf3 El REFER\u00c9NDUM ser\u00e1 en 20 d\u00edas como m\u00e1ximo<br><br>\ud83c\udfdf Felicidad de los impulsores en las puertas del Auditorio<br><br>\ud83d\udcfb Desde el 26 de agosto informando de la <a href=\"https:\/\/twitter.com\/hashtag\/MocioFCB?src=hash&amp;ref_src=twsrc%5Etfw\">#MocioFCB<\/a> de Farr\u00e9 en los Deportes de la Cadena <a href=\"https:\/\/twitter.com\/COPE?ref_src=twsrc%5Etfw\">@COPE<\/a> <a href=\"https:\/\/t.co\/VQi1sO0DHt\">pic.twitter.com\/VQi1sO0DHt<\/a><\/p>&mdash; V\u00edctor Navarro (@victor_nahe) <a href=\"https:\/\/twitter.com\/victor_nahe\/status\/1313782964812214277?ref_src=twsrc%5Etfw\">October 7, 2020<\/a><\/blockquote><script async src=\"https:\/\/platform.twitter.com\/widgets.js\" charset=\"utf-8\"><\/script>\n<\/div><\/figure>\n\n\n\n<p>Nu har Bartomeu op til 20 dage til at arrangere den afg\u00f8rende afstemning, hvor alle klubbens medlemmer skal til stemmeurnen. Her er kravet, at 2\/3 af stemmerne skal \u00f8nske pr\u00e6sidentens afgang.<\/p>\n\n\n\n<p>F\u00f8rst efter denne afstemning st\u00e5r det klart, hvorvidt Bartomeu bliver tvunget af tronen f\u00f8r tid. Det oprindelige valg st\u00e5r i \u00f8jeblikket f\u00f8rst til at l\u00f8be af stablen n\u00e6ste \u00e5r.<\/p>\n\n\n\n<figure class=\"wp-block-embed-wordpress wp-block-embed is-type-wp-embed is-provider-ace-football-danmark\"><div class=\"wp-block-embed__wrapper\">\n<blockquote class=\"wp-embedded-content\" data-secret=\"u0S4IlsaRC\"><a href=\"https:\/\/acefootball.com\/da\/fodboldnyheder\/medie-barcelona-spillere-kan-forlade-klubben-gratis\/\">Medie: Barcelona-spillere kan forlade klubben gratis<\/a><\/blockquote><iframe class=\"wp-embedded-content\" sandbox=\"allow-scripts\" security=\"restricted\" style=\"position: absolute; clip: rect(1px, 1px, 1px, 1px);\" title=\"&#8220;Medie: Barcelona-spillere kan forlade klubben gratis&#8221; &#8212; Ace Football Danmark\" src=\"https:\/\/acefootball.com\/da\/fodboldnyheder\/medie-barcelona-spillere-kan-forlade-klubben-gratis\/embed\/#?secret=u0S4IlsaRC\" data-secret=\"u0S4IlsaRC\" width=\"600\" height=\"338\" frameborder=\"0\" marginwidth=\"0\" marginheight=\"0\" scrolling=\"no\"><\/iframe>\n<\/div><\/figure>\n","protected":false},"excerpt":{"rendered":"<p>Det er nu endeligt bekr\u00e6ftet, at der er indsamlet flere end 16.521 underskrifter for et nyt pr\u00e6sidentvalg i FC Barcelona<\/p>\n","protected":false},"author":705,"featured_media":234298,"comment_status":"open","ping_status":"closed","sticky":false,"template":"","format":"standard","meta":{"om_disable_all_campaigns":false,"push_articles_ronaldo":{"active":false,"canonical":0,"publish":false},"force_updates":null},"categories":[1],"tags":[41,303],"enet_tags":{"team":["8634"],"league":["87"],"sport_events":[]},"yoast_head":"<!-- This site is optimized with the Yoast SEO plugin v18.3 - https:\/\/yoast.com\/wordpress\/plugins\/seo\/ -->\n<title>Bekr\u00e6ftet: Barcelona-medlemmer et skridt t\u00e6ttere p\u00e5 at v\u00e6lte Bartomeu<\/title>\n<meta name=\"description\" content=\"Det er nu endeligt bekr\u00e6ftet, at der er indsamlet flere end 16.521 underskrifter for et nyt pr\u00e6sidentvalg i FC Barcelona\" \/>\n<meta name=\"robots\" content=\"index, follow, max-snippet:-1, max-image-preview:large, max-video-preview:-1\" \/>\n<link rel=\"canonical\" href=\"https:\/\/acefootball.com\/da\/fodboldnyheder\/bekraeftet-barcelona-medlemmer-et-skridt-taettere-paa-at-vaelte-bartomeu\/\" \/>\n<meta property=\"og:locale\" content=\"en_US\" \/>\n<meta property=\"og:type\" content=\"article\" \/>\n<meta property=\"og:title\" content=\"Bekr\u00e6ftet: Barcelona-medlemmer et skridt t\u00e6ttere p\u00e5 at v\u00e6lte Bartomeu\" \/>\n<meta property=\"og:description\" content=\"Det er nu endeligt bekr\u00e6ftet, at der er indsamlet flere end 16.521 underskrifter for et nyt pr\u00e6sidentvalg i FC Barcelona\" \/>\n<meta property=\"og:url\" content=\"https:\/\/acefootball.com\/da\/fodboldnyheder\/bekraeftet-barcelona-medlemmer-et-skridt-taettere-paa-at-vaelte-bartomeu\/\" \/>\n<meta property=\"og:site_name\" content=\"Ace Football Danmark\" \/>\n<meta property=\"article:publisher\" content=\"https:\/\/www.facebook.com\/acefootballdk\" \/>\n<meta property=\"article:published_time\" content=\"2020-10-07T11:07:45+00:00\" \/>\n<meta property=\"article:modified_time\" content=\"2020-10-07T11:07:46+00:00\" \/>\n<meta property=\"og:image\" content=\"https:\/\/acefootball.com\/da\/wp-content\/uploads\/sites\/2\/2020\/08\/GettyImages-452645394.jpg\" \/>\n\t<meta property=\"og:image:width\" content=\"1024\" \/>\n\t<meta property=\"og:image:height\" content=\"682\" \/>\n\t<meta property=\"og:image:type\" content=\"image\/jpeg\" \/>\n<meta name=\"twitter:card\" content=\"summary_large_image\" \/>\n<meta name=\"twitter:label1\" content=\"Written by\" \/>\n\t<meta name=\"twitter:data1\" content=\"Mads Dreyer\" \/>\n\t<meta name=\"twitter:label2\" content=\"Est. reading time\" \/>\n\t<meta name=\"twitter:data2\" content=\"1 minute\" \/>\n<script type=\"application\/ld+json\" class=\"yoast-schema-graph\">{\"@context\":\"https:\/\/schema.org\",\"@graph\":[{\"@type\":\"Organization\",\"@id\":\"https:\/\/acefootball.com\/da\/#organization\",\"name\":\"Ace Football\",\"url\":\"https:\/\/acefootball.com\/da\/\",\"sameAs\":[\"https:\/\/www.facebook.com\/acefootballdk\"],\"logo\":{\"@type\":\"ImageObject\",\"@id\":\"https:\/\/acefootball.com\/da\/#logo\",\"inLanguage\":\"en-US\",\"url\":\"https:\/\/acefootball.com\/da\/wp-content\/uploads\/sites\/2\/2020\/07\/Ace-Football-30-07-2020-2.png\",\"contentUrl\":\"https:\/\/acefootball.com\/da\/wp-content\/uploads\/sites\/2\/2020\/07\/Ace-Football-30-07-2020-2.png\",\"width\":1200,\"height\":600,\"caption\":\"Ace Football\"},\"image\":{\"@id\":\"https:\/\/acefootball.com\/da\/#logo\"}},{\"@type\":\"WebSite\",\"@id\":\"https:\/\/acefootball.com\/da\/#website\",\"url\":\"https:\/\/acefootball.com\/da\/\",\"name\":\"Ace Football Danmark\",\"description\":\"Nyheder, Spiltips &amp; Livescore\",\"publisher\":{\"@id\":\"https:\/\/acefootball.com\/da\/#organization\"},\"potentialAction\":[{\"@type\":\"SearchAction\",\"target\":{\"@type\":\"EntryPoint\",\"urlTemplate\":\"https:\/\/acefootball.com\/da\/?s={search_term_string}\"},\"query-input\":\"required name=search_term_string\"}],\"inLanguage\":\"en-US\"},{\"@type\":\"ImageObject\",\"@id\":\"https:\/\/acefootball.com\/da\/fodboldnyheder\/bekraeftet-barcelona-medlemmer-et-skridt-taettere-paa-at-vaelte-bartomeu\/#primaryimage\",\"inLanguage\":\"en-US\",\"url\":\"https:\/\/acefootball.com\/da\/wp-content\/uploads\/sites\/2\/2020\/08\/GettyImages-452645394.jpg\",\"contentUrl\":\"https:\/\/acefootball.com\/da\/wp-content\/uploads\/sites\/2\/2020\/08\/GettyImages-452645394.jpg\",\"width\":1024,\"height\":682,\"caption\":\"BARCELONA, SPAIN - JULY 25: FC Barcelona President Josep Maria Bartomeu looks on during a FC Barcelona training session at Ciutat Esportiva de Sant Joan Despi on July 25, 2014 in Barcelona, Spain. (Photo by David Ramos\/Getty Images)\"},{\"@type\":\"WebPage\",\"@id\":\"https:\/\/acefootball.com\/da\/fodboldnyheder\/bekraeftet-barcelona-medlemmer-et-skridt-taettere-paa-at-vaelte-bartomeu\/#webpage\",\"url\":\"https:\/\/acefootball.com\/da\/fodboldnyheder\/bekraeftet-barcelona-medlemmer-et-skridt-taettere-paa-at-vaelte-bartomeu\/\",\"name\":\"Bekr\u00e6ftet: Barcelona-medlemmer et skridt t\u00e6ttere p\u00e5 at v\u00e6lte Bartomeu\",\"isPartOf\":{\"@id\":\"https:\/\/acefootball.com\/da\/#website\"},\"primaryImageOfPage\":{\"@id\":\"https:\/\/acefootball.com\/da\/fodboldnyheder\/bekraeftet-barcelona-medlemmer-et-skridt-taettere-paa-at-vaelte-bartomeu\/#primaryimage\"},\"datePublished\":\"2020-10-07T11:07:45+00:00\",\"dateModified\":\"2020-10-07T11:07:46+00:00\",\"description\":\"Det er nu endeligt bekr\u00e6ftet, at der er indsamlet flere end 16.521 underskrifter for et nyt pr\u00e6sidentvalg i FC Barcelona\",\"breadcrumb\":{\"@id\":\"https:\/\/acefootball.com\/da\/fodboldnyheder\/bekraeftet-barcelona-medlemmer-et-skridt-taettere-paa-at-vaelte-bartomeu\/#breadcrumb\"},\"inLanguage\":\"en-US\",\"potentialAction\":[{\"@type\":\"ReadAction\",\"target\":[\"https:\/\/acefootball.com\/da\/fodboldnyheder\/bekraeftet-barcelona-medlemmer-et-skridt-taettere-paa-at-vaelte-bartomeu\/\"]}]},{\"@type\":\"BreadcrumbList\",\"@id\":\"https:\/\/acefootball.com\/da\/fodboldnyheder\/bekraeftet-barcelona-medlemmer-et-skridt-taettere-paa-at-vaelte-bartomeu\/#breadcrumb\",\"itemListElement\":[{\"@type\":\"ListItem\",\"position\":1,\"name\":\"Home\",\"item\":\"https:\/\/acefootball.com\/da\/\"},{\"@type\":\"ListItem\",\"position\":2,\"name\":\"Bekr\u00e6ftet: Barcelona-medlemmer et skridt t\u00e6ttere p\u00e5 at v\u00e6lte Bartomeu\"}]},{\"@type\":\"Article\",\"@id\":\"https:\/\/acefootball.com\/da\/fodboldnyheder\/bekraeftet-barcelona-medlemmer-et-skridt-taettere-paa-at-vaelte-bartomeu\/#article\",\"isPartOf\":{\"@id\":\"https:\/\/acefootball.com\/da\/fodboldnyheder\/bekraeftet-barcelona-medlemmer-et-skridt-taettere-paa-at-vaelte-bartomeu\/#webpage\"},\"author\":{\"@id\":\"https:\/\/acefootball.com\/da\/#\/schema\/person\/ee67e9cf04a276f144100ffa722f10cd\"},\"headline\":\"Bekr\u00e6ftet: Barcelona-medlemmer et skridt t\u00e6ttere p\u00e5 at v\u00e6lte Bartomeu\",\"datePublished\":\"2020-10-07T11:07:45+00:00\",\"dateModified\":\"2020-10-07T11:07:46+00:00\",\"mainEntityOfPage\":{\"@id\":\"https:\/\/acefootball.com\/da\/fodboldnyheder\/bekraeftet-barcelona-medlemmer-et-skridt-taettere-paa-at-vaelte-bartomeu\/#webpage\"},\"wordCount\":187,\"commentCount\":0,\"publisher\":{\"@id\":\"https:\/\/acefootball.com\/da\/#organization\"},\"image\":{\"@id\":\"https:\/\/acefootball.com\/da\/fodboldnyheder\/bekraeftet-barcelona-medlemmer-et-skridt-taettere-paa-at-vaelte-bartomeu\/#primaryimage\"},\"thumbnailUrl\":\"https:\/\/acefootball.com\/da\/wp-content\/uploads\/sites\/2\/2020\/08\/GettyImages-452645394.jpg\",\"keywords\":[\"FC Barcelona\",\"La Liga\"],\"articleSection\":[\"Nyhed\"],\"inLanguage\":\"en-US\",\"potentialAction\":[{\"@type\":\"CommentAction\",\"name\":\"Comment\",\"target\":[\"https:\/\/acefootball.com\/da\/fodboldnyheder\/bekraeftet-barcelona-medlemmer-et-skridt-taettere-paa-at-vaelte-bartomeu\/#respond\"]}]},{\"@type\":\"Person\",\"@id\":\"https:\/\/acefootball.com\/da\/#\/schema\/person\/ee67e9cf04a276f144100ffa722f10cd\",\"name\":\"Mads Dreyer\",\"image\":{\"@type\":\"ImageObject\",\"@id\":\"https:\/\/acefootball.com\/da\/#personlogo\",\"inLanguage\":\"en-US\",\"url\":\"https:\/\/secure.gravatar.com\/avatar\/7c7abf72cfde9902b6a60efe60c88d4c?s=96&d=mm&r=g\",\"contentUrl\":\"https:\/\/secure.gravatar.com\/avatar\/7c7abf72cfde9902b6a60efe60c88d4c?s=96&d=mm&r=g\",\"caption\":\"Mads Dreyer\"},\"description\":\"Skribent og fodboldn\u00f8rd, der lige nu fort\u00e6ller om alt og intet i fodboldverdenen p\u00e5 acefootball.com. Uddannet i kommunikation fra Aalborg Universitet.\",\"sameAs\":[\"https:\/\/www.linkedin.com\/in\/mads-dreyer-b9b08266\/\"],\"url\":\"https:\/\/acefootball.com\/da\/fodboldnyheder\/author\/mdnronaldo\/\"}]}<\/script>\n<!-- \/ Yoast SEO plugin. -->","yoast_head_json":{"title":"Bekr\u00e6ftet: Barcelona-medlemmer et skridt t\u00e6ttere p\u00e5 at v\u00e6lte Bartomeu","description":"Det er nu endeligt bekr\u00e6ftet, at der er indsamlet flere end 16.521 underskrifter for et nyt pr\u00e6sidentvalg i FC Barcelona","robots":{"index":"index","follow":"follow","max-snippet":"max-snippet:-1","max-image-preview":"max-image-preview:large","max-video-preview":"max-video-preview:-1"},"canonical":"https:\/\/acefootball.com\/da\/fodboldnyheder\/bekraeftet-barcelona-medlemmer-et-skridt-taettere-paa-at-vaelte-bartomeu\/","og_locale":"en_US","og_type":"article","og_title":"Bekr\u00e6ftet: Barcelona-medlemmer et skridt t\u00e6ttere p\u00e5 at v\u00e6lte Bartomeu","og_description":"Det er nu endeligt bekr\u00e6ftet, at der er indsamlet flere end 16.521 underskrifter for et nyt pr\u00e6sidentvalg i FC Barcelona","og_url":"https:\/\/acefootball.com\/da\/fodboldnyheder\/bekraeftet-barcelona-medlemmer-et-skridt-taettere-paa-at-vaelte-bartomeu\/","og_site_name":"Ace Football Danmark","article_publisher":"https:\/\/www.facebook.com\/acefootballdk","article_published_time":"2020-10-07T11:07:45+00:00","article_modified_time":"2020-10-07T11:07:46+00:00","og_image":[{"width":1024,"height":682,"url":"https:\/\/acefootball.com\/da\/wp-content\/uploads\/sites\/2\/2020\/08\/GettyImages-452645394.jpg","type":"image\/jpeg"}],"twitter_card":"summary_large_image","twitter_misc":{"Written by":"Mads Dreyer","Est. reading time":"1 minute"},"schema":{"@context":"https:\/\/schema.org","@graph":[{"@type":"Organization","@id":"https:\/\/acefootball.com\/da\/#organization","name":"Ace Football","url":"https:\/\/acefootball.com\/da\/","sameAs":["https:\/\/www.facebook.com\/acefootballdk"],"logo":{"@type":"ImageObject","@id":"https:\/\/acefootball.com\/da\/#logo","inLanguage":"en-US","url":"https:\/\/acefootball.com\/da\/wp-content\/uploads\/sites\/2\/2020\/07\/Ace-Football-30-07-2020-2.png","contentUrl":"https:\/\/acefootball.com\/da\/wp-content\/uploads\/sites\/2\/2020\/07\/Ace-Football-30-07-2020-2.png","width":1200,"height":600,"caption":"Ace Football"},"image":{"@id":"https:\/\/acefootball.com\/da\/#logo"}},{"@type":"WebSite","@id":"https:\/\/acefootball.com\/da\/#website","url":"https:\/\/acefootball.com\/da\/","name":"Ace Football Danmark","description":"Nyheder, Spiltips &amp; Livescore","publisher":{"@id":"https:\/\/acefootball.com\/da\/#organization"},"potentialAction":[{"@type":"SearchAction","target":{"@type":"EntryPoint","urlTemplate":"https:\/\/acefootball.com\/da\/?s={search_term_string}"},"query-input":"required name=search_term_string"}],"inLanguage":"en-US"},{"@type":"ImageObject","@id":"https:\/\/acefootball.com\/da\/fodboldnyheder\/bekraeftet-barcelona-medlemmer-et-skridt-taettere-paa-at-vaelte-bartomeu\/#primaryimage","inLanguage":"en-US","url":"https:\/\/acefootball.com\/da\/wp-content\/uploads\/sites\/2\/2020\/08\/GettyImages-452645394.jpg","contentUrl":"https:\/\/acefootball.com\/da\/wp-content\/uploads\/sites\/2\/2020\/08\/GettyImages-452645394.jpg","width":1024,"height":682,"caption":"BARCELONA, SPAIN - JULY 25: FC Barcelona President Josep Maria Bartomeu looks on during a FC Barcelona training session at Ciutat Esportiva de Sant Joan Despi on July 25, 2014 in Barcelona, Spain. (Photo by David Ramos\/Getty Images)"},{"@type":"WebPage","@id":"https:\/\/acefootball.com\/da\/fodboldnyheder\/bekraeftet-barcelona-medlemmer-et-skridt-taettere-paa-at-vaelte-bartomeu\/#webpage","url":"https:\/\/acefootball.com\/da\/fodboldnyheder\/bekraeftet-barcelona-medlemmer-et-skridt-taettere-paa-at-vaelte-bartomeu\/","name":"Bekr\u00e6ftet: Barcelona-medlemmer et skridt t\u00e6ttere p\u00e5 at v\u00e6lte Bartomeu","isPartOf":{"@id":"https:\/\/acefootball.com\/da\/#website"},"primaryImageOfPage":{"@id":"https:\/\/acefootball.com\/da\/fodboldnyheder\/bekraeftet-barcelona-medlemmer-et-skridt-taettere-paa-at-vaelte-bartomeu\/#primaryimage"},"datePublished":"2020-10-07T11:07:45+00:00","dateModified":"2020-10-07T11:07:46+00:00","description":"Det er nu endeligt bekr\u00e6ftet, at der er indsamlet flere end 16.521 underskrifter for et nyt pr\u00e6sidentvalg i FC Barcelona","breadcrumb":{"@id":"https:\/\/acefootball.com\/da\/fodboldnyheder\/bekraeftet-barcelona-medlemmer-et-skridt-taettere-paa-at-vaelte-bartomeu\/#breadcrumb"},"inLanguage":"en-US","potentialAction":[{"@type":"ReadAction","target":["https:\/\/acefootball.com\/da\/fodboldnyheder\/bekraeftet-barcelona-medlemmer-et-skridt-taettere-paa-at-vaelte-bartomeu\/"]}]},{"@type":"BreadcrumbList","@id":"https:\/\/acefootball.com\/da\/fodboldnyheder\/bekraeftet-barcelona-medlemmer-et-skridt-taettere-paa-at-vaelte-bartomeu\/#breadcrumb","itemListElement":[{"@type":"ListItem","position":1,"name":"Home","item":"https:\/\/acefootball.com\/da\/"},{"@type":"ListItem","position":2,"name":"Bekr\u00e6ftet: Barcelona-medlemmer et skridt t\u00e6ttere p\u00e5 at v\u00e6lte Bartomeu"}]},{"@type":"Article","@id":"https:\/\/acefootball.com\/da\/fodboldnyheder\/bekraeftet-barcelona-medlemmer-et-skridt-taettere-paa-at-vaelte-bartomeu\/#article","isPartOf":{"@id":"https:\/\/acefootball.com\/da\/fodboldnyheder\/bekraeftet-barcelona-medlemmer-et-skridt-taettere-paa-at-vaelte-bartomeu\/#webpage"},"author":{"@id":"https:\/\/acefootball.com\/da\/#\/schema\/person\/ee67e9cf04a276f144100ffa722f10cd"},"headline":"Bekr\u00e6ftet: Barcelona-medlemmer et skridt t\u00e6ttere p\u00e5 at v\u00e6lte Bartomeu","datePublished":"2020-10-07T11:07:45+00:00","dateModified":"2020-10-07T11:07:46+00:00","mainEntityOfPage":{"@id":"https:\/\/acefootball.com\/da\/fodboldnyheder\/bekraeftet-barcelona-medlemmer-et-skridt-taettere-paa-at-vaelte-bartomeu\/#webpage"},"wordCount":187,"commentCount":0,"publisher":{"@id":"https:\/\/acefootball.com\/da\/#organization"},"image":{"@id":"https:\/\/acefootball.com\/da\/fodboldnyheder\/bekraeftet-barcelona-medlemmer-et-skridt-taettere-paa-at-vaelte-bartomeu\/#primaryimage"},"thumbnailUrl":"https:\/\/acefootball.com\/da\/wp-content\/uploads\/sites\/2\/2020\/08\/GettyImages-452645394.jpg","keywords":["FC Barcelona","La Liga"],"articleSection":["Nyhed"],"inLanguage":"en-US","potentialAction":[{"@type":"CommentAction","name":"Comment","target":["https:\/\/acefootball.com\/da\/fodboldnyheder\/bekraeftet-barcelona-medlemmer-et-skridt-taettere-paa-at-vaelte-bartomeu\/#respond"]}]},{"@type":"Person","@id":"https:\/\/acefootball.com\/da\/#\/schema\/person\/ee67e9cf04a276f144100ffa722f10cd","name":"Mads Dreyer","image":{"@type":"ImageObject","@id":"https:\/\/acefootball.com\/da\/#personlogo","inLanguage":"en-US","url":"https:\/\/secure.gravatar.com\/avatar\/7c7abf72cfde9902b6a60efe60c88d4c?s=96&d=mm&r=g","contentUrl":"https:\/\/secure.gravatar.com\/avatar\/7c7abf72cfde9902b6a60efe60c88d4c?s=96&d=mm&r=g","caption":"Mads Dreyer"},"description":"Skribent og fodboldn\u00f8rd, der lige nu fort\u00e6ller om alt og intet i fodboldverdenen p\u00e5 acefootball.com. Uddannet i kommunikation fra Aalborg Universitet.","sameAs":["https:\/\/www.linkedin.com\/in\/mads-dreyer-b9b08266\/"],"url":"https:\/\/acefootball.com\/da\/fodboldnyheder\/author\/mdnronaldo\/"}]}},"fimg_url":"https:\/\/acefootball.com\/da\/wp-content\/uploads\/sites\/2\/2020\/08\/GettyImages-452645394.jpg","_links":{"self":[{"href":"https:\/\/acefootball.com\/da\/wp-json\/wp\/v2\/posts\/239648"}],"collection":[{"href":"https:\/\/acefootball.com\/da\/wp-json\/wp\/v2\/posts"}],"about":[{"href":"https:\/\/acefootball.com\/da\/wp-json\/wp\/v2\/types\/post"}],"author":[{"embeddable":true,"href":"https:\/\/acefootball.com\/da\/wp-json\/wp\/v2\/users\/705"}],"replies":[{"embeddable":true,"href":"https:\/\/acefootball.com\/da\/wp-json\/wp\/v2\/comments?post=239648"}],"version-history":[{"count":0,"href":"https:\/\/acefootball.com\/da\/wp-json\/wp\/v2\/posts\/239648\/revisions"}],"wp:featuredmedia":[{"embeddable":true,"href":"https:\/\/acefootball.com\/da\/wp-json\/wp\/v2\/media\/234298"}],"wp:attachment":[{"href":"https:\/\/acefootball.com\/da\/wp-json\/wp\/v2\/media?parent=239648"}],"wp:term":[{"taxonomy":"category","embeddable":true,"href":"https:\/\/acefootball.com\/da\/wp-json\/wp\/v2\/categories?post=239648"},{"taxonomy":"post_tag","embeddable":true,"href":"https:\/\/acefootball.com\/da\/wp-json\/wp\/v2\/tags?post=239648"}],"curies":[{"name":"wp","href":"https:\/\/api.w.org\/{rel}","templated":true}]}}