{"id":239639,"date":"2020-10-07T10:55:39","date_gmt":"2020-10-07T08:55:39","guid":{"rendered":"https:\/\/acefootball.com\/da\/?p=239639"},"modified":"2020-10-07T10:55:40","modified_gmt":"2020-10-07T08:55:40","slug":"succesfuld-u21-traenerduo-forlaenger-kontrakten","status":"publish","type":"post","link":"https:\/\/acefootball.com\/da\/fodboldnyheder\/succesfuld-u21-traenerduo-forlaenger-kontrakten\/","title":{"rendered":"Succesfuld U21-tr\u00e6nerduo forl\u00e6nger kontrakten"},"content":{"rendered":"\n<h2 id=\"h-albert-capellas-og-steffen-h-jer-har-forl-nget-deres-kontrakter-s-de-forts-tter-i-spidsen-for-u21-landsholdet-frem-til-2023\">Albert Capellas og Steffen H\u00f8jer har forl\u00e6nget deres kontrakter, s\u00e5 de forts\u00e6tter i spidsen for U21-landsholdet frem til 2023<\/h2>\n\n\n\n<p>Sidste \u00e5r fik det danske U21-landshold nyt tr\u00e6nerteam, da spanske Albert Capellas overtog rollen som cheftr\u00e6ner, mens Steffen H\u00f8jer blev ny assistenttr\u00e6ner.<\/p>\n\n\n\n<p>Duoen fik dengang en to\u00e5rig kontrakt, men efter et \u00e5r som ubesejrede er aftalen nu forl\u00e6nget til sommeren 2023. Det meddeler DBU.<\/p>\n\n\n\n<figure class=\"wp-block-embed-twitter wp-block-embed is-type-rich is-provider-twitter\"><div class=\"wp-block-embed__wrapper\">\n<blockquote class=\"twitter-tweet\" data-width=\"550\" data-dnt=\"true\"><p lang=\"da\" dir=\"ltr\">Gode nyheder p\u00e5 landstr\u00e6nerfronten\ud83c\udde9\ud83c\uddf0\ud83d\udc4f\ud83c\udffb U21-landsholdets tr\u00e6nerduo Albert Capellas og Steffen H\u00f8jer har endnu ikke tabt en landskamp og forts\u00e6tter nu i spidsen for de talentfulde danske spillere frem til og med en evt. EM-kvalifikation i 2023 \ud83d\udc49\ud83c\udffb <a href=\"https:\/\/t.co\/9yqHnrKar2\">https:\/\/t.co\/9yqHnrKar2<\/a><\/p>&mdash; Fodboldlandsholdene \ud83c\udde9\ud83c\uddf0 (@dbulandshold) <a href=\"https:\/\/twitter.com\/dbulandshold\/status\/1313753214265757696?ref_src=twsrc%5Etfw\">October 7, 2020<\/a><\/blockquote><script async src=\"https:\/\/platform.twitter.com\/widgets.js\" charset=\"utf-8\"><\/script>\n<\/div><\/figure>\n\n\n\n<p>&#8220;Vi har valgt at forl\u00e6nge allerede nu og inden afg\u00f8relsen af den nuv\u00e6rende EM-kvalifikation, fordi vi er meget tilfredse med samarbejdet og det store stykke arbejde, begge tr\u00e6nere leverer,&#8221; lyder det fra talentudviklingschef Flemming Berg.<\/p>\n\n\n\n<p>&#8220;De er topprofessionelle tr\u00e6nere, der st\u00e5r for god og offensiv fodbold, sammenholdt med at de har leveret st\u00e6rke resultater. Professionalismen fra begge tr\u00e6nere kommer desuden til udtryk i den t\u00e6tte dialog og gode samarbejde, vi har med klubberne og i det st\u00e6rke samarbejde med vores \u00f8vrige landstr\u00e6nere.&#8221;<\/p>\n\n\n\n<div class=\"wp-block-si-widget wp-block-si-widget--center\"><si-lb-widget widget-id=\"MatchInfoWithOdds\" data-nopadding=\"true\" data-card=\"true\" width=\"440\" data-event-id=\"2988362\"><\/si-lb-widget><\/div>\n\n\n\n<p>Som Flemming Berg n\u00e6vner, er kvalifikationen til 2022&#8217;s EM-slutrunde endnu ikke i hus, men med 19 point i 7 kampe, ser mulighederne for kvalifikation fornuftige ud.<\/p>\n\n\n\n<p>U21-landsholdet m\u00f8der p\u00e5 fredag Malta, mens runden sluttes af den f\u00f8lgende tirsdag mod Finland.<\/p>\n\n\n\n<p>Albert Capellas og Steffen H\u00f8jer har st\u00e5et i spidsen for U21-drengene i ni kampe, hvor det er blevet til syv sejre og to uafgjorte.<\/p>\n","protected":false},"excerpt":{"rendered":"<p>Albert Capellas og Steffen H\u00f8jer har forl\u00e6nget deres kontrakter, s\u00e5 de forts\u00e6tter i spidsen for U21-landsholdet frem til 2023<\/p>\n","protected":false},"author":705,"featured_media":238771,"comment_status":"open","ping_status":"closed","sticky":false,"template":"","format":"standard","meta":{"om_disable_all_campaigns":false,"push_articles_ronaldo":{"active":false,"canonical":0,"publish":false},"force_updates":null},"categories":[1],"tags":[7601,692,1049,1047],"enet_tags":{"team":["8238","8494"],"sport_events":[2988362]},"yoast_head":"<!-- This site is optimized with the Yoast SEO plugin v18.3 - https:\/\/yoast.com\/wordpress\/plugins\/seo\/ -->\n<title>Succesfuld U21-tr\u00e6nerduo forl\u00e6nger kontrakten<\/title>\n<meta name=\"description\" content=\"Albert Capellas og Steffen H\u00f8jer har forl\u00e6nget deres kontrakter, s\u00e5 de forts\u00e6tter i spidsen for U21-landsholdet frem til 2023\" \/>\n<meta name=\"robots\" content=\"index, follow, max-snippet:-1, max-image-preview:large, max-video-preview:-1\" \/>\n<link rel=\"canonical\" href=\"https:\/\/acefootball.com\/da\/fodboldnyheder\/succesfuld-u21-traenerduo-forlaenger-kontrakten\/\" \/>\n<meta property=\"og:locale\" content=\"en_US\" \/>\n<meta property=\"og:type\" content=\"article\" \/>\n<meta property=\"og:title\" content=\"Succesfuld U21-tr\u00e6nerduo forl\u00e6nger kontrakten\" \/>\n<meta property=\"og:description\" content=\"Albert Capellas og Steffen H\u00f8jer har forl\u00e6nget deres kontrakter, s\u00e5 de forts\u00e6tter i spidsen for U21-landsholdet frem til 2023\" \/>\n<meta property=\"og:url\" content=\"https:\/\/acefootball.com\/da\/fodboldnyheder\/succesfuld-u21-traenerduo-forlaenger-kontrakten\/\" \/>\n<meta property=\"og:site_name\" content=\"Ace Football Danmark\" \/>\n<meta property=\"article:publisher\" content=\"https:\/\/www.facebook.com\/acefootballdk\" \/>\n<meta property=\"article:published_time\" content=\"2020-10-07T08:55:39+00:00\" \/>\n<meta property=\"article:modified_time\" content=\"2020-10-07T08:55:40+00:00\" \/>\n<meta property=\"og:image\" content=\"https:\/\/acefootball.com\/da\/wp-content\/uploads\/sites\/2\/2020\/09\/GettyImages-1228342827.jpg\" \/>\n\t<meta property=\"og:image:width\" content=\"1024\" \/>\n\t<meta property=\"og:image:height\" content=\"678\" \/>\n\t<meta property=\"og:image:type\" content=\"image\/jpeg\" \/>\n<meta name=\"twitter:card\" content=\"summary_large_image\" \/>\n<meta name=\"twitter:label1\" content=\"Written by\" \/>\n\t<meta name=\"twitter:data1\" content=\"Mads Dreyer\" \/>\n\t<meta name=\"twitter:label2\" content=\"Est. reading time\" \/>\n\t<meta name=\"twitter:data2\" content=\"1 minute\" \/>\n<script type=\"application\/ld+json\" class=\"yoast-schema-graph\">{\"@context\":\"https:\/\/schema.org\",\"@graph\":[{\"@type\":\"Organization\",\"@id\":\"https:\/\/acefootball.com\/da\/#organization\",\"name\":\"Ace Football\",\"url\":\"https:\/\/acefootball.com\/da\/\",\"sameAs\":[\"https:\/\/www.facebook.com\/acefootballdk\"],\"logo\":{\"@type\":\"ImageObject\",\"@id\":\"https:\/\/acefootball.com\/da\/#logo\",\"inLanguage\":\"en-US\",\"url\":\"https:\/\/acefootball.com\/da\/wp-content\/uploads\/sites\/2\/2020\/07\/Ace-Football-30-07-2020-2.png\",\"contentUrl\":\"https:\/\/acefootball.com\/da\/wp-content\/uploads\/sites\/2\/2020\/07\/Ace-Football-30-07-2020-2.png\",\"width\":1200,\"height\":600,\"caption\":\"Ace Football\"},\"image\":{\"@id\":\"https:\/\/acefootball.com\/da\/#logo\"}},{\"@type\":\"WebSite\",\"@id\":\"https:\/\/acefootball.com\/da\/#website\",\"url\":\"https:\/\/acefootball.com\/da\/\",\"name\":\"Ace Football Danmark\",\"description\":\"Nyheder, Spiltips &amp; Livescore\",\"publisher\":{\"@id\":\"https:\/\/acefootball.com\/da\/#organization\"},\"potentialAction\":[{\"@type\":\"SearchAction\",\"target\":{\"@type\":\"EntryPoint\",\"urlTemplate\":\"https:\/\/acefootball.com\/da\/?s={search_term_string}\"},\"query-input\":\"required name=search_term_string\"}],\"inLanguage\":\"en-US\"},{\"@type\":\"ImageObject\",\"@id\":\"https:\/\/acefootball.com\/da\/fodboldnyheder\/succesfuld-u21-traenerduo-forlaenger-kontrakten\/#primaryimage\",\"inLanguage\":\"en-US\",\"url\":\"https:\/\/acefootball.com\/da\/wp-content\/uploads\/sites\/2\/2020\/09\/GettyImages-1228342827.jpg\",\"contentUrl\":\"https:\/\/acefootball.com\/da\/wp-content\/uploads\/sites\/2\/2020\/09\/GettyImages-1228342827.jpg\",\"width\":1024,\"height\":678,\"caption\":\"AALBORG, DENMARK - SEPTEMBER 04: Albert Capellas Herms, head coach of Denmark looks on during the UEFA U21 EURO 2021 qual match between Denmark and Ukraine at Aalborg Stadion on September 4, 2020 in Aalborg, Denmark. (Photo by Lars Ronbog \/ FrontZoneSport via Getty Images)\"},{\"@type\":\"WebPage\",\"@id\":\"https:\/\/acefootball.com\/da\/fodboldnyheder\/succesfuld-u21-traenerduo-forlaenger-kontrakten\/#webpage\",\"url\":\"https:\/\/acefootball.com\/da\/fodboldnyheder\/succesfuld-u21-traenerduo-forlaenger-kontrakten\/\",\"name\":\"Succesfuld U21-tr\u00e6nerduo forl\u00e6nger kontrakten\",\"isPartOf\":{\"@id\":\"https:\/\/acefootball.com\/da\/#website\"},\"primaryImageOfPage\":{\"@id\":\"https:\/\/acefootball.com\/da\/fodboldnyheder\/succesfuld-u21-traenerduo-forlaenger-kontrakten\/#primaryimage\"},\"datePublished\":\"2020-10-07T08:55:39+00:00\",\"dateModified\":\"2020-10-07T08:55:40+00:00\",\"description\":\"Albert Capellas og Steffen H\u00f8jer har forl\u00e6nget deres kontrakter, s\u00e5 de forts\u00e6tter i spidsen for U21-landsholdet frem til 2023\",\"breadcrumb\":{\"@id\":\"https:\/\/acefootball.com\/da\/fodboldnyheder\/succesfuld-u21-traenerduo-forlaenger-kontrakten\/#breadcrumb\"},\"inLanguage\":\"en-US\",\"potentialAction\":[{\"@type\":\"ReadAction\",\"target\":[\"https:\/\/acefootball.com\/da\/fodboldnyheder\/succesfuld-u21-traenerduo-forlaenger-kontrakten\/\"]}]},{\"@type\":\"BreadcrumbList\",\"@id\":\"https:\/\/acefootball.com\/da\/fodboldnyheder\/succesfuld-u21-traenerduo-forlaenger-kontrakten\/#breadcrumb\",\"itemListElement\":[{\"@type\":\"ListItem\",\"position\":1,\"name\":\"Home\",\"item\":\"https:\/\/acefootball.com\/da\/\"},{\"@type\":\"ListItem\",\"position\":2,\"name\":\"Succesfuld U21-tr\u00e6nerduo forl\u00e6nger kontrakten\"}]},{\"@type\":\"Article\",\"@id\":\"https:\/\/acefootball.com\/da\/fodboldnyheder\/succesfuld-u21-traenerduo-forlaenger-kontrakten\/#article\",\"isPartOf\":{\"@id\":\"https:\/\/acefootball.com\/da\/fodboldnyheder\/succesfuld-u21-traenerduo-forlaenger-kontrakten\/#webpage\"},\"author\":{\"@id\":\"https:\/\/acefootball.com\/da\/#\/schema\/person\/ee67e9cf04a276f144100ffa722f10cd\"},\"headline\":\"Succesfuld U21-tr\u00e6nerduo forl\u00e6nger kontrakten\",\"datePublished\":\"2020-10-07T08:55:39+00:00\",\"dateModified\":\"2020-10-07T08:55:40+00:00\",\"mainEntityOfPage\":{\"@id\":\"https:\/\/acefootball.com\/da\/fodboldnyheder\/succesfuld-u21-traenerduo-forlaenger-kontrakten\/#webpage\"},\"wordCount\":246,\"commentCount\":0,\"publisher\":{\"@id\":\"https:\/\/acefootball.com\/da\/#organization\"},\"image\":{\"@id\":\"https:\/\/acefootball.com\/da\/fodboldnyheder\/succesfuld-u21-traenerduo-forlaenger-kontrakten\/#primaryimage\"},\"thumbnailUrl\":\"https:\/\/acefootball.com\/da\/wp-content\/uploads\/sites\/2\/2020\/09\/GettyImages-1228342827.jpg\",\"keywords\":[\"Albert Capellas\",\"Danmark\",\"Danmark U21\",\"Steffen H\u00f8jer\"],\"articleSection\":[\"Nyhed\"],\"inLanguage\":\"en-US\",\"potentialAction\":[{\"@type\":\"CommentAction\",\"name\":\"Comment\",\"target\":[\"https:\/\/acefootball.com\/da\/fodboldnyheder\/succesfuld-u21-traenerduo-forlaenger-kontrakten\/#respond\"]}]},{\"@type\":\"Person\",\"@id\":\"https:\/\/acefootball.com\/da\/#\/schema\/person\/ee67e9cf04a276f144100ffa722f10cd\",\"name\":\"Mads Dreyer\",\"image\":{\"@type\":\"ImageObject\",\"@id\":\"https:\/\/acefootball.com\/da\/#personlogo\",\"inLanguage\":\"en-US\",\"url\":\"https:\/\/secure.gravatar.com\/avatar\/7c7abf72cfde9902b6a60efe60c88d4c?s=96&d=mm&r=g\",\"contentUrl\":\"https:\/\/secure.gravatar.com\/avatar\/7c7abf72cfde9902b6a60efe60c88d4c?s=96&d=mm&r=g\",\"caption\":\"Mads Dreyer\"},\"description\":\"Skribent og fodboldn\u00f8rd, der lige nu fort\u00e6ller om alt og intet i fodboldverdenen p\u00e5 acefootball.com. Uddannet i kommunikation fra Aalborg Universitet.\",\"sameAs\":[\"https:\/\/www.linkedin.com\/in\/mads-dreyer-b9b08266\/\"],\"url\":\"https:\/\/acefootball.com\/da\/fodboldnyheder\/author\/mdnronaldo\/\"}]}<\/script>\n<!-- \/ Yoast SEO plugin. -->","yoast_head_json":{"title":"Succesfuld U21-tr\u00e6nerduo forl\u00e6nger kontrakten","description":"Albert Capellas og Steffen H\u00f8jer har forl\u00e6nget deres kontrakter, s\u00e5 de forts\u00e6tter i spidsen for U21-landsholdet frem til 2023","robots":{"index":"index","follow":"follow","max-snippet":"max-snippet:-1","max-image-preview":"max-image-preview:large","max-video-preview":"max-video-preview:-1"},"canonical":"https:\/\/acefootball.com\/da\/fodboldnyheder\/succesfuld-u21-traenerduo-forlaenger-kontrakten\/","og_locale":"en_US","og_type":"article","og_title":"Succesfuld U21-tr\u00e6nerduo forl\u00e6nger kontrakten","og_description":"Albert Capellas og Steffen H\u00f8jer har forl\u00e6nget deres kontrakter, s\u00e5 de forts\u00e6tter i spidsen for U21-landsholdet frem til 2023","og_url":"https:\/\/acefootball.com\/da\/fodboldnyheder\/succesfuld-u21-traenerduo-forlaenger-kontrakten\/","og_site_name":"Ace Football Danmark","article_publisher":"https:\/\/www.facebook.com\/acefootballdk","article_published_time":"2020-10-07T08:55:39+00:00","article_modified_time":"2020-10-07T08:55:40+00:00","og_image":[{"width":1024,"height":678,"url":"https:\/\/acefootball.com\/da\/wp-content\/uploads\/sites\/2\/2020\/09\/GettyImages-1228342827.jpg","type":"image\/jpeg"}],"twitter_card":"summary_large_image","twitter_misc":{"Written by":"Mads Dreyer","Est. reading time":"1 minute"},"schema":{"@context":"https:\/\/schema.org","@graph":[{"@type":"Organization","@id":"https:\/\/acefootball.com\/da\/#organization","name":"Ace Football","url":"https:\/\/acefootball.com\/da\/","sameAs":["https:\/\/www.facebook.com\/acefootballdk"],"logo":{"@type":"ImageObject","@id":"https:\/\/acefootball.com\/da\/#logo","inLanguage":"en-US","url":"https:\/\/acefootball.com\/da\/wp-content\/uploads\/sites\/2\/2020\/07\/Ace-Football-30-07-2020-2.png","contentUrl":"https:\/\/acefootball.com\/da\/wp-content\/uploads\/sites\/2\/2020\/07\/Ace-Football-30-07-2020-2.png","width":1200,"height":600,"caption":"Ace Football"},"image":{"@id":"https:\/\/acefootball.com\/da\/#logo"}},{"@type":"WebSite","@id":"https:\/\/acefootball.com\/da\/#website","url":"https:\/\/acefootball.com\/da\/","name":"Ace Football Danmark","description":"Nyheder, Spiltips &amp; Livescore","publisher":{"@id":"https:\/\/acefootball.com\/da\/#organization"},"potentialAction":[{"@type":"SearchAction","target":{"@type":"EntryPoint","urlTemplate":"https:\/\/acefootball.com\/da\/?s={search_term_string}"},"query-input":"required name=search_term_string"}],"inLanguage":"en-US"},{"@type":"ImageObject","@id":"https:\/\/acefootball.com\/da\/fodboldnyheder\/succesfuld-u21-traenerduo-forlaenger-kontrakten\/#primaryimage","inLanguage":"en-US","url":"https:\/\/acefootball.com\/da\/wp-content\/uploads\/sites\/2\/2020\/09\/GettyImages-1228342827.jpg","contentUrl":"https:\/\/acefootball.com\/da\/wp-content\/uploads\/sites\/2\/2020\/09\/GettyImages-1228342827.jpg","width":1024,"height":678,"caption":"AALBORG, DENMARK - SEPTEMBER 04: Albert Capellas Herms, head coach of Denmark looks on during the UEFA U21 EURO 2021 qual match between Denmark and Ukraine at Aalborg Stadion on September 4, 2020 in Aalborg, Denmark. (Photo by Lars Ronbog \/ FrontZoneSport via Getty Images)"},{"@type":"WebPage","@id":"https:\/\/acefootball.com\/da\/fodboldnyheder\/succesfuld-u21-traenerduo-forlaenger-kontrakten\/#webpage","url":"https:\/\/acefootball.com\/da\/fodboldnyheder\/succesfuld-u21-traenerduo-forlaenger-kontrakten\/","name":"Succesfuld U21-tr\u00e6nerduo forl\u00e6nger kontrakten","isPartOf":{"@id":"https:\/\/acefootball.com\/da\/#website"},"primaryImageOfPage":{"@id":"https:\/\/acefootball.com\/da\/fodboldnyheder\/succesfuld-u21-traenerduo-forlaenger-kontrakten\/#primaryimage"},"datePublished":"2020-10-07T08:55:39+00:00","dateModified":"2020-10-07T08:55:40+00:00","description":"Albert Capellas og Steffen H\u00f8jer har forl\u00e6nget deres kontrakter, s\u00e5 de forts\u00e6tter i spidsen for U21-landsholdet frem til 2023","breadcrumb":{"@id":"https:\/\/acefootball.com\/da\/fodboldnyheder\/succesfuld-u21-traenerduo-forlaenger-kontrakten\/#breadcrumb"},"inLanguage":"en-US","potentialAction":[{"@type":"ReadAction","target":["https:\/\/acefootball.com\/da\/fodboldnyheder\/succesfuld-u21-traenerduo-forlaenger-kontrakten\/"]}]},{"@type":"BreadcrumbList","@id":"https:\/\/acefootball.com\/da\/fodboldnyheder\/succesfuld-u21-traenerduo-forlaenger-kontrakten\/#breadcrumb","itemListElement":[{"@type":"ListItem","position":1,"name":"Home","item":"https:\/\/acefootball.com\/da\/"},{"@type":"ListItem","position":2,"name":"Succesfuld U21-tr\u00e6nerduo forl\u00e6nger kontrakten"}]},{"@type":"Article","@id":"https:\/\/acefootball.com\/da\/fodboldnyheder\/succesfuld-u21-traenerduo-forlaenger-kontrakten\/#article","isPartOf":{"@id":"https:\/\/acefootball.com\/da\/fodboldnyheder\/succesfuld-u21-traenerduo-forlaenger-kontrakten\/#webpage"},"author":{"@id":"https:\/\/acefootball.com\/da\/#\/schema\/person\/ee67e9cf04a276f144100ffa722f10cd"},"headline":"Succesfuld U21-tr\u00e6nerduo forl\u00e6nger kontrakten","datePublished":"2020-10-07T08:55:39+00:00","dateModified":"2020-10-07T08:55:40+00:00","mainEntityOfPage":{"@id":"https:\/\/acefootball.com\/da\/fodboldnyheder\/succesfuld-u21-traenerduo-forlaenger-kontrakten\/#webpage"},"wordCount":246,"commentCount":0,"publisher":{"@id":"https:\/\/acefootball.com\/da\/#organization"},"image":{"@id":"https:\/\/acefootball.com\/da\/fodboldnyheder\/succesfuld-u21-traenerduo-forlaenger-kontrakten\/#primaryimage"},"thumbnailUrl":"https:\/\/acefootball.com\/da\/wp-content\/uploads\/sites\/2\/2020\/09\/GettyImages-1228342827.jpg","keywords":["Albert Capellas","Danmark","Danmark U21","Steffen H\u00f8jer"],"articleSection":["Nyhed"],"inLanguage":"en-US","potentialAction":[{"@type":"CommentAction","name":"Comment","target":["https:\/\/acefootball.com\/da\/fodboldnyheder\/succesfuld-u21-traenerduo-forlaenger-kontrakten\/#respond"]}]},{"@type":"Person","@id":"https:\/\/acefootball.com\/da\/#\/schema\/person\/ee67e9cf04a276f144100ffa722f10cd","name":"Mads Dreyer","image":{"@type":"ImageObject","@id":"https:\/\/acefootball.com\/da\/#personlogo","inLanguage":"en-US","url":"https:\/\/secure.gravatar.com\/avatar\/7c7abf72cfde9902b6a60efe60c88d4c?s=96&d=mm&r=g","contentUrl":"https:\/\/secure.gravatar.com\/avatar\/7c7abf72cfde9902b6a60efe60c88d4c?s=96&d=mm&r=g","caption":"Mads Dreyer"},"description":"Skribent og fodboldn\u00f8rd, der lige nu fort\u00e6ller om alt og intet i fodboldverdenen p\u00e5 acefootball.com. Uddannet i kommunikation fra Aalborg Universitet.","sameAs":["https:\/\/www.linkedin.com\/in\/mads-dreyer-b9b08266\/"],"url":"https:\/\/acefootball.com\/da\/fodboldnyheder\/author\/mdnronaldo\/"}]}},"fimg_url":"https:\/\/acefootball.com\/da\/wp-content\/uploads\/sites\/2\/2020\/09\/GettyImages-1228342827.jpg","_links":{"self":[{"href":"https:\/\/acefootball.com\/da\/wp-json\/wp\/v2\/posts\/239639"}],"collection":[{"href":"https:\/\/acefootball.com\/da\/wp-json\/wp\/v2\/posts"}],"about":[{"href":"https:\/\/acefootball.com\/da\/wp-json\/wp\/v2\/types\/post"}],"author":[{"embeddable":true,"href":"https:\/\/acefootball.com\/da\/wp-json\/wp\/v2\/users\/705"}],"replies":[{"embeddable":true,"href":"https:\/\/acefootball.com\/da\/wp-json\/wp\/v2\/comments?post=239639"}],"version-history":[{"count":0,"href":"https:\/\/acefootball.com\/da\/wp-json\/wp\/v2\/posts\/239639\/revisions"}],"wp:featuredmedia":[{"embeddable":true,"href":"https:\/\/acefootball.com\/da\/wp-json\/wp\/v2\/media\/238771"}],"wp:attachment":[{"href":"https:\/\/acefootball.com\/da\/wp-json\/wp\/v2\/media?parent=239639"}],"wp:term":[{"taxonomy":"category","embeddable":true,"href":"https:\/\/acefootball.com\/da\/wp-json\/wp\/v2\/categories?post=239639"},{"taxonomy":"post_tag","embeddable":true,"href":"https:\/\/acefootball.com\/da\/wp-json\/wp\/v2\/tags?post=239639"}],"curies":[{"name":"wp","href":"https:\/\/api.w.org\/{rel}","templated":true}]}}