{"id":239609,"date":"2020-10-06T19:24:15","date_gmt":"2020-10-06T17:24:15","guid":{"rendered":"https:\/\/acefootball.com\/da\/?p=239609"},"modified":"2020-10-06T19:24:15","modified_gmt":"2020-10-06T17:24:15","slug":"solbakken-vil-af-med-tre-fck-spillere-til-januar","status":"publish","type":"post","link":"https:\/\/acefootball.com\/da\/fodboldnyheder\/solbakken-vil-af-med-tre-fck-spillere-til-januar\/","title":{"rendered":"Solbakken vil af med tre FCK-spillere til januar"},"content":{"rendered":"\n<h2 id=\"h-der-er-kommet-gode-forst-rkninger-til-fc-k-benhavn-i-l-bet-af-transfervinduet-nu-skal-der-tre-spillere-ud\">Der er kommet gode forst\u00e6rkninger til FC K\u00f8benhavn i l\u00f8bet af transfervinduet. Nu skal der tre spillere ud<\/h2>\n\n\n\n<p>Mathias &#8216;Zanka&#8217; J\u00f8rgensen kom sent mandag aften p\u00e5 plads i FC K\u00f8benhavn, der i l\u00f8bet af sommeren har hentet flere store profiler til klubben.<\/p>\n\n\n\n<p>Tidligere har man sikret sig Kamil Wilczek og Peter Ankersen, men helt s\u00e5 heldige har k\u00f8benhavnerne ikke v\u00e6ret til at s\u00e6lge spillere.<\/p>\n\n\n\n<p>Det skal der dog laves om p\u00e5 til januar, hvor der er planer om at skibe tre spillere afsted.<\/p>\n\n\n\n<figure class=\"wp-block-embed-wordpress wp-block-embed is-type-wp-embed is-provider-ace-football-danmark\"><div class=\"wp-block-embed__wrapper\">\n<blockquote class=\"wp-embedded-content\" data-secret=\"pl6PCov1fU\"><a href=\"https:\/\/acefootball.com\/da\/fodboldnyheder\/staale-om-zanka-forloebet-i-fredags-saa-det-umuligt-ud\/\">St\u00e5le om Zanka-forl\u00f8bet: I fredags s\u00e5 det umuligt ud<\/a><\/blockquote><iframe class=\"wp-embedded-content\" sandbox=\"allow-scripts\" security=\"restricted\" style=\"position: absolute; clip: rect(1px, 1px, 1px, 1px);\" title=\"&#8220;St\u00e5le om Zanka-forl\u00f8bet: I fredags s\u00e5 det umuligt ud&#8221; &#8212; Ace Football Danmark\" src=\"https:\/\/acefootball.com\/da\/fodboldnyheder\/staale-om-zanka-forloebet-i-fredags-saa-det-umuligt-ud\/embed\/#?secret=pl6PCov1fU\" data-secret=\"pl6PCov1fU\" width=\"600\" height=\"338\" frameborder=\"0\" marginwidth=\"0\" marginheight=\"0\" scrolling=\"no\"><\/iframe>\n<\/div><\/figure>\n\n\n\n<p>&#8220;Markedet har gjort, vi stadig arbejder p\u00e5, at Oviedo og Varela kan finde nogle klubber, men det bliver jo sv\u00e6rere og sv\u00e6rere, for nu er der f\u00e6rre markeder \u00e5bne. Men der er dog heller ikke s\u00e5 l\u00e6nge til vinter-transfervinduet \u00e5bner,&#8221; udtaler St\u00e5le Solbakken if\u00f8lge <a href=\"https:\/\/www.fck.dk\/nyhed\/staales-status-del-1\" target=\"_blank\" rel=\"noreferrer noopener\">klubbens hjemmeside<\/a>.<\/p>\n\n\n\n<p>&#8220;Summa summarum har vi arbejdet budgettet en del procenter ned, og med 2-3 afgange mere &#8211; det er planerne, at Thomsen, Oviedo og Varela skal videre, forh\u00e5bentlig allerede i januar &#8211; s\u00e5 har vi reduceret ret kraftigt.&#8221;<\/p>\n\n\n\n<p>FC K\u00f8benhavn har i sommerens transfervindue sagt farvel til Uros Matic, Dame N&#8217;Doye og Sotirios Papagiannopoulos, mens Michael Santos er blevet udlejet.<\/p>\n","protected":false},"excerpt":{"rendered":"<p>Der er kommet gode forst\u00e6rkninger til FC K\u00f8benhavn i l\u00f8bet af transfervinduet. Nu skal der tre spillere ud<\/p>\n","protected":false},"author":705,"featured_media":238246,"comment_status":"open","ping_status":"closed","sticky":false,"template":"","format":"standard","meta":{"om_disable_all_campaigns":false,"push_articles_ronaldo":{"active":false,"canonical":0,"publish":false},"force_updates":null},"categories":[8204],"tags":[3262,16,6474,506,182,588],"enet_tags":{"player":["193859","465614","290026","78638"],"team":["8391"],"league":["46"],"sport_events":[]},"yoast_head":"<!-- This site is optimized with the Yoast SEO plugin v18.3 - https:\/\/yoast.com\/wordpress\/plugins\/seo\/ -->\n<title>Solbakken vil af med tre FCK-spillere til januar<\/title>\n<meta name=\"description\" content=\"Der er kommet gode forst\u00e6rkninger til FC K\u00f8benhavn i l\u00f8bet af transfervinduet. Nu skal der tre spillere ud\" \/>\n<meta name=\"robots\" content=\"index, follow, max-snippet:-1, max-image-preview:large, max-video-preview:-1\" \/>\n<link rel=\"canonical\" href=\"https:\/\/acefootball.com\/da\/fodboldnyheder\/solbakken-vil-af-med-tre-fck-spillere-til-januar\/\" \/>\n<meta property=\"og:locale\" content=\"en_US\" \/>\n<meta property=\"og:type\" content=\"article\" \/>\n<meta property=\"og:title\" content=\"Solbakken vil af med tre FCK-spillere til januar\" \/>\n<meta property=\"og:description\" content=\"Der er kommet gode forst\u00e6rkninger til FC K\u00f8benhavn i l\u00f8bet af transfervinduet. Nu skal der tre spillere ud\" \/>\n<meta property=\"og:url\" content=\"https:\/\/acefootball.com\/da\/fodboldnyheder\/solbakken-vil-af-med-tre-fck-spillere-til-januar\/\" \/>\n<meta property=\"og:site_name\" content=\"Ace Football Danmark\" \/>\n<meta property=\"article:publisher\" content=\"https:\/\/www.facebook.com\/acefootballdk\" \/>\n<meta property=\"article:published_time\" content=\"2020-10-06T17:24:15+00:00\" \/>\n<meta property=\"og:image\" content=\"https:\/\/acefootball.com\/da\/wp-content\/uploads\/sites\/2\/2020\/09\/GettyImages-1228496352-1.jpg\" \/>\n\t<meta property=\"og:image:width\" content=\"1024\" \/>\n\t<meta property=\"og:image:height\" content=\"730\" \/>\n\t<meta property=\"og:image:type\" content=\"image\/jpeg\" \/>\n<meta name=\"twitter:card\" content=\"summary_large_image\" \/>\n<meta name=\"twitter:label1\" content=\"Written by\" \/>\n\t<meta name=\"twitter:data1\" content=\"Mads Dreyer\" \/>\n\t<meta name=\"twitter:label2\" content=\"Est. reading time\" \/>\n\t<meta name=\"twitter:data2\" content=\"1 minute\" \/>\n<script type=\"application\/ld+json\" class=\"yoast-schema-graph\">{\"@context\":\"https:\/\/schema.org\",\"@graph\":[{\"@type\":\"Organization\",\"@id\":\"https:\/\/acefootball.com\/da\/#organization\",\"name\":\"Ace Football\",\"url\":\"https:\/\/acefootball.com\/da\/\",\"sameAs\":[\"https:\/\/www.facebook.com\/acefootballdk\"],\"logo\":{\"@type\":\"ImageObject\",\"@id\":\"https:\/\/acefootball.com\/da\/#logo\",\"inLanguage\":\"en-US\",\"url\":\"https:\/\/acefootball.com\/da\/wp-content\/uploads\/sites\/2\/2020\/07\/Ace-Football-30-07-2020-2.png\",\"contentUrl\":\"https:\/\/acefootball.com\/da\/wp-content\/uploads\/sites\/2\/2020\/07\/Ace-Football-30-07-2020-2.png\",\"width\":1200,\"height\":600,\"caption\":\"Ace Football\"},\"image\":{\"@id\":\"https:\/\/acefootball.com\/da\/#logo\"}},{\"@type\":\"WebSite\",\"@id\":\"https:\/\/acefootball.com\/da\/#website\",\"url\":\"https:\/\/acefootball.com\/da\/\",\"name\":\"Ace Football Danmark\",\"description\":\"Nyheder, Spiltips &amp; Livescore\",\"publisher\":{\"@id\":\"https:\/\/acefootball.com\/da\/#organization\"},\"potentialAction\":[{\"@type\":\"SearchAction\",\"target\":{\"@type\":\"EntryPoint\",\"urlTemplate\":\"https:\/\/acefootball.com\/da\/?s={search_term_string}\"},\"query-input\":\"required name=search_term_string\"}],\"inLanguage\":\"en-US\"},{\"@type\":\"ImageObject\",\"@id\":\"https:\/\/acefootball.com\/da\/fodboldnyheder\/solbakken-vil-af-med-tre-fck-spillere-til-januar\/#primaryimage\",\"inLanguage\":\"en-US\",\"url\":\"https:\/\/acefootball.com\/da\/wp-content\/uploads\/sites\/2\/2020\/09\/GettyImages-1228496352-1.jpg\",\"contentUrl\":\"https:\/\/acefootball.com\/da\/wp-content\/uploads\/sites\/2\/2020\/09\/GettyImages-1228496352-1.jpg\",\"width\":1024,\"height\":730,\"caption\":\"ODENSE, DENMARK - SEPTEMBER 13: Stale Solbakken, head coach of FC Copenhagen looks dejected after the Danish 3F Superliga match between OB Odense and FC Copenhagen at Nature Energy Park on September 13, 2020 in Odense, Denmark. (Photo by Lars Ronbog \/ FrontZoneSport via Getty Images)\"},{\"@type\":\"WebPage\",\"@id\":\"https:\/\/acefootball.com\/da\/fodboldnyheder\/solbakken-vil-af-med-tre-fck-spillere-til-januar\/#webpage\",\"url\":\"https:\/\/acefootball.com\/da\/fodboldnyheder\/solbakken-vil-af-med-tre-fck-spillere-til-januar\/\",\"name\":\"Solbakken vil af med tre FCK-spillere til januar\",\"isPartOf\":{\"@id\":\"https:\/\/acefootball.com\/da\/#website\"},\"primaryImageOfPage\":{\"@id\":\"https:\/\/acefootball.com\/da\/fodboldnyheder\/solbakken-vil-af-med-tre-fck-spillere-til-januar\/#primaryimage\"},\"datePublished\":\"2020-10-06T17:24:15+00:00\",\"dateModified\":\"2020-10-06T17:24:15+00:00\",\"description\":\"Der er kommet gode forst\u00e6rkninger til FC K\u00f8benhavn i l\u00f8bet af transfervinduet. Nu skal der tre spillere ud\",\"breadcrumb\":{\"@id\":\"https:\/\/acefootball.com\/da\/fodboldnyheder\/solbakken-vil-af-med-tre-fck-spillere-til-januar\/#breadcrumb\"},\"inLanguage\":\"en-US\",\"potentialAction\":[{\"@type\":\"ReadAction\",\"target\":[\"https:\/\/acefootball.com\/da\/fodboldnyheder\/solbakken-vil-af-med-tre-fck-spillere-til-januar\/\"]}]},{\"@type\":\"BreadcrumbList\",\"@id\":\"https:\/\/acefootball.com\/da\/fodboldnyheder\/solbakken-vil-af-med-tre-fck-spillere-til-januar\/#breadcrumb\",\"itemListElement\":[{\"@type\":\"ListItem\",\"position\":1,\"name\":\"Home\",\"item\":\"https:\/\/acefootball.com\/da\/\"},{\"@type\":\"ListItem\",\"position\":2,\"name\":\"Solbakken vil af med tre FCK-spillere til januar\"}]},{\"@type\":\"Article\",\"@id\":\"https:\/\/acefootball.com\/da\/fodboldnyheder\/solbakken-vil-af-med-tre-fck-spillere-til-januar\/#article\",\"isPartOf\":{\"@id\":\"https:\/\/acefootball.com\/da\/fodboldnyheder\/solbakken-vil-af-med-tre-fck-spillere-til-januar\/#webpage\"},\"author\":{\"@id\":\"https:\/\/acefootball.com\/da\/#\/schema\/person\/ee67e9cf04a276f144100ffa722f10cd\"},\"headline\":\"Solbakken vil af med tre FCK-spillere til januar\",\"datePublished\":\"2020-10-06T17:24:15+00:00\",\"dateModified\":\"2020-10-06T17:24:15+00:00\",\"mainEntityOfPage\":{\"@id\":\"https:\/\/acefootball.com\/da\/fodboldnyheder\/solbakken-vil-af-med-tre-fck-spillere-til-januar\/#webpage\"},\"wordCount\":219,\"commentCount\":0,\"publisher\":{\"@id\":\"https:\/\/acefootball.com\/da\/#organization\"},\"image\":{\"@id\":\"https:\/\/acefootball.com\/da\/fodboldnyheder\/solbakken-vil-af-med-tre-fck-spillere-til-januar\/#primaryimage\"},\"thumbnailUrl\":\"https:\/\/acefootball.com\/da\/wp-content\/uploads\/sites\/2\/2020\/09\/GettyImages-1228496352-1.jpg\",\"keywords\":[\"Bryan Oviedo\",\"FC K\u00f8benhavn\",\"Guillermo Varela\",\"Nicolaj Thomsen\",\"St\u00e5le Solbakken\",\"Superligaen\"],\"articleSection\":[\"Udtalelse\"],\"inLanguage\":\"en-US\",\"potentialAction\":[{\"@type\":\"CommentAction\",\"name\":\"Comment\",\"target\":[\"https:\/\/acefootball.com\/da\/fodboldnyheder\/solbakken-vil-af-med-tre-fck-spillere-til-januar\/#respond\"]}]},{\"@type\":\"Person\",\"@id\":\"https:\/\/acefootball.com\/da\/#\/schema\/person\/ee67e9cf04a276f144100ffa722f10cd\",\"name\":\"Mads Dreyer\",\"image\":{\"@type\":\"ImageObject\",\"@id\":\"https:\/\/acefootball.com\/da\/#personlogo\",\"inLanguage\":\"en-US\",\"url\":\"https:\/\/secure.gravatar.com\/avatar\/7c7abf72cfde9902b6a60efe60c88d4c?s=96&d=mm&r=g\",\"contentUrl\":\"https:\/\/secure.gravatar.com\/avatar\/7c7abf72cfde9902b6a60efe60c88d4c?s=96&d=mm&r=g\",\"caption\":\"Mads Dreyer\"},\"description\":\"Skribent og fodboldn\u00f8rd, der lige nu fort\u00e6ller om alt og intet i fodboldverdenen p\u00e5 acefootball.com. Uddannet i kommunikation fra Aalborg Universitet.\",\"sameAs\":[\"https:\/\/www.linkedin.com\/in\/mads-dreyer-b9b08266\/\"],\"url\":\"https:\/\/acefootball.com\/da\/fodboldnyheder\/author\/mdnronaldo\/\"}]}<\/script>\n<!-- \/ Yoast SEO plugin. -->","yoast_head_json":{"title":"Solbakken vil af med tre FCK-spillere til januar","description":"Der er kommet gode forst\u00e6rkninger til FC K\u00f8benhavn i l\u00f8bet af transfervinduet. Nu skal der tre spillere ud","robots":{"index":"index","follow":"follow","max-snippet":"max-snippet:-1","max-image-preview":"max-image-preview:large","max-video-preview":"max-video-preview:-1"},"canonical":"https:\/\/acefootball.com\/da\/fodboldnyheder\/solbakken-vil-af-med-tre-fck-spillere-til-januar\/","og_locale":"en_US","og_type":"article","og_title":"Solbakken vil af med tre FCK-spillere til januar","og_description":"Der er kommet gode forst\u00e6rkninger til FC K\u00f8benhavn i l\u00f8bet af transfervinduet. Nu skal der tre spillere ud","og_url":"https:\/\/acefootball.com\/da\/fodboldnyheder\/solbakken-vil-af-med-tre-fck-spillere-til-januar\/","og_site_name":"Ace Football Danmark","article_publisher":"https:\/\/www.facebook.com\/acefootballdk","article_published_time":"2020-10-06T17:24:15+00:00","og_image":[{"width":1024,"height":730,"url":"https:\/\/acefootball.com\/da\/wp-content\/uploads\/sites\/2\/2020\/09\/GettyImages-1228496352-1.jpg","type":"image\/jpeg"}],"twitter_card":"summary_large_image","twitter_misc":{"Written by":"Mads Dreyer","Est. reading time":"1 minute"},"schema":{"@context":"https:\/\/schema.org","@graph":[{"@type":"Organization","@id":"https:\/\/acefootball.com\/da\/#organization","name":"Ace Football","url":"https:\/\/acefootball.com\/da\/","sameAs":["https:\/\/www.facebook.com\/acefootballdk"],"logo":{"@type":"ImageObject","@id":"https:\/\/acefootball.com\/da\/#logo","inLanguage":"en-US","url":"https:\/\/acefootball.com\/da\/wp-content\/uploads\/sites\/2\/2020\/07\/Ace-Football-30-07-2020-2.png","contentUrl":"https:\/\/acefootball.com\/da\/wp-content\/uploads\/sites\/2\/2020\/07\/Ace-Football-30-07-2020-2.png","width":1200,"height":600,"caption":"Ace Football"},"image":{"@id":"https:\/\/acefootball.com\/da\/#logo"}},{"@type":"WebSite","@id":"https:\/\/acefootball.com\/da\/#website","url":"https:\/\/acefootball.com\/da\/","name":"Ace Football Danmark","description":"Nyheder, Spiltips &amp; Livescore","publisher":{"@id":"https:\/\/acefootball.com\/da\/#organization"},"potentialAction":[{"@type":"SearchAction","target":{"@type":"EntryPoint","urlTemplate":"https:\/\/acefootball.com\/da\/?s={search_term_string}"},"query-input":"required name=search_term_string"}],"inLanguage":"en-US"},{"@type":"ImageObject","@id":"https:\/\/acefootball.com\/da\/fodboldnyheder\/solbakken-vil-af-med-tre-fck-spillere-til-januar\/#primaryimage","inLanguage":"en-US","url":"https:\/\/acefootball.com\/da\/wp-content\/uploads\/sites\/2\/2020\/09\/GettyImages-1228496352-1.jpg","contentUrl":"https:\/\/acefootball.com\/da\/wp-content\/uploads\/sites\/2\/2020\/09\/GettyImages-1228496352-1.jpg","width":1024,"height":730,"caption":"ODENSE, DENMARK - SEPTEMBER 13: Stale Solbakken, head coach of FC Copenhagen looks dejected after the Danish 3F Superliga match between OB Odense and FC Copenhagen at Nature Energy Park on September 13, 2020 in Odense, Denmark. (Photo by Lars Ronbog \/ FrontZoneSport via Getty Images)"},{"@type":"WebPage","@id":"https:\/\/acefootball.com\/da\/fodboldnyheder\/solbakken-vil-af-med-tre-fck-spillere-til-januar\/#webpage","url":"https:\/\/acefootball.com\/da\/fodboldnyheder\/solbakken-vil-af-med-tre-fck-spillere-til-januar\/","name":"Solbakken vil af med tre FCK-spillere til januar","isPartOf":{"@id":"https:\/\/acefootball.com\/da\/#website"},"primaryImageOfPage":{"@id":"https:\/\/acefootball.com\/da\/fodboldnyheder\/solbakken-vil-af-med-tre-fck-spillere-til-januar\/#primaryimage"},"datePublished":"2020-10-06T17:24:15+00:00","dateModified":"2020-10-06T17:24:15+00:00","description":"Der er kommet gode forst\u00e6rkninger til FC K\u00f8benhavn i l\u00f8bet af transfervinduet. Nu skal der tre spillere ud","breadcrumb":{"@id":"https:\/\/acefootball.com\/da\/fodboldnyheder\/solbakken-vil-af-med-tre-fck-spillere-til-januar\/#breadcrumb"},"inLanguage":"en-US","potentialAction":[{"@type":"ReadAction","target":["https:\/\/acefootball.com\/da\/fodboldnyheder\/solbakken-vil-af-med-tre-fck-spillere-til-januar\/"]}]},{"@type":"BreadcrumbList","@id":"https:\/\/acefootball.com\/da\/fodboldnyheder\/solbakken-vil-af-med-tre-fck-spillere-til-januar\/#breadcrumb","itemListElement":[{"@type":"ListItem","position":1,"name":"Home","item":"https:\/\/acefootball.com\/da\/"},{"@type":"ListItem","position":2,"name":"Solbakken vil af med tre FCK-spillere til januar"}]},{"@type":"Article","@id":"https:\/\/acefootball.com\/da\/fodboldnyheder\/solbakken-vil-af-med-tre-fck-spillere-til-januar\/#article","isPartOf":{"@id":"https:\/\/acefootball.com\/da\/fodboldnyheder\/solbakken-vil-af-med-tre-fck-spillere-til-januar\/#webpage"},"author":{"@id":"https:\/\/acefootball.com\/da\/#\/schema\/person\/ee67e9cf04a276f144100ffa722f10cd"},"headline":"Solbakken vil af med tre FCK-spillere til januar","datePublished":"2020-10-06T17:24:15+00:00","dateModified":"2020-10-06T17:24:15+00:00","mainEntityOfPage":{"@id":"https:\/\/acefootball.com\/da\/fodboldnyheder\/solbakken-vil-af-med-tre-fck-spillere-til-januar\/#webpage"},"wordCount":219,"commentCount":0,"publisher":{"@id":"https:\/\/acefootball.com\/da\/#organization"},"image":{"@id":"https:\/\/acefootball.com\/da\/fodboldnyheder\/solbakken-vil-af-med-tre-fck-spillere-til-januar\/#primaryimage"},"thumbnailUrl":"https:\/\/acefootball.com\/da\/wp-content\/uploads\/sites\/2\/2020\/09\/GettyImages-1228496352-1.jpg","keywords":["Bryan Oviedo","FC K\u00f8benhavn","Guillermo Varela","Nicolaj Thomsen","St\u00e5le Solbakken","Superligaen"],"articleSection":["Udtalelse"],"inLanguage":"en-US","potentialAction":[{"@type":"CommentAction","name":"Comment","target":["https:\/\/acefootball.com\/da\/fodboldnyheder\/solbakken-vil-af-med-tre-fck-spillere-til-januar\/#respond"]}]},{"@type":"Person","@id":"https:\/\/acefootball.com\/da\/#\/schema\/person\/ee67e9cf04a276f144100ffa722f10cd","name":"Mads Dreyer","image":{"@type":"ImageObject","@id":"https:\/\/acefootball.com\/da\/#personlogo","inLanguage":"en-US","url":"https:\/\/secure.gravatar.com\/avatar\/7c7abf72cfde9902b6a60efe60c88d4c?s=96&d=mm&r=g","contentUrl":"https:\/\/secure.gravatar.com\/avatar\/7c7abf72cfde9902b6a60efe60c88d4c?s=96&d=mm&r=g","caption":"Mads Dreyer"},"description":"Skribent og fodboldn\u00f8rd, der lige nu fort\u00e6ller om alt og intet i fodboldverdenen p\u00e5 acefootball.com. Uddannet i kommunikation fra Aalborg Universitet.","sameAs":["https:\/\/www.linkedin.com\/in\/mads-dreyer-b9b08266\/"],"url":"https:\/\/acefootball.com\/da\/fodboldnyheder\/author\/mdnronaldo\/"}]}},"fimg_url":"https:\/\/acefootball.com\/da\/wp-content\/uploads\/sites\/2\/2020\/09\/GettyImages-1228496352-1.jpg","_links":{"self":[{"href":"https:\/\/acefootball.com\/da\/wp-json\/wp\/v2\/posts\/239609"}],"collection":[{"href":"https:\/\/acefootball.com\/da\/wp-json\/wp\/v2\/posts"}],"about":[{"href":"https:\/\/acefootball.com\/da\/wp-json\/wp\/v2\/types\/post"}],"author":[{"embeddable":true,"href":"https:\/\/acefootball.com\/da\/wp-json\/wp\/v2\/users\/705"}],"replies":[{"embeddable":true,"href":"https:\/\/acefootball.com\/da\/wp-json\/wp\/v2\/comments?post=239609"}],"version-history":[{"count":0,"href":"https:\/\/acefootball.com\/da\/wp-json\/wp\/v2\/posts\/239609\/revisions"}],"wp:featuredmedia":[{"embeddable":true,"href":"https:\/\/acefootball.com\/da\/wp-json\/wp\/v2\/media\/238246"}],"wp:attachment":[{"href":"https:\/\/acefootball.com\/da\/wp-json\/wp\/v2\/media?parent=239609"}],"wp:term":[{"taxonomy":"category","embeddable":true,"href":"https:\/\/acefootball.com\/da\/wp-json\/wp\/v2\/categories?post=239609"},{"taxonomy":"post_tag","embeddable":true,"href":"https:\/\/acefootball.com\/da\/wp-json\/wp\/v2\/tags?post=239609"}],"curies":[{"name":"wp","href":"https:\/\/api.w.org\/{rel}","templated":true}]}}