{"id":239604,"date":"2020-10-06T18:24:36","date_gmt":"2020-10-06T16:24:36","guid":{"rendered":"https:\/\/acefootball.com\/da\/?p=239604"},"modified":"2020-10-06T18:24:37","modified_gmt":"2020-10-06T16:24:37","slug":"chelsea-sender-nyindkoebt-stopper-paa-leje-i-porto","status":"publish","type":"post","link":"https:\/\/acefootball.com\/da\/fodboldnyheder\/chelsea-sender-nyindkoebt-stopper-paa-leje-i-porto\/","title":{"rendered":"Chelsea sender nyindk\u00f8bt stopper p\u00e5 leje i Porto"},"content":{"rendered":"\n<h2 id=\"h-chelsea-har-udlejet-sommertilf-jelsen-malang-sarr-til-fc-porto-hvor-franskmanden-skal-spille-hele-indev-rende-s-son\">Chelsea har udlejet sommertilf\u00f8jelsen Malang Sarr til FC Porto, hvor franskmanden skal spille hele indev\u00e6rende s\u00e6son<\/h2>\n\n\n\n<p>Transfervinduet lukkede i g\u00e5r ved midnat, men Chelsea har alligevel meddelt om en sidste handel i dag.<\/p>\n\n\n\n<p>London-mandskabet skriver nemlig p\u00e5 sin hjemmeside, at man sender nytilkomne Malang Sarr p\u00e5 leje i den portugisiske storklub FC Porto, der ogs\u00e5 selv har pr\u00e6senteret spilleren.<\/p>\n\n\n\n<figure class=\"wp-block-embed-twitter wp-block-embed is-type-rich is-provider-twitter\"><div class=\"wp-block-embed__wrapper\">\n<blockquote class=\"twitter-tweet\" data-width=\"550\" data-dnt=\"true\"><p lang=\"tl\" dir=\"ltr\">\ud83d\udd35\u26aa Bem-vindo, Malang Sarr<br>\ud83d\udd35\u26aaBienvenu, Malang Sarr<br>\ud83d\udd35\u26aaWelcome, Malang Sarr<a href=\"https:\/\/twitter.com\/hashtag\/FCPorto?src=hash&amp;ref_src=twsrc%5Etfw\">#FCPorto<\/a> <a href=\"https:\/\/twitter.com\/hashtag\/Na%C3%A7%C3%A3oPorto?src=hash&amp;ref_src=twsrc%5Etfw\">#Na\u00e7\u00e3oPorto<\/a> <a href=\"https:\/\/twitter.com\/hashtag\/BemvindoSarr?src=hash&amp;ref_src=twsrc%5Etfw\">#BemvindoSarr<\/a> <a href=\"https:\/\/t.co\/LLdvTzjdIG\">pic.twitter.com\/LLdvTzjdIG<\/a><\/p>&mdash; FC Porto (@FCPorto) <a href=\"https:\/\/twitter.com\/FCPorto\/status\/1313509402071236609?ref_src=twsrc%5Etfw\">October 6, 2020<\/a><\/blockquote><script async src=\"https:\/\/platform.twitter.com\/widgets.js\" charset=\"utf-8\"><\/script>\n<\/div><\/figure>\n\n\n\n<p>Malang Sarr skal spille i FC Porto i hele indev\u00e6rende s\u00e6son og skal nu k\u00e6mpe om spilletid med blandt andre den tidligere Real Madrid-stjerne Pepe.<\/p>\n\n\n\n<p>Det har hele tiden v\u00e6ret planen, at Malang Sarr, der tidligere p\u00e5 sommeren forlod Nice efter kontraktudl\u00f8b, skulle udlejes, men destinationen er alts\u00e5 f\u00f8rst nu kommet p\u00e5 plads.<\/p>\n","protected":false},"excerpt":{"rendered":"<p>Chelsea har udlejet sommertilf\u00f8jelsen Malang Sarr til FC Porto, hvor franskmanden skal spille hele indev\u00e6rende s\u00e6son<\/p>\n","protected":false},"author":705,"featured_media":239606,"comment_status":"open","ping_status":"closed","sticky":false,"template":"","format":"standard","meta":{"om_disable_all_campaigns":false,"push_articles_ronaldo":{"active":false,"canonical":0,"publish":false},"force_updates":null},"categories":[7],"tags":[84,1125,7893,134,3238],"enet_tags":{"team":["8455","9773"],"player":["782502"],"league":["47","61"],"sport_events":[]},"yoast_head":"<!-- This site is optimized with the Yoast SEO plugin v18.3 - https:\/\/yoast.com\/wordpress\/plugins\/seo\/ -->\n<title>Chelsea sender nyindk\u00f8bt stopper p\u00e5 leje i Porto<\/title>\n<meta name=\"description\" content=\"Chelsea har udlejet sommertilf\u00f8jelsen Malang Sarr til FC Porto, hvor franskmanden skal spille hele indev\u00e6rende s\u00e6son\" \/>\n<meta name=\"robots\" content=\"index, follow, max-snippet:-1, max-image-preview:large, max-video-preview:-1\" \/>\n<link rel=\"canonical\" href=\"https:\/\/acefootball.com\/da\/fodboldnyheder\/chelsea-sender-nyindkoebt-stopper-paa-leje-i-porto\/\" \/>\n<meta property=\"og:locale\" content=\"en_US\" \/>\n<meta property=\"og:type\" content=\"article\" \/>\n<meta property=\"og:title\" content=\"Chelsea sender nyindk\u00f8bt stopper p\u00e5 leje i Porto\" \/>\n<meta property=\"og:description\" content=\"Chelsea har udlejet sommertilf\u00f8jelsen Malang Sarr til FC Porto, hvor franskmanden skal spille hele indev\u00e6rende s\u00e6son\" \/>\n<meta property=\"og:url\" content=\"https:\/\/acefootball.com\/da\/fodboldnyheder\/chelsea-sender-nyindkoebt-stopper-paa-leje-i-porto\/\" \/>\n<meta property=\"og:site_name\" content=\"Ace Football Danmark\" \/>\n<meta property=\"article:publisher\" content=\"https:\/\/www.facebook.com\/acefootballdk\" \/>\n<meta property=\"article:published_time\" content=\"2020-10-06T16:24:36+00:00\" \/>\n<meta property=\"article:modified_time\" content=\"2020-10-06T16:24:37+00:00\" \/>\n<meta property=\"og:image\" content=\"https:\/\/acefootball.com\/da\/wp-content\/uploads\/sites\/2\/2020\/10\/Design-uden-navn-1-3.jpg\" \/>\n\t<meta property=\"og:image:width\" content=\"1024\" \/>\n\t<meta property=\"og:image:height\" content=\"683\" \/>\n\t<meta property=\"og:image:type\" content=\"image\/jpeg\" \/>\n<meta name=\"twitter:card\" content=\"summary_large_image\" \/>\n<meta name=\"twitter:label1\" content=\"Written by\" \/>\n\t<meta name=\"twitter:data1\" content=\"Mads Dreyer\" \/>\n\t<meta name=\"twitter:label2\" content=\"Est. reading time\" \/>\n\t<meta name=\"twitter:data2\" content=\"1 minute\" \/>\n<script type=\"application\/ld+json\" class=\"yoast-schema-graph\">{\"@context\":\"https:\/\/schema.org\",\"@graph\":[{\"@type\":\"Organization\",\"@id\":\"https:\/\/acefootball.com\/da\/#organization\",\"name\":\"Ace Football\",\"url\":\"https:\/\/acefootball.com\/da\/\",\"sameAs\":[\"https:\/\/www.facebook.com\/acefootballdk\"],\"logo\":{\"@type\":\"ImageObject\",\"@id\":\"https:\/\/acefootball.com\/da\/#logo\",\"inLanguage\":\"en-US\",\"url\":\"https:\/\/acefootball.com\/da\/wp-content\/uploads\/sites\/2\/2020\/07\/Ace-Football-30-07-2020-2.png\",\"contentUrl\":\"https:\/\/acefootball.com\/da\/wp-content\/uploads\/sites\/2\/2020\/07\/Ace-Football-30-07-2020-2.png\",\"width\":1200,\"height\":600,\"caption\":\"Ace Football\"},\"image\":{\"@id\":\"https:\/\/acefootball.com\/da\/#logo\"}},{\"@type\":\"WebSite\",\"@id\":\"https:\/\/acefootball.com\/da\/#website\",\"url\":\"https:\/\/acefootball.com\/da\/\",\"name\":\"Ace Football Danmark\",\"description\":\"Nyheder, Spiltips &amp; Livescore\",\"publisher\":{\"@id\":\"https:\/\/acefootball.com\/da\/#organization\"},\"potentialAction\":[{\"@type\":\"SearchAction\",\"target\":{\"@type\":\"EntryPoint\",\"urlTemplate\":\"https:\/\/acefootball.com\/da\/?s={search_term_string}\"},\"query-input\":\"required name=search_term_string\"}],\"inLanguage\":\"en-US\"},{\"@type\":\"ImageObject\",\"@id\":\"https:\/\/acefootball.com\/da\/fodboldnyheder\/chelsea-sender-nyindkoebt-stopper-paa-leje-i-porto\/#primaryimage\",\"inLanguage\":\"en-US\",\"url\":\"https:\/\/acefootball.com\/da\/wp-content\/uploads\/sites\/2\/2020\/10\/Design-uden-navn-1-3.jpg\",\"contentUrl\":\"https:\/\/acefootball.com\/da\/wp-content\/uploads\/sites\/2\/2020\/10\/Design-uden-navn-1-3.jpg\",\"width\":1024,\"height\":683,\"caption\":\"Foto: FC Porto\/Twitter\"},{\"@type\":\"WebPage\",\"@id\":\"https:\/\/acefootball.com\/da\/fodboldnyheder\/chelsea-sender-nyindkoebt-stopper-paa-leje-i-porto\/#webpage\",\"url\":\"https:\/\/acefootball.com\/da\/fodboldnyheder\/chelsea-sender-nyindkoebt-stopper-paa-leje-i-porto\/\",\"name\":\"Chelsea sender nyindk\u00f8bt stopper p\u00e5 leje i Porto\",\"isPartOf\":{\"@id\":\"https:\/\/acefootball.com\/da\/#website\"},\"primaryImageOfPage\":{\"@id\":\"https:\/\/acefootball.com\/da\/fodboldnyheder\/chelsea-sender-nyindkoebt-stopper-paa-leje-i-porto\/#primaryimage\"},\"datePublished\":\"2020-10-06T16:24:36+00:00\",\"dateModified\":\"2020-10-06T16:24:37+00:00\",\"description\":\"Chelsea har udlejet sommertilf\u00f8jelsen Malang Sarr til FC Porto, hvor franskmanden skal spille hele indev\u00e6rende s\u00e6son\",\"breadcrumb\":{\"@id\":\"https:\/\/acefootball.com\/da\/fodboldnyheder\/chelsea-sender-nyindkoebt-stopper-paa-leje-i-porto\/#breadcrumb\"},\"inLanguage\":\"en-US\",\"potentialAction\":[{\"@type\":\"ReadAction\",\"target\":[\"https:\/\/acefootball.com\/da\/fodboldnyheder\/chelsea-sender-nyindkoebt-stopper-paa-leje-i-porto\/\"]}]},{\"@type\":\"BreadcrumbList\",\"@id\":\"https:\/\/acefootball.com\/da\/fodboldnyheder\/chelsea-sender-nyindkoebt-stopper-paa-leje-i-porto\/#breadcrumb\",\"itemListElement\":[{\"@type\":\"ListItem\",\"position\":1,\"name\":\"Home\",\"item\":\"https:\/\/acefootball.com\/da\/\"},{\"@type\":\"ListItem\",\"position\":2,\"name\":\"Chelsea sender nyindk\u00f8bt stopper p\u00e5 leje i Porto\"}]},{\"@type\":\"Article\",\"@id\":\"https:\/\/acefootball.com\/da\/fodboldnyheder\/chelsea-sender-nyindkoebt-stopper-paa-leje-i-porto\/#article\",\"isPartOf\":{\"@id\":\"https:\/\/acefootball.com\/da\/fodboldnyheder\/chelsea-sender-nyindkoebt-stopper-paa-leje-i-porto\/#webpage\"},\"author\":{\"@id\":\"https:\/\/acefootball.com\/da\/#\/schema\/person\/ee67e9cf04a276f144100ffa722f10cd\"},\"headline\":\"Chelsea sender nyindk\u00f8bt stopper p\u00e5 leje i Porto\",\"datePublished\":\"2020-10-06T16:24:36+00:00\",\"dateModified\":\"2020-10-06T16:24:37+00:00\",\"mainEntityOfPage\":{\"@id\":\"https:\/\/acefootball.com\/da\/fodboldnyheder\/chelsea-sender-nyindkoebt-stopper-paa-leje-i-porto\/#webpage\"},\"wordCount\":137,\"commentCount\":0,\"publisher\":{\"@id\":\"https:\/\/acefootball.com\/da\/#organization\"},\"image\":{\"@id\":\"https:\/\/acefootball.com\/da\/fodboldnyheder\/chelsea-sender-nyindkoebt-stopper-paa-leje-i-porto\/#primaryimage\"},\"thumbnailUrl\":\"https:\/\/acefootball.com\/da\/wp-content\/uploads\/sites\/2\/2020\/10\/Design-uden-navn-1-3.jpg\",\"keywords\":[\"Chelsea\",\"FC Porto\",\"Malang Sarr\",\"Premier League\",\"Primeira Liga\"],\"articleSection\":[\"Transfer\"],\"inLanguage\":\"en-US\",\"potentialAction\":[{\"@type\":\"CommentAction\",\"name\":\"Comment\",\"target\":[\"https:\/\/acefootball.com\/da\/fodboldnyheder\/chelsea-sender-nyindkoebt-stopper-paa-leje-i-porto\/#respond\"]}]},{\"@type\":\"Person\",\"@id\":\"https:\/\/acefootball.com\/da\/#\/schema\/person\/ee67e9cf04a276f144100ffa722f10cd\",\"name\":\"Mads Dreyer\",\"image\":{\"@type\":\"ImageObject\",\"@id\":\"https:\/\/acefootball.com\/da\/#personlogo\",\"inLanguage\":\"en-US\",\"url\":\"https:\/\/secure.gravatar.com\/avatar\/7c7abf72cfde9902b6a60efe60c88d4c?s=96&d=mm&r=g\",\"contentUrl\":\"https:\/\/secure.gravatar.com\/avatar\/7c7abf72cfde9902b6a60efe60c88d4c?s=96&d=mm&r=g\",\"caption\":\"Mads Dreyer\"},\"description\":\"Skribent og fodboldn\u00f8rd, der lige nu fort\u00e6ller om alt og intet i fodboldverdenen p\u00e5 acefootball.com. Uddannet i kommunikation fra Aalborg Universitet.\",\"sameAs\":[\"https:\/\/www.linkedin.com\/in\/mads-dreyer-b9b08266\/\"],\"url\":\"https:\/\/acefootball.com\/da\/fodboldnyheder\/author\/mdnronaldo\/\"}]}<\/script>\n<!-- \/ Yoast SEO plugin. -->","yoast_head_json":{"title":"Chelsea sender nyindk\u00f8bt stopper p\u00e5 leje i Porto","description":"Chelsea har udlejet sommertilf\u00f8jelsen Malang Sarr til FC Porto, hvor franskmanden skal spille hele indev\u00e6rende s\u00e6son","robots":{"index":"index","follow":"follow","max-snippet":"max-snippet:-1","max-image-preview":"max-image-preview:large","max-video-preview":"max-video-preview:-1"},"canonical":"https:\/\/acefootball.com\/da\/fodboldnyheder\/chelsea-sender-nyindkoebt-stopper-paa-leje-i-porto\/","og_locale":"en_US","og_type":"article","og_title":"Chelsea sender nyindk\u00f8bt stopper p\u00e5 leje i Porto","og_description":"Chelsea har udlejet sommertilf\u00f8jelsen Malang Sarr til FC Porto, hvor franskmanden skal spille hele indev\u00e6rende s\u00e6son","og_url":"https:\/\/acefootball.com\/da\/fodboldnyheder\/chelsea-sender-nyindkoebt-stopper-paa-leje-i-porto\/","og_site_name":"Ace Football Danmark","article_publisher":"https:\/\/www.facebook.com\/acefootballdk","article_published_time":"2020-10-06T16:24:36+00:00","article_modified_time":"2020-10-06T16:24:37+00:00","og_image":[{"width":1024,"height":683,"url":"https:\/\/acefootball.com\/da\/wp-content\/uploads\/sites\/2\/2020\/10\/Design-uden-navn-1-3.jpg","type":"image\/jpeg"}],"twitter_card":"summary_large_image","twitter_misc":{"Written by":"Mads Dreyer","Est. reading time":"1 minute"},"schema":{"@context":"https:\/\/schema.org","@graph":[{"@type":"Organization","@id":"https:\/\/acefootball.com\/da\/#organization","name":"Ace Football","url":"https:\/\/acefootball.com\/da\/","sameAs":["https:\/\/www.facebook.com\/acefootballdk"],"logo":{"@type":"ImageObject","@id":"https:\/\/acefootball.com\/da\/#logo","inLanguage":"en-US","url":"https:\/\/acefootball.com\/da\/wp-content\/uploads\/sites\/2\/2020\/07\/Ace-Football-30-07-2020-2.png","contentUrl":"https:\/\/acefootball.com\/da\/wp-content\/uploads\/sites\/2\/2020\/07\/Ace-Football-30-07-2020-2.png","width":1200,"height":600,"caption":"Ace Football"},"image":{"@id":"https:\/\/acefootball.com\/da\/#logo"}},{"@type":"WebSite","@id":"https:\/\/acefootball.com\/da\/#website","url":"https:\/\/acefootball.com\/da\/","name":"Ace Football Danmark","description":"Nyheder, Spiltips &amp; Livescore","publisher":{"@id":"https:\/\/acefootball.com\/da\/#organization"},"potentialAction":[{"@type":"SearchAction","target":{"@type":"EntryPoint","urlTemplate":"https:\/\/acefootball.com\/da\/?s={search_term_string}"},"query-input":"required name=search_term_string"}],"inLanguage":"en-US"},{"@type":"ImageObject","@id":"https:\/\/acefootball.com\/da\/fodboldnyheder\/chelsea-sender-nyindkoebt-stopper-paa-leje-i-porto\/#primaryimage","inLanguage":"en-US","url":"https:\/\/acefootball.com\/da\/wp-content\/uploads\/sites\/2\/2020\/10\/Design-uden-navn-1-3.jpg","contentUrl":"https:\/\/acefootball.com\/da\/wp-content\/uploads\/sites\/2\/2020\/10\/Design-uden-navn-1-3.jpg","width":1024,"height":683,"caption":"Foto: FC Porto\/Twitter"},{"@type":"WebPage","@id":"https:\/\/acefootball.com\/da\/fodboldnyheder\/chelsea-sender-nyindkoebt-stopper-paa-leje-i-porto\/#webpage","url":"https:\/\/acefootball.com\/da\/fodboldnyheder\/chelsea-sender-nyindkoebt-stopper-paa-leje-i-porto\/","name":"Chelsea sender nyindk\u00f8bt stopper p\u00e5 leje i Porto","isPartOf":{"@id":"https:\/\/acefootball.com\/da\/#website"},"primaryImageOfPage":{"@id":"https:\/\/acefootball.com\/da\/fodboldnyheder\/chelsea-sender-nyindkoebt-stopper-paa-leje-i-porto\/#primaryimage"},"datePublished":"2020-10-06T16:24:36+00:00","dateModified":"2020-10-06T16:24:37+00:00","description":"Chelsea har udlejet sommertilf\u00f8jelsen Malang Sarr til FC Porto, hvor franskmanden skal spille hele indev\u00e6rende s\u00e6son","breadcrumb":{"@id":"https:\/\/acefootball.com\/da\/fodboldnyheder\/chelsea-sender-nyindkoebt-stopper-paa-leje-i-porto\/#breadcrumb"},"inLanguage":"en-US","potentialAction":[{"@type":"ReadAction","target":["https:\/\/acefootball.com\/da\/fodboldnyheder\/chelsea-sender-nyindkoebt-stopper-paa-leje-i-porto\/"]}]},{"@type":"BreadcrumbList","@id":"https:\/\/acefootball.com\/da\/fodboldnyheder\/chelsea-sender-nyindkoebt-stopper-paa-leje-i-porto\/#breadcrumb","itemListElement":[{"@type":"ListItem","position":1,"name":"Home","item":"https:\/\/acefootball.com\/da\/"},{"@type":"ListItem","position":2,"name":"Chelsea sender nyindk\u00f8bt stopper p\u00e5 leje i Porto"}]},{"@type":"Article","@id":"https:\/\/acefootball.com\/da\/fodboldnyheder\/chelsea-sender-nyindkoebt-stopper-paa-leje-i-porto\/#article","isPartOf":{"@id":"https:\/\/acefootball.com\/da\/fodboldnyheder\/chelsea-sender-nyindkoebt-stopper-paa-leje-i-porto\/#webpage"},"author":{"@id":"https:\/\/acefootball.com\/da\/#\/schema\/person\/ee67e9cf04a276f144100ffa722f10cd"},"headline":"Chelsea sender nyindk\u00f8bt stopper p\u00e5 leje i Porto","datePublished":"2020-10-06T16:24:36+00:00","dateModified":"2020-10-06T16:24:37+00:00","mainEntityOfPage":{"@id":"https:\/\/acefootball.com\/da\/fodboldnyheder\/chelsea-sender-nyindkoebt-stopper-paa-leje-i-porto\/#webpage"},"wordCount":137,"commentCount":0,"publisher":{"@id":"https:\/\/acefootball.com\/da\/#organization"},"image":{"@id":"https:\/\/acefootball.com\/da\/fodboldnyheder\/chelsea-sender-nyindkoebt-stopper-paa-leje-i-porto\/#primaryimage"},"thumbnailUrl":"https:\/\/acefootball.com\/da\/wp-content\/uploads\/sites\/2\/2020\/10\/Design-uden-navn-1-3.jpg","keywords":["Chelsea","FC Porto","Malang Sarr","Premier League","Primeira Liga"],"articleSection":["Transfer"],"inLanguage":"en-US","potentialAction":[{"@type":"CommentAction","name":"Comment","target":["https:\/\/acefootball.com\/da\/fodboldnyheder\/chelsea-sender-nyindkoebt-stopper-paa-leje-i-porto\/#respond"]}]},{"@type":"Person","@id":"https:\/\/acefootball.com\/da\/#\/schema\/person\/ee67e9cf04a276f144100ffa722f10cd","name":"Mads Dreyer","image":{"@type":"ImageObject","@id":"https:\/\/acefootball.com\/da\/#personlogo","inLanguage":"en-US","url":"https:\/\/secure.gravatar.com\/avatar\/7c7abf72cfde9902b6a60efe60c88d4c?s=96&d=mm&r=g","contentUrl":"https:\/\/secure.gravatar.com\/avatar\/7c7abf72cfde9902b6a60efe60c88d4c?s=96&d=mm&r=g","caption":"Mads Dreyer"},"description":"Skribent og fodboldn\u00f8rd, der lige nu fort\u00e6ller om alt og intet i fodboldverdenen p\u00e5 acefootball.com. Uddannet i kommunikation fra Aalborg Universitet.","sameAs":["https:\/\/www.linkedin.com\/in\/mads-dreyer-b9b08266\/"],"url":"https:\/\/acefootball.com\/da\/fodboldnyheder\/author\/mdnronaldo\/"}]}},"fimg_url":"https:\/\/acefootball.com\/da\/wp-content\/uploads\/sites\/2\/2020\/10\/Design-uden-navn-1-3.jpg","_links":{"self":[{"href":"https:\/\/acefootball.com\/da\/wp-json\/wp\/v2\/posts\/239604"}],"collection":[{"href":"https:\/\/acefootball.com\/da\/wp-json\/wp\/v2\/posts"}],"about":[{"href":"https:\/\/acefootball.com\/da\/wp-json\/wp\/v2\/types\/post"}],"author":[{"embeddable":true,"href":"https:\/\/acefootball.com\/da\/wp-json\/wp\/v2\/users\/705"}],"replies":[{"embeddable":true,"href":"https:\/\/acefootball.com\/da\/wp-json\/wp\/v2\/comments?post=239604"}],"version-history":[{"count":0,"href":"https:\/\/acefootball.com\/da\/wp-json\/wp\/v2\/posts\/239604\/revisions"}],"wp:featuredmedia":[{"embeddable":true,"href":"https:\/\/acefootball.com\/da\/wp-json\/wp\/v2\/media\/239606"}],"wp:attachment":[{"href":"https:\/\/acefootball.com\/da\/wp-json\/wp\/v2\/media?parent=239604"}],"wp:term":[{"taxonomy":"category","embeddable":true,"href":"https:\/\/acefootball.com\/da\/wp-json\/wp\/v2\/categories?post=239604"},{"taxonomy":"post_tag","embeddable":true,"href":"https:\/\/acefootball.com\/da\/wp-json\/wp\/v2\/tags?post=239604"}],"curies":[{"name":"wp","href":"https:\/\/api.w.org\/{rel}","templated":true}]}}