{"id":239600,"date":"2020-10-06T17:26:51","date_gmt":"2020-10-06T15:26:51","guid":{"rendered":"https:\/\/acefootball.com\/da\/?p=239600"},"modified":"2020-10-06T17:26:53","modified_gmt":"2020-10-06T15:26:53","slug":"staale-om-zanka-forloebet-i-fredags-saa-det-umuligt-ud","status":"publish","type":"post","link":"https:\/\/acefootball.com\/da\/fodboldnyheder\/staale-om-zanka-forloebet-i-fredags-saa-det-umuligt-ud\/","title":{"rendered":"St\u00e5le om Zanka-forl\u00f8bet: I fredags s\u00e5 det umuligt ud"},"content":{"rendered":"\n<h2 id=\"h-fc-k-benhavn-n-ede-mandag-aften-at-f-mathias-zanka-j-rgensen-p-plads-selvom-det-ikke-umiddelbart-l-i-kortene\">FC K\u00f8benhavn n\u00e5ede mandag aften at f\u00e5 Mathias &#8216;Zanka&#8217; J\u00f8rgensen p\u00e5 plads, selvom det ikke umiddelbart l\u00e5 i kortene<\/h2>\n\n\n\n<p>Sent mandag aften ramte en transferbombe dansk fodbold, da FC K\u00f8benhavn pludselig kunne <a href=\"https:\/\/acefootball.com\/da\/fodboldnyheder\/fck-spraenger-bomben-henter-zanka-hjem\/\">pr\u00e6sentere Mathias &#8216;Zanka&#8217; J\u00f8rgensen<\/a> p\u00e5 en lejeaftale.<\/p>\n\n\n\n<p>Og det var ikke for at tr\u00e6kke sp\u00e6ndingen til det yderste, at offentligg\u00f8relsen lod vente p\u00e5 sig. Der var nemlig ikke meget, der tydede p\u00e5 en aftale for bare f\u00e5 dage siden.<\/p>\n\n\n\n<p>&#8220;S\u00e5 kom Zanka i de sidste timer mandag aften. Jeg har j\u00e6vnligt talt med Zanka, ogs\u00e5 om andre ting, og da jeg snakkede med ham fredag, s\u00e5 det stadig umuligt ud, fordi der var mange andre bejlere. Men vi arbejdede videre p\u00e5 det i l\u00f8bet af mandagen, og jeg talte med ham igen ved halv syv-tiden i landsholdslejren, og s\u00e5 holdt vi hovedet koldt, for vi har hverken penge eller intentioner om at betale noget af l\u00f8nnen til Zanka,&#8221; fortalte Solbakken til FCK-podcastet if\u00f8lge <a href=\"https:\/\/www.fck.dk\/nyhed\/staales-status-del-1\" target=\"_blank\" rel=\"noreferrer noopener\">klubbens hjemmeside<\/a>.<\/p>\n\n\n\n<p>&#8220;Men da han kom rigtig godt ud af det, samtidig med at vi betaler en l\u00e5neafgift, som vi kan leve med samt eventuelle bonusser, hvis vi har succes. S\u00e5 selv om det l\u00e6nge s\u00e5 umuligt ud, faldt det p\u00e5 plads fem minutter over halv tolv&#8230;&#8221;<\/p>\n\n\n\n<p>Ekstra Bladet mener desuden at vide, pr\u00e6cist hvor meget FC K\u00f8benhavn skal betale for Zanka. L\u00e6s mere om dette i artiklen herunder.<\/p>\n\n\n\n<figure class=\"wp-block-embed-wordpress wp-block-embed is-type-wp-embed is-provider-ace-football-danmark\"><div class=\"wp-block-embed__wrapper\">\n<blockquote class=\"wp-embedded-content\" data-secret=\"7RPvp57y7x\"><a href=\"https:\/\/acefootball.com\/da\/fodboldnyheder\/eb-afsloerer-saa-meget-betaler-fck-for-zanka\/\">EB afsl\u00f8rer: S\u00e5 meget betaler FCK for Zanka<\/a><\/blockquote><iframe class=\"wp-embedded-content\" sandbox=\"allow-scripts\" security=\"restricted\" style=\"position: absolute; clip: rect(1px, 1px, 1px, 1px);\" title=\"&#8220;EB afsl\u00f8rer: S\u00e5 meget betaler FCK for Zanka&#8221; &#8212; Ace Football Danmark\" src=\"https:\/\/acefootball.com\/da\/fodboldnyheder\/eb-afsloerer-saa-meget-betaler-fck-for-zanka\/embed\/#?secret=7RPvp57y7x\" data-secret=\"7RPvp57y7x\" width=\"600\" height=\"338\" frameborder=\"0\" marginwidth=\"0\" marginheight=\"0\" scrolling=\"no\"><\/iframe>\n<\/div><\/figure>\n","protected":false},"excerpt":{"rendered":"<p>FC K\u00f8benhavn n\u00e5ede mandag aften at f\u00e5 Mathias &#8216;Zanka&#8217; J\u00f8rgensen p\u00e5 plads, selvom det ikke umiddelbart l\u00e5 i kortene<\/p>\n","protected":false},"author":705,"featured_media":235229,"comment_status":"open","ping_status":"closed","sticky":false,"template":"","format":"standard","meta":{"om_disable_all_campaigns":false,"push_articles_ronaldo":{"active":false,"canonical":0,"publish":false},"force_updates":null},"categories":[8204],"tags":[16,725,182,588],"enet_tags":{"team":["8391"],"player":["71908","78638"],"league":["46"],"sport_events":[]},"yoast_head":"<!-- This site is optimized with the Yoast SEO plugin v18.3 - https:\/\/yoast.com\/wordpress\/plugins\/seo\/ -->\n<title>St\u00e5le om Zanka-forl\u00f8bet: I fredags s\u00e5 det umuligt ud<\/title>\n<meta name=\"description\" content=\"FC K\u00f8benhavn n\u00e5ede mandag aften at f\u00e5 Mathias &#039;Zanka&#039; J\u00f8rgensen p\u00e5 plads, selvom det ikke umiddelbart l\u00e5 i kortene\" \/>\n<meta name=\"robots\" content=\"index, follow, max-snippet:-1, max-image-preview:large, max-video-preview:-1\" \/>\n<link rel=\"canonical\" href=\"https:\/\/acefootball.com\/da\/fodboldnyheder\/staale-om-zanka-forloebet-i-fredags-saa-det-umuligt-ud\/\" \/>\n<meta property=\"og:locale\" content=\"en_US\" \/>\n<meta property=\"og:type\" content=\"article\" \/>\n<meta property=\"og:title\" content=\"St\u00e5le om Zanka-forl\u00f8bet: I fredags s\u00e5 det umuligt ud\" \/>\n<meta property=\"og:description\" content=\"FC K\u00f8benhavn n\u00e5ede mandag aften at f\u00e5 Mathias &#039;Zanka&#039; J\u00f8rgensen p\u00e5 plads, selvom det ikke umiddelbart l\u00e5 i kortene\" \/>\n<meta property=\"og:url\" content=\"https:\/\/acefootball.com\/da\/fodboldnyheder\/staale-om-zanka-forloebet-i-fredags-saa-det-umuligt-ud\/\" \/>\n<meta property=\"og:site_name\" content=\"Ace Football Danmark\" \/>\n<meta property=\"article:publisher\" content=\"https:\/\/www.facebook.com\/acefootballdk\" \/>\n<meta property=\"article:published_time\" content=\"2020-10-06T15:26:51+00:00\" \/>\n<meta property=\"article:modified_time\" content=\"2020-10-06T15:26:53+00:00\" \/>\n<meta property=\"og:image\" content=\"https:\/\/acefootball.com\/da\/wp-content\/uploads\/sites\/2\/2020\/08\/GettyImages-1227753909.jpg\" \/>\n\t<meta property=\"og:image:width\" content=\"1024\" \/>\n\t<meta property=\"og:image:height\" content=\"758\" \/>\n\t<meta property=\"og:image:type\" content=\"image\/jpeg\" \/>\n<meta name=\"twitter:card\" content=\"summary_large_image\" \/>\n<meta name=\"twitter:label1\" content=\"Written by\" \/>\n\t<meta name=\"twitter:data1\" content=\"Mads Dreyer\" \/>\n\t<meta name=\"twitter:label2\" content=\"Est. reading time\" \/>\n\t<meta name=\"twitter:data2\" content=\"1 minute\" \/>\n<script type=\"application\/ld+json\" class=\"yoast-schema-graph\">{\"@context\":\"https:\/\/schema.org\",\"@graph\":[{\"@type\":\"Organization\",\"@id\":\"https:\/\/acefootball.com\/da\/#organization\",\"name\":\"Ace Football\",\"url\":\"https:\/\/acefootball.com\/da\/\",\"sameAs\":[\"https:\/\/www.facebook.com\/acefootballdk\"],\"logo\":{\"@type\":\"ImageObject\",\"@id\":\"https:\/\/acefootball.com\/da\/#logo\",\"inLanguage\":\"en-US\",\"url\":\"https:\/\/acefootball.com\/da\/wp-content\/uploads\/sites\/2\/2020\/07\/Ace-Football-30-07-2020-2.png\",\"contentUrl\":\"https:\/\/acefootball.com\/da\/wp-content\/uploads\/sites\/2\/2020\/07\/Ace-Football-30-07-2020-2.png\",\"width\":1200,\"height\":600,\"caption\":\"Ace Football\"},\"image\":{\"@id\":\"https:\/\/acefootball.com\/da\/#logo\"}},{\"@type\":\"WebSite\",\"@id\":\"https:\/\/acefootball.com\/da\/#website\",\"url\":\"https:\/\/acefootball.com\/da\/\",\"name\":\"Ace Football Danmark\",\"description\":\"Nyheder, Spiltips &amp; Livescore\",\"publisher\":{\"@id\":\"https:\/\/acefootball.com\/da\/#organization\"},\"potentialAction\":[{\"@type\":\"SearchAction\",\"target\":{\"@type\":\"EntryPoint\",\"urlTemplate\":\"https:\/\/acefootball.com\/da\/?s={search_term_string}\"},\"query-input\":\"required name=search_term_string\"}],\"inLanguage\":\"en-US\"},{\"@type\":\"ImageObject\",\"@id\":\"https:\/\/acefootball.com\/da\/fodboldnyheder\/staale-om-zanka-forloebet-i-fredags-saa-det-umuligt-ud\/#primaryimage\",\"inLanguage\":\"en-US\",\"url\":\"https:\/\/acefootball.com\/da\/wp-content\/uploads\/sites\/2\/2020\/08\/GettyImages-1227753909.jpg\",\"contentUrl\":\"https:\/\/acefootball.com\/da\/wp-content\/uploads\/sites\/2\/2020\/08\/GettyImages-1227753909.jpg\",\"width\":1024,\"height\":758,\"caption\":\"AALBORG, DENMARK - JULY 23: Stale Solbakken, head coach of FC Copenhagen gestures during the Danish 3F Superliga match between AaB Aalborg and FC Copenhagen at Aalborg Portland Park on July 23, 2020 in Aalborg, Denmark. (Photo by Lars Ronbog \/ FrontZoneSport via Getty Images)\"},{\"@type\":\"WebPage\",\"@id\":\"https:\/\/acefootball.com\/da\/fodboldnyheder\/staale-om-zanka-forloebet-i-fredags-saa-det-umuligt-ud\/#webpage\",\"url\":\"https:\/\/acefootball.com\/da\/fodboldnyheder\/staale-om-zanka-forloebet-i-fredags-saa-det-umuligt-ud\/\",\"name\":\"St\u00e5le om Zanka-forl\u00f8bet: I fredags s\u00e5 det umuligt ud\",\"isPartOf\":{\"@id\":\"https:\/\/acefootball.com\/da\/#website\"},\"primaryImageOfPage\":{\"@id\":\"https:\/\/acefootball.com\/da\/fodboldnyheder\/staale-om-zanka-forloebet-i-fredags-saa-det-umuligt-ud\/#primaryimage\"},\"datePublished\":\"2020-10-06T15:26:51+00:00\",\"dateModified\":\"2020-10-06T15:26:53+00:00\",\"description\":\"FC K\u00f8benhavn n\u00e5ede mandag aften at f\u00e5 Mathias 'Zanka' J\u00f8rgensen p\u00e5 plads, selvom det ikke umiddelbart l\u00e5 i kortene\",\"breadcrumb\":{\"@id\":\"https:\/\/acefootball.com\/da\/fodboldnyheder\/staale-om-zanka-forloebet-i-fredags-saa-det-umuligt-ud\/#breadcrumb\"},\"inLanguage\":\"en-US\",\"potentialAction\":[{\"@type\":\"ReadAction\",\"target\":[\"https:\/\/acefootball.com\/da\/fodboldnyheder\/staale-om-zanka-forloebet-i-fredags-saa-det-umuligt-ud\/\"]}]},{\"@type\":\"BreadcrumbList\",\"@id\":\"https:\/\/acefootball.com\/da\/fodboldnyheder\/staale-om-zanka-forloebet-i-fredags-saa-det-umuligt-ud\/#breadcrumb\",\"itemListElement\":[{\"@type\":\"ListItem\",\"position\":1,\"name\":\"Home\",\"item\":\"https:\/\/acefootball.com\/da\/\"},{\"@type\":\"ListItem\",\"position\":2,\"name\":\"St\u00e5le om Zanka-forl\u00f8bet: I fredags s\u00e5 det umuligt ud\"}]},{\"@type\":\"Article\",\"@id\":\"https:\/\/acefootball.com\/da\/fodboldnyheder\/staale-om-zanka-forloebet-i-fredags-saa-det-umuligt-ud\/#article\",\"isPartOf\":{\"@id\":\"https:\/\/acefootball.com\/da\/fodboldnyheder\/staale-om-zanka-forloebet-i-fredags-saa-det-umuligt-ud\/#webpage\"},\"author\":{\"@id\":\"https:\/\/acefootball.com\/da\/#\/schema\/person\/ee67e9cf04a276f144100ffa722f10cd\"},\"headline\":\"St\u00e5le om Zanka-forl\u00f8bet: I fredags s\u00e5 det umuligt ud\",\"datePublished\":\"2020-10-06T15:26:51+00:00\",\"dateModified\":\"2020-10-06T15:26:53+00:00\",\"mainEntityOfPage\":{\"@id\":\"https:\/\/acefootball.com\/da\/fodboldnyheder\/staale-om-zanka-forloebet-i-fredags-saa-det-umuligt-ud\/#webpage\"},\"wordCount\":259,\"commentCount\":0,\"publisher\":{\"@id\":\"https:\/\/acefootball.com\/da\/#organization\"},\"image\":{\"@id\":\"https:\/\/acefootball.com\/da\/fodboldnyheder\/staale-om-zanka-forloebet-i-fredags-saa-det-umuligt-ud\/#primaryimage\"},\"thumbnailUrl\":\"https:\/\/acefootball.com\/da\/wp-content\/uploads\/sites\/2\/2020\/08\/GettyImages-1227753909.jpg\",\"keywords\":[\"FC K\u00f8benhavn\",\"Mathias Zanka J\u00f8rgensen\",\"St\u00e5le Solbakken\",\"Superligaen\"],\"articleSection\":[\"Udtalelse\"],\"inLanguage\":\"en-US\",\"potentialAction\":[{\"@type\":\"CommentAction\",\"name\":\"Comment\",\"target\":[\"https:\/\/acefootball.com\/da\/fodboldnyheder\/staale-om-zanka-forloebet-i-fredags-saa-det-umuligt-ud\/#respond\"]}]},{\"@type\":\"Person\",\"@id\":\"https:\/\/acefootball.com\/da\/#\/schema\/person\/ee67e9cf04a276f144100ffa722f10cd\",\"name\":\"Mads Dreyer\",\"image\":{\"@type\":\"ImageObject\",\"@id\":\"https:\/\/acefootball.com\/da\/#personlogo\",\"inLanguage\":\"en-US\",\"url\":\"https:\/\/secure.gravatar.com\/avatar\/7c7abf72cfde9902b6a60efe60c88d4c?s=96&d=mm&r=g\",\"contentUrl\":\"https:\/\/secure.gravatar.com\/avatar\/7c7abf72cfde9902b6a60efe60c88d4c?s=96&d=mm&r=g\",\"caption\":\"Mads Dreyer\"},\"description\":\"Skribent og fodboldn\u00f8rd, der lige nu fort\u00e6ller om alt og intet i fodboldverdenen p\u00e5 acefootball.com. Uddannet i kommunikation fra Aalborg Universitet.\",\"sameAs\":[\"https:\/\/www.linkedin.com\/in\/mads-dreyer-b9b08266\/\"],\"url\":\"https:\/\/acefootball.com\/da\/fodboldnyheder\/author\/mdnronaldo\/\"}]}<\/script>\n<!-- \/ Yoast SEO plugin. -->","yoast_head_json":{"title":"St\u00e5le om Zanka-forl\u00f8bet: I fredags s\u00e5 det umuligt ud","description":"FC K\u00f8benhavn n\u00e5ede mandag aften at f\u00e5 Mathias 'Zanka' J\u00f8rgensen p\u00e5 plads, selvom det ikke umiddelbart l\u00e5 i kortene","robots":{"index":"index","follow":"follow","max-snippet":"max-snippet:-1","max-image-preview":"max-image-preview:large","max-video-preview":"max-video-preview:-1"},"canonical":"https:\/\/acefootball.com\/da\/fodboldnyheder\/staale-om-zanka-forloebet-i-fredags-saa-det-umuligt-ud\/","og_locale":"en_US","og_type":"article","og_title":"St\u00e5le om Zanka-forl\u00f8bet: I fredags s\u00e5 det umuligt ud","og_description":"FC K\u00f8benhavn n\u00e5ede mandag aften at f\u00e5 Mathias 'Zanka' J\u00f8rgensen p\u00e5 plads, selvom det ikke umiddelbart l\u00e5 i kortene","og_url":"https:\/\/acefootball.com\/da\/fodboldnyheder\/staale-om-zanka-forloebet-i-fredags-saa-det-umuligt-ud\/","og_site_name":"Ace Football Danmark","article_publisher":"https:\/\/www.facebook.com\/acefootballdk","article_published_time":"2020-10-06T15:26:51+00:00","article_modified_time":"2020-10-06T15:26:53+00:00","og_image":[{"width":1024,"height":758,"url":"https:\/\/acefootball.com\/da\/wp-content\/uploads\/sites\/2\/2020\/08\/GettyImages-1227753909.jpg","type":"image\/jpeg"}],"twitter_card":"summary_large_image","twitter_misc":{"Written by":"Mads Dreyer","Est. reading time":"1 minute"},"schema":{"@context":"https:\/\/schema.org","@graph":[{"@type":"Organization","@id":"https:\/\/acefootball.com\/da\/#organization","name":"Ace Football","url":"https:\/\/acefootball.com\/da\/","sameAs":["https:\/\/www.facebook.com\/acefootballdk"],"logo":{"@type":"ImageObject","@id":"https:\/\/acefootball.com\/da\/#logo","inLanguage":"en-US","url":"https:\/\/acefootball.com\/da\/wp-content\/uploads\/sites\/2\/2020\/07\/Ace-Football-30-07-2020-2.png","contentUrl":"https:\/\/acefootball.com\/da\/wp-content\/uploads\/sites\/2\/2020\/07\/Ace-Football-30-07-2020-2.png","width":1200,"height":600,"caption":"Ace Football"},"image":{"@id":"https:\/\/acefootball.com\/da\/#logo"}},{"@type":"WebSite","@id":"https:\/\/acefootball.com\/da\/#website","url":"https:\/\/acefootball.com\/da\/","name":"Ace Football Danmark","description":"Nyheder, Spiltips &amp; Livescore","publisher":{"@id":"https:\/\/acefootball.com\/da\/#organization"},"potentialAction":[{"@type":"SearchAction","target":{"@type":"EntryPoint","urlTemplate":"https:\/\/acefootball.com\/da\/?s={search_term_string}"},"query-input":"required name=search_term_string"}],"inLanguage":"en-US"},{"@type":"ImageObject","@id":"https:\/\/acefootball.com\/da\/fodboldnyheder\/staale-om-zanka-forloebet-i-fredags-saa-det-umuligt-ud\/#primaryimage","inLanguage":"en-US","url":"https:\/\/acefootball.com\/da\/wp-content\/uploads\/sites\/2\/2020\/08\/GettyImages-1227753909.jpg","contentUrl":"https:\/\/acefootball.com\/da\/wp-content\/uploads\/sites\/2\/2020\/08\/GettyImages-1227753909.jpg","width":1024,"height":758,"caption":"AALBORG, DENMARK - JULY 23: Stale Solbakken, head coach of FC Copenhagen gestures during the Danish 3F Superliga match between AaB Aalborg and FC Copenhagen at Aalborg Portland Park on July 23, 2020 in Aalborg, Denmark. (Photo by Lars Ronbog \/ FrontZoneSport via Getty Images)"},{"@type":"WebPage","@id":"https:\/\/acefootball.com\/da\/fodboldnyheder\/staale-om-zanka-forloebet-i-fredags-saa-det-umuligt-ud\/#webpage","url":"https:\/\/acefootball.com\/da\/fodboldnyheder\/staale-om-zanka-forloebet-i-fredags-saa-det-umuligt-ud\/","name":"St\u00e5le om Zanka-forl\u00f8bet: I fredags s\u00e5 det umuligt ud","isPartOf":{"@id":"https:\/\/acefootball.com\/da\/#website"},"primaryImageOfPage":{"@id":"https:\/\/acefootball.com\/da\/fodboldnyheder\/staale-om-zanka-forloebet-i-fredags-saa-det-umuligt-ud\/#primaryimage"},"datePublished":"2020-10-06T15:26:51+00:00","dateModified":"2020-10-06T15:26:53+00:00","description":"FC K\u00f8benhavn n\u00e5ede mandag aften at f\u00e5 Mathias 'Zanka' J\u00f8rgensen p\u00e5 plads, selvom det ikke umiddelbart l\u00e5 i kortene","breadcrumb":{"@id":"https:\/\/acefootball.com\/da\/fodboldnyheder\/staale-om-zanka-forloebet-i-fredags-saa-det-umuligt-ud\/#breadcrumb"},"inLanguage":"en-US","potentialAction":[{"@type":"ReadAction","target":["https:\/\/acefootball.com\/da\/fodboldnyheder\/staale-om-zanka-forloebet-i-fredags-saa-det-umuligt-ud\/"]}]},{"@type":"BreadcrumbList","@id":"https:\/\/acefootball.com\/da\/fodboldnyheder\/staale-om-zanka-forloebet-i-fredags-saa-det-umuligt-ud\/#breadcrumb","itemListElement":[{"@type":"ListItem","position":1,"name":"Home","item":"https:\/\/acefootball.com\/da\/"},{"@type":"ListItem","position":2,"name":"St\u00e5le om Zanka-forl\u00f8bet: I fredags s\u00e5 det umuligt ud"}]},{"@type":"Article","@id":"https:\/\/acefootball.com\/da\/fodboldnyheder\/staale-om-zanka-forloebet-i-fredags-saa-det-umuligt-ud\/#article","isPartOf":{"@id":"https:\/\/acefootball.com\/da\/fodboldnyheder\/staale-om-zanka-forloebet-i-fredags-saa-det-umuligt-ud\/#webpage"},"author":{"@id":"https:\/\/acefootball.com\/da\/#\/schema\/person\/ee67e9cf04a276f144100ffa722f10cd"},"headline":"St\u00e5le om Zanka-forl\u00f8bet: I fredags s\u00e5 det umuligt ud","datePublished":"2020-10-06T15:26:51+00:00","dateModified":"2020-10-06T15:26:53+00:00","mainEntityOfPage":{"@id":"https:\/\/acefootball.com\/da\/fodboldnyheder\/staale-om-zanka-forloebet-i-fredags-saa-det-umuligt-ud\/#webpage"},"wordCount":259,"commentCount":0,"publisher":{"@id":"https:\/\/acefootball.com\/da\/#organization"},"image":{"@id":"https:\/\/acefootball.com\/da\/fodboldnyheder\/staale-om-zanka-forloebet-i-fredags-saa-det-umuligt-ud\/#primaryimage"},"thumbnailUrl":"https:\/\/acefootball.com\/da\/wp-content\/uploads\/sites\/2\/2020\/08\/GettyImages-1227753909.jpg","keywords":["FC K\u00f8benhavn","Mathias Zanka J\u00f8rgensen","St\u00e5le Solbakken","Superligaen"],"articleSection":["Udtalelse"],"inLanguage":"en-US","potentialAction":[{"@type":"CommentAction","name":"Comment","target":["https:\/\/acefootball.com\/da\/fodboldnyheder\/staale-om-zanka-forloebet-i-fredags-saa-det-umuligt-ud\/#respond"]}]},{"@type":"Person","@id":"https:\/\/acefootball.com\/da\/#\/schema\/person\/ee67e9cf04a276f144100ffa722f10cd","name":"Mads Dreyer","image":{"@type":"ImageObject","@id":"https:\/\/acefootball.com\/da\/#personlogo","inLanguage":"en-US","url":"https:\/\/secure.gravatar.com\/avatar\/7c7abf72cfde9902b6a60efe60c88d4c?s=96&d=mm&r=g","contentUrl":"https:\/\/secure.gravatar.com\/avatar\/7c7abf72cfde9902b6a60efe60c88d4c?s=96&d=mm&r=g","caption":"Mads Dreyer"},"description":"Skribent og fodboldn\u00f8rd, der lige nu fort\u00e6ller om alt og intet i fodboldverdenen p\u00e5 acefootball.com. Uddannet i kommunikation fra Aalborg Universitet.","sameAs":["https:\/\/www.linkedin.com\/in\/mads-dreyer-b9b08266\/"],"url":"https:\/\/acefootball.com\/da\/fodboldnyheder\/author\/mdnronaldo\/"}]}},"fimg_url":"https:\/\/acefootball.com\/da\/wp-content\/uploads\/sites\/2\/2020\/08\/GettyImages-1227753909.jpg","_links":{"self":[{"href":"https:\/\/acefootball.com\/da\/wp-json\/wp\/v2\/posts\/239600"}],"collection":[{"href":"https:\/\/acefootball.com\/da\/wp-json\/wp\/v2\/posts"}],"about":[{"href":"https:\/\/acefootball.com\/da\/wp-json\/wp\/v2\/types\/post"}],"author":[{"embeddable":true,"href":"https:\/\/acefootball.com\/da\/wp-json\/wp\/v2\/users\/705"}],"replies":[{"embeddable":true,"href":"https:\/\/acefootball.com\/da\/wp-json\/wp\/v2\/comments?post=239600"}],"version-history":[{"count":0,"href":"https:\/\/acefootball.com\/da\/wp-json\/wp\/v2\/posts\/239600\/revisions"}],"wp:featuredmedia":[{"embeddable":true,"href":"https:\/\/acefootball.com\/da\/wp-json\/wp\/v2\/media\/235229"}],"wp:attachment":[{"href":"https:\/\/acefootball.com\/da\/wp-json\/wp\/v2\/media?parent=239600"}],"wp:term":[{"taxonomy":"category","embeddable":true,"href":"https:\/\/acefootball.com\/da\/wp-json\/wp\/v2\/categories?post=239600"},{"taxonomy":"post_tag","embeddable":true,"href":"https:\/\/acefootball.com\/da\/wp-json\/wp\/v2\/tags?post=239600"}],"curies":[{"name":"wp","href":"https:\/\/api.w.org\/{rel}","templated":true}]}}