{"id":239598,"date":"2020-10-06T17:00:32","date_gmt":"2020-10-06T15:00:32","guid":{"rendered":"https:\/\/acefootball.com\/da\/?p=239598"},"modified":"2020-10-06T17:00:33","modified_gmt":"2020-10-06T15:00:33","slug":"tidligere-assistent-slagter-klopp-jeg-var-manageren-i-17-aar","status":"publish","type":"post","link":"https:\/\/acefootball.com\/da\/fodboldnyheder\/tidligere-assistent-slagter-klopp-jeg-var-manageren-i-17-aar\/","title":{"rendered":"Tidligere assistent slagter Klopp: Jeg var manageren i 17 \u00e5r"},"content":{"rendered":"\n<h2 id=\"h-zeljko-buvac-var-asssistenttr-ner-for-j-rgen-klopp-i-gennem-mange-r-men-duoen-oph-rte-efter-en-grim-skilsmisse\">Zeljko Buvac var asssistenttr\u00e6ner for J\u00fcrgen Klopp i gennem mange \u00e5r, men duoen oph\u00f8rte efter en grim skilsmisse<\/h2>\n\n\n\n<p>J\u00fcrgen Klopp steg til verdenstoppen som tr\u00e6ner i Mainz og Borussia Dortmund, og det var begge gange med sin trofaste h\u00e5ndlanger, Zeljko Buvac, som assistent.<\/p>\n\n\n\n<p>Den bosniske h\u00f8jreh\u00e5nd tog ogs\u00e5 med til Liverpool i 2015, men tre \u00e5r senere var \u00e6gteskabet slut efter en grim skilsmisse, selvom der ikke er kommet nogen officiel forklaring p\u00e5 bruddet.<\/p>\n\n\n\n<p>Og nu har Buvac sendt en stikpille afsted mod sin tidligere kollega, som han f\u00f8ler stjal alle roserne for de flotte resultater.<\/p>\n\n\n\n<figure class=\"wp-block-embed-wordpress wp-block-embed is-type-wp-embed is-provider-ace-football-danmark\"><div class=\"wp-block-embed__wrapper\">\n<blockquote class=\"wp-embedded-content\" data-secret=\"MWaYz9MNlw\"><a href=\"https:\/\/acefootball.com\/da\/fodboldnyheder\/klopp-fc-midtjylland-et-af-de-mest-interessante-hold\/\">Klopp: FC Midtjylland et af de mest interessante hold<\/a><\/blockquote><iframe class=\"wp-embedded-content\" sandbox=\"allow-scripts\" security=\"restricted\" style=\"position: absolute; clip: rect(1px, 1px, 1px, 1px);\" title=\"&#8220;Klopp: FC Midtjylland et af de mest interessante hold&#8221; &#8212; Ace Football Danmark\" src=\"https:\/\/acefootball.com\/da\/fodboldnyheder\/klopp-fc-midtjylland-et-af-de-mest-interessante-hold\/embed\/#?secret=MWaYz9MNlw\" data-secret=\"MWaYz9MNlw\" width=\"600\" height=\"338\" frameborder=\"0\" marginwidth=\"0\" marginheight=\"0\" scrolling=\"no\"><\/iframe>\n<\/div><\/figure>\n\n\n\n<p>&#8220;Jeg gjorde tr\u00e6nerarbejdet bortset fra interviewsene. Det f\u00f8ltes som om, at jeg var manager i 17 \u00e5r. Jeg havde alle funktionerne og pr\u00f8vede at p\u00e5virke mit hold s\u00e5 meget som muligt, men jeg havde ikke brug for opm\u00e6rksomheden,&#8221; er Buvac citeret for i et interview p\u00e5 <a href=\"https:\/\/www.youtube.com\/channel\/UCUTeRJXYVpfwLKUtmVjiN7g\" target=\"_blank\" rel=\"noreferrer noopener\">Youtube-kanalen Nobel<\/a>, som siden er slettet igen.<\/p>\n\n\n\n<p>J\u00fcrgen Klopp har da ogs\u00e5 tidligere beskrevet sin mange\u00e5rige assistenttr\u00e6ner som &#8220;Hjernen&#8221;, mens han selv var &#8220;Hjertet&#8221;.<\/p>\n\n\n\n<p>Zeljko Buvac har siden februar v\u00e6ret ansat som sportsdirekt\u00f8r i den russiske storklub Dynamo Moskva og er i Liverpool blevet erstattet af Pep Lijnders.<\/p>\n","protected":false},"excerpt":{"rendered":"<p>Zeljko Buvac var asssistenttr\u00e6ner for J\u00fcrgen Klopp i gennem mange \u00e5r, men duoen oph\u00f8rte efter en grim skilsmisse<\/p>\n","protected":false},"author":705,"featured_media":239599,"comment_status":"open","ping_status":"closed","sticky":false,"template":"","format":"standard","meta":{"om_disable_all_campaigns":false,"push_articles_ronaldo":{"active":false,"canonical":0,"publish":false},"force_updates":null},"categories":[8204],"tags":[142,143,135,132,637,134,3143],"enet_tags":{"team":["9789","8650","9905"],"league":["54","47"],"player":["78660"],"sport_events":[]},"yoast_head":"<!-- This site is optimized with the Yoast SEO plugin v18.3 - https:\/\/yoast.com\/wordpress\/plugins\/seo\/ -->\n<title>Tidligere assistent slagter Klopp: Jeg var manageren i 17 \u00e5r<\/title>\n<meta name=\"description\" content=\"Zeljko Buvac var asssistenttr\u00e6ner for J\u00fcrgen Klopp i gennem mange \u00e5r, men duoen oph\u00f8rte efter en grim skilsmisse\" \/>\n<meta name=\"robots\" content=\"index, follow, max-snippet:-1, max-image-preview:large, max-video-preview:-1\" \/>\n<link rel=\"canonical\" href=\"https:\/\/acefootball.com\/da\/fodboldnyheder\/tidligere-assistent-slagter-klopp-jeg-var-manageren-i-17-aar\/\" \/>\n<meta property=\"og:locale\" content=\"en_US\" \/>\n<meta property=\"og:type\" content=\"article\" \/>\n<meta property=\"og:title\" content=\"Tidligere assistent slagter Klopp: Jeg var manageren i 17 \u00e5r\" \/>\n<meta property=\"og:description\" content=\"Zeljko Buvac var asssistenttr\u00e6ner for J\u00fcrgen Klopp i gennem mange \u00e5r, men duoen oph\u00f8rte efter en grim skilsmisse\" \/>\n<meta property=\"og:url\" content=\"https:\/\/acefootball.com\/da\/fodboldnyheder\/tidligere-assistent-slagter-klopp-jeg-var-manageren-i-17-aar\/\" \/>\n<meta property=\"og:site_name\" content=\"Ace Football Danmark\" \/>\n<meta property=\"article:publisher\" content=\"https:\/\/www.facebook.com\/acefootballdk\" \/>\n<meta property=\"article:published_time\" content=\"2020-10-06T15:00:32+00:00\" \/>\n<meta property=\"article:modified_time\" content=\"2020-10-06T15:00:33+00:00\" \/>\n<meta property=\"og:image\" content=\"https:\/\/acefootball.com\/da\/wp-content\/uploads\/sites\/2\/2020\/10\/GettyImages-856264662.jpg\" \/>\n\t<meta property=\"og:image:width\" content=\"1024\" \/>\n\t<meta property=\"og:image:height\" content=\"672\" \/>\n\t<meta property=\"og:image:type\" content=\"image\/jpeg\" \/>\n<meta name=\"twitter:card\" content=\"summary_large_image\" \/>\n<meta name=\"twitter:label1\" content=\"Written by\" \/>\n\t<meta name=\"twitter:data1\" content=\"Mads Dreyer\" \/>\n\t<meta name=\"twitter:label2\" content=\"Est. reading time\" \/>\n\t<meta name=\"twitter:data2\" content=\"1 minute\" \/>\n<script type=\"application\/ld+json\" class=\"yoast-schema-graph\">{\"@context\":\"https:\/\/schema.org\",\"@graph\":[{\"@type\":\"Organization\",\"@id\":\"https:\/\/acefootball.com\/da\/#organization\",\"name\":\"Ace Football\",\"url\":\"https:\/\/acefootball.com\/da\/\",\"sameAs\":[\"https:\/\/www.facebook.com\/acefootballdk\"],\"logo\":{\"@type\":\"ImageObject\",\"@id\":\"https:\/\/acefootball.com\/da\/#logo\",\"inLanguage\":\"en-US\",\"url\":\"https:\/\/acefootball.com\/da\/wp-content\/uploads\/sites\/2\/2020\/07\/Ace-Football-30-07-2020-2.png\",\"contentUrl\":\"https:\/\/acefootball.com\/da\/wp-content\/uploads\/sites\/2\/2020\/07\/Ace-Football-30-07-2020-2.png\",\"width\":1200,\"height\":600,\"caption\":\"Ace Football\"},\"image\":{\"@id\":\"https:\/\/acefootball.com\/da\/#logo\"}},{\"@type\":\"WebSite\",\"@id\":\"https:\/\/acefootball.com\/da\/#website\",\"url\":\"https:\/\/acefootball.com\/da\/\",\"name\":\"Ace Football Danmark\",\"description\":\"Nyheder, Spiltips &amp; Livescore\",\"publisher\":{\"@id\":\"https:\/\/acefootball.com\/da\/#organization\"},\"potentialAction\":[{\"@type\":\"SearchAction\",\"target\":{\"@type\":\"EntryPoint\",\"urlTemplate\":\"https:\/\/acefootball.com\/da\/?s={search_term_string}\"},\"query-input\":\"required name=search_term_string\"}],\"inLanguage\":\"en-US\"},{\"@type\":\"ImageObject\",\"@id\":\"https:\/\/acefootball.com\/da\/fodboldnyheder\/tidligere-assistent-slagter-klopp-jeg-var-manageren-i-17-aar\/#primaryimage\",\"inLanguage\":\"en-US\",\"url\":\"https:\/\/acefootball.com\/da\/wp-content\/uploads\/sites\/2\/2020\/10\/GettyImages-856264662.jpg\",\"contentUrl\":\"https:\/\/acefootball.com\/da\/wp-content\/uploads\/sites\/2\/2020\/10\/GettyImages-856264662.jpg\",\"width\":1024,\"height\":672,\"caption\":\"NEWCASTLE UPON TYNE, ENGLAND - OCTOBER 01: Jurgen Klopp, Manager of Liverpool speaks to Zeljko Buvac, Liverpool assistant manager prior to the Premier League match between Newcastle United and Liverpool at St. James Park on October 1, 2017 in Newcastle upon Tyne, England. (Photo by Ian MacNicol\/Getty Images)\"},{\"@type\":\"WebPage\",\"@id\":\"https:\/\/acefootball.com\/da\/fodboldnyheder\/tidligere-assistent-slagter-klopp-jeg-var-manageren-i-17-aar\/#webpage\",\"url\":\"https:\/\/acefootball.com\/da\/fodboldnyheder\/tidligere-assistent-slagter-klopp-jeg-var-manageren-i-17-aar\/\",\"name\":\"Tidligere assistent slagter Klopp: Jeg var manageren i 17 \u00e5r\",\"isPartOf\":{\"@id\":\"https:\/\/acefootball.com\/da\/#website\"},\"primaryImageOfPage\":{\"@id\":\"https:\/\/acefootball.com\/da\/fodboldnyheder\/tidligere-assistent-slagter-klopp-jeg-var-manageren-i-17-aar\/#primaryimage\"},\"datePublished\":\"2020-10-06T15:00:32+00:00\",\"dateModified\":\"2020-10-06T15:00:33+00:00\",\"description\":\"Zeljko Buvac var asssistenttr\u00e6ner for J\u00fcrgen Klopp i gennem mange \u00e5r, men duoen oph\u00f8rte efter en grim skilsmisse\",\"breadcrumb\":{\"@id\":\"https:\/\/acefootball.com\/da\/fodboldnyheder\/tidligere-assistent-slagter-klopp-jeg-var-manageren-i-17-aar\/#breadcrumb\"},\"inLanguage\":\"en-US\",\"potentialAction\":[{\"@type\":\"ReadAction\",\"target\":[\"https:\/\/acefootball.com\/da\/fodboldnyheder\/tidligere-assistent-slagter-klopp-jeg-var-manageren-i-17-aar\/\"]}]},{\"@type\":\"BreadcrumbList\",\"@id\":\"https:\/\/acefootball.com\/da\/fodboldnyheder\/tidligere-assistent-slagter-klopp-jeg-var-manageren-i-17-aar\/#breadcrumb\",\"itemListElement\":[{\"@type\":\"ListItem\",\"position\":1,\"name\":\"Home\",\"item\":\"https:\/\/acefootball.com\/da\/\"},{\"@type\":\"ListItem\",\"position\":2,\"name\":\"Tidligere assistent slagter Klopp: Jeg var manageren i 17 \u00e5r\"}]},{\"@type\":\"Article\",\"@id\":\"https:\/\/acefootball.com\/da\/fodboldnyheder\/tidligere-assistent-slagter-klopp-jeg-var-manageren-i-17-aar\/#article\",\"isPartOf\":{\"@id\":\"https:\/\/acefootball.com\/da\/fodboldnyheder\/tidligere-assistent-slagter-klopp-jeg-var-manageren-i-17-aar\/#webpage\"},\"author\":{\"@id\":\"https:\/\/acefootball.com\/da\/#\/schema\/person\/ee67e9cf04a276f144100ffa722f10cd\"},\"headline\":\"Tidligere assistent slagter Klopp: Jeg var manageren i 17 \u00e5r\",\"datePublished\":\"2020-10-06T15:00:32+00:00\",\"dateModified\":\"2020-10-06T15:00:33+00:00\",\"mainEntityOfPage\":{\"@id\":\"https:\/\/acefootball.com\/da\/fodboldnyheder\/tidligere-assistent-slagter-klopp-jeg-var-manageren-i-17-aar\/#webpage\"},\"wordCount\":222,\"commentCount\":0,\"publisher\":{\"@id\":\"https:\/\/acefootball.com\/da\/#organization\"},\"image\":{\"@id\":\"https:\/\/acefootball.com\/da\/fodboldnyheder\/tidligere-assistent-slagter-klopp-jeg-var-manageren-i-17-aar\/#primaryimage\"},\"thumbnailUrl\":\"https:\/\/acefootball.com\/da\/wp-content\/uploads\/sites\/2\/2020\/10\/GettyImages-856264662.jpg\",\"keywords\":[\"Borussia Dortmund\",\"Bundesliga\",\"J\u00fcrgen Klopp\",\"Liverpool\",\"Mainz 05\",\"Premier League\",\"Zeljko Buvac\"],\"articleSection\":[\"Udtalelse\"],\"inLanguage\":\"en-US\",\"potentialAction\":[{\"@type\":\"CommentAction\",\"name\":\"Comment\",\"target\":[\"https:\/\/acefootball.com\/da\/fodboldnyheder\/tidligere-assistent-slagter-klopp-jeg-var-manageren-i-17-aar\/#respond\"]}]},{\"@type\":\"Person\",\"@id\":\"https:\/\/acefootball.com\/da\/#\/schema\/person\/ee67e9cf04a276f144100ffa722f10cd\",\"name\":\"Mads Dreyer\",\"image\":{\"@type\":\"ImageObject\",\"@id\":\"https:\/\/acefootball.com\/da\/#personlogo\",\"inLanguage\":\"en-US\",\"url\":\"https:\/\/secure.gravatar.com\/avatar\/7c7abf72cfde9902b6a60efe60c88d4c?s=96&d=mm&r=g\",\"contentUrl\":\"https:\/\/secure.gravatar.com\/avatar\/7c7abf72cfde9902b6a60efe60c88d4c?s=96&d=mm&r=g\",\"caption\":\"Mads Dreyer\"},\"description\":\"Skribent og fodboldn\u00f8rd, der lige nu fort\u00e6ller om alt og intet i fodboldverdenen p\u00e5 acefootball.com. Uddannet i kommunikation fra Aalborg Universitet.\",\"sameAs\":[\"https:\/\/www.linkedin.com\/in\/mads-dreyer-b9b08266\/\"],\"url\":\"https:\/\/acefootball.com\/da\/fodboldnyheder\/author\/mdnronaldo\/\"}]}<\/script>\n<!-- \/ Yoast SEO plugin. -->","yoast_head_json":{"title":"Tidligere assistent slagter Klopp: Jeg var manageren i 17 \u00e5r","description":"Zeljko Buvac var asssistenttr\u00e6ner for J\u00fcrgen Klopp i gennem mange \u00e5r, men duoen oph\u00f8rte efter en grim skilsmisse","robots":{"index":"index","follow":"follow","max-snippet":"max-snippet:-1","max-image-preview":"max-image-preview:large","max-video-preview":"max-video-preview:-1"},"canonical":"https:\/\/acefootball.com\/da\/fodboldnyheder\/tidligere-assistent-slagter-klopp-jeg-var-manageren-i-17-aar\/","og_locale":"en_US","og_type":"article","og_title":"Tidligere assistent slagter Klopp: Jeg var manageren i 17 \u00e5r","og_description":"Zeljko Buvac var asssistenttr\u00e6ner for J\u00fcrgen Klopp i gennem mange \u00e5r, men duoen oph\u00f8rte efter en grim skilsmisse","og_url":"https:\/\/acefootball.com\/da\/fodboldnyheder\/tidligere-assistent-slagter-klopp-jeg-var-manageren-i-17-aar\/","og_site_name":"Ace Football Danmark","article_publisher":"https:\/\/www.facebook.com\/acefootballdk","article_published_time":"2020-10-06T15:00:32+00:00","article_modified_time":"2020-10-06T15:00:33+00:00","og_image":[{"width":1024,"height":672,"url":"https:\/\/acefootball.com\/da\/wp-content\/uploads\/sites\/2\/2020\/10\/GettyImages-856264662.jpg","type":"image\/jpeg"}],"twitter_card":"summary_large_image","twitter_misc":{"Written by":"Mads Dreyer","Est. reading time":"1 minute"},"schema":{"@context":"https:\/\/schema.org","@graph":[{"@type":"Organization","@id":"https:\/\/acefootball.com\/da\/#organization","name":"Ace Football","url":"https:\/\/acefootball.com\/da\/","sameAs":["https:\/\/www.facebook.com\/acefootballdk"],"logo":{"@type":"ImageObject","@id":"https:\/\/acefootball.com\/da\/#logo","inLanguage":"en-US","url":"https:\/\/acefootball.com\/da\/wp-content\/uploads\/sites\/2\/2020\/07\/Ace-Football-30-07-2020-2.png","contentUrl":"https:\/\/acefootball.com\/da\/wp-content\/uploads\/sites\/2\/2020\/07\/Ace-Football-30-07-2020-2.png","width":1200,"height":600,"caption":"Ace Football"},"image":{"@id":"https:\/\/acefootball.com\/da\/#logo"}},{"@type":"WebSite","@id":"https:\/\/acefootball.com\/da\/#website","url":"https:\/\/acefootball.com\/da\/","name":"Ace Football Danmark","description":"Nyheder, Spiltips &amp; Livescore","publisher":{"@id":"https:\/\/acefootball.com\/da\/#organization"},"potentialAction":[{"@type":"SearchAction","target":{"@type":"EntryPoint","urlTemplate":"https:\/\/acefootball.com\/da\/?s={search_term_string}"},"query-input":"required name=search_term_string"}],"inLanguage":"en-US"},{"@type":"ImageObject","@id":"https:\/\/acefootball.com\/da\/fodboldnyheder\/tidligere-assistent-slagter-klopp-jeg-var-manageren-i-17-aar\/#primaryimage","inLanguage":"en-US","url":"https:\/\/acefootball.com\/da\/wp-content\/uploads\/sites\/2\/2020\/10\/GettyImages-856264662.jpg","contentUrl":"https:\/\/acefootball.com\/da\/wp-content\/uploads\/sites\/2\/2020\/10\/GettyImages-856264662.jpg","width":1024,"height":672,"caption":"NEWCASTLE UPON TYNE, ENGLAND - OCTOBER 01: Jurgen Klopp, Manager of Liverpool speaks to Zeljko Buvac, Liverpool assistant manager prior to the Premier League match between Newcastle United and Liverpool at St. James Park on October 1, 2017 in Newcastle upon Tyne, England. (Photo by Ian MacNicol\/Getty Images)"},{"@type":"WebPage","@id":"https:\/\/acefootball.com\/da\/fodboldnyheder\/tidligere-assistent-slagter-klopp-jeg-var-manageren-i-17-aar\/#webpage","url":"https:\/\/acefootball.com\/da\/fodboldnyheder\/tidligere-assistent-slagter-klopp-jeg-var-manageren-i-17-aar\/","name":"Tidligere assistent slagter Klopp: Jeg var manageren i 17 \u00e5r","isPartOf":{"@id":"https:\/\/acefootball.com\/da\/#website"},"primaryImageOfPage":{"@id":"https:\/\/acefootball.com\/da\/fodboldnyheder\/tidligere-assistent-slagter-klopp-jeg-var-manageren-i-17-aar\/#primaryimage"},"datePublished":"2020-10-06T15:00:32+00:00","dateModified":"2020-10-06T15:00:33+00:00","description":"Zeljko Buvac var asssistenttr\u00e6ner for J\u00fcrgen Klopp i gennem mange \u00e5r, men duoen oph\u00f8rte efter en grim skilsmisse","breadcrumb":{"@id":"https:\/\/acefootball.com\/da\/fodboldnyheder\/tidligere-assistent-slagter-klopp-jeg-var-manageren-i-17-aar\/#breadcrumb"},"inLanguage":"en-US","potentialAction":[{"@type":"ReadAction","target":["https:\/\/acefootball.com\/da\/fodboldnyheder\/tidligere-assistent-slagter-klopp-jeg-var-manageren-i-17-aar\/"]}]},{"@type":"BreadcrumbList","@id":"https:\/\/acefootball.com\/da\/fodboldnyheder\/tidligere-assistent-slagter-klopp-jeg-var-manageren-i-17-aar\/#breadcrumb","itemListElement":[{"@type":"ListItem","position":1,"name":"Home","item":"https:\/\/acefootball.com\/da\/"},{"@type":"ListItem","position":2,"name":"Tidligere assistent slagter Klopp: Jeg var manageren i 17 \u00e5r"}]},{"@type":"Article","@id":"https:\/\/acefootball.com\/da\/fodboldnyheder\/tidligere-assistent-slagter-klopp-jeg-var-manageren-i-17-aar\/#article","isPartOf":{"@id":"https:\/\/acefootball.com\/da\/fodboldnyheder\/tidligere-assistent-slagter-klopp-jeg-var-manageren-i-17-aar\/#webpage"},"author":{"@id":"https:\/\/acefootball.com\/da\/#\/schema\/person\/ee67e9cf04a276f144100ffa722f10cd"},"headline":"Tidligere assistent slagter Klopp: Jeg var manageren i 17 \u00e5r","datePublished":"2020-10-06T15:00:32+00:00","dateModified":"2020-10-06T15:00:33+00:00","mainEntityOfPage":{"@id":"https:\/\/acefootball.com\/da\/fodboldnyheder\/tidligere-assistent-slagter-klopp-jeg-var-manageren-i-17-aar\/#webpage"},"wordCount":222,"commentCount":0,"publisher":{"@id":"https:\/\/acefootball.com\/da\/#organization"},"image":{"@id":"https:\/\/acefootball.com\/da\/fodboldnyheder\/tidligere-assistent-slagter-klopp-jeg-var-manageren-i-17-aar\/#primaryimage"},"thumbnailUrl":"https:\/\/acefootball.com\/da\/wp-content\/uploads\/sites\/2\/2020\/10\/GettyImages-856264662.jpg","keywords":["Borussia Dortmund","Bundesliga","J\u00fcrgen Klopp","Liverpool","Mainz 05","Premier League","Zeljko Buvac"],"articleSection":["Udtalelse"],"inLanguage":"en-US","potentialAction":[{"@type":"CommentAction","name":"Comment","target":["https:\/\/acefootball.com\/da\/fodboldnyheder\/tidligere-assistent-slagter-klopp-jeg-var-manageren-i-17-aar\/#respond"]}]},{"@type":"Person","@id":"https:\/\/acefootball.com\/da\/#\/schema\/person\/ee67e9cf04a276f144100ffa722f10cd","name":"Mads Dreyer","image":{"@type":"ImageObject","@id":"https:\/\/acefootball.com\/da\/#personlogo","inLanguage":"en-US","url":"https:\/\/secure.gravatar.com\/avatar\/7c7abf72cfde9902b6a60efe60c88d4c?s=96&d=mm&r=g","contentUrl":"https:\/\/secure.gravatar.com\/avatar\/7c7abf72cfde9902b6a60efe60c88d4c?s=96&d=mm&r=g","caption":"Mads Dreyer"},"description":"Skribent og fodboldn\u00f8rd, der lige nu fort\u00e6ller om alt og intet i fodboldverdenen p\u00e5 acefootball.com. Uddannet i kommunikation fra Aalborg Universitet.","sameAs":["https:\/\/www.linkedin.com\/in\/mads-dreyer-b9b08266\/"],"url":"https:\/\/acefootball.com\/da\/fodboldnyheder\/author\/mdnronaldo\/"}]}},"fimg_url":"https:\/\/acefootball.com\/da\/wp-content\/uploads\/sites\/2\/2020\/10\/GettyImages-856264662.jpg","_links":{"self":[{"href":"https:\/\/acefootball.com\/da\/wp-json\/wp\/v2\/posts\/239598"}],"collection":[{"href":"https:\/\/acefootball.com\/da\/wp-json\/wp\/v2\/posts"}],"about":[{"href":"https:\/\/acefootball.com\/da\/wp-json\/wp\/v2\/types\/post"}],"author":[{"embeddable":true,"href":"https:\/\/acefootball.com\/da\/wp-json\/wp\/v2\/users\/705"}],"replies":[{"embeddable":true,"href":"https:\/\/acefootball.com\/da\/wp-json\/wp\/v2\/comments?post=239598"}],"version-history":[{"count":0,"href":"https:\/\/acefootball.com\/da\/wp-json\/wp\/v2\/posts\/239598\/revisions"}],"wp:featuredmedia":[{"embeddable":true,"href":"https:\/\/acefootball.com\/da\/wp-json\/wp\/v2\/media\/239599"}],"wp:attachment":[{"href":"https:\/\/acefootball.com\/da\/wp-json\/wp\/v2\/media?parent=239598"}],"wp:term":[{"taxonomy":"category","embeddable":true,"href":"https:\/\/acefootball.com\/da\/wp-json\/wp\/v2\/categories?post=239598"},{"taxonomy":"post_tag","embeddable":true,"href":"https:\/\/acefootball.com\/da\/wp-json\/wp\/v2\/tags?post=239598"}],"curies":[{"name":"wp","href":"https:\/\/api.w.org\/{rel}","templated":true}]}}