{"id":239537,"date":"2020-10-06T11:17:13","date_gmt":"2020-10-06T09:17:13","guid":{"rendered":"https:\/\/acefootball.com\/da\/?p=239537"},"modified":"2020-10-06T11:17:14","modified_gmt":"2020-10-06T09:17:14","slug":"mand-faar-boede-for-bizart-surstromming-haervaerk-paa-zlatans-hjem","status":"publish","type":"post","link":"https:\/\/acefootball.com\/da\/fodboldnyheder\/mand-faar-boede-for-bizart-surstromming-haervaerk-paa-zlatans-hjem\/","title":{"rendered":"Mand f\u00e5r b\u00f8de for bizart surstr\u00f6mming-h\u00e6rv\u00e6rk p\u00e5 Zlatans hjem"},"content":{"rendered":"\n<h2 id=\"h-if-lge-svenske-svt-skal-en-35-rige-svensk-mand-betale-zlatan-ibrahimovic-3013-svenske-kroner-for-h-rv-rk-p-hans-lejlighed-i-stockholm\">If\u00f8lge svenske SVT skal en 35-\u00e5rige svensk mand betale Zlatan Ibrahimovic 3013 svenske kroner for h\u00e6rv\u00e6rk p\u00e5 hans lejlighed i Stockholm <\/h2>\n\n\n\n<p>I november sidste \u00e5r var den svenske stjerne Zlatan Ibrahimovic offer for h\u00e6rv\u00e6rk mod hans lejlighed i den svenske hovedstad Stockholm.<\/p>\n\n\n\n<p>Dette skete i k\u00f8lvandet p\u00e5 nyheden om, at angriberen havde k\u00f8bt sig ind i Allsvenskan-klubben Hammarby, der anses som rivaler til hans tidligere klub Malm\u00f6 FF.<\/p>\n\n\n\n<p>Det var en 35-\u00e5rig svensk mand, der havde h\u00e6ldt den ilelugtende svenske delikatesse surstr\u00f6mming ud for hans lejlighed og skrevet &#8220;Judas&#8221; med spraymaling.<\/p>\n\n\n\n<p>Dette har nu if\u00f8lge Ritzau, der henviser til det svenske medie SVT, f\u00e5et konsekvenser. Mediet skriver, at manden er blevet id\u00f8mt en b\u00f8de p\u00e5 3013 svenske kroner &#8211; svarende til 2140 danske kroner.<\/p>\n\n\n\n<p>Det var dog ikke kun Zlatans lejlighed, der blev udsat for h\u00e6rv\u00e6rk. Ogs\u00e5 hans statue i Malm\u00f8 blev vandaliseret af vrede Malm\u00f8-tilh\u00e6ngere.<\/p>\n\n\n\n<figure class=\"wp-block-embed-twitter wp-block-embed is-type-rich is-provider-twitter\"><div class=\"wp-block-embed__wrapper\">\n<blockquote class=\"twitter-tweet\" data-width=\"550\" data-dnt=\"true\"><p lang=\"en\" dir=\"ltr\">The statue of Zlatan Ibrahimovic toppled over by vandals in Malmo has been taken away for repairs.<br><br>But the plan is for the statue to return to the site. <br><br>In full \u27a1 <a href=\"https:\/\/t.co\/o9euOy4KfZ\">https:\/\/t.co\/o9euOy4KfZ<\/a> <a href=\"https:\/\/t.co\/rDHAbjQCve\">pic.twitter.com\/rDHAbjQCve<\/a><\/p>&mdash; BBC Sport (@BBCSport) <a href=\"https:\/\/twitter.com\/BBCSport\/status\/1213818682641649666?ref_src=twsrc%5Etfw\">January 5, 2020<\/a><\/blockquote><script async src=\"https:\/\/platform.twitter.com\/widgets.js\" charset=\"utf-8\"><\/script>\n<\/div><\/figure>\n","protected":false},"excerpt":{"rendered":"<p>If\u00f8lge svenske SVT skal en 35-\u00e5rige svensk mand betale Zlatan Ibrahimovic 3013 svenske kroner for h\u00e6rv\u00e6rk p\u00e5 hans lejlighed i Stockholm <\/p>\n","protected":false},"author":74,"featured_media":234632,"comment_status":"open","ping_status":"closed","sticky":false,"template":"","format":"standard","meta":{"om_disable_all_campaigns":false,"push_articles_ronaldo":{"active":false,"canonical":0,"publish":false},"force_updates":null},"categories":[1],"tags":[66,612,131,1015,283],"enet_tags":{"team":["8564","10237","8520"],"league":["55"],"player":["35724"],"sport_events":[]},"yoast_head":"<!-- This site is optimized with the Yoast SEO plugin v18.3 - https:\/\/yoast.com\/wordpress\/plugins\/seo\/ -->\n<title>Mand f\u00e5r b\u00f8de for bizart surstr\u00f6mming-h\u00e6rv\u00e6rk p\u00e5 Zlatans hjem<\/title>\n<meta name=\"description\" content=\"If\u00f8lge svenske SVT skal en 35-\u00e5rige svensk mand betale Zlatan Ibrahimovic 3013 svenske kroner for h\u00e6rv\u00e6rk p\u00e5 hans lejlighed i Stockholm\" \/>\n<meta name=\"robots\" content=\"index, follow, max-snippet:-1, max-image-preview:large, max-video-preview:-1\" \/>\n<link rel=\"canonical\" href=\"https:\/\/acefootball.com\/da\/fodboldnyheder\/mand-faar-boede-for-bizart-surstromming-haervaerk-paa-zlatans-hjem\/\" \/>\n<meta property=\"og:locale\" content=\"en_US\" \/>\n<meta property=\"og:type\" content=\"article\" \/>\n<meta property=\"og:title\" content=\"Mand f\u00e5r b\u00f8de for bizart surstr\u00f6mming-h\u00e6rv\u00e6rk p\u00e5 Zlatans hjem\" \/>\n<meta property=\"og:description\" content=\"If\u00f8lge svenske SVT skal en 35-\u00e5rige svensk mand betale Zlatan Ibrahimovic 3013 svenske kroner for h\u00e6rv\u00e6rk p\u00e5 hans lejlighed i Stockholm\" \/>\n<meta property=\"og:url\" content=\"https:\/\/acefootball.com\/da\/fodboldnyheder\/mand-faar-boede-for-bizart-surstromming-haervaerk-paa-zlatans-hjem\/\" \/>\n<meta property=\"og:site_name\" content=\"Ace Football Danmark\" \/>\n<meta property=\"article:publisher\" content=\"https:\/\/www.facebook.com\/acefootballdk\" \/>\n<meta property=\"article:published_time\" content=\"2020-10-06T09:17:13+00:00\" \/>\n<meta property=\"article:modified_time\" content=\"2020-10-06T09:17:14+00:00\" \/>\n<meta property=\"og:image\" content=\"https:\/\/acefootball.com\/da\/wp-content\/uploads\/sites\/2\/2020\/08\/GettyImages-1263343855.jpg\" \/>\n\t<meta property=\"og:image:width\" content=\"1024\" \/>\n\t<meta property=\"og:image:height\" content=\"673\" \/>\n\t<meta property=\"og:image:type\" content=\"image\/jpeg\" \/>\n<meta name=\"twitter:card\" content=\"summary_large_image\" \/>\n<meta name=\"twitter:label1\" content=\"Written by\" \/>\n\t<meta name=\"twitter:data1\" content=\"Patrick Hesselb\u00e6k\" \/>\n\t<meta name=\"twitter:label2\" content=\"Est. reading time\" \/>\n\t<meta name=\"twitter:data2\" content=\"1 minute\" \/>\n<script type=\"application\/ld+json\" class=\"yoast-schema-graph\">{\"@context\":\"https:\/\/schema.org\",\"@graph\":[{\"@type\":\"Organization\",\"@id\":\"https:\/\/acefootball.com\/da\/#organization\",\"name\":\"Ace Football\",\"url\":\"https:\/\/acefootball.com\/da\/\",\"sameAs\":[\"https:\/\/www.facebook.com\/acefootballdk\"],\"logo\":{\"@type\":\"ImageObject\",\"@id\":\"https:\/\/acefootball.com\/da\/#logo\",\"inLanguage\":\"en-US\",\"url\":\"https:\/\/acefootball.com\/da\/wp-content\/uploads\/sites\/2\/2020\/07\/Ace-Football-30-07-2020-2.png\",\"contentUrl\":\"https:\/\/acefootball.com\/da\/wp-content\/uploads\/sites\/2\/2020\/07\/Ace-Football-30-07-2020-2.png\",\"width\":1200,\"height\":600,\"caption\":\"Ace Football\"},\"image\":{\"@id\":\"https:\/\/acefootball.com\/da\/#logo\"}},{\"@type\":\"WebSite\",\"@id\":\"https:\/\/acefootball.com\/da\/#website\",\"url\":\"https:\/\/acefootball.com\/da\/\",\"name\":\"Ace Football Danmark\",\"description\":\"Nyheder, Spiltips &amp; Livescore\",\"publisher\":{\"@id\":\"https:\/\/acefootball.com\/da\/#organization\"},\"potentialAction\":[{\"@type\":\"SearchAction\",\"target\":{\"@type\":\"EntryPoint\",\"urlTemplate\":\"https:\/\/acefootball.com\/da\/?s={search_term_string}\"},\"query-input\":\"required name=search_term_string\"}],\"inLanguage\":\"en-US\"},{\"@type\":\"ImageObject\",\"@id\":\"https:\/\/acefootball.com\/da\/fodboldnyheder\/mand-faar-boede-for-bizart-surstromming-haervaerk-paa-zlatans-hjem\/#primaryimage\",\"inLanguage\":\"en-US\",\"url\":\"https:\/\/acefootball.com\/da\/wp-content\/uploads\/sites\/2\/2020\/08\/GettyImages-1263343855.jpg\",\"contentUrl\":\"https:\/\/acefootball.com\/da\/wp-content\/uploads\/sites\/2\/2020\/08\/GettyImages-1263343855.jpg\",\"width\":1024,\"height\":673,\"caption\":\"MILAN, ITALY - AUGUST 01: Zlatan Ibrahimovic of AC Milan looks on during the Serie A match between AC Milan and Cagliari Calcio at Stadio Giuseppe Meazza on August 01, 2020 in Milan, Italy. (Photo by Marco Luzzani\/Getty Images)\"},{\"@type\":\"WebPage\",\"@id\":\"https:\/\/acefootball.com\/da\/fodboldnyheder\/mand-faar-boede-for-bizart-surstromming-haervaerk-paa-zlatans-hjem\/#webpage\",\"url\":\"https:\/\/acefootball.com\/da\/fodboldnyheder\/mand-faar-boede-for-bizart-surstromming-haervaerk-paa-zlatans-hjem\/\",\"name\":\"Mand f\u00e5r b\u00f8de for bizart surstr\u00f6mming-h\u00e6rv\u00e6rk p\u00e5 Zlatans hjem\",\"isPartOf\":{\"@id\":\"https:\/\/acefootball.com\/da\/#website\"},\"primaryImageOfPage\":{\"@id\":\"https:\/\/acefootball.com\/da\/fodboldnyheder\/mand-faar-boede-for-bizart-surstromming-haervaerk-paa-zlatans-hjem\/#primaryimage\"},\"datePublished\":\"2020-10-06T09:17:13+00:00\",\"dateModified\":\"2020-10-06T09:17:14+00:00\",\"description\":\"If\u00f8lge svenske SVT skal en 35-\u00e5rige svensk mand betale Zlatan Ibrahimovic 3013 svenske kroner for h\u00e6rv\u00e6rk p\u00e5 hans lejlighed i Stockholm\",\"breadcrumb\":{\"@id\":\"https:\/\/acefootball.com\/da\/fodboldnyheder\/mand-faar-boede-for-bizart-surstromming-haervaerk-paa-zlatans-hjem\/#breadcrumb\"},\"inLanguage\":\"en-US\",\"potentialAction\":[{\"@type\":\"ReadAction\",\"target\":[\"https:\/\/acefootball.com\/da\/fodboldnyheder\/mand-faar-boede-for-bizart-surstromming-haervaerk-paa-zlatans-hjem\/\"]}]},{\"@type\":\"BreadcrumbList\",\"@id\":\"https:\/\/acefootball.com\/da\/fodboldnyheder\/mand-faar-boede-for-bizart-surstromming-haervaerk-paa-zlatans-hjem\/#breadcrumb\",\"itemListElement\":[{\"@type\":\"ListItem\",\"position\":1,\"name\":\"Home\",\"item\":\"https:\/\/acefootball.com\/da\/\"},{\"@type\":\"ListItem\",\"position\":2,\"name\":\"Mand f\u00e5r b\u00f8de for bizart surstr\u00f6mming-h\u00e6rv\u00e6rk p\u00e5 Zlatans hjem\"}]},{\"@type\":\"Article\",\"@id\":\"https:\/\/acefootball.com\/da\/fodboldnyheder\/mand-faar-boede-for-bizart-surstromming-haervaerk-paa-zlatans-hjem\/#article\",\"isPartOf\":{\"@id\":\"https:\/\/acefootball.com\/da\/fodboldnyheder\/mand-faar-boede-for-bizart-surstromming-haervaerk-paa-zlatans-hjem\/#webpage\"},\"author\":{\"@id\":\"https:\/\/acefootball.com\/da\/#\/schema\/person\/fd6223a1c033400b41da7853ddf88c84\"},\"headline\":\"Mand f\u00e5r b\u00f8de for bizart surstr\u00f6mming-h\u00e6rv\u00e6rk p\u00e5 Zlatans hjem\",\"datePublished\":\"2020-10-06T09:17:13+00:00\",\"dateModified\":\"2020-10-06T09:17:14+00:00\",\"mainEntityOfPage\":{\"@id\":\"https:\/\/acefootball.com\/da\/fodboldnyheder\/mand-faar-boede-for-bizart-surstromming-haervaerk-paa-zlatans-hjem\/#webpage\"},\"wordCount\":181,\"commentCount\":0,\"publisher\":{\"@id\":\"https:\/\/acefootball.com\/da\/#organization\"},\"image\":{\"@id\":\"https:\/\/acefootball.com\/da\/fodboldnyheder\/mand-faar-boede-for-bizart-surstromming-haervaerk-paa-zlatans-hjem\/#primaryimage\"},\"thumbnailUrl\":\"https:\/\/acefootball.com\/da\/wp-content\/uploads\/sites\/2\/2020\/08\/GettyImages-1263343855.jpg\",\"keywords\":[\"AC Milan\",\"Malm\u00f6 FF\",\"Serie A\",\"Sverige\",\"Zlatan Ibrahimovic\"],\"articleSection\":[\"Nyhed\"],\"inLanguage\":\"en-US\",\"potentialAction\":[{\"@type\":\"CommentAction\",\"name\":\"Comment\",\"target\":[\"https:\/\/acefootball.com\/da\/fodboldnyheder\/mand-faar-boede-for-bizart-surstromming-haervaerk-paa-zlatans-hjem\/#respond\"]}]},{\"@type\":\"Person\",\"@id\":\"https:\/\/acefootball.com\/da\/#\/schema\/person\/fd6223a1c033400b41da7853ddf88c84\",\"name\":\"Patrick Hesselb\u00e6k\",\"image\":{\"@type\":\"ImageObject\",\"@id\":\"https:\/\/acefootball.com\/da\/#personlogo\",\"inLanguage\":\"en-US\",\"url\":\"https:\/\/secure.gravatar.com\/avatar\/7919060992759bffbffb199d6cbdce6f?s=96&d=mm&r=g\",\"contentUrl\":\"https:\/\/secure.gravatar.com\/avatar\/7919060992759bffbffb199d6cbdce6f?s=96&d=mm&r=g\",\"caption\":\"Patrick Hesselb\u00e6k\"},\"description\":\"Redakt\u00f8r p\u00e5 den danske Ace Football-redaktion. Uddannet i kommunikation fra Aalborg Universitet. Prim\u00e6rt fokus p\u00e5 den danske 3F Superliga og de st\u00f8rste europ\u00e6iske turneringer.\",\"sameAs\":[\"https:\/\/www.linkedin.com\/in\/patrick-hesselbk-2a4b1711a\/\"],\"url\":\"https:\/\/acefootball.com\/da\/fodboldnyheder\/author\/patrickhesselbaek\/\"}]}<\/script>\n<!-- \/ Yoast SEO plugin. -->","yoast_head_json":{"title":"Mand f\u00e5r b\u00f8de for bizart surstr\u00f6mming-h\u00e6rv\u00e6rk p\u00e5 Zlatans hjem","description":"If\u00f8lge svenske SVT skal en 35-\u00e5rige svensk mand betale Zlatan Ibrahimovic 3013 svenske kroner for h\u00e6rv\u00e6rk p\u00e5 hans lejlighed i Stockholm","robots":{"index":"index","follow":"follow","max-snippet":"max-snippet:-1","max-image-preview":"max-image-preview:large","max-video-preview":"max-video-preview:-1"},"canonical":"https:\/\/acefootball.com\/da\/fodboldnyheder\/mand-faar-boede-for-bizart-surstromming-haervaerk-paa-zlatans-hjem\/","og_locale":"en_US","og_type":"article","og_title":"Mand f\u00e5r b\u00f8de for bizart surstr\u00f6mming-h\u00e6rv\u00e6rk p\u00e5 Zlatans hjem","og_description":"If\u00f8lge svenske SVT skal en 35-\u00e5rige svensk mand betale Zlatan Ibrahimovic 3013 svenske kroner for h\u00e6rv\u00e6rk p\u00e5 hans lejlighed i Stockholm","og_url":"https:\/\/acefootball.com\/da\/fodboldnyheder\/mand-faar-boede-for-bizart-surstromming-haervaerk-paa-zlatans-hjem\/","og_site_name":"Ace Football Danmark","article_publisher":"https:\/\/www.facebook.com\/acefootballdk","article_published_time":"2020-10-06T09:17:13+00:00","article_modified_time":"2020-10-06T09:17:14+00:00","og_image":[{"width":1024,"height":673,"url":"https:\/\/acefootball.com\/da\/wp-content\/uploads\/sites\/2\/2020\/08\/GettyImages-1263343855.jpg","type":"image\/jpeg"}],"twitter_card":"summary_large_image","twitter_misc":{"Written by":"Patrick Hesselb\u00e6k","Est. reading time":"1 minute"},"schema":{"@context":"https:\/\/schema.org","@graph":[{"@type":"Organization","@id":"https:\/\/acefootball.com\/da\/#organization","name":"Ace Football","url":"https:\/\/acefootball.com\/da\/","sameAs":["https:\/\/www.facebook.com\/acefootballdk"],"logo":{"@type":"ImageObject","@id":"https:\/\/acefootball.com\/da\/#logo","inLanguage":"en-US","url":"https:\/\/acefootball.com\/da\/wp-content\/uploads\/sites\/2\/2020\/07\/Ace-Football-30-07-2020-2.png","contentUrl":"https:\/\/acefootball.com\/da\/wp-content\/uploads\/sites\/2\/2020\/07\/Ace-Football-30-07-2020-2.png","width":1200,"height":600,"caption":"Ace Football"},"image":{"@id":"https:\/\/acefootball.com\/da\/#logo"}},{"@type":"WebSite","@id":"https:\/\/acefootball.com\/da\/#website","url":"https:\/\/acefootball.com\/da\/","name":"Ace Football Danmark","description":"Nyheder, Spiltips &amp; Livescore","publisher":{"@id":"https:\/\/acefootball.com\/da\/#organization"},"potentialAction":[{"@type":"SearchAction","target":{"@type":"EntryPoint","urlTemplate":"https:\/\/acefootball.com\/da\/?s={search_term_string}"},"query-input":"required name=search_term_string"}],"inLanguage":"en-US"},{"@type":"ImageObject","@id":"https:\/\/acefootball.com\/da\/fodboldnyheder\/mand-faar-boede-for-bizart-surstromming-haervaerk-paa-zlatans-hjem\/#primaryimage","inLanguage":"en-US","url":"https:\/\/acefootball.com\/da\/wp-content\/uploads\/sites\/2\/2020\/08\/GettyImages-1263343855.jpg","contentUrl":"https:\/\/acefootball.com\/da\/wp-content\/uploads\/sites\/2\/2020\/08\/GettyImages-1263343855.jpg","width":1024,"height":673,"caption":"MILAN, ITALY - AUGUST 01: Zlatan Ibrahimovic of AC Milan looks on during the Serie A match between AC Milan and Cagliari Calcio at Stadio Giuseppe Meazza on August 01, 2020 in Milan, Italy. (Photo by Marco Luzzani\/Getty Images)"},{"@type":"WebPage","@id":"https:\/\/acefootball.com\/da\/fodboldnyheder\/mand-faar-boede-for-bizart-surstromming-haervaerk-paa-zlatans-hjem\/#webpage","url":"https:\/\/acefootball.com\/da\/fodboldnyheder\/mand-faar-boede-for-bizart-surstromming-haervaerk-paa-zlatans-hjem\/","name":"Mand f\u00e5r b\u00f8de for bizart surstr\u00f6mming-h\u00e6rv\u00e6rk p\u00e5 Zlatans hjem","isPartOf":{"@id":"https:\/\/acefootball.com\/da\/#website"},"primaryImageOfPage":{"@id":"https:\/\/acefootball.com\/da\/fodboldnyheder\/mand-faar-boede-for-bizart-surstromming-haervaerk-paa-zlatans-hjem\/#primaryimage"},"datePublished":"2020-10-06T09:17:13+00:00","dateModified":"2020-10-06T09:17:14+00:00","description":"If\u00f8lge svenske SVT skal en 35-\u00e5rige svensk mand betale Zlatan Ibrahimovic 3013 svenske kroner for h\u00e6rv\u00e6rk p\u00e5 hans lejlighed i Stockholm","breadcrumb":{"@id":"https:\/\/acefootball.com\/da\/fodboldnyheder\/mand-faar-boede-for-bizart-surstromming-haervaerk-paa-zlatans-hjem\/#breadcrumb"},"inLanguage":"en-US","potentialAction":[{"@type":"ReadAction","target":["https:\/\/acefootball.com\/da\/fodboldnyheder\/mand-faar-boede-for-bizart-surstromming-haervaerk-paa-zlatans-hjem\/"]}]},{"@type":"BreadcrumbList","@id":"https:\/\/acefootball.com\/da\/fodboldnyheder\/mand-faar-boede-for-bizart-surstromming-haervaerk-paa-zlatans-hjem\/#breadcrumb","itemListElement":[{"@type":"ListItem","position":1,"name":"Home","item":"https:\/\/acefootball.com\/da\/"},{"@type":"ListItem","position":2,"name":"Mand f\u00e5r b\u00f8de for bizart surstr\u00f6mming-h\u00e6rv\u00e6rk p\u00e5 Zlatans hjem"}]},{"@type":"Article","@id":"https:\/\/acefootball.com\/da\/fodboldnyheder\/mand-faar-boede-for-bizart-surstromming-haervaerk-paa-zlatans-hjem\/#article","isPartOf":{"@id":"https:\/\/acefootball.com\/da\/fodboldnyheder\/mand-faar-boede-for-bizart-surstromming-haervaerk-paa-zlatans-hjem\/#webpage"},"author":{"@id":"https:\/\/acefootball.com\/da\/#\/schema\/person\/fd6223a1c033400b41da7853ddf88c84"},"headline":"Mand f\u00e5r b\u00f8de for bizart surstr\u00f6mming-h\u00e6rv\u00e6rk p\u00e5 Zlatans hjem","datePublished":"2020-10-06T09:17:13+00:00","dateModified":"2020-10-06T09:17:14+00:00","mainEntityOfPage":{"@id":"https:\/\/acefootball.com\/da\/fodboldnyheder\/mand-faar-boede-for-bizart-surstromming-haervaerk-paa-zlatans-hjem\/#webpage"},"wordCount":181,"commentCount":0,"publisher":{"@id":"https:\/\/acefootball.com\/da\/#organization"},"image":{"@id":"https:\/\/acefootball.com\/da\/fodboldnyheder\/mand-faar-boede-for-bizart-surstromming-haervaerk-paa-zlatans-hjem\/#primaryimage"},"thumbnailUrl":"https:\/\/acefootball.com\/da\/wp-content\/uploads\/sites\/2\/2020\/08\/GettyImages-1263343855.jpg","keywords":["AC Milan","Malm\u00f6 FF","Serie A","Sverige","Zlatan Ibrahimovic"],"articleSection":["Nyhed"],"inLanguage":"en-US","potentialAction":[{"@type":"CommentAction","name":"Comment","target":["https:\/\/acefootball.com\/da\/fodboldnyheder\/mand-faar-boede-for-bizart-surstromming-haervaerk-paa-zlatans-hjem\/#respond"]}]},{"@type":"Person","@id":"https:\/\/acefootball.com\/da\/#\/schema\/person\/fd6223a1c033400b41da7853ddf88c84","name":"Patrick Hesselb\u00e6k","image":{"@type":"ImageObject","@id":"https:\/\/acefootball.com\/da\/#personlogo","inLanguage":"en-US","url":"https:\/\/secure.gravatar.com\/avatar\/7919060992759bffbffb199d6cbdce6f?s=96&d=mm&r=g","contentUrl":"https:\/\/secure.gravatar.com\/avatar\/7919060992759bffbffb199d6cbdce6f?s=96&d=mm&r=g","caption":"Patrick Hesselb\u00e6k"},"description":"Redakt\u00f8r p\u00e5 den danske Ace Football-redaktion. Uddannet i kommunikation fra Aalborg Universitet. Prim\u00e6rt fokus p\u00e5 den danske 3F Superliga og de st\u00f8rste europ\u00e6iske turneringer.","sameAs":["https:\/\/www.linkedin.com\/in\/patrick-hesselbk-2a4b1711a\/"],"url":"https:\/\/acefootball.com\/da\/fodboldnyheder\/author\/patrickhesselbaek\/"}]}},"fimg_url":"https:\/\/acefootball.com\/da\/wp-content\/uploads\/sites\/2\/2020\/08\/GettyImages-1263343855.jpg","_links":{"self":[{"href":"https:\/\/acefootball.com\/da\/wp-json\/wp\/v2\/posts\/239537"}],"collection":[{"href":"https:\/\/acefootball.com\/da\/wp-json\/wp\/v2\/posts"}],"about":[{"href":"https:\/\/acefootball.com\/da\/wp-json\/wp\/v2\/types\/post"}],"author":[{"embeddable":true,"href":"https:\/\/acefootball.com\/da\/wp-json\/wp\/v2\/users\/74"}],"replies":[{"embeddable":true,"href":"https:\/\/acefootball.com\/da\/wp-json\/wp\/v2\/comments?post=239537"}],"version-history":[{"count":0,"href":"https:\/\/acefootball.com\/da\/wp-json\/wp\/v2\/posts\/239537\/revisions"}],"wp:featuredmedia":[{"embeddable":true,"href":"https:\/\/acefootball.com\/da\/wp-json\/wp\/v2\/media\/234632"}],"wp:attachment":[{"href":"https:\/\/acefootball.com\/da\/wp-json\/wp\/v2\/media?parent=239537"}],"wp:term":[{"taxonomy":"category","embeddable":true,"href":"https:\/\/acefootball.com\/da\/wp-json\/wp\/v2\/categories?post=239537"},{"taxonomy":"post_tag","embeddable":true,"href":"https:\/\/acefootball.com\/da\/wp-json\/wp\/v2\/tags?post=239537"}],"curies":[{"name":"wp","href":"https:\/\/api.w.org\/{rel}","templated":true}]}}