{"id":239494,"date":"2020-10-05T23:38:06","date_gmt":"2020-10-05T21:38:06","guid":{"rendered":"https:\/\/acefootball.com\/da\/?p=239494"},"modified":"2020-10-05T23:38:07","modified_gmt":"2020-10-05T21:38:07","slug":"officielt-joachim-andersen-underskriver-lejeaftale-med-pl-klub","status":"publish","type":"post","link":"https:\/\/acefootball.com\/da\/fodboldnyheder\/officielt-joachim-andersen-underskriver-lejeaftale-med-pl-klub\/","title":{"rendered":"Officielt: Joachim Andersen underskriver lejeaftale med PL-klub"},"content":{"rendered":"\n<h2>Den danske midterforsvarer Joachim Andersen skal i resten af s\u00e6sonen t\u00f8rne ud for Fulham i Premier League <\/h2>\n\n\n\n<p>Det har ligget i kortene i de seneste dage, at Lyons Joachim Andersen n\u00e6rmede sig en lejeaftale med en ny klub, eftersom han ikke er f\u00f8rstevalget i Lyon.<\/p>\n\n\n\n<p>Og i transfervinduets d\u00f8ende minutter er en aftale kommet i hus. I resten af s\u00e6sonen skal Andersen nemlig repr\u00e6sentere Fulham i Premier League. Det bekr\u00e6fter klubben p\u00e5 Twitter.<\/p>\n\n\n\n<figure class=\"wp-block-embed-twitter wp-block-embed is-type-rich is-provider-twitter\"><div class=\"wp-block-embed__wrapper\">\n<blockquote class=\"twitter-tweet\" data-width=\"550\" data-dnt=\"true\"><p lang=\"en\" dir=\"ltr\">Late move. \ud83c\udde9\ud83c\uddf0<br><br>Good to have you, Joachim Andersen! \ud83e\udd73<a href=\"https:\/\/twitter.com\/hashtag\/GreatDane?src=hash&amp;ref_src=twsrc%5Etfw\">#GreatDane<\/a><\/p>&mdash; Fulham Football Club (@FulhamFC) <a href=\"https:\/\/twitter.com\/FulhamFC\/status\/1313230053048750083?ref_src=twsrc%5Etfw\">October 5, 2020<\/a><\/blockquote><script async src=\"https:\/\/platform.twitter.com\/widgets.js\" charset=\"utf-8\"><\/script>\n<\/div><\/figure>\n\n\n\n<p><\/p>\n","protected":false},"excerpt":{"rendered":"<p>Den danske midterforsvarer Joachim Andersen skal i resten af s\u00e6sonen t\u00f8rne ud for Fulham i Premier League <\/p>\n","protected":false},"author":347,"featured_media":239496,"comment_status":"open","ping_status":"closed","sticky":false,"template":"","format":"standard","meta":{"om_disable_all_campaigns":false,"push_articles_ronaldo":{"active":false,"canonical":0,"publish":false},"force_updates":null},"categories":[7],"tags":[1846,903,397,4315,134],"enet_tags":{"team":["9879","9748"],"player":["503659"],"league":["53","47"],"sport_events":[]},"yoast_head":"<!-- This site is optimized with the Yoast SEO plugin v18.3 - https:\/\/yoast.com\/wordpress\/plugins\/seo\/ -->\n<title>Officielt: Joachim Andersen underskriver lejeaftale med PL-klub<\/title>\n<meta name=\"description\" content=\"Den danske midterforsvarer Joachim Andersen skal i resten af s\u00e6sonen t\u00f8rne ud for Fulham i Premier League\" \/>\n<meta name=\"robots\" content=\"index, follow, max-snippet:-1, max-image-preview:large, max-video-preview:-1\" \/>\n<link rel=\"canonical\" href=\"https:\/\/acefootball.com\/da\/fodboldnyheder\/officielt-joachim-andersen-underskriver-lejeaftale-med-pl-klub\/\" \/>\n<meta property=\"og:locale\" content=\"en_US\" \/>\n<meta property=\"og:type\" content=\"article\" \/>\n<meta property=\"og:title\" content=\"Officielt: Joachim Andersen underskriver lejeaftale med PL-klub\" \/>\n<meta property=\"og:description\" content=\"Den danske midterforsvarer Joachim Andersen skal i resten af s\u00e6sonen t\u00f8rne ud for Fulham i Premier League\" \/>\n<meta property=\"og:url\" content=\"https:\/\/acefootball.com\/da\/fodboldnyheder\/officielt-joachim-andersen-underskriver-lejeaftale-med-pl-klub\/\" \/>\n<meta property=\"og:site_name\" content=\"Ace Football Danmark\" \/>\n<meta property=\"article:publisher\" content=\"https:\/\/www.facebook.com\/acefootballdk\" \/>\n<meta property=\"article:published_time\" content=\"2020-10-05T21:38:06+00:00\" \/>\n<meta property=\"article:modified_time\" content=\"2020-10-05T21:38:07+00:00\" \/>\n<meta property=\"og:image\" content=\"https:\/\/acefootball.com\/da\/wp-content\/uploads\/sites\/2\/2020\/10\/GettyImages-1266329503.jpg\" \/>\n\t<meta property=\"og:image:width\" content=\"1024\" \/>\n\t<meta property=\"og:image:height\" content=\"763\" \/>\n\t<meta property=\"og:image:type\" content=\"image\/jpeg\" \/>\n<meta name=\"twitter:card\" content=\"summary_large_image\" \/>\n<meta name=\"twitter:label1\" content=\"Written by\" \/>\n\t<meta name=\"twitter:data1\" content=\"Nicolaj M. J\u00f8rgensen\" \/>\n<script type=\"application\/ld+json\" class=\"yoast-schema-graph\">{\"@context\":\"https:\/\/schema.org\",\"@graph\":[{\"@type\":\"Organization\",\"@id\":\"https:\/\/acefootball.com\/da\/#organization\",\"name\":\"Ace Football\",\"url\":\"https:\/\/acefootball.com\/da\/\",\"sameAs\":[\"https:\/\/www.facebook.com\/acefootballdk\"],\"logo\":{\"@type\":\"ImageObject\",\"@id\":\"https:\/\/acefootball.com\/da\/#logo\",\"inLanguage\":\"en-US\",\"url\":\"https:\/\/acefootball.com\/da\/wp-content\/uploads\/sites\/2\/2020\/07\/Ace-Football-30-07-2020-2.png\",\"contentUrl\":\"https:\/\/acefootball.com\/da\/wp-content\/uploads\/sites\/2\/2020\/07\/Ace-Football-30-07-2020-2.png\",\"width\":1200,\"height\":600,\"caption\":\"Ace Football\"},\"image\":{\"@id\":\"https:\/\/acefootball.com\/da\/#logo\"}},{\"@type\":\"WebSite\",\"@id\":\"https:\/\/acefootball.com\/da\/#website\",\"url\":\"https:\/\/acefootball.com\/da\/\",\"name\":\"Ace Football Danmark\",\"description\":\"Nyheder, Spiltips &amp; Livescore\",\"publisher\":{\"@id\":\"https:\/\/acefootball.com\/da\/#organization\"},\"potentialAction\":[{\"@type\":\"SearchAction\",\"target\":{\"@type\":\"EntryPoint\",\"urlTemplate\":\"https:\/\/acefootball.com\/da\/?s={search_term_string}\"},\"query-input\":\"required name=search_term_string\"}],\"inLanguage\":\"en-US\"},{\"@type\":\"ImageObject\",\"@id\":\"https:\/\/acefootball.com\/da\/fodboldnyheder\/officielt-joachim-andersen-underskriver-lejeaftale-med-pl-klub\/#primaryimage\",\"inLanguage\":\"en-US\",\"url\":\"https:\/\/acefootball.com\/da\/wp-content\/uploads\/sites\/2\/2020\/10\/GettyImages-1266329503.jpg\",\"contentUrl\":\"https:\/\/acefootball.com\/da\/wp-content\/uploads\/sites\/2\/2020\/10\/GettyImages-1266329503.jpg\",\"width\":1024,\"height\":763,\"caption\":\"LISBON, PORTUGAL - AUGUST 14: Joachim Andersen of Olympique Lyon in action during the Olympique Lyonnais Training Session ahead of the UEFA Champions League match between Manchester City and Olympique Lyonnais at Estadio Jose Alvalade on August 14, 2020 in Lisbon, Portugal. (Photo by Miguel A. Lopes\/Pool via Getty Images)\"},{\"@type\":\"WebPage\",\"@id\":\"https:\/\/acefootball.com\/da\/fodboldnyheder\/officielt-joachim-andersen-underskriver-lejeaftale-med-pl-klub\/#webpage\",\"url\":\"https:\/\/acefootball.com\/da\/fodboldnyheder\/officielt-joachim-andersen-underskriver-lejeaftale-med-pl-klub\/\",\"name\":\"Officielt: Joachim Andersen underskriver lejeaftale med PL-klub\",\"isPartOf\":{\"@id\":\"https:\/\/acefootball.com\/da\/#website\"},\"primaryImageOfPage\":{\"@id\":\"https:\/\/acefootball.com\/da\/fodboldnyheder\/officielt-joachim-andersen-underskriver-lejeaftale-med-pl-klub\/#primaryimage\"},\"datePublished\":\"2020-10-05T21:38:06+00:00\",\"dateModified\":\"2020-10-05T21:38:07+00:00\",\"description\":\"Den danske midterforsvarer Joachim Andersen skal i resten af s\u00e6sonen t\u00f8rne ud for Fulham i Premier League\",\"breadcrumb\":{\"@id\":\"https:\/\/acefootball.com\/da\/fodboldnyheder\/officielt-joachim-andersen-underskriver-lejeaftale-med-pl-klub\/#breadcrumb\"},\"inLanguage\":\"en-US\",\"potentialAction\":[{\"@type\":\"ReadAction\",\"target\":[\"https:\/\/acefootball.com\/da\/fodboldnyheder\/officielt-joachim-andersen-underskriver-lejeaftale-med-pl-klub\/\"]}]},{\"@type\":\"BreadcrumbList\",\"@id\":\"https:\/\/acefootball.com\/da\/fodboldnyheder\/officielt-joachim-andersen-underskriver-lejeaftale-med-pl-klub\/#breadcrumb\",\"itemListElement\":[{\"@type\":\"ListItem\",\"position\":1,\"name\":\"Home\",\"item\":\"https:\/\/acefootball.com\/da\/\"},{\"@type\":\"ListItem\",\"position\":2,\"name\":\"Officielt: Joachim Andersen underskriver lejeaftale med PL-klub\"}]},{\"@type\":\"Article\",\"@id\":\"https:\/\/acefootball.com\/da\/fodboldnyheder\/officielt-joachim-andersen-underskriver-lejeaftale-med-pl-klub\/#article\",\"isPartOf\":{\"@id\":\"https:\/\/acefootball.com\/da\/fodboldnyheder\/officielt-joachim-andersen-underskriver-lejeaftale-med-pl-klub\/#webpage\"},\"author\":{\"@id\":\"https:\/\/acefootball.com\/da\/#\/schema\/person\/cc86c6803d8c93f30230e4dbed2a3844\"},\"headline\":\"Officielt: Joachim Andersen underskriver lejeaftale med PL-klub\",\"datePublished\":\"2020-10-05T21:38:06+00:00\",\"dateModified\":\"2020-10-05T21:38:07+00:00\",\"mainEntityOfPage\":{\"@id\":\"https:\/\/acefootball.com\/da\/fodboldnyheder\/officielt-joachim-andersen-underskriver-lejeaftale-med-pl-klub\/#webpage\"},\"wordCount\":93,\"commentCount\":0,\"publisher\":{\"@id\":\"https:\/\/acefootball.com\/da\/#organization\"},\"image\":{\"@id\":\"https:\/\/acefootball.com\/da\/fodboldnyheder\/officielt-joachim-andersen-underskriver-lejeaftale-med-pl-klub\/#primaryimage\"},\"thumbnailUrl\":\"https:\/\/acefootball.com\/da\/wp-content\/uploads\/sites\/2\/2020\/10\/GettyImages-1266329503.jpg\",\"keywords\":[\"Fulham\",\"Joachim Andersen\",\"Ligue 1\",\"Olympique Lyon\",\"Premier League\"],\"articleSection\":[\"Transfer\"],\"inLanguage\":\"en-US\",\"potentialAction\":[{\"@type\":\"CommentAction\",\"name\":\"Comment\",\"target\":[\"https:\/\/acefootball.com\/da\/fodboldnyheder\/officielt-joachim-andersen-underskriver-lejeaftale-med-pl-klub\/#respond\"]}]},{\"@type\":\"Person\",\"@id\":\"https:\/\/acefootball.com\/da\/#\/schema\/person\/cc86c6803d8c93f30230e4dbed2a3844\",\"name\":\"Nicolaj M. J\u00f8rgensen\",\"image\":{\"@type\":\"ImageObject\",\"@id\":\"https:\/\/acefootball.com\/da\/#personlogo\",\"inLanguage\":\"en-US\",\"url\":\"https:\/\/secure.gravatar.com\/avatar\/757fd92a7fd5c1d31c37aee3425e7f74?s=96&d=mm&r=g\",\"contentUrl\":\"https:\/\/secure.gravatar.com\/avatar\/757fd92a7fd5c1d31c37aee3425e7f74?s=96&d=mm&r=g\",\"caption\":\"Nicolaj M. J\u00f8rgensen\"},\"url\":\"https:\/\/acefootball.com\/da\/fodboldnyheder\/author\/nicolajmortenj\/\"}]}<\/script>\n<!-- \/ Yoast SEO plugin. -->","yoast_head_json":{"title":"Officielt: Joachim Andersen underskriver lejeaftale med PL-klub","description":"Den danske midterforsvarer Joachim Andersen skal i resten af s\u00e6sonen t\u00f8rne ud for Fulham i Premier League","robots":{"index":"index","follow":"follow","max-snippet":"max-snippet:-1","max-image-preview":"max-image-preview:large","max-video-preview":"max-video-preview:-1"},"canonical":"https:\/\/acefootball.com\/da\/fodboldnyheder\/officielt-joachim-andersen-underskriver-lejeaftale-med-pl-klub\/","og_locale":"en_US","og_type":"article","og_title":"Officielt: Joachim Andersen underskriver lejeaftale med PL-klub","og_description":"Den danske midterforsvarer Joachim Andersen skal i resten af s\u00e6sonen t\u00f8rne ud for Fulham i Premier League","og_url":"https:\/\/acefootball.com\/da\/fodboldnyheder\/officielt-joachim-andersen-underskriver-lejeaftale-med-pl-klub\/","og_site_name":"Ace Football Danmark","article_publisher":"https:\/\/www.facebook.com\/acefootballdk","article_published_time":"2020-10-05T21:38:06+00:00","article_modified_time":"2020-10-05T21:38:07+00:00","og_image":[{"width":1024,"height":763,"url":"https:\/\/acefootball.com\/da\/wp-content\/uploads\/sites\/2\/2020\/10\/GettyImages-1266329503.jpg","type":"image\/jpeg"}],"twitter_card":"summary_large_image","twitter_misc":{"Written by":"Nicolaj M. J\u00f8rgensen"},"schema":{"@context":"https:\/\/schema.org","@graph":[{"@type":"Organization","@id":"https:\/\/acefootball.com\/da\/#organization","name":"Ace Football","url":"https:\/\/acefootball.com\/da\/","sameAs":["https:\/\/www.facebook.com\/acefootballdk"],"logo":{"@type":"ImageObject","@id":"https:\/\/acefootball.com\/da\/#logo","inLanguage":"en-US","url":"https:\/\/acefootball.com\/da\/wp-content\/uploads\/sites\/2\/2020\/07\/Ace-Football-30-07-2020-2.png","contentUrl":"https:\/\/acefootball.com\/da\/wp-content\/uploads\/sites\/2\/2020\/07\/Ace-Football-30-07-2020-2.png","width":1200,"height":600,"caption":"Ace Football"},"image":{"@id":"https:\/\/acefootball.com\/da\/#logo"}},{"@type":"WebSite","@id":"https:\/\/acefootball.com\/da\/#website","url":"https:\/\/acefootball.com\/da\/","name":"Ace Football Danmark","description":"Nyheder, Spiltips &amp; Livescore","publisher":{"@id":"https:\/\/acefootball.com\/da\/#organization"},"potentialAction":[{"@type":"SearchAction","target":{"@type":"EntryPoint","urlTemplate":"https:\/\/acefootball.com\/da\/?s={search_term_string}"},"query-input":"required name=search_term_string"}],"inLanguage":"en-US"},{"@type":"ImageObject","@id":"https:\/\/acefootball.com\/da\/fodboldnyheder\/officielt-joachim-andersen-underskriver-lejeaftale-med-pl-klub\/#primaryimage","inLanguage":"en-US","url":"https:\/\/acefootball.com\/da\/wp-content\/uploads\/sites\/2\/2020\/10\/GettyImages-1266329503.jpg","contentUrl":"https:\/\/acefootball.com\/da\/wp-content\/uploads\/sites\/2\/2020\/10\/GettyImages-1266329503.jpg","width":1024,"height":763,"caption":"LISBON, PORTUGAL - AUGUST 14: Joachim Andersen of Olympique Lyon in action during the Olympique Lyonnais Training Session ahead of the UEFA Champions League match between Manchester City and Olympique Lyonnais at Estadio Jose Alvalade on August 14, 2020 in Lisbon, Portugal. (Photo by Miguel A. Lopes\/Pool via Getty Images)"},{"@type":"WebPage","@id":"https:\/\/acefootball.com\/da\/fodboldnyheder\/officielt-joachim-andersen-underskriver-lejeaftale-med-pl-klub\/#webpage","url":"https:\/\/acefootball.com\/da\/fodboldnyheder\/officielt-joachim-andersen-underskriver-lejeaftale-med-pl-klub\/","name":"Officielt: Joachim Andersen underskriver lejeaftale med PL-klub","isPartOf":{"@id":"https:\/\/acefootball.com\/da\/#website"},"primaryImageOfPage":{"@id":"https:\/\/acefootball.com\/da\/fodboldnyheder\/officielt-joachim-andersen-underskriver-lejeaftale-med-pl-klub\/#primaryimage"},"datePublished":"2020-10-05T21:38:06+00:00","dateModified":"2020-10-05T21:38:07+00:00","description":"Den danske midterforsvarer Joachim Andersen skal i resten af s\u00e6sonen t\u00f8rne ud for Fulham i Premier League","breadcrumb":{"@id":"https:\/\/acefootball.com\/da\/fodboldnyheder\/officielt-joachim-andersen-underskriver-lejeaftale-med-pl-klub\/#breadcrumb"},"inLanguage":"en-US","potentialAction":[{"@type":"ReadAction","target":["https:\/\/acefootball.com\/da\/fodboldnyheder\/officielt-joachim-andersen-underskriver-lejeaftale-med-pl-klub\/"]}]},{"@type":"BreadcrumbList","@id":"https:\/\/acefootball.com\/da\/fodboldnyheder\/officielt-joachim-andersen-underskriver-lejeaftale-med-pl-klub\/#breadcrumb","itemListElement":[{"@type":"ListItem","position":1,"name":"Home","item":"https:\/\/acefootball.com\/da\/"},{"@type":"ListItem","position":2,"name":"Officielt: Joachim Andersen underskriver lejeaftale med PL-klub"}]},{"@type":"Article","@id":"https:\/\/acefootball.com\/da\/fodboldnyheder\/officielt-joachim-andersen-underskriver-lejeaftale-med-pl-klub\/#article","isPartOf":{"@id":"https:\/\/acefootball.com\/da\/fodboldnyheder\/officielt-joachim-andersen-underskriver-lejeaftale-med-pl-klub\/#webpage"},"author":{"@id":"https:\/\/acefootball.com\/da\/#\/schema\/person\/cc86c6803d8c93f30230e4dbed2a3844"},"headline":"Officielt: Joachim Andersen underskriver lejeaftale med PL-klub","datePublished":"2020-10-05T21:38:06+00:00","dateModified":"2020-10-05T21:38:07+00:00","mainEntityOfPage":{"@id":"https:\/\/acefootball.com\/da\/fodboldnyheder\/officielt-joachim-andersen-underskriver-lejeaftale-med-pl-klub\/#webpage"},"wordCount":93,"commentCount":0,"publisher":{"@id":"https:\/\/acefootball.com\/da\/#organization"},"image":{"@id":"https:\/\/acefootball.com\/da\/fodboldnyheder\/officielt-joachim-andersen-underskriver-lejeaftale-med-pl-klub\/#primaryimage"},"thumbnailUrl":"https:\/\/acefootball.com\/da\/wp-content\/uploads\/sites\/2\/2020\/10\/GettyImages-1266329503.jpg","keywords":["Fulham","Joachim Andersen","Ligue 1","Olympique Lyon","Premier League"],"articleSection":["Transfer"],"inLanguage":"en-US","potentialAction":[{"@type":"CommentAction","name":"Comment","target":["https:\/\/acefootball.com\/da\/fodboldnyheder\/officielt-joachim-andersen-underskriver-lejeaftale-med-pl-klub\/#respond"]}]},{"@type":"Person","@id":"https:\/\/acefootball.com\/da\/#\/schema\/person\/cc86c6803d8c93f30230e4dbed2a3844","name":"Nicolaj M. J\u00f8rgensen","image":{"@type":"ImageObject","@id":"https:\/\/acefootball.com\/da\/#personlogo","inLanguage":"en-US","url":"https:\/\/secure.gravatar.com\/avatar\/757fd92a7fd5c1d31c37aee3425e7f74?s=96&d=mm&r=g","contentUrl":"https:\/\/secure.gravatar.com\/avatar\/757fd92a7fd5c1d31c37aee3425e7f74?s=96&d=mm&r=g","caption":"Nicolaj M. J\u00f8rgensen"},"url":"https:\/\/acefootball.com\/da\/fodboldnyheder\/author\/nicolajmortenj\/"}]}},"fimg_url":"https:\/\/acefootball.com\/da\/wp-content\/uploads\/sites\/2\/2020\/10\/GettyImages-1266329503.jpg","_links":{"self":[{"href":"https:\/\/acefootball.com\/da\/wp-json\/wp\/v2\/posts\/239494"}],"collection":[{"href":"https:\/\/acefootball.com\/da\/wp-json\/wp\/v2\/posts"}],"about":[{"href":"https:\/\/acefootball.com\/da\/wp-json\/wp\/v2\/types\/post"}],"author":[{"embeddable":true,"href":"https:\/\/acefootball.com\/da\/wp-json\/wp\/v2\/users\/347"}],"replies":[{"embeddable":true,"href":"https:\/\/acefootball.com\/da\/wp-json\/wp\/v2\/comments?post=239494"}],"version-history":[{"count":0,"href":"https:\/\/acefootball.com\/da\/wp-json\/wp\/v2\/posts\/239494\/revisions"}],"wp:featuredmedia":[{"embeddable":true,"href":"https:\/\/acefootball.com\/da\/wp-json\/wp\/v2\/media\/239496"}],"wp:attachment":[{"href":"https:\/\/acefootball.com\/da\/wp-json\/wp\/v2\/media?parent=239494"}],"wp:term":[{"taxonomy":"category","embeddable":true,"href":"https:\/\/acefootball.com\/da\/wp-json\/wp\/v2\/categories?post=239494"},{"taxonomy":"post_tag","embeddable":true,"href":"https:\/\/acefootball.com\/da\/wp-json\/wp\/v2\/tags?post=239494"}],"curies":[{"name":"wp","href":"https:\/\/api.w.org\/{rel}","templated":true}]}}