{"id":239479,"date":"2020-10-05T22:31:59","date_gmt":"2020-10-05T20:31:59","guid":{"rendered":"https:\/\/acefootball.com\/da\/?p=239479"},"modified":"2020-10-05T22:31:59","modified_gmt":"2020-10-05T20:31:59","slug":"billede-afsloerer-manchester-united-har-kaempetalent-til-laegetjek","status":"publish","type":"post","link":"https:\/\/acefootball.com\/da\/fodboldnyheder\/billede-afsloerer-manchester-united-har-kaempetalent-til-laegetjek\/","title":{"rendered":"Billede afsl\u00f8rer: Manchester United har k\u00e6mpetalent til l\u00e6getjek"},"content":{"rendered":"\n<h2>Manchester United er millimeter fra at sikre sig det uruguayanske stortalent Facundo Pellistri fra hjemlandets Pe\u00f1arol<\/h2>\n\n\n\n<p>I sidste uge opstod der rygter om, at Olympique Lyon var t\u00e6t p\u00e5 det uruguayanske stortalent Facundo Pellistri, men nu er Manchester United ved at hijacke handlen.<\/p>\n\n\n\n<p>Et billede af den 18-\u00e5rige kantspiller til l\u00e6getjek forud for et skifte har nemlig fundet vej til det sociale medie Twitter.<\/p>\n\n\n\n<figure class=\"wp-block-embed-twitter wp-block-embed is-type-rich is-provider-twitter\"><div class=\"wp-block-embed__wrapper\">\n<blockquote class=\"twitter-tweet\" data-width=\"550\" data-dnt=\"true\"><p lang=\"en\" dir=\"ltr\">Facundo Pellistri undergoing his Manchester United medical earlier today. The 18-year old is set to join for \u20ac10m from Pe\u00f1arol. (Source: Sport Witness)<a href=\"https:\/\/twitter.com\/hashtag\/transferdk?src=hash&amp;ref_src=twsrc%5Etfw\">#transferdk<\/a> <a href=\"https:\/\/twitter.com\/hashtag\/Transfers?src=hash&amp;ref_src=twsrc%5Etfw\">#Transfers<\/a> <a href=\"https:\/\/twitter.com\/hashtag\/DeadlineDay?src=hash&amp;ref_src=twsrc%5Etfw\">#DeadlineDay<\/a> <a href=\"https:\/\/t.co\/uVAuGmdeUI\">pic.twitter.com\/uVAuGmdeUI<\/a><\/p>&mdash; Sportvectru (@sportvectru) <a href=\"https:\/\/twitter.com\/sportvectru\/status\/1313208902767513605?ref_src=twsrc%5Etfw\">October 5, 2020<\/a><\/blockquote><script async src=\"https:\/\/platform.twitter.com\/widgets.js\" charset=\"utf-8\"><\/script>\n<\/div><\/figure>\n\n\n\n<p>Det lokale medie <a href=\"https:\/\/www.elobservador.com.uy\/nota\/en-cinco-anos-penarol-batio-todos-los-records-de-ventas-de-juveniles-que-dejaron-cifras-millonarias-20201041070\" target=\"_blank\" rel=\"noreferrer noopener\">El Observador<\/a> mener at vide, at Pellistri skriver under p\u00e5 en fem\u00e5rig kontrakt p\u00e5 Old Trafford, og at Manchester United betaler omkring 60 millioner kroner for spilleren.<\/p>\n\n\n\n<p>Facundo Pellistri ser alts\u00e5 ud til at gennemf\u00f8re samme skifte, som FC K\u00f8benhavn-spilleren Guillermo Varela foretog tilbage i 2013, da han forlod Pe\u00f1arol.<\/p>\n","protected":false},"excerpt":{"rendered":"<p>Manchester United er millimeter fra at sikre sig det uruguayanske stortalent Facundo Pellistri fra hjemlandets Pe\u00f1arol<\/p>\n","protected":false},"author":705,"featured_media":239482,"comment_status":"open","ping_status":"closed","sticky":false,"template":"","format":"standard","meta":{"om_disable_all_campaigns":false,"push_articles_ronaldo":{"active":false,"canonical":0,"publish":false},"force_updates":null},"categories":[7],"tags":[126,134],"enet_tags":{"team":["10260"],"league":["47"],"sport_events":[]},"yoast_head":"<!-- This site is optimized with the Yoast SEO plugin v18.3 - https:\/\/yoast.com\/wordpress\/plugins\/seo\/ -->\n<title>Billede afsl\u00f8rer: Manchester United har k\u00e6mpetalent til l\u00e6getjek<\/title>\n<meta name=\"description\" content=\"Manchester United er millimeter fra at sikre sig det uruguayanske stortalent Facundo Pellistri fra hjemlandets Pe\u00f1arol\" \/>\n<meta name=\"robots\" content=\"index, follow, max-snippet:-1, max-image-preview:large, max-video-preview:-1\" \/>\n<link rel=\"canonical\" href=\"https:\/\/acefootball.com\/da\/fodboldnyheder\/billede-afsloerer-manchester-united-har-kaempetalent-til-laegetjek\/\" \/>\n<meta property=\"og:locale\" content=\"en_US\" \/>\n<meta property=\"og:type\" content=\"article\" \/>\n<meta property=\"og:title\" content=\"Billede afsl\u00f8rer: Manchester United har k\u00e6mpetalent til l\u00e6getjek\" \/>\n<meta property=\"og:description\" content=\"Manchester United er millimeter fra at sikre sig det uruguayanske stortalent Facundo Pellistri fra hjemlandets Pe\u00f1arol\" \/>\n<meta property=\"og:url\" content=\"https:\/\/acefootball.com\/da\/fodboldnyheder\/billede-afsloerer-manchester-united-har-kaempetalent-til-laegetjek\/\" \/>\n<meta property=\"og:site_name\" content=\"Ace Football Danmark\" \/>\n<meta property=\"article:publisher\" content=\"https:\/\/www.facebook.com\/acefootballdk\" \/>\n<meta property=\"article:published_time\" content=\"2020-10-05T20:31:59+00:00\" \/>\n<meta property=\"og:image\" content=\"https:\/\/acefootball.com\/da\/wp-content\/uploads\/sites\/2\/2020\/10\/GettyImages-1277444417.jpg\" \/>\n\t<meta property=\"og:image:width\" content=\"1024\" \/>\n\t<meta property=\"og:image:height\" content=\"683\" \/>\n\t<meta property=\"og:image:type\" content=\"image\/jpeg\" \/>\n<meta name=\"twitter:card\" content=\"summary_large_image\" \/>\n<meta name=\"twitter:label1\" content=\"Written by\" \/>\n\t<meta name=\"twitter:data1\" content=\"Mads Dreyer\" \/>\n\t<meta name=\"twitter:label2\" content=\"Est. reading time\" \/>\n\t<meta name=\"twitter:data2\" content=\"1 minute\" \/>\n<script type=\"application\/ld+json\" class=\"yoast-schema-graph\">{\"@context\":\"https:\/\/schema.org\",\"@graph\":[{\"@type\":\"Organization\",\"@id\":\"https:\/\/acefootball.com\/da\/#organization\",\"name\":\"Ace Football\",\"url\":\"https:\/\/acefootball.com\/da\/\",\"sameAs\":[\"https:\/\/www.facebook.com\/acefootballdk\"],\"logo\":{\"@type\":\"ImageObject\",\"@id\":\"https:\/\/acefootball.com\/da\/#logo\",\"inLanguage\":\"en-US\",\"url\":\"https:\/\/acefootball.com\/da\/wp-content\/uploads\/sites\/2\/2020\/07\/Ace-Football-30-07-2020-2.png\",\"contentUrl\":\"https:\/\/acefootball.com\/da\/wp-content\/uploads\/sites\/2\/2020\/07\/Ace-Football-30-07-2020-2.png\",\"width\":1200,\"height\":600,\"caption\":\"Ace Football\"},\"image\":{\"@id\":\"https:\/\/acefootball.com\/da\/#logo\"}},{\"@type\":\"WebSite\",\"@id\":\"https:\/\/acefootball.com\/da\/#website\",\"url\":\"https:\/\/acefootball.com\/da\/\",\"name\":\"Ace Football Danmark\",\"description\":\"Nyheder, Spiltips &amp; Livescore\",\"publisher\":{\"@id\":\"https:\/\/acefootball.com\/da\/#organization\"},\"potentialAction\":[{\"@type\":\"SearchAction\",\"target\":{\"@type\":\"EntryPoint\",\"urlTemplate\":\"https:\/\/acefootball.com\/da\/?s={search_term_string}\"},\"query-input\":\"required name=search_term_string\"}],\"inLanguage\":\"en-US\"},{\"@type\":\"ImageObject\",\"@id\":\"https:\/\/acefootball.com\/da\/fodboldnyheder\/billede-afsloerer-manchester-united-har-kaempetalent-til-laegetjek\/#primaryimage\",\"inLanguage\":\"en-US\",\"url\":\"https:\/\/acefootball.com\/da\/wp-content\/uploads\/sites\/2\/2020\/10\/GettyImages-1277444417.jpg\",\"contentUrl\":\"https:\/\/acefootball.com\/da\/wp-content\/uploads\/sites\/2\/2020\/10\/GettyImages-1277444417.jpg\",\"width\":1024,\"height\":683,\"caption\":\"MONTEVIDEO, URUGUAY - SEPTEMBER 29: Facundo Pellistri of Pe\u00f1arol and Ronald De La Fuente of Colo-Colo vie for the ball during a Copa CONMEBOL Libertadores 2020 group C match between Pe\u00f1arol and Colo-Colo at Estadio Campe\u00f3n del Siglo on September 29, 2020 in Montevideo, Uruguay. (Photo by Sandro Pereyra\/Getty Images)\"},{\"@type\":\"WebPage\",\"@id\":\"https:\/\/acefootball.com\/da\/fodboldnyheder\/billede-afsloerer-manchester-united-har-kaempetalent-til-laegetjek\/#webpage\",\"url\":\"https:\/\/acefootball.com\/da\/fodboldnyheder\/billede-afsloerer-manchester-united-har-kaempetalent-til-laegetjek\/\",\"name\":\"Billede afsl\u00f8rer: Manchester United har k\u00e6mpetalent til l\u00e6getjek\",\"isPartOf\":{\"@id\":\"https:\/\/acefootball.com\/da\/#website\"},\"primaryImageOfPage\":{\"@id\":\"https:\/\/acefootball.com\/da\/fodboldnyheder\/billede-afsloerer-manchester-united-har-kaempetalent-til-laegetjek\/#primaryimage\"},\"datePublished\":\"2020-10-05T20:31:59+00:00\",\"dateModified\":\"2020-10-05T20:31:59+00:00\",\"description\":\"Manchester United er millimeter fra at sikre sig det uruguayanske stortalent Facundo Pellistri fra hjemlandets Pe\u00f1arol\",\"breadcrumb\":{\"@id\":\"https:\/\/acefootball.com\/da\/fodboldnyheder\/billede-afsloerer-manchester-united-har-kaempetalent-til-laegetjek\/#breadcrumb\"},\"inLanguage\":\"en-US\",\"potentialAction\":[{\"@type\":\"ReadAction\",\"target\":[\"https:\/\/acefootball.com\/da\/fodboldnyheder\/billede-afsloerer-manchester-united-har-kaempetalent-til-laegetjek\/\"]}]},{\"@type\":\"BreadcrumbList\",\"@id\":\"https:\/\/acefootball.com\/da\/fodboldnyheder\/billede-afsloerer-manchester-united-har-kaempetalent-til-laegetjek\/#breadcrumb\",\"itemListElement\":[{\"@type\":\"ListItem\",\"position\":1,\"name\":\"Home\",\"item\":\"https:\/\/acefootball.com\/da\/\"},{\"@type\":\"ListItem\",\"position\":2,\"name\":\"Billede afsl\u00f8rer: Manchester United har k\u00e6mpetalent til l\u00e6getjek\"}]},{\"@type\":\"Article\",\"@id\":\"https:\/\/acefootball.com\/da\/fodboldnyheder\/billede-afsloerer-manchester-united-har-kaempetalent-til-laegetjek\/#article\",\"isPartOf\":{\"@id\":\"https:\/\/acefootball.com\/da\/fodboldnyheder\/billede-afsloerer-manchester-united-har-kaempetalent-til-laegetjek\/#webpage\"},\"author\":{\"@id\":\"https:\/\/acefootball.com\/da\/#\/schema\/person\/ee67e9cf04a276f144100ffa722f10cd\"},\"headline\":\"Billede afsl\u00f8rer: Manchester United har k\u00e6mpetalent til l\u00e6getjek\",\"datePublished\":\"2020-10-05T20:31:59+00:00\",\"dateModified\":\"2020-10-05T20:31:59+00:00\",\"mainEntityOfPage\":{\"@id\":\"https:\/\/acefootball.com\/da\/fodboldnyheder\/billede-afsloerer-manchester-united-har-kaempetalent-til-laegetjek\/#webpage\"},\"wordCount\":139,\"commentCount\":0,\"publisher\":{\"@id\":\"https:\/\/acefootball.com\/da\/#organization\"},\"image\":{\"@id\":\"https:\/\/acefootball.com\/da\/fodboldnyheder\/billede-afsloerer-manchester-united-har-kaempetalent-til-laegetjek\/#primaryimage\"},\"thumbnailUrl\":\"https:\/\/acefootball.com\/da\/wp-content\/uploads\/sites\/2\/2020\/10\/GettyImages-1277444417.jpg\",\"keywords\":[\"Manchester United\",\"Premier League\"],\"articleSection\":[\"Transfer\"],\"inLanguage\":\"en-US\",\"potentialAction\":[{\"@type\":\"CommentAction\",\"name\":\"Comment\",\"target\":[\"https:\/\/acefootball.com\/da\/fodboldnyheder\/billede-afsloerer-manchester-united-har-kaempetalent-til-laegetjek\/#respond\"]}]},{\"@type\":\"Person\",\"@id\":\"https:\/\/acefootball.com\/da\/#\/schema\/person\/ee67e9cf04a276f144100ffa722f10cd\",\"name\":\"Mads Dreyer\",\"image\":{\"@type\":\"ImageObject\",\"@id\":\"https:\/\/acefootball.com\/da\/#personlogo\",\"inLanguage\":\"en-US\",\"url\":\"https:\/\/secure.gravatar.com\/avatar\/7c7abf72cfde9902b6a60efe60c88d4c?s=96&d=mm&r=g\",\"contentUrl\":\"https:\/\/secure.gravatar.com\/avatar\/7c7abf72cfde9902b6a60efe60c88d4c?s=96&d=mm&r=g\",\"caption\":\"Mads Dreyer\"},\"description\":\"Skribent og fodboldn\u00f8rd, der lige nu fort\u00e6ller om alt og intet i fodboldverdenen p\u00e5 acefootball.com. Uddannet i kommunikation fra Aalborg Universitet.\",\"sameAs\":[\"https:\/\/www.linkedin.com\/in\/mads-dreyer-b9b08266\/\"],\"url\":\"https:\/\/acefootball.com\/da\/fodboldnyheder\/author\/mdnronaldo\/\"}]}<\/script>\n<!-- \/ Yoast SEO plugin. -->","yoast_head_json":{"title":"Billede afsl\u00f8rer: Manchester United har k\u00e6mpetalent til l\u00e6getjek","description":"Manchester United er millimeter fra at sikre sig det uruguayanske stortalent Facundo Pellistri fra hjemlandets Pe\u00f1arol","robots":{"index":"index","follow":"follow","max-snippet":"max-snippet:-1","max-image-preview":"max-image-preview:large","max-video-preview":"max-video-preview:-1"},"canonical":"https:\/\/acefootball.com\/da\/fodboldnyheder\/billede-afsloerer-manchester-united-har-kaempetalent-til-laegetjek\/","og_locale":"en_US","og_type":"article","og_title":"Billede afsl\u00f8rer: Manchester United har k\u00e6mpetalent til l\u00e6getjek","og_description":"Manchester United er millimeter fra at sikre sig det uruguayanske stortalent Facundo Pellistri fra hjemlandets Pe\u00f1arol","og_url":"https:\/\/acefootball.com\/da\/fodboldnyheder\/billede-afsloerer-manchester-united-har-kaempetalent-til-laegetjek\/","og_site_name":"Ace Football Danmark","article_publisher":"https:\/\/www.facebook.com\/acefootballdk","article_published_time":"2020-10-05T20:31:59+00:00","og_image":[{"width":1024,"height":683,"url":"https:\/\/acefootball.com\/da\/wp-content\/uploads\/sites\/2\/2020\/10\/GettyImages-1277444417.jpg","type":"image\/jpeg"}],"twitter_card":"summary_large_image","twitter_misc":{"Written by":"Mads Dreyer","Est. reading time":"1 minute"},"schema":{"@context":"https:\/\/schema.org","@graph":[{"@type":"Organization","@id":"https:\/\/acefootball.com\/da\/#organization","name":"Ace Football","url":"https:\/\/acefootball.com\/da\/","sameAs":["https:\/\/www.facebook.com\/acefootballdk"],"logo":{"@type":"ImageObject","@id":"https:\/\/acefootball.com\/da\/#logo","inLanguage":"en-US","url":"https:\/\/acefootball.com\/da\/wp-content\/uploads\/sites\/2\/2020\/07\/Ace-Football-30-07-2020-2.png","contentUrl":"https:\/\/acefootball.com\/da\/wp-content\/uploads\/sites\/2\/2020\/07\/Ace-Football-30-07-2020-2.png","width":1200,"height":600,"caption":"Ace Football"},"image":{"@id":"https:\/\/acefootball.com\/da\/#logo"}},{"@type":"WebSite","@id":"https:\/\/acefootball.com\/da\/#website","url":"https:\/\/acefootball.com\/da\/","name":"Ace Football Danmark","description":"Nyheder, Spiltips &amp; Livescore","publisher":{"@id":"https:\/\/acefootball.com\/da\/#organization"},"potentialAction":[{"@type":"SearchAction","target":{"@type":"EntryPoint","urlTemplate":"https:\/\/acefootball.com\/da\/?s={search_term_string}"},"query-input":"required name=search_term_string"}],"inLanguage":"en-US"},{"@type":"ImageObject","@id":"https:\/\/acefootball.com\/da\/fodboldnyheder\/billede-afsloerer-manchester-united-har-kaempetalent-til-laegetjek\/#primaryimage","inLanguage":"en-US","url":"https:\/\/acefootball.com\/da\/wp-content\/uploads\/sites\/2\/2020\/10\/GettyImages-1277444417.jpg","contentUrl":"https:\/\/acefootball.com\/da\/wp-content\/uploads\/sites\/2\/2020\/10\/GettyImages-1277444417.jpg","width":1024,"height":683,"caption":"MONTEVIDEO, URUGUAY - SEPTEMBER 29: Facundo Pellistri of Pe\u00f1arol and Ronald De La Fuente of Colo-Colo vie for the ball during a Copa CONMEBOL Libertadores 2020 group C match between Pe\u00f1arol and Colo-Colo at Estadio Campe\u00f3n del Siglo on September 29, 2020 in Montevideo, Uruguay. (Photo by Sandro Pereyra\/Getty Images)"},{"@type":"WebPage","@id":"https:\/\/acefootball.com\/da\/fodboldnyheder\/billede-afsloerer-manchester-united-har-kaempetalent-til-laegetjek\/#webpage","url":"https:\/\/acefootball.com\/da\/fodboldnyheder\/billede-afsloerer-manchester-united-har-kaempetalent-til-laegetjek\/","name":"Billede afsl\u00f8rer: Manchester United har k\u00e6mpetalent til l\u00e6getjek","isPartOf":{"@id":"https:\/\/acefootball.com\/da\/#website"},"primaryImageOfPage":{"@id":"https:\/\/acefootball.com\/da\/fodboldnyheder\/billede-afsloerer-manchester-united-har-kaempetalent-til-laegetjek\/#primaryimage"},"datePublished":"2020-10-05T20:31:59+00:00","dateModified":"2020-10-05T20:31:59+00:00","description":"Manchester United er millimeter fra at sikre sig det uruguayanske stortalent Facundo Pellistri fra hjemlandets Pe\u00f1arol","breadcrumb":{"@id":"https:\/\/acefootball.com\/da\/fodboldnyheder\/billede-afsloerer-manchester-united-har-kaempetalent-til-laegetjek\/#breadcrumb"},"inLanguage":"en-US","potentialAction":[{"@type":"ReadAction","target":["https:\/\/acefootball.com\/da\/fodboldnyheder\/billede-afsloerer-manchester-united-har-kaempetalent-til-laegetjek\/"]}]},{"@type":"BreadcrumbList","@id":"https:\/\/acefootball.com\/da\/fodboldnyheder\/billede-afsloerer-manchester-united-har-kaempetalent-til-laegetjek\/#breadcrumb","itemListElement":[{"@type":"ListItem","position":1,"name":"Home","item":"https:\/\/acefootball.com\/da\/"},{"@type":"ListItem","position":2,"name":"Billede afsl\u00f8rer: Manchester United har k\u00e6mpetalent til l\u00e6getjek"}]},{"@type":"Article","@id":"https:\/\/acefootball.com\/da\/fodboldnyheder\/billede-afsloerer-manchester-united-har-kaempetalent-til-laegetjek\/#article","isPartOf":{"@id":"https:\/\/acefootball.com\/da\/fodboldnyheder\/billede-afsloerer-manchester-united-har-kaempetalent-til-laegetjek\/#webpage"},"author":{"@id":"https:\/\/acefootball.com\/da\/#\/schema\/person\/ee67e9cf04a276f144100ffa722f10cd"},"headline":"Billede afsl\u00f8rer: Manchester United har k\u00e6mpetalent til l\u00e6getjek","datePublished":"2020-10-05T20:31:59+00:00","dateModified":"2020-10-05T20:31:59+00:00","mainEntityOfPage":{"@id":"https:\/\/acefootball.com\/da\/fodboldnyheder\/billede-afsloerer-manchester-united-har-kaempetalent-til-laegetjek\/#webpage"},"wordCount":139,"commentCount":0,"publisher":{"@id":"https:\/\/acefootball.com\/da\/#organization"},"image":{"@id":"https:\/\/acefootball.com\/da\/fodboldnyheder\/billede-afsloerer-manchester-united-har-kaempetalent-til-laegetjek\/#primaryimage"},"thumbnailUrl":"https:\/\/acefootball.com\/da\/wp-content\/uploads\/sites\/2\/2020\/10\/GettyImages-1277444417.jpg","keywords":["Manchester United","Premier League"],"articleSection":["Transfer"],"inLanguage":"en-US","potentialAction":[{"@type":"CommentAction","name":"Comment","target":["https:\/\/acefootball.com\/da\/fodboldnyheder\/billede-afsloerer-manchester-united-har-kaempetalent-til-laegetjek\/#respond"]}]},{"@type":"Person","@id":"https:\/\/acefootball.com\/da\/#\/schema\/person\/ee67e9cf04a276f144100ffa722f10cd","name":"Mads Dreyer","image":{"@type":"ImageObject","@id":"https:\/\/acefootball.com\/da\/#personlogo","inLanguage":"en-US","url":"https:\/\/secure.gravatar.com\/avatar\/7c7abf72cfde9902b6a60efe60c88d4c?s=96&d=mm&r=g","contentUrl":"https:\/\/secure.gravatar.com\/avatar\/7c7abf72cfde9902b6a60efe60c88d4c?s=96&d=mm&r=g","caption":"Mads Dreyer"},"description":"Skribent og fodboldn\u00f8rd, der lige nu fort\u00e6ller om alt og intet i fodboldverdenen p\u00e5 acefootball.com. Uddannet i kommunikation fra Aalborg Universitet.","sameAs":["https:\/\/www.linkedin.com\/in\/mads-dreyer-b9b08266\/"],"url":"https:\/\/acefootball.com\/da\/fodboldnyheder\/author\/mdnronaldo\/"}]}},"fimg_url":"https:\/\/acefootball.com\/da\/wp-content\/uploads\/sites\/2\/2020\/10\/GettyImages-1277444417.jpg","_links":{"self":[{"href":"https:\/\/acefootball.com\/da\/wp-json\/wp\/v2\/posts\/239479"}],"collection":[{"href":"https:\/\/acefootball.com\/da\/wp-json\/wp\/v2\/posts"}],"about":[{"href":"https:\/\/acefootball.com\/da\/wp-json\/wp\/v2\/types\/post"}],"author":[{"embeddable":true,"href":"https:\/\/acefootball.com\/da\/wp-json\/wp\/v2\/users\/705"}],"replies":[{"embeddable":true,"href":"https:\/\/acefootball.com\/da\/wp-json\/wp\/v2\/comments?post=239479"}],"version-history":[{"count":0,"href":"https:\/\/acefootball.com\/da\/wp-json\/wp\/v2\/posts\/239479\/revisions"}],"wp:featuredmedia":[{"embeddable":true,"href":"https:\/\/acefootball.com\/da\/wp-json\/wp\/v2\/media\/239482"}],"wp:attachment":[{"href":"https:\/\/acefootball.com\/da\/wp-json\/wp\/v2\/media?parent=239479"}],"wp:term":[{"taxonomy":"category","embeddable":true,"href":"https:\/\/acefootball.com\/da\/wp-json\/wp\/v2\/categories?post=239479"},{"taxonomy":"post_tag","embeddable":true,"href":"https:\/\/acefootball.com\/da\/wp-json\/wp\/v2\/tags?post=239479"}],"curies":[{"name":"wp","href":"https:\/\/api.w.org\/{rel}","templated":true}]}}