{"id":239312,"date":"2020-10-05T11:04:43","date_gmt":"2020-10-05T09:04:43","guid":{"rendered":"https:\/\/acefootball.com\/da\/?p=239312"},"modified":"2020-10-05T11:08:25","modified_gmt":"2020-10-05T09:08:25","slug":"officielt-hoffenheim-lejer-dyr-tottenham-kant","status":"publish","type":"post","link":"https:\/\/acefootball.com\/da\/fodboldnyheder\/officielt-hoffenheim-lejer-dyr-tottenham-kant\/","title":{"rendered":"Officielt: Hoffenheim lejer dyr Tottenham-kant"},"content":{"rendered":"\n<h2>Tottenham har mandag offentliggjort, at man har udlejet alsidige Ryan Sessegnon til tyske Hoffenheim<\/h2>\n\n\n\n<p>Robert Skov og Jacob Bruun Larsen har p\u00e5 transfervinduets sidste dag f\u00e5et tilgang af en ny konkurrent i Hoffenheim.<\/p>\n\n\n\n<p>Den tyske klub har netop offentliggjort lejem\u00e5let af den 20-\u00e5rige kantspiller Ryan Sessegnon, der kommer til klubben p\u00e5 en s\u00e6sonlang lejeaftale.<\/p>\n\n\n\n<figure class=\"wp-block-embed-twitter wp-block-embed is-type-rich is-provider-twitter\"><div class=\"wp-block-embed__wrapper\">\n<blockquote class=\"twitter-tweet\" data-width=\"550\" data-dnt=\"true\"><p lang=\"en\" dir=\"ltr\">Ryan Sessegnon has joined Bundesliga side Hoffenheim on loan for the remainder of the 2020\/21 season.<br><br>Best of luck, <a href=\"https:\/\/twitter.com\/RyanSessegnon?ref_src=twsrc%5Etfw\">@RyanSessegnon<\/a>! \ud83d\udc4a<a href=\"https:\/\/twitter.com\/hashtag\/THFC?src=hash&amp;ref_src=twsrc%5Etfw\">#THFC<\/a> \u26aa\ufe0f <a href=\"https:\/\/twitter.com\/hashtag\/COYS?src=hash&amp;ref_src=twsrc%5Etfw\">#COYS<\/a> <a href=\"https:\/\/t.co\/2wqR55BBTo\">pic.twitter.com\/2wqR55BBTo<\/a><\/p>&mdash; Tottenham Hotspur (@SpursOfficial) <a href=\"https:\/\/twitter.com\/SpursOfficial\/status\/1313041264074522624?ref_src=twsrc%5Etfw\">October 5, 2020<\/a><\/blockquote><script async src=\"https:\/\/platform.twitter.com\/widgets.js\" charset=\"utf-8\"><\/script>\n<\/div><\/figure>\n\n\n\n<p>Ryan Sessegnon skiftede til Tottenham fra Fulham sidste sommer, hvor London-klubben betalte 200 millioner kroner for ham.<\/p>\n\n\n\n<p>Han har sidenhen spillet 12 kampe for Tottenham, hvor det er blevet til en enkelt scoring, samt en enkelt assist.<\/p>\n","protected":false},"excerpt":{"rendered":"<p>Tottenham har mandag offentliggjort, at man har udlejet alsidige Ryan Sessegnon til tyske Hoffenheim<\/p>\n","protected":false},"author":43,"featured_media":239314,"comment_status":"open","ping_status":"closed","sticky":false,"template":"","format":"standard","meta":{"om_disable_all_campaigns":false,"push_articles_ronaldo":{"active":false,"canonical":0,"publish":false},"force_updates":null},"categories":[7],"tags":[766,2385,45],"enet_tags":{"team":["8226","8586"],"player":["773991"],"sport_events":[]},"yoast_head":"<!-- This site is optimized with the Yoast SEO plugin v18.3 - https:\/\/yoast.com\/wordpress\/plugins\/seo\/ -->\n<title>Officielt: Hoffenheim lejer dyr Tottenham-kant<\/title>\n<meta name=\"description\" content=\"Tottenham har mandag offentliggjort, at man har udlejet alsidige Ryan Sessegnon til tyske Hoffenheim\" \/>\n<meta name=\"robots\" content=\"index, follow, max-snippet:-1, max-image-preview:large, max-video-preview:-1\" \/>\n<link rel=\"canonical\" href=\"https:\/\/acefootball.com\/da\/fodboldnyheder\/officielt-hoffenheim-lejer-dyr-tottenham-kant\/\" \/>\n<meta property=\"og:locale\" content=\"en_US\" \/>\n<meta property=\"og:type\" content=\"article\" \/>\n<meta property=\"og:title\" content=\"Officielt: Hoffenheim lejer dyr Tottenham-kant\" \/>\n<meta property=\"og:description\" content=\"Tottenham har mandag offentliggjort, at man har udlejet alsidige Ryan Sessegnon til tyske Hoffenheim\" \/>\n<meta property=\"og:url\" content=\"https:\/\/acefootball.com\/da\/fodboldnyheder\/officielt-hoffenheim-lejer-dyr-tottenham-kant\/\" \/>\n<meta property=\"og:site_name\" content=\"Ace Football Danmark\" \/>\n<meta property=\"article:publisher\" content=\"https:\/\/www.facebook.com\/acefootballdk\" \/>\n<meta property=\"article:published_time\" content=\"2020-10-05T09:04:43+00:00\" \/>\n<meta property=\"article:modified_time\" content=\"2020-10-05T09:08:25+00:00\" \/>\n<meta property=\"og:image\" content=\"https:\/\/acefootball.com\/da\/wp-content\/uploads\/sites\/2\/2020\/10\/Design-uden-navn-77.jpg\" \/>\n\t<meta property=\"og:image:width\" content=\"1920\" \/>\n\t<meta property=\"og:image:height\" content=\"1080\" \/>\n\t<meta property=\"og:image:type\" content=\"image\/jpeg\" \/>\n<meta name=\"twitter:card\" content=\"summary_large_image\" \/>\n<meta name=\"twitter:label1\" content=\"Written by\" \/>\n\t<meta name=\"twitter:data1\" content=\"Mikki M\u00f8ller-Iversen\" \/>\n<script type=\"application\/ld+json\" class=\"yoast-schema-graph\">{\"@context\":\"https:\/\/schema.org\",\"@graph\":[{\"@type\":\"Organization\",\"@id\":\"https:\/\/acefootball.com\/da\/#organization\",\"name\":\"Ace Football\",\"url\":\"https:\/\/acefootball.com\/da\/\",\"sameAs\":[\"https:\/\/www.facebook.com\/acefootballdk\"],\"logo\":{\"@type\":\"ImageObject\",\"@id\":\"https:\/\/acefootball.com\/da\/#logo\",\"inLanguage\":\"en-US\",\"url\":\"https:\/\/acefootball.com\/da\/wp-content\/uploads\/sites\/2\/2020\/07\/Ace-Football-30-07-2020-2.png\",\"contentUrl\":\"https:\/\/acefootball.com\/da\/wp-content\/uploads\/sites\/2\/2020\/07\/Ace-Football-30-07-2020-2.png\",\"width\":1200,\"height\":600,\"caption\":\"Ace Football\"},\"image\":{\"@id\":\"https:\/\/acefootball.com\/da\/#logo\"}},{\"@type\":\"WebSite\",\"@id\":\"https:\/\/acefootball.com\/da\/#website\",\"url\":\"https:\/\/acefootball.com\/da\/\",\"name\":\"Ace Football Danmark\",\"description\":\"Nyheder, Spiltips &amp; Livescore\",\"publisher\":{\"@id\":\"https:\/\/acefootball.com\/da\/#organization\"},\"potentialAction\":[{\"@type\":\"SearchAction\",\"target\":{\"@type\":\"EntryPoint\",\"urlTemplate\":\"https:\/\/acefootball.com\/da\/?s={search_term_string}\"},\"query-input\":\"required name=search_term_string\"}],\"inLanguage\":\"en-US\"},{\"@type\":\"ImageObject\",\"@id\":\"https:\/\/acefootball.com\/da\/fodboldnyheder\/officielt-hoffenheim-lejer-dyr-tottenham-kant\/#primaryimage\",\"inLanguage\":\"en-US\",\"url\":\"https:\/\/acefootball.com\/da\/wp-content\/uploads\/sites\/2\/2020\/10\/Design-uden-navn-77.jpg\",\"contentUrl\":\"https:\/\/acefootball.com\/da\/wp-content\/uploads\/sites\/2\/2020\/10\/Design-uden-navn-77.jpg\",\"width\":1920,\"height\":1080,\"caption\":\"Foto: tsg-hoffenheim.de\"},{\"@type\":\"WebPage\",\"@id\":\"https:\/\/acefootball.com\/da\/fodboldnyheder\/officielt-hoffenheim-lejer-dyr-tottenham-kant\/#webpage\",\"url\":\"https:\/\/acefootball.com\/da\/fodboldnyheder\/officielt-hoffenheim-lejer-dyr-tottenham-kant\/\",\"name\":\"Officielt: Hoffenheim lejer dyr Tottenham-kant\",\"isPartOf\":{\"@id\":\"https:\/\/acefootball.com\/da\/#website\"},\"primaryImageOfPage\":{\"@id\":\"https:\/\/acefootball.com\/da\/fodboldnyheder\/officielt-hoffenheim-lejer-dyr-tottenham-kant\/#primaryimage\"},\"datePublished\":\"2020-10-05T09:04:43+00:00\",\"dateModified\":\"2020-10-05T09:08:25+00:00\",\"description\":\"Tottenham har mandag offentliggjort, at man har udlejet alsidige Ryan Sessegnon til tyske Hoffenheim\",\"breadcrumb\":{\"@id\":\"https:\/\/acefootball.com\/da\/fodboldnyheder\/officielt-hoffenheim-lejer-dyr-tottenham-kant\/#breadcrumb\"},\"inLanguage\":\"en-US\",\"potentialAction\":[{\"@type\":\"ReadAction\",\"target\":[\"https:\/\/acefootball.com\/da\/fodboldnyheder\/officielt-hoffenheim-lejer-dyr-tottenham-kant\/\"]}]},{\"@type\":\"BreadcrumbList\",\"@id\":\"https:\/\/acefootball.com\/da\/fodboldnyheder\/officielt-hoffenheim-lejer-dyr-tottenham-kant\/#breadcrumb\",\"itemListElement\":[{\"@type\":\"ListItem\",\"position\":1,\"name\":\"Home\",\"item\":\"https:\/\/acefootball.com\/da\/\"},{\"@type\":\"ListItem\",\"position\":2,\"name\":\"Officielt: Hoffenheim lejer dyr Tottenham-kant\"}]},{\"@type\":\"Article\",\"@id\":\"https:\/\/acefootball.com\/da\/fodboldnyheder\/officielt-hoffenheim-lejer-dyr-tottenham-kant\/#article\",\"isPartOf\":{\"@id\":\"https:\/\/acefootball.com\/da\/fodboldnyheder\/officielt-hoffenheim-lejer-dyr-tottenham-kant\/#webpage\"},\"author\":{\"@id\":\"https:\/\/acefootball.com\/da\/#\/schema\/person\/017c0abe4a8e92938220bf6c097dda93\"},\"headline\":\"Officielt: Hoffenheim lejer dyr Tottenham-kant\",\"datePublished\":\"2020-10-05T09:04:43+00:00\",\"dateModified\":\"2020-10-05T09:08:25+00:00\",\"mainEntityOfPage\":{\"@id\":\"https:\/\/acefootball.com\/da\/fodboldnyheder\/officielt-hoffenheim-lejer-dyr-tottenham-kant\/#webpage\"},\"wordCount\":103,\"commentCount\":0,\"publisher\":{\"@id\":\"https:\/\/acefootball.com\/da\/#organization\"},\"image\":{\"@id\":\"https:\/\/acefootball.com\/da\/fodboldnyheder\/officielt-hoffenheim-lejer-dyr-tottenham-kant\/#primaryimage\"},\"thumbnailUrl\":\"https:\/\/acefootball.com\/da\/wp-content\/uploads\/sites\/2\/2020\/10\/Design-uden-navn-77.jpg\",\"keywords\":[\"Hoffenheim\",\"Ryan Sessegnon\",\"Tottenham\"],\"articleSection\":[\"Transfer\"],\"inLanguage\":\"en-US\",\"potentialAction\":[{\"@type\":\"CommentAction\",\"name\":\"Comment\",\"target\":[\"https:\/\/acefootball.com\/da\/fodboldnyheder\/officielt-hoffenheim-lejer-dyr-tottenham-kant\/#respond\"]}]},{\"@type\":\"Person\",\"@id\":\"https:\/\/acefootball.com\/da\/#\/schema\/person\/017c0abe4a8e92938220bf6c097dda93\",\"name\":\"Mikki M\u00f8ller-Iversen\",\"image\":{\"@type\":\"ImageObject\",\"@id\":\"https:\/\/acefootball.com\/da\/#personlogo\",\"inLanguage\":\"en-US\",\"url\":\"https:\/\/secure.gravatar.com\/avatar\/e05b419e8b5ae5fcf516800181b96aa2?s=96&d=mm&r=g\",\"contentUrl\":\"https:\/\/secure.gravatar.com\/avatar\/e05b419e8b5ae5fcf516800181b96aa2?s=96&d=mm&r=g\",\"caption\":\"Mikki M\u00f8ller-Iversen\"},\"description\":\"Social Media Manager and writer at Ace Football. Main focus on Danish football and special stories.\",\"sameAs\":[\"https:\/\/www.linkedin.com\/in\/mikki-mller-iversen-26a3a689\/\"],\"url\":\"https:\/\/acefootball.com\/da\/fodboldnyheder\/author\/mmironaldo\/\"}]}<\/script>\n<!-- \/ Yoast SEO plugin. -->","yoast_head_json":{"title":"Officielt: Hoffenheim lejer dyr Tottenham-kant","description":"Tottenham har mandag offentliggjort, at man har udlejet alsidige Ryan Sessegnon til tyske Hoffenheim","robots":{"index":"index","follow":"follow","max-snippet":"max-snippet:-1","max-image-preview":"max-image-preview:large","max-video-preview":"max-video-preview:-1"},"canonical":"https:\/\/acefootball.com\/da\/fodboldnyheder\/officielt-hoffenheim-lejer-dyr-tottenham-kant\/","og_locale":"en_US","og_type":"article","og_title":"Officielt: Hoffenheim lejer dyr Tottenham-kant","og_description":"Tottenham har mandag offentliggjort, at man har udlejet alsidige Ryan Sessegnon til tyske Hoffenheim","og_url":"https:\/\/acefootball.com\/da\/fodboldnyheder\/officielt-hoffenheim-lejer-dyr-tottenham-kant\/","og_site_name":"Ace Football Danmark","article_publisher":"https:\/\/www.facebook.com\/acefootballdk","article_published_time":"2020-10-05T09:04:43+00:00","article_modified_time":"2020-10-05T09:08:25+00:00","og_image":[{"width":1920,"height":1080,"url":"https:\/\/acefootball.com\/da\/wp-content\/uploads\/sites\/2\/2020\/10\/Design-uden-navn-77.jpg","type":"image\/jpeg"}],"twitter_card":"summary_large_image","twitter_misc":{"Written by":"Mikki M\u00f8ller-Iversen"},"schema":{"@context":"https:\/\/schema.org","@graph":[{"@type":"Organization","@id":"https:\/\/acefootball.com\/da\/#organization","name":"Ace Football","url":"https:\/\/acefootball.com\/da\/","sameAs":["https:\/\/www.facebook.com\/acefootballdk"],"logo":{"@type":"ImageObject","@id":"https:\/\/acefootball.com\/da\/#logo","inLanguage":"en-US","url":"https:\/\/acefootball.com\/da\/wp-content\/uploads\/sites\/2\/2020\/07\/Ace-Football-30-07-2020-2.png","contentUrl":"https:\/\/acefootball.com\/da\/wp-content\/uploads\/sites\/2\/2020\/07\/Ace-Football-30-07-2020-2.png","width":1200,"height":600,"caption":"Ace Football"},"image":{"@id":"https:\/\/acefootball.com\/da\/#logo"}},{"@type":"WebSite","@id":"https:\/\/acefootball.com\/da\/#website","url":"https:\/\/acefootball.com\/da\/","name":"Ace Football Danmark","description":"Nyheder, Spiltips &amp; Livescore","publisher":{"@id":"https:\/\/acefootball.com\/da\/#organization"},"potentialAction":[{"@type":"SearchAction","target":{"@type":"EntryPoint","urlTemplate":"https:\/\/acefootball.com\/da\/?s={search_term_string}"},"query-input":"required name=search_term_string"}],"inLanguage":"en-US"},{"@type":"ImageObject","@id":"https:\/\/acefootball.com\/da\/fodboldnyheder\/officielt-hoffenheim-lejer-dyr-tottenham-kant\/#primaryimage","inLanguage":"en-US","url":"https:\/\/acefootball.com\/da\/wp-content\/uploads\/sites\/2\/2020\/10\/Design-uden-navn-77.jpg","contentUrl":"https:\/\/acefootball.com\/da\/wp-content\/uploads\/sites\/2\/2020\/10\/Design-uden-navn-77.jpg","width":1920,"height":1080,"caption":"Foto: tsg-hoffenheim.de"},{"@type":"WebPage","@id":"https:\/\/acefootball.com\/da\/fodboldnyheder\/officielt-hoffenheim-lejer-dyr-tottenham-kant\/#webpage","url":"https:\/\/acefootball.com\/da\/fodboldnyheder\/officielt-hoffenheim-lejer-dyr-tottenham-kant\/","name":"Officielt: Hoffenheim lejer dyr Tottenham-kant","isPartOf":{"@id":"https:\/\/acefootball.com\/da\/#website"},"primaryImageOfPage":{"@id":"https:\/\/acefootball.com\/da\/fodboldnyheder\/officielt-hoffenheim-lejer-dyr-tottenham-kant\/#primaryimage"},"datePublished":"2020-10-05T09:04:43+00:00","dateModified":"2020-10-05T09:08:25+00:00","description":"Tottenham har mandag offentliggjort, at man har udlejet alsidige Ryan Sessegnon til tyske Hoffenheim","breadcrumb":{"@id":"https:\/\/acefootball.com\/da\/fodboldnyheder\/officielt-hoffenheim-lejer-dyr-tottenham-kant\/#breadcrumb"},"inLanguage":"en-US","potentialAction":[{"@type":"ReadAction","target":["https:\/\/acefootball.com\/da\/fodboldnyheder\/officielt-hoffenheim-lejer-dyr-tottenham-kant\/"]}]},{"@type":"BreadcrumbList","@id":"https:\/\/acefootball.com\/da\/fodboldnyheder\/officielt-hoffenheim-lejer-dyr-tottenham-kant\/#breadcrumb","itemListElement":[{"@type":"ListItem","position":1,"name":"Home","item":"https:\/\/acefootball.com\/da\/"},{"@type":"ListItem","position":2,"name":"Officielt: Hoffenheim lejer dyr Tottenham-kant"}]},{"@type":"Article","@id":"https:\/\/acefootball.com\/da\/fodboldnyheder\/officielt-hoffenheim-lejer-dyr-tottenham-kant\/#article","isPartOf":{"@id":"https:\/\/acefootball.com\/da\/fodboldnyheder\/officielt-hoffenheim-lejer-dyr-tottenham-kant\/#webpage"},"author":{"@id":"https:\/\/acefootball.com\/da\/#\/schema\/person\/017c0abe4a8e92938220bf6c097dda93"},"headline":"Officielt: Hoffenheim lejer dyr Tottenham-kant","datePublished":"2020-10-05T09:04:43+00:00","dateModified":"2020-10-05T09:08:25+00:00","mainEntityOfPage":{"@id":"https:\/\/acefootball.com\/da\/fodboldnyheder\/officielt-hoffenheim-lejer-dyr-tottenham-kant\/#webpage"},"wordCount":103,"commentCount":0,"publisher":{"@id":"https:\/\/acefootball.com\/da\/#organization"},"image":{"@id":"https:\/\/acefootball.com\/da\/fodboldnyheder\/officielt-hoffenheim-lejer-dyr-tottenham-kant\/#primaryimage"},"thumbnailUrl":"https:\/\/acefootball.com\/da\/wp-content\/uploads\/sites\/2\/2020\/10\/Design-uden-navn-77.jpg","keywords":["Hoffenheim","Ryan Sessegnon","Tottenham"],"articleSection":["Transfer"],"inLanguage":"en-US","potentialAction":[{"@type":"CommentAction","name":"Comment","target":["https:\/\/acefootball.com\/da\/fodboldnyheder\/officielt-hoffenheim-lejer-dyr-tottenham-kant\/#respond"]}]},{"@type":"Person","@id":"https:\/\/acefootball.com\/da\/#\/schema\/person\/017c0abe4a8e92938220bf6c097dda93","name":"Mikki M\u00f8ller-Iversen","image":{"@type":"ImageObject","@id":"https:\/\/acefootball.com\/da\/#personlogo","inLanguage":"en-US","url":"https:\/\/secure.gravatar.com\/avatar\/e05b419e8b5ae5fcf516800181b96aa2?s=96&d=mm&r=g","contentUrl":"https:\/\/secure.gravatar.com\/avatar\/e05b419e8b5ae5fcf516800181b96aa2?s=96&d=mm&r=g","caption":"Mikki M\u00f8ller-Iversen"},"description":"Social Media Manager and writer at Ace Football. Main focus on Danish football and special stories.","sameAs":["https:\/\/www.linkedin.com\/in\/mikki-mller-iversen-26a3a689\/"],"url":"https:\/\/acefootball.com\/da\/fodboldnyheder\/author\/mmironaldo\/"}]}},"fimg_url":"https:\/\/acefootball.com\/da\/wp-content\/uploads\/sites\/2\/2020\/10\/Design-uden-navn-77.jpg","_links":{"self":[{"href":"https:\/\/acefootball.com\/da\/wp-json\/wp\/v2\/posts\/239312"}],"collection":[{"href":"https:\/\/acefootball.com\/da\/wp-json\/wp\/v2\/posts"}],"about":[{"href":"https:\/\/acefootball.com\/da\/wp-json\/wp\/v2\/types\/post"}],"author":[{"embeddable":true,"href":"https:\/\/acefootball.com\/da\/wp-json\/wp\/v2\/users\/43"}],"replies":[{"embeddable":true,"href":"https:\/\/acefootball.com\/da\/wp-json\/wp\/v2\/comments?post=239312"}],"version-history":[{"count":0,"href":"https:\/\/acefootball.com\/da\/wp-json\/wp\/v2\/posts\/239312\/revisions"}],"wp:featuredmedia":[{"embeddable":true,"href":"https:\/\/acefootball.com\/da\/wp-json\/wp\/v2\/media\/239314"}],"wp:attachment":[{"href":"https:\/\/acefootball.com\/da\/wp-json\/wp\/v2\/media?parent=239312"}],"wp:term":[{"taxonomy":"category","embeddable":true,"href":"https:\/\/acefootball.com\/da\/wp-json\/wp\/v2\/categories?post=239312"},{"taxonomy":"post_tag","embeddable":true,"href":"https:\/\/acefootball.com\/da\/wp-json\/wp\/v2\/tags?post=239312"}],"curies":[{"name":"wp","href":"https:\/\/api.w.org\/{rel}","templated":true}]}}