{"id":239241,"date":"2020-10-04T16:07:56","date_gmt":"2020-10-04T14:07:56","guid":{"rendered":"https:\/\/acefootball.com\/da\/?p=239241"},"modified":"2020-10-04T16:07:56","modified_gmt":"2020-10-04T14:07:56","slug":"evra-langer-ud-efter-united-hvor-er-lederne","status":"publish","type":"post","link":"https:\/\/acefootball.com\/da\/fodboldnyheder\/evra-langer-ud-efter-united-hvor-er-lederne\/","title":{"rendered":"Evra langer ud efter United: Hvor er lederne?"},"content":{"rendered":"\n<h2>Patrice Evra var i klar i m\u00e6let, da han blev spurgt, om Manchester United har en chance for at vinde Premier League-titlen i denne s\u00e6son<\/h2>\n\n\n\n<div class=\"wp-block-si-widget wp-block-si-widget--center\"><si-lb-widget widget-id=\"MatchInfoWithOdds\" data-nopadding=\"true\" data-card=\"true\" width=\"440\" data-event-id=\"3411385\" data-provider=\"comeon\"><\/si-lb-widget><\/div>\n\n\n\n<p>Manchester United tager inden l\u00e6nge imod Tottenham Hotspur i et brag af en kamp p\u00e5 Old Trafford.<\/p>\n\n\n\n<p>Det er to tophold, der ikke helt har ramt formen i denne s\u00e6son, og de ligger henholdsvis nummer 12 og 15 i tabellen, hvilket ingen af dem kan v\u00e6re tilfredse med.<\/p>\n\n\n\n<p>Holdets tidligere franske stjerne Patrice Evra udviste da heller ikke meget tiltro til The Red Devils, da han af <a href=\"https:\/\/www.mirror.co.uk\/sport\/football\/news\/patrice-evra-hits-out-lack-22790060\" target=\"_blank\" rel=\"noreferrer noopener\">The Mirror<\/a> blev spurgt ind til, om de har en chance for at vinde ligaen.<\/p>\n\n\n\n<p>&#8220;Nej, det tror jeg helt \u00e6rligt ikke. Hvis man kigger p\u00e5 klubbens anf\u00f8rer Maguire, hvor lang tid har han s\u00e5 v\u00e6ret der? Kun et \u00e5r. Han er kaptajn, og det er et bevis p\u00e5, at de mangler ledere, hvis de vil trof\u00e6er&#8221; svarer Evra og uddyber.<\/p>\n\n\n\n<p>&#8220;Vi snakker meget om transfers, n\u00e5r det handler om United. Det er altid transfers, men der bliver ikke talt om spillet p\u00e5 banen.&#8221;<\/p>\n\n\n\n<p>Har du endnu ikke f\u00e5et placeret et bet p\u00e5 kampen, er det bare med at skynde dig at g\u00f8re det, da Betfair som ny spiller giver dig 250 kroner i risikofrit spil gennem linket herunder.<\/p>\n\n\n\n<figure class=\"wp-block-image size-large\"><a href=\"https:\/\/bit.ly\/3ldsxQQ\" target=\"_blank\" rel=\"noopener\"><img loading=\"lazy\" width=\"1024\" height=\"683\" src=\"https:\/\/acefootball.com\/da\/wp-content\/uploads\/sites\/2\/2020\/10\/man_tot_optimized-1024x683.png\" alt=\"\" class=\"wp-image-239234\" srcset=\"https:\/\/acefootball.com\/da\/wp-content\/uploads\/sites\/2\/2020\/10\/man_tot_optimized-1024x683.png 1024w, https:\/\/acefootball.com\/da\/wp-content\/uploads\/sites\/2\/2020\/10\/man_tot_optimized-300x200.png 300w, https:\/\/acefootball.com\/da\/wp-content\/uploads\/sites\/2\/2020\/10\/man_tot_optimized-768x512.png 768w, https:\/\/acefootball.com\/da\/wp-content\/uploads\/sites\/2\/2020\/10\/man_tot_optimized.png 1500w\" sizes=\"(max-width: 1024px) 100vw, 1024px\" \/><\/a><\/figure>\n","protected":false},"excerpt":{"rendered":"<p>Patrice Evra var i klar i m\u00e6let, da han blev spurgt, om Manchester United har en chance for at vinde Premier League-titlen i denne s\u00e6son<\/p>\n","protected":false},"author":74,"featured_media":239244,"comment_status":"open","ping_status":"closed","sticky":false,"template":"","format":"standard","meta":{"om_disable_all_campaigns":false,"push_articles_ronaldo":{"active":false,"canonical":0,"publish":false},"force_updates":null},"categories":[8204],"tags":[126,1535,134],"enet_tags":{"team":["10260"],"league":["47"],"sport_events":[3411385]},"yoast_head":"<!-- This site is optimized with the Yoast SEO plugin v18.3 - https:\/\/yoast.com\/wordpress\/plugins\/seo\/ -->\n<title>Evra langer ud efter United: Hvor er lederne?<\/title>\n<meta name=\"description\" content=\"Patrice Evra var i klar i m\u00e6let, da han blev spurgt, om Manchester United har en chance for at vinde Premier League-titlen i denne s\u00e6son\" \/>\n<meta name=\"robots\" content=\"index, follow, max-snippet:-1, max-image-preview:large, max-video-preview:-1\" \/>\n<link rel=\"canonical\" href=\"https:\/\/acefootball.com\/da\/fodboldnyheder\/evra-langer-ud-efter-united-hvor-er-lederne\/\" \/>\n<meta property=\"og:locale\" content=\"en_US\" \/>\n<meta property=\"og:type\" content=\"article\" \/>\n<meta property=\"og:title\" content=\"Evra langer ud efter United: Hvor er lederne?\" \/>\n<meta property=\"og:description\" content=\"Patrice Evra var i klar i m\u00e6let, da han blev spurgt, om Manchester United har en chance for at vinde Premier League-titlen i denne s\u00e6son\" \/>\n<meta property=\"og:url\" content=\"https:\/\/acefootball.com\/da\/fodboldnyheder\/evra-langer-ud-efter-united-hvor-er-lederne\/\" \/>\n<meta property=\"og:site_name\" content=\"Ace Football Danmark\" \/>\n<meta property=\"article:publisher\" content=\"https:\/\/www.facebook.com\/acefootballdk\" \/>\n<meta property=\"article:published_time\" content=\"2020-10-04T14:07:56+00:00\" \/>\n<meta property=\"og:image\" content=\"https:\/\/acefootball.com\/da\/wp-content\/uploads\/sites\/2\/2020\/10\/GettyImages-1052615704.jpg\" \/>\n\t<meta property=\"og:image:width\" content=\"1024\" \/>\n\t<meta property=\"og:image:height\" content=\"637\" \/>\n\t<meta property=\"og:image:type\" content=\"image\/jpeg\" \/>\n<meta name=\"twitter:card\" content=\"summary_large_image\" \/>\n<meta name=\"twitter:label1\" content=\"Written by\" \/>\n\t<meta name=\"twitter:data1\" content=\"Patrick Hesselb\u00e6k\" \/>\n\t<meta name=\"twitter:label2\" content=\"Est. reading time\" \/>\n\t<meta name=\"twitter:data2\" content=\"1 minute\" \/>\n<script type=\"application\/ld+json\" class=\"yoast-schema-graph\">{\"@context\":\"https:\/\/schema.org\",\"@graph\":[{\"@type\":\"Organization\",\"@id\":\"https:\/\/acefootball.com\/da\/#organization\",\"name\":\"Ace Football\",\"url\":\"https:\/\/acefootball.com\/da\/\",\"sameAs\":[\"https:\/\/www.facebook.com\/acefootballdk\"],\"logo\":{\"@type\":\"ImageObject\",\"@id\":\"https:\/\/acefootball.com\/da\/#logo\",\"inLanguage\":\"en-US\",\"url\":\"https:\/\/acefootball.com\/da\/wp-content\/uploads\/sites\/2\/2020\/07\/Ace-Football-30-07-2020-2.png\",\"contentUrl\":\"https:\/\/acefootball.com\/da\/wp-content\/uploads\/sites\/2\/2020\/07\/Ace-Football-30-07-2020-2.png\",\"width\":1200,\"height\":600,\"caption\":\"Ace Football\"},\"image\":{\"@id\":\"https:\/\/acefootball.com\/da\/#logo\"}},{\"@type\":\"WebSite\",\"@id\":\"https:\/\/acefootball.com\/da\/#website\",\"url\":\"https:\/\/acefootball.com\/da\/\",\"name\":\"Ace Football Danmark\",\"description\":\"Nyheder, Spiltips &amp; Livescore\",\"publisher\":{\"@id\":\"https:\/\/acefootball.com\/da\/#organization\"},\"potentialAction\":[{\"@type\":\"SearchAction\",\"target\":{\"@type\":\"EntryPoint\",\"urlTemplate\":\"https:\/\/acefootball.com\/da\/?s={search_term_string}\"},\"query-input\":\"required name=search_term_string\"}],\"inLanguage\":\"en-US\"},{\"@type\":\"ImageObject\",\"@id\":\"https:\/\/acefootball.com\/da\/fodboldnyheder\/evra-langer-ud-efter-united-hvor-er-lederne\/#primaryimage\",\"inLanguage\":\"en-US\",\"url\":\"https:\/\/acefootball.com\/da\/wp-content\/uploads\/sites\/2\/2020\/10\/GettyImages-1052615704.jpg\",\"contentUrl\":\"https:\/\/acefootball.com\/da\/wp-content\/uploads\/sites\/2\/2020\/10\/GettyImages-1052615704.jpg\",\"width\":1024,\"height\":637,\"caption\":\"LONDON, ENGLAND - OCTOBER 20: Patrice Evra, Ed Woodward, executive vice-chairman of Manchester United with David Gill before the Premier League match between Chelsea FC and Manchester United at Stamford Bridge on October 20, 2018 in London, United Kingdom. (Photo by Catherine Ivill\/Getty Images)\"},{\"@type\":\"WebPage\",\"@id\":\"https:\/\/acefootball.com\/da\/fodboldnyheder\/evra-langer-ud-efter-united-hvor-er-lederne\/#webpage\",\"url\":\"https:\/\/acefootball.com\/da\/fodboldnyheder\/evra-langer-ud-efter-united-hvor-er-lederne\/\",\"name\":\"Evra langer ud efter United: Hvor er lederne?\",\"isPartOf\":{\"@id\":\"https:\/\/acefootball.com\/da\/#website\"},\"primaryImageOfPage\":{\"@id\":\"https:\/\/acefootball.com\/da\/fodboldnyheder\/evra-langer-ud-efter-united-hvor-er-lederne\/#primaryimage\"},\"datePublished\":\"2020-10-04T14:07:56+00:00\",\"dateModified\":\"2020-10-04T14:07:56+00:00\",\"description\":\"Patrice Evra var i klar i m\u00e6let, da han blev spurgt, om Manchester United har en chance for at vinde Premier League-titlen i denne s\u00e6son\",\"breadcrumb\":{\"@id\":\"https:\/\/acefootball.com\/da\/fodboldnyheder\/evra-langer-ud-efter-united-hvor-er-lederne\/#breadcrumb\"},\"inLanguage\":\"en-US\",\"potentialAction\":[{\"@type\":\"ReadAction\",\"target\":[\"https:\/\/acefootball.com\/da\/fodboldnyheder\/evra-langer-ud-efter-united-hvor-er-lederne\/\"]}]},{\"@type\":\"BreadcrumbList\",\"@id\":\"https:\/\/acefootball.com\/da\/fodboldnyheder\/evra-langer-ud-efter-united-hvor-er-lederne\/#breadcrumb\",\"itemListElement\":[{\"@type\":\"ListItem\",\"position\":1,\"name\":\"Home\",\"item\":\"https:\/\/acefootball.com\/da\/\"},{\"@type\":\"ListItem\",\"position\":2,\"name\":\"Evra langer ud efter United: Hvor er lederne?\"}]},{\"@type\":\"Article\",\"@id\":\"https:\/\/acefootball.com\/da\/fodboldnyheder\/evra-langer-ud-efter-united-hvor-er-lederne\/#article\",\"isPartOf\":{\"@id\":\"https:\/\/acefootball.com\/da\/fodboldnyheder\/evra-langer-ud-efter-united-hvor-er-lederne\/#webpage\"},\"author\":{\"@id\":\"https:\/\/acefootball.com\/da\/#\/schema\/person\/fd6223a1c033400b41da7853ddf88c84\"},\"headline\":\"Evra langer ud efter United: Hvor er lederne?\",\"datePublished\":\"2020-10-04T14:07:56+00:00\",\"dateModified\":\"2020-10-04T14:07:56+00:00\",\"mainEntityOfPage\":{\"@id\":\"https:\/\/acefootball.com\/da\/fodboldnyheder\/evra-langer-ud-efter-united-hvor-er-lederne\/#webpage\"},\"wordCount\":227,\"commentCount\":0,\"publisher\":{\"@id\":\"https:\/\/acefootball.com\/da\/#organization\"},\"image\":{\"@id\":\"https:\/\/acefootball.com\/da\/fodboldnyheder\/evra-langer-ud-efter-united-hvor-er-lederne\/#primaryimage\"},\"thumbnailUrl\":\"https:\/\/acefootball.com\/da\/wp-content\/uploads\/sites\/2\/2020\/10\/GettyImages-1052615704.jpg\",\"keywords\":[\"Manchester United\",\"Patrice Evra\",\"Premier League\"],\"articleSection\":[\"Udtalelse\"],\"inLanguage\":\"en-US\",\"potentialAction\":[{\"@type\":\"CommentAction\",\"name\":\"Comment\",\"target\":[\"https:\/\/acefootball.com\/da\/fodboldnyheder\/evra-langer-ud-efter-united-hvor-er-lederne\/#respond\"]}]},{\"@type\":\"Person\",\"@id\":\"https:\/\/acefootball.com\/da\/#\/schema\/person\/fd6223a1c033400b41da7853ddf88c84\",\"name\":\"Patrick Hesselb\u00e6k\",\"image\":{\"@type\":\"ImageObject\",\"@id\":\"https:\/\/acefootball.com\/da\/#personlogo\",\"inLanguage\":\"en-US\",\"url\":\"https:\/\/secure.gravatar.com\/avatar\/7919060992759bffbffb199d6cbdce6f?s=96&d=mm&r=g\",\"contentUrl\":\"https:\/\/secure.gravatar.com\/avatar\/7919060992759bffbffb199d6cbdce6f?s=96&d=mm&r=g\",\"caption\":\"Patrick Hesselb\u00e6k\"},\"description\":\"Redakt\u00f8r p\u00e5 den danske Ace Football-redaktion. Uddannet i kommunikation fra Aalborg Universitet. Prim\u00e6rt fokus p\u00e5 den danske 3F Superliga og de st\u00f8rste europ\u00e6iske turneringer.\",\"sameAs\":[\"https:\/\/www.linkedin.com\/in\/patrick-hesselbk-2a4b1711a\/\"],\"url\":\"https:\/\/acefootball.com\/da\/fodboldnyheder\/author\/patrickhesselbaek\/\"}]}<\/script>\n<!-- \/ Yoast SEO plugin. -->","yoast_head_json":{"title":"Evra langer ud efter United: Hvor er lederne?","description":"Patrice Evra var i klar i m\u00e6let, da han blev spurgt, om Manchester United har en chance for at vinde Premier League-titlen i denne s\u00e6son","robots":{"index":"index","follow":"follow","max-snippet":"max-snippet:-1","max-image-preview":"max-image-preview:large","max-video-preview":"max-video-preview:-1"},"canonical":"https:\/\/acefootball.com\/da\/fodboldnyheder\/evra-langer-ud-efter-united-hvor-er-lederne\/","og_locale":"en_US","og_type":"article","og_title":"Evra langer ud efter United: Hvor er lederne?","og_description":"Patrice Evra var i klar i m\u00e6let, da han blev spurgt, om Manchester United har en chance for at vinde Premier League-titlen i denne s\u00e6son","og_url":"https:\/\/acefootball.com\/da\/fodboldnyheder\/evra-langer-ud-efter-united-hvor-er-lederne\/","og_site_name":"Ace Football Danmark","article_publisher":"https:\/\/www.facebook.com\/acefootballdk","article_published_time":"2020-10-04T14:07:56+00:00","og_image":[{"width":1024,"height":637,"url":"https:\/\/acefootball.com\/da\/wp-content\/uploads\/sites\/2\/2020\/10\/GettyImages-1052615704.jpg","type":"image\/jpeg"}],"twitter_card":"summary_large_image","twitter_misc":{"Written by":"Patrick Hesselb\u00e6k","Est. reading time":"1 minute"},"schema":{"@context":"https:\/\/schema.org","@graph":[{"@type":"Organization","@id":"https:\/\/acefootball.com\/da\/#organization","name":"Ace Football","url":"https:\/\/acefootball.com\/da\/","sameAs":["https:\/\/www.facebook.com\/acefootballdk"],"logo":{"@type":"ImageObject","@id":"https:\/\/acefootball.com\/da\/#logo","inLanguage":"en-US","url":"https:\/\/acefootball.com\/da\/wp-content\/uploads\/sites\/2\/2020\/07\/Ace-Football-30-07-2020-2.png","contentUrl":"https:\/\/acefootball.com\/da\/wp-content\/uploads\/sites\/2\/2020\/07\/Ace-Football-30-07-2020-2.png","width":1200,"height":600,"caption":"Ace Football"},"image":{"@id":"https:\/\/acefootball.com\/da\/#logo"}},{"@type":"WebSite","@id":"https:\/\/acefootball.com\/da\/#website","url":"https:\/\/acefootball.com\/da\/","name":"Ace Football Danmark","description":"Nyheder, Spiltips &amp; Livescore","publisher":{"@id":"https:\/\/acefootball.com\/da\/#organization"},"potentialAction":[{"@type":"SearchAction","target":{"@type":"EntryPoint","urlTemplate":"https:\/\/acefootball.com\/da\/?s={search_term_string}"},"query-input":"required name=search_term_string"}],"inLanguage":"en-US"},{"@type":"ImageObject","@id":"https:\/\/acefootball.com\/da\/fodboldnyheder\/evra-langer-ud-efter-united-hvor-er-lederne\/#primaryimage","inLanguage":"en-US","url":"https:\/\/acefootball.com\/da\/wp-content\/uploads\/sites\/2\/2020\/10\/GettyImages-1052615704.jpg","contentUrl":"https:\/\/acefootball.com\/da\/wp-content\/uploads\/sites\/2\/2020\/10\/GettyImages-1052615704.jpg","width":1024,"height":637,"caption":"LONDON, ENGLAND - OCTOBER 20: Patrice Evra, Ed Woodward, executive vice-chairman of Manchester United with David Gill before the Premier League match between Chelsea FC and Manchester United at Stamford Bridge on October 20, 2018 in London, United Kingdom. (Photo by Catherine Ivill\/Getty Images)"},{"@type":"WebPage","@id":"https:\/\/acefootball.com\/da\/fodboldnyheder\/evra-langer-ud-efter-united-hvor-er-lederne\/#webpage","url":"https:\/\/acefootball.com\/da\/fodboldnyheder\/evra-langer-ud-efter-united-hvor-er-lederne\/","name":"Evra langer ud efter United: Hvor er lederne?","isPartOf":{"@id":"https:\/\/acefootball.com\/da\/#website"},"primaryImageOfPage":{"@id":"https:\/\/acefootball.com\/da\/fodboldnyheder\/evra-langer-ud-efter-united-hvor-er-lederne\/#primaryimage"},"datePublished":"2020-10-04T14:07:56+00:00","dateModified":"2020-10-04T14:07:56+00:00","description":"Patrice Evra var i klar i m\u00e6let, da han blev spurgt, om Manchester United har en chance for at vinde Premier League-titlen i denne s\u00e6son","breadcrumb":{"@id":"https:\/\/acefootball.com\/da\/fodboldnyheder\/evra-langer-ud-efter-united-hvor-er-lederne\/#breadcrumb"},"inLanguage":"en-US","potentialAction":[{"@type":"ReadAction","target":["https:\/\/acefootball.com\/da\/fodboldnyheder\/evra-langer-ud-efter-united-hvor-er-lederne\/"]}]},{"@type":"BreadcrumbList","@id":"https:\/\/acefootball.com\/da\/fodboldnyheder\/evra-langer-ud-efter-united-hvor-er-lederne\/#breadcrumb","itemListElement":[{"@type":"ListItem","position":1,"name":"Home","item":"https:\/\/acefootball.com\/da\/"},{"@type":"ListItem","position":2,"name":"Evra langer ud efter United: Hvor er lederne?"}]},{"@type":"Article","@id":"https:\/\/acefootball.com\/da\/fodboldnyheder\/evra-langer-ud-efter-united-hvor-er-lederne\/#article","isPartOf":{"@id":"https:\/\/acefootball.com\/da\/fodboldnyheder\/evra-langer-ud-efter-united-hvor-er-lederne\/#webpage"},"author":{"@id":"https:\/\/acefootball.com\/da\/#\/schema\/person\/fd6223a1c033400b41da7853ddf88c84"},"headline":"Evra langer ud efter United: Hvor er lederne?","datePublished":"2020-10-04T14:07:56+00:00","dateModified":"2020-10-04T14:07:56+00:00","mainEntityOfPage":{"@id":"https:\/\/acefootball.com\/da\/fodboldnyheder\/evra-langer-ud-efter-united-hvor-er-lederne\/#webpage"},"wordCount":227,"commentCount":0,"publisher":{"@id":"https:\/\/acefootball.com\/da\/#organization"},"image":{"@id":"https:\/\/acefootball.com\/da\/fodboldnyheder\/evra-langer-ud-efter-united-hvor-er-lederne\/#primaryimage"},"thumbnailUrl":"https:\/\/acefootball.com\/da\/wp-content\/uploads\/sites\/2\/2020\/10\/GettyImages-1052615704.jpg","keywords":["Manchester United","Patrice Evra","Premier League"],"articleSection":["Udtalelse"],"inLanguage":"en-US","potentialAction":[{"@type":"CommentAction","name":"Comment","target":["https:\/\/acefootball.com\/da\/fodboldnyheder\/evra-langer-ud-efter-united-hvor-er-lederne\/#respond"]}]},{"@type":"Person","@id":"https:\/\/acefootball.com\/da\/#\/schema\/person\/fd6223a1c033400b41da7853ddf88c84","name":"Patrick Hesselb\u00e6k","image":{"@type":"ImageObject","@id":"https:\/\/acefootball.com\/da\/#personlogo","inLanguage":"en-US","url":"https:\/\/secure.gravatar.com\/avatar\/7919060992759bffbffb199d6cbdce6f?s=96&d=mm&r=g","contentUrl":"https:\/\/secure.gravatar.com\/avatar\/7919060992759bffbffb199d6cbdce6f?s=96&d=mm&r=g","caption":"Patrick Hesselb\u00e6k"},"description":"Redakt\u00f8r p\u00e5 den danske Ace Football-redaktion. Uddannet i kommunikation fra Aalborg Universitet. Prim\u00e6rt fokus p\u00e5 den danske 3F Superliga og de st\u00f8rste europ\u00e6iske turneringer.","sameAs":["https:\/\/www.linkedin.com\/in\/patrick-hesselbk-2a4b1711a\/"],"url":"https:\/\/acefootball.com\/da\/fodboldnyheder\/author\/patrickhesselbaek\/"}]}},"fimg_url":"https:\/\/acefootball.com\/da\/wp-content\/uploads\/sites\/2\/2020\/10\/GettyImages-1052615704.jpg","_links":{"self":[{"href":"https:\/\/acefootball.com\/da\/wp-json\/wp\/v2\/posts\/239241"}],"collection":[{"href":"https:\/\/acefootball.com\/da\/wp-json\/wp\/v2\/posts"}],"about":[{"href":"https:\/\/acefootball.com\/da\/wp-json\/wp\/v2\/types\/post"}],"author":[{"embeddable":true,"href":"https:\/\/acefootball.com\/da\/wp-json\/wp\/v2\/users\/74"}],"replies":[{"embeddable":true,"href":"https:\/\/acefootball.com\/da\/wp-json\/wp\/v2\/comments?post=239241"}],"version-history":[{"count":0,"href":"https:\/\/acefootball.com\/da\/wp-json\/wp\/v2\/posts\/239241\/revisions"}],"wp:featuredmedia":[{"embeddable":true,"href":"https:\/\/acefootball.com\/da\/wp-json\/wp\/v2\/media\/239244"}],"wp:attachment":[{"href":"https:\/\/acefootball.com\/da\/wp-json\/wp\/v2\/media?parent=239241"}],"wp:term":[{"taxonomy":"category","embeddable":true,"href":"https:\/\/acefootball.com\/da\/wp-json\/wp\/v2\/categories?post=239241"},{"taxonomy":"post_tag","embeddable":true,"href":"https:\/\/acefootball.com\/da\/wp-json\/wp\/v2\/tags?post=239241"}],"curies":[{"name":"wp","href":"https:\/\/api.w.org\/{rel}","templated":true}]}}