{"id":238820,"date":"2020-09-29T21:14:44","date_gmt":"2020-09-29T19:14:44","guid":{"rendered":"https:\/\/acefootball.com\/da\/?p=238820"},"modified":"2020-09-29T21:10:22","modified_gmt":"2020-09-29T19:10:22","slug":"rygte-fc-barcelonas-problembarn-naermer-sig-manchester-united-skifte","status":"publish","type":"post","link":"https:\/\/acefootball.com\/da\/fodboldnyheder\/rygte-fc-barcelonas-problembarn-naermer-sig-manchester-united-skifte\/","title":{"rendered":"Rygte: FC Barcelonas problembarn n\u00e6rmer sig Manchester United-skifte"},"content":{"rendered":"\n<h2>Noget tyder p\u00e5, at FC Barcelonas Ousmane Demb\u00e9l\u00e9 er t\u00e6t p\u00e5 at forlade klubben for i stedet at tage til Manchester United <\/h2>\n\n\n\n<p>Manchester United leder med lys og lygte efter en ny spiller til offensiven, men indtil videre har Ole Gunnar Solskj\u00e6r og kompagni ikke haft held med den plan.<\/p>\n\n\n\n<p>Dortmunds Jadon Sancho har eftersigende v\u00e6ret manden, som har st\u00e5et \u00f8verst p\u00e5 Manchester Uniteds \u00f8nskeliste denne sommer, men klubberne har ikke form\u00e5et at f\u00e5 enderne til at m\u00f8des.<\/p>\n\n\n\n<p>I stedet har De R\u00f8de Dj\u00e6vle nu indstillet sigtekornet p\u00e5 FC Barcelonas Ousmane Demb\u00e9l\u00e9. Det skriver det spanske medie <a href=\"https:\/\/en.as.com\/en\/2020\/09\/29\/football\/1601397480_343692.html\" target=\"_blank\" rel=\"noreferrer noopener\">AS. <\/a><\/p>\n\n\n\n<div class=\"wp-block-si-widget wp-block-si-widget--center\"><si-lb-widget widget-id=\"PlayerCareerSeasonsStats\" width=\"440\" data-card=\"true\" data-language=\"da\" data-provider=\"mrgreen\" data-player-id=\"692984\"><\/si-lb-widget><\/div>\n\n\n\n<p>Faktisk er et skifte if\u00f8lge mediet millimeter fra at blive effektueret. FC Barcelona kr\u00e6ver angiveligt mellem 50 og 60 millioner euro for den 23-\u00e5rige franskmand, som aldrig har form\u00e5et at sl\u00e5 igennem i det spanske. <\/p>\n\n\n\n<p>Catalanerne fors\u00f8ger if\u00f8lge de seneste rygter i \u00f8jeblikket at sikre sig Lyons Memphis Depay, og det er netop, hvad pengene fra et eventuelt salg af Demb\u00e9l\u00e9 skal bruges p\u00e5. <\/p>\n","protected":false},"excerpt":{"rendered":"<p>Noget tyder p\u00e5, at FC Barcelonas Ousmane Demb\u00e9l\u00e9 er t\u00e6t p\u00e5 at forlade klubben for i stedet at tage til Manchester United <\/p>\n","protected":false},"author":347,"featured_media":238825,"comment_status":"open","ping_status":"closed","sticky":false,"template":"","format":"standard","meta":{"om_disable_all_campaigns":false,"push_articles_ronaldo":{"active":false,"canonical":0,"publish":false},"force_updates":null},"categories":[7],"tags":[41,303,126,608,134],"enet_tags":{"team":["8634","10260"],"league":["87","47"],"player":["692984"],"sport_events":[]},"yoast_head":"<!-- This site is optimized with the Yoast SEO plugin v18.3 - https:\/\/yoast.com\/wordpress\/plugins\/seo\/ -->\n<title>Rygte: FC Barcelonas problembarn n\u00e6rmer sig Manchester United-skifte<\/title>\n<meta name=\"description\" content=\"Noget tyder p\u00e5, at FC Barcelonas Ousmane Demb\u00e9l\u00e9 er t\u00e6t p\u00e5 at forlade klubben for i stedet at tage til Manchester United\" \/>\n<meta name=\"robots\" content=\"index, follow, max-snippet:-1, max-image-preview:large, max-video-preview:-1\" \/>\n<link rel=\"canonical\" href=\"https:\/\/acefootball.com\/da\/fodboldnyheder\/rygte-fc-barcelonas-problembarn-naermer-sig-manchester-united-skifte\/\" \/>\n<meta property=\"og:locale\" content=\"en_US\" \/>\n<meta property=\"og:type\" content=\"article\" \/>\n<meta property=\"og:title\" content=\"Rygte: FC Barcelonas problembarn n\u00e6rmer sig Manchester United-skifte\" \/>\n<meta property=\"og:description\" content=\"Noget tyder p\u00e5, at FC Barcelonas Ousmane Demb\u00e9l\u00e9 er t\u00e6t p\u00e5 at forlade klubben for i stedet at tage til Manchester United\" \/>\n<meta property=\"og:url\" content=\"https:\/\/acefootball.com\/da\/fodboldnyheder\/rygte-fc-barcelonas-problembarn-naermer-sig-manchester-united-skifte\/\" \/>\n<meta property=\"og:site_name\" content=\"Ace Football Danmark\" \/>\n<meta property=\"article:publisher\" content=\"https:\/\/www.facebook.com\/acefootballdk\" \/>\n<meta property=\"article:published_time\" content=\"2020-09-29T19:14:44+00:00\" \/>\n<meta property=\"article:modified_time\" content=\"2020-09-29T19:10:22+00:00\" \/>\n<meta property=\"og:image\" content=\"https:\/\/acefootball.com\/da\/wp-content\/uploads\/sites\/2\/2020\/09\/GettyImages-1185718965.jpg\" \/>\n\t<meta property=\"og:image:width\" content=\"1024\" \/>\n\t<meta property=\"og:image:height\" content=\"657\" \/>\n\t<meta property=\"og:image:type\" content=\"image\/jpeg\" \/>\n<meta name=\"twitter:card\" content=\"summary_large_image\" \/>\n<meta name=\"twitter:label1\" content=\"Written by\" \/>\n\t<meta name=\"twitter:data1\" content=\"Nicolaj M. J\u00f8rgensen\" \/>\n\t<meta name=\"twitter:label2\" content=\"Est. reading time\" \/>\n\t<meta name=\"twitter:data2\" content=\"1 minute\" \/>\n<script type=\"application\/ld+json\" class=\"yoast-schema-graph\">{\"@context\":\"https:\/\/schema.org\",\"@graph\":[{\"@type\":\"Organization\",\"@id\":\"https:\/\/acefootball.com\/da\/#organization\",\"name\":\"Ace Football\",\"url\":\"https:\/\/acefootball.com\/da\/\",\"sameAs\":[\"https:\/\/www.facebook.com\/acefootballdk\"],\"logo\":{\"@type\":\"ImageObject\",\"@id\":\"https:\/\/acefootball.com\/da\/#logo\",\"inLanguage\":\"en-US\",\"url\":\"https:\/\/acefootball.com\/da\/wp-content\/uploads\/sites\/2\/2020\/07\/Ace-Football-30-07-2020-2.png\",\"contentUrl\":\"https:\/\/acefootball.com\/da\/wp-content\/uploads\/sites\/2\/2020\/07\/Ace-Football-30-07-2020-2.png\",\"width\":1200,\"height\":600,\"caption\":\"Ace Football\"},\"image\":{\"@id\":\"https:\/\/acefootball.com\/da\/#logo\"}},{\"@type\":\"WebSite\",\"@id\":\"https:\/\/acefootball.com\/da\/#website\",\"url\":\"https:\/\/acefootball.com\/da\/\",\"name\":\"Ace Football Danmark\",\"description\":\"Nyheder, Spiltips &amp; Livescore\",\"publisher\":{\"@id\":\"https:\/\/acefootball.com\/da\/#organization\"},\"potentialAction\":[{\"@type\":\"SearchAction\",\"target\":{\"@type\":\"EntryPoint\",\"urlTemplate\":\"https:\/\/acefootball.com\/da\/?s={search_term_string}\"},\"query-input\":\"required name=search_term_string\"}],\"inLanguage\":\"en-US\"},{\"@type\":\"ImageObject\",\"@id\":\"https:\/\/acefootball.com\/da\/fodboldnyheder\/rygte-fc-barcelonas-problembarn-naermer-sig-manchester-united-skifte\/#primaryimage\",\"inLanguage\":\"en-US\",\"url\":\"https:\/\/acefootball.com\/da\/wp-content\/uploads\/sites\/2\/2020\/09\/GettyImages-1185718965.jpg\",\"contentUrl\":\"https:\/\/acefootball.com\/da\/wp-content\/uploads\/sites\/2\/2020\/09\/GettyImages-1185718965.jpg\",\"width\":1024,\"height\":657,\"caption\":\"BARCELONA, SPAIN - NOVEMBER 05: Ousmane Dembele of FC Barcelona is closed down by Nicolae Stanciu of Slavia Praha during the UEFA Champions League group F match between FC Barcelona and Slavia Praha at Camp Nou on November 05, 2019 in Barcelona, Spain. (Photo by Alex Caparros\/Getty Images)\"},{\"@type\":\"WebPage\",\"@id\":\"https:\/\/acefootball.com\/da\/fodboldnyheder\/rygte-fc-barcelonas-problembarn-naermer-sig-manchester-united-skifte\/#webpage\",\"url\":\"https:\/\/acefootball.com\/da\/fodboldnyheder\/rygte-fc-barcelonas-problembarn-naermer-sig-manchester-united-skifte\/\",\"name\":\"Rygte: FC Barcelonas problembarn n\u00e6rmer sig Manchester United-skifte\",\"isPartOf\":{\"@id\":\"https:\/\/acefootball.com\/da\/#website\"},\"primaryImageOfPage\":{\"@id\":\"https:\/\/acefootball.com\/da\/fodboldnyheder\/rygte-fc-barcelonas-problembarn-naermer-sig-manchester-united-skifte\/#primaryimage\"},\"datePublished\":\"2020-09-29T19:14:44+00:00\",\"dateModified\":\"2020-09-29T19:10:22+00:00\",\"description\":\"Noget tyder p\u00e5, at FC Barcelonas Ousmane Demb\u00e9l\u00e9 er t\u00e6t p\u00e5 at forlade klubben for i stedet at tage til Manchester United\",\"breadcrumb\":{\"@id\":\"https:\/\/acefootball.com\/da\/fodboldnyheder\/rygte-fc-barcelonas-problembarn-naermer-sig-manchester-united-skifte\/#breadcrumb\"},\"inLanguage\":\"en-US\",\"potentialAction\":[{\"@type\":\"ReadAction\",\"target\":[\"https:\/\/acefootball.com\/da\/fodboldnyheder\/rygte-fc-barcelonas-problembarn-naermer-sig-manchester-united-skifte\/\"]}]},{\"@type\":\"BreadcrumbList\",\"@id\":\"https:\/\/acefootball.com\/da\/fodboldnyheder\/rygte-fc-barcelonas-problembarn-naermer-sig-manchester-united-skifte\/#breadcrumb\",\"itemListElement\":[{\"@type\":\"ListItem\",\"position\":1,\"name\":\"Home\",\"item\":\"https:\/\/acefootball.com\/da\/\"},{\"@type\":\"ListItem\",\"position\":2,\"name\":\"Rygte: FC Barcelonas problembarn n\u00e6rmer sig Manchester United-skifte\"}]},{\"@type\":\"Article\",\"@id\":\"https:\/\/acefootball.com\/da\/fodboldnyheder\/rygte-fc-barcelonas-problembarn-naermer-sig-manchester-united-skifte\/#article\",\"isPartOf\":{\"@id\":\"https:\/\/acefootball.com\/da\/fodboldnyheder\/rygte-fc-barcelonas-problembarn-naermer-sig-manchester-united-skifte\/#webpage\"},\"author\":{\"@id\":\"https:\/\/acefootball.com\/da\/#\/schema\/person\/cc86c6803d8c93f30230e4dbed2a3844\"},\"headline\":\"Rygte: FC Barcelonas problembarn n\u00e6rmer sig Manchester United-skifte\",\"datePublished\":\"2020-09-29T19:14:44+00:00\",\"dateModified\":\"2020-09-29T19:10:22+00:00\",\"mainEntityOfPage\":{\"@id\":\"https:\/\/acefootball.com\/da\/fodboldnyheder\/rygte-fc-barcelonas-problembarn-naermer-sig-manchester-united-skifte\/#webpage\"},\"wordCount\":186,\"commentCount\":0,\"publisher\":{\"@id\":\"https:\/\/acefootball.com\/da\/#organization\"},\"image\":{\"@id\":\"https:\/\/acefootball.com\/da\/fodboldnyheder\/rygte-fc-barcelonas-problembarn-naermer-sig-manchester-united-skifte\/#primaryimage\"},\"thumbnailUrl\":\"https:\/\/acefootball.com\/da\/wp-content\/uploads\/sites\/2\/2020\/09\/GettyImages-1185718965.jpg\",\"keywords\":[\"FC Barcelona\",\"La Liga\",\"Manchester United\",\"Ousmane Demb\u00e9l\u00e9\",\"Premier League\"],\"articleSection\":[\"Transfer\"],\"inLanguage\":\"en-US\",\"potentialAction\":[{\"@type\":\"CommentAction\",\"name\":\"Comment\",\"target\":[\"https:\/\/acefootball.com\/da\/fodboldnyheder\/rygte-fc-barcelonas-problembarn-naermer-sig-manchester-united-skifte\/#respond\"]}]},{\"@type\":\"Person\",\"@id\":\"https:\/\/acefootball.com\/da\/#\/schema\/person\/cc86c6803d8c93f30230e4dbed2a3844\",\"name\":\"Nicolaj M. J\u00f8rgensen\",\"image\":{\"@type\":\"ImageObject\",\"@id\":\"https:\/\/acefootball.com\/da\/#personlogo\",\"inLanguage\":\"en-US\",\"url\":\"https:\/\/secure.gravatar.com\/avatar\/757fd92a7fd5c1d31c37aee3425e7f74?s=96&d=mm&r=g\",\"contentUrl\":\"https:\/\/secure.gravatar.com\/avatar\/757fd92a7fd5c1d31c37aee3425e7f74?s=96&d=mm&r=g\",\"caption\":\"Nicolaj M. J\u00f8rgensen\"},\"url\":\"https:\/\/acefootball.com\/da\/fodboldnyheder\/author\/nicolajmortenj\/\"}]}<\/script>\n<!-- \/ Yoast SEO plugin. -->","yoast_head_json":{"title":"Rygte: FC Barcelonas problembarn n\u00e6rmer sig Manchester United-skifte","description":"Noget tyder p\u00e5, at FC Barcelonas Ousmane Demb\u00e9l\u00e9 er t\u00e6t p\u00e5 at forlade klubben for i stedet at tage til Manchester United","robots":{"index":"index","follow":"follow","max-snippet":"max-snippet:-1","max-image-preview":"max-image-preview:large","max-video-preview":"max-video-preview:-1"},"canonical":"https:\/\/acefootball.com\/da\/fodboldnyheder\/rygte-fc-barcelonas-problembarn-naermer-sig-manchester-united-skifte\/","og_locale":"en_US","og_type":"article","og_title":"Rygte: FC Barcelonas problembarn n\u00e6rmer sig Manchester United-skifte","og_description":"Noget tyder p\u00e5, at FC Barcelonas Ousmane Demb\u00e9l\u00e9 er t\u00e6t p\u00e5 at forlade klubben for i stedet at tage til Manchester United","og_url":"https:\/\/acefootball.com\/da\/fodboldnyheder\/rygte-fc-barcelonas-problembarn-naermer-sig-manchester-united-skifte\/","og_site_name":"Ace Football Danmark","article_publisher":"https:\/\/www.facebook.com\/acefootballdk","article_published_time":"2020-09-29T19:14:44+00:00","article_modified_time":"2020-09-29T19:10:22+00:00","og_image":[{"width":1024,"height":657,"url":"https:\/\/acefootball.com\/da\/wp-content\/uploads\/sites\/2\/2020\/09\/GettyImages-1185718965.jpg","type":"image\/jpeg"}],"twitter_card":"summary_large_image","twitter_misc":{"Written by":"Nicolaj M. J\u00f8rgensen","Est. reading time":"1 minute"},"schema":{"@context":"https:\/\/schema.org","@graph":[{"@type":"Organization","@id":"https:\/\/acefootball.com\/da\/#organization","name":"Ace Football","url":"https:\/\/acefootball.com\/da\/","sameAs":["https:\/\/www.facebook.com\/acefootballdk"],"logo":{"@type":"ImageObject","@id":"https:\/\/acefootball.com\/da\/#logo","inLanguage":"en-US","url":"https:\/\/acefootball.com\/da\/wp-content\/uploads\/sites\/2\/2020\/07\/Ace-Football-30-07-2020-2.png","contentUrl":"https:\/\/acefootball.com\/da\/wp-content\/uploads\/sites\/2\/2020\/07\/Ace-Football-30-07-2020-2.png","width":1200,"height":600,"caption":"Ace Football"},"image":{"@id":"https:\/\/acefootball.com\/da\/#logo"}},{"@type":"WebSite","@id":"https:\/\/acefootball.com\/da\/#website","url":"https:\/\/acefootball.com\/da\/","name":"Ace Football Danmark","description":"Nyheder, Spiltips &amp; Livescore","publisher":{"@id":"https:\/\/acefootball.com\/da\/#organization"},"potentialAction":[{"@type":"SearchAction","target":{"@type":"EntryPoint","urlTemplate":"https:\/\/acefootball.com\/da\/?s={search_term_string}"},"query-input":"required name=search_term_string"}],"inLanguage":"en-US"},{"@type":"ImageObject","@id":"https:\/\/acefootball.com\/da\/fodboldnyheder\/rygte-fc-barcelonas-problembarn-naermer-sig-manchester-united-skifte\/#primaryimage","inLanguage":"en-US","url":"https:\/\/acefootball.com\/da\/wp-content\/uploads\/sites\/2\/2020\/09\/GettyImages-1185718965.jpg","contentUrl":"https:\/\/acefootball.com\/da\/wp-content\/uploads\/sites\/2\/2020\/09\/GettyImages-1185718965.jpg","width":1024,"height":657,"caption":"BARCELONA, SPAIN - NOVEMBER 05: Ousmane Dembele of FC Barcelona is closed down by Nicolae Stanciu of Slavia Praha during the UEFA Champions League group F match between FC Barcelona and Slavia Praha at Camp Nou on November 05, 2019 in Barcelona, Spain. (Photo by Alex Caparros\/Getty Images)"},{"@type":"WebPage","@id":"https:\/\/acefootball.com\/da\/fodboldnyheder\/rygte-fc-barcelonas-problembarn-naermer-sig-manchester-united-skifte\/#webpage","url":"https:\/\/acefootball.com\/da\/fodboldnyheder\/rygte-fc-barcelonas-problembarn-naermer-sig-manchester-united-skifte\/","name":"Rygte: FC Barcelonas problembarn n\u00e6rmer sig Manchester United-skifte","isPartOf":{"@id":"https:\/\/acefootball.com\/da\/#website"},"primaryImageOfPage":{"@id":"https:\/\/acefootball.com\/da\/fodboldnyheder\/rygte-fc-barcelonas-problembarn-naermer-sig-manchester-united-skifte\/#primaryimage"},"datePublished":"2020-09-29T19:14:44+00:00","dateModified":"2020-09-29T19:10:22+00:00","description":"Noget tyder p\u00e5, at FC Barcelonas Ousmane Demb\u00e9l\u00e9 er t\u00e6t p\u00e5 at forlade klubben for i stedet at tage til Manchester United","breadcrumb":{"@id":"https:\/\/acefootball.com\/da\/fodboldnyheder\/rygte-fc-barcelonas-problembarn-naermer-sig-manchester-united-skifte\/#breadcrumb"},"inLanguage":"en-US","potentialAction":[{"@type":"ReadAction","target":["https:\/\/acefootball.com\/da\/fodboldnyheder\/rygte-fc-barcelonas-problembarn-naermer-sig-manchester-united-skifte\/"]}]},{"@type":"BreadcrumbList","@id":"https:\/\/acefootball.com\/da\/fodboldnyheder\/rygte-fc-barcelonas-problembarn-naermer-sig-manchester-united-skifte\/#breadcrumb","itemListElement":[{"@type":"ListItem","position":1,"name":"Home","item":"https:\/\/acefootball.com\/da\/"},{"@type":"ListItem","position":2,"name":"Rygte: FC Barcelonas problembarn n\u00e6rmer sig Manchester United-skifte"}]},{"@type":"Article","@id":"https:\/\/acefootball.com\/da\/fodboldnyheder\/rygte-fc-barcelonas-problembarn-naermer-sig-manchester-united-skifte\/#article","isPartOf":{"@id":"https:\/\/acefootball.com\/da\/fodboldnyheder\/rygte-fc-barcelonas-problembarn-naermer-sig-manchester-united-skifte\/#webpage"},"author":{"@id":"https:\/\/acefootball.com\/da\/#\/schema\/person\/cc86c6803d8c93f30230e4dbed2a3844"},"headline":"Rygte: FC Barcelonas problembarn n\u00e6rmer sig Manchester United-skifte","datePublished":"2020-09-29T19:14:44+00:00","dateModified":"2020-09-29T19:10:22+00:00","mainEntityOfPage":{"@id":"https:\/\/acefootball.com\/da\/fodboldnyheder\/rygte-fc-barcelonas-problembarn-naermer-sig-manchester-united-skifte\/#webpage"},"wordCount":186,"commentCount":0,"publisher":{"@id":"https:\/\/acefootball.com\/da\/#organization"},"image":{"@id":"https:\/\/acefootball.com\/da\/fodboldnyheder\/rygte-fc-barcelonas-problembarn-naermer-sig-manchester-united-skifte\/#primaryimage"},"thumbnailUrl":"https:\/\/acefootball.com\/da\/wp-content\/uploads\/sites\/2\/2020\/09\/GettyImages-1185718965.jpg","keywords":["FC Barcelona","La Liga","Manchester United","Ousmane Demb\u00e9l\u00e9","Premier League"],"articleSection":["Transfer"],"inLanguage":"en-US","potentialAction":[{"@type":"CommentAction","name":"Comment","target":["https:\/\/acefootball.com\/da\/fodboldnyheder\/rygte-fc-barcelonas-problembarn-naermer-sig-manchester-united-skifte\/#respond"]}]},{"@type":"Person","@id":"https:\/\/acefootball.com\/da\/#\/schema\/person\/cc86c6803d8c93f30230e4dbed2a3844","name":"Nicolaj M. J\u00f8rgensen","image":{"@type":"ImageObject","@id":"https:\/\/acefootball.com\/da\/#personlogo","inLanguage":"en-US","url":"https:\/\/secure.gravatar.com\/avatar\/757fd92a7fd5c1d31c37aee3425e7f74?s=96&d=mm&r=g","contentUrl":"https:\/\/secure.gravatar.com\/avatar\/757fd92a7fd5c1d31c37aee3425e7f74?s=96&d=mm&r=g","caption":"Nicolaj M. J\u00f8rgensen"},"url":"https:\/\/acefootball.com\/da\/fodboldnyheder\/author\/nicolajmortenj\/"}]}},"fimg_url":"https:\/\/acefootball.com\/da\/wp-content\/uploads\/sites\/2\/2020\/09\/GettyImages-1185718965.jpg","_links":{"self":[{"href":"https:\/\/acefootball.com\/da\/wp-json\/wp\/v2\/posts\/238820"}],"collection":[{"href":"https:\/\/acefootball.com\/da\/wp-json\/wp\/v2\/posts"}],"about":[{"href":"https:\/\/acefootball.com\/da\/wp-json\/wp\/v2\/types\/post"}],"author":[{"embeddable":true,"href":"https:\/\/acefootball.com\/da\/wp-json\/wp\/v2\/users\/347"}],"replies":[{"embeddable":true,"href":"https:\/\/acefootball.com\/da\/wp-json\/wp\/v2\/comments?post=238820"}],"version-history":[{"count":0,"href":"https:\/\/acefootball.com\/da\/wp-json\/wp\/v2\/posts\/238820\/revisions"}],"wp:featuredmedia":[{"embeddable":true,"href":"https:\/\/acefootball.com\/da\/wp-json\/wp\/v2\/media\/238825"}],"wp:attachment":[{"href":"https:\/\/acefootball.com\/da\/wp-json\/wp\/v2\/media?parent=238820"}],"wp:term":[{"taxonomy":"category","embeddable":true,"href":"https:\/\/acefootball.com\/da\/wp-json\/wp\/v2\/categories?post=238820"},{"taxonomy":"post_tag","embeddable":true,"href":"https:\/\/acefootball.com\/da\/wp-json\/wp\/v2\/tags?post=238820"}],"curies":[{"name":"wp","href":"https:\/\/api.w.org\/{rel}","templated":true}]}}