{"id":238729,"date":"2020-09-28T22:22:57","date_gmt":"2020-09-28T20:22:57","guid":{"rendered":"https:\/\/acefootball.com\/da\/?p=238729"},"modified":"2020-09-28T22:22:57","modified_gmt":"2020-09-28T20:22:57","slug":"klopp-giver-positiv-opdatering-paa-thiago-skade","status":"publish","type":"post","link":"https:\/\/acefootball.com\/da\/fodboldnyheder\/klopp-giver-positiv-opdatering-paa-thiago-skade\/","title":{"rendered":"Klopp giver positiv opdatering p\u00e5 Thiago-skade"},"content":{"rendered":"\n<h2>Liverpool-indk\u00f8bet Thiago blev skadet forud for opg\u00f8ret mod Arsenal, men J\u00fcrgen Klopp forventer ikke spanieren ude i l\u00e6ngere tid<\/h2>\n\n\n\n<div class=\"wp-block-si-widget wp-block-si-widget--center\"><si-lb-widget widget-id=\"MatchInfoWithOdds\" data-nopadding=\"true\" data-card=\"true\" width=\"440\" data-language=\"da\" data-provider=\"mrgreen\" data-event-id=\"3411373\"><\/si-lb-widget><\/div>\n\n\n\n<p>Der n\u00e5ede at snige sig en smule usikkerhed ind hos Liverpool-fansene inden aftenens Premier League-kamp mod Arsenal, da b\u00e5de Thiago og Alisson blev meldt tvivlsomme i medierne.<\/p>\n\n\n\n<p>Sidstn\u00e6vnte var dog at finde i startopstillingen, men det spanske nyindk\u00f8b var som frygtet slet ikke en del af truppen.<\/p>\n\n\n\n<p>Der er dog ingen grund til at v\u00e6re voldsomt nerv\u00f8s for skaden, da J\u00fcrgen Klopp forsikrer, at Thiago snart er klar igen.<\/p>\n\n\n\n<div class=\"wp-block-si-widget wp-block-si-widget--center\"><si-lb-widget widget-id=\"TournamentTableCard\" data-initial-collapse=\"true\" data-allow-collapse=\"true\" data-limit=\"5\" width=\"440\" data-card=\"true\" data-language=\"da\" data-provider=\"mrgreen\" data-tournament-id=\"47\"><\/si-lb-widget><\/div>\n\n\n\n<p>&#8220;Efter landskampspausen er han helt sikkert klar. Han er ikke klar til at v\u00e6re med i aften (mod Arsenal, red.), men det er ogs\u00e5 det,&#8221; udtalte Klopp if\u00f8lge <a href=\"https:\/\/www.goal.com\/en\/news\/klopp-thiago-injury-update-dier-handball-controversy\/kbh6qq4t6p5d1et7kky05mdcj\" target=\"_blank\" rel=\"noreferrer noopener\">Goal<\/a>.<\/p>\n\n\n\n<p>Det betyder dog i v\u00e6rste fald, at Liverpool m\u00e5 undv\u00e6re Thiago i de to kommende kampe &#8211; Carabao Cup-kampen mod Arsenal og Premier League-opg\u00f8ret mod Aston Villa.<\/p>\n","protected":false},"excerpt":{"rendered":"<p>Liverpool-indk\u00f8bet Thiago blev skadet forud for opg\u00f8ret mod Arsenal, men J\u00fcrgen Klopp forventer ikke spanieren ude i l\u00e6ngere tid<\/p>\n","protected":false},"author":705,"featured_media":237946,"comment_status":"open","ping_status":"closed","sticky":false,"template":"","format":"standard","meta":{"om_disable_all_campaigns":false,"push_articles_ronaldo":{"active":false,"canonical":0,"publish":false},"force_updates":null},"categories":[8204],"tags":[135,132,134,1381],"enet_tags":{"player":["78660","172949"],"team":["8650"],"league":["47"],"sport_events":[3411373]},"yoast_head":"<!-- This site is optimized with the Yoast SEO plugin v18.3 - https:\/\/yoast.com\/wordpress\/plugins\/seo\/ -->\n<title>Klopp giver positiv opdatering p\u00e5 Thiago-skade<\/title>\n<meta name=\"description\" content=\"Liverpool-indk\u00f8bet Thiago blev skadet forud for opg\u00f8ret mod Arsenal, men J\u00fcrgen Klopp forventer ikke spanieren ude i l\u00e6ngere tid\" \/>\n<meta name=\"robots\" content=\"index, follow, max-snippet:-1, max-image-preview:large, max-video-preview:-1\" \/>\n<link rel=\"canonical\" href=\"https:\/\/acefootball.com\/da\/fodboldnyheder\/klopp-giver-positiv-opdatering-paa-thiago-skade\/\" \/>\n<meta property=\"og:locale\" content=\"en_US\" \/>\n<meta property=\"og:type\" content=\"article\" \/>\n<meta property=\"og:title\" content=\"Klopp giver positiv opdatering p\u00e5 Thiago-skade\" \/>\n<meta property=\"og:description\" content=\"Liverpool-indk\u00f8bet Thiago blev skadet forud for opg\u00f8ret mod Arsenal, men J\u00fcrgen Klopp forventer ikke spanieren ude i l\u00e6ngere tid\" \/>\n<meta property=\"og:url\" content=\"https:\/\/acefootball.com\/da\/fodboldnyheder\/klopp-giver-positiv-opdatering-paa-thiago-skade\/\" \/>\n<meta property=\"og:site_name\" content=\"Ace Football Danmark\" \/>\n<meta property=\"article:publisher\" content=\"https:\/\/www.facebook.com\/acefootballdk\" \/>\n<meta property=\"article:published_time\" content=\"2020-09-28T20:22:57+00:00\" \/>\n<meta property=\"og:image\" content=\"https:\/\/acefootball.com\/da\/wp-content\/uploads\/sites\/2\/2020\/09\/GettyImages-1273765728.jpg\" \/>\n\t<meta property=\"og:image:width\" content=\"1024\" \/>\n\t<meta property=\"og:image:height\" content=\"701\" \/>\n\t<meta property=\"og:image:type\" content=\"image\/jpeg\" \/>\n<meta name=\"twitter:card\" content=\"summary_large_image\" \/>\n<meta name=\"twitter:label1\" content=\"Written by\" \/>\n\t<meta name=\"twitter:data1\" content=\"Mads Dreyer\" \/>\n\t<meta name=\"twitter:label2\" content=\"Est. reading time\" \/>\n\t<meta name=\"twitter:data2\" content=\"1 minute\" \/>\n<script type=\"application\/ld+json\" class=\"yoast-schema-graph\">{\"@context\":\"https:\/\/schema.org\",\"@graph\":[{\"@type\":\"Organization\",\"@id\":\"https:\/\/acefootball.com\/da\/#organization\",\"name\":\"Ace Football\",\"url\":\"https:\/\/acefootball.com\/da\/\",\"sameAs\":[\"https:\/\/www.facebook.com\/acefootballdk\"],\"logo\":{\"@type\":\"ImageObject\",\"@id\":\"https:\/\/acefootball.com\/da\/#logo\",\"inLanguage\":\"en-US\",\"url\":\"https:\/\/acefootball.com\/da\/wp-content\/uploads\/sites\/2\/2020\/07\/Ace-Football-30-07-2020-2.png\",\"contentUrl\":\"https:\/\/acefootball.com\/da\/wp-content\/uploads\/sites\/2\/2020\/07\/Ace-Football-30-07-2020-2.png\",\"width\":1200,\"height\":600,\"caption\":\"Ace Football\"},\"image\":{\"@id\":\"https:\/\/acefootball.com\/da\/#logo\"}},{\"@type\":\"WebSite\",\"@id\":\"https:\/\/acefootball.com\/da\/#website\",\"url\":\"https:\/\/acefootball.com\/da\/\",\"name\":\"Ace Football Danmark\",\"description\":\"Nyheder, Spiltips &amp; Livescore\",\"publisher\":{\"@id\":\"https:\/\/acefootball.com\/da\/#organization\"},\"potentialAction\":[{\"@type\":\"SearchAction\",\"target\":{\"@type\":\"EntryPoint\",\"urlTemplate\":\"https:\/\/acefootball.com\/da\/?s={search_term_string}\"},\"query-input\":\"required name=search_term_string\"}],\"inLanguage\":\"en-US\"},{\"@type\":\"ImageObject\",\"@id\":\"https:\/\/acefootball.com\/da\/fodboldnyheder\/klopp-giver-positiv-opdatering-paa-thiago-skade\/#primaryimage\",\"inLanguage\":\"en-US\",\"url\":\"https:\/\/acefootball.com\/da\/wp-content\/uploads\/sites\/2\/2020\/09\/GettyImages-1273765728.jpg\",\"contentUrl\":\"https:\/\/acefootball.com\/da\/wp-content\/uploads\/sites\/2\/2020\/09\/GettyImages-1273765728.jpg\",\"width\":1024,\"height\":701,\"caption\":\"LONDON, ENGLAND - SEPTEMBER 20: Thiago Alcantara of Liverpool in action during the Premier League match between Chelsea and Liverpool at Stamford Bridge on September 20, 2020 in London, England. (Photo by Michael Regan\/Getty Images)\"},{\"@type\":\"WebPage\",\"@id\":\"https:\/\/acefootball.com\/da\/fodboldnyheder\/klopp-giver-positiv-opdatering-paa-thiago-skade\/#webpage\",\"url\":\"https:\/\/acefootball.com\/da\/fodboldnyheder\/klopp-giver-positiv-opdatering-paa-thiago-skade\/\",\"name\":\"Klopp giver positiv opdatering p\u00e5 Thiago-skade\",\"isPartOf\":{\"@id\":\"https:\/\/acefootball.com\/da\/#website\"},\"primaryImageOfPage\":{\"@id\":\"https:\/\/acefootball.com\/da\/fodboldnyheder\/klopp-giver-positiv-opdatering-paa-thiago-skade\/#primaryimage\"},\"datePublished\":\"2020-09-28T20:22:57+00:00\",\"dateModified\":\"2020-09-28T20:22:57+00:00\",\"description\":\"Liverpool-indk\u00f8bet Thiago blev skadet forud for opg\u00f8ret mod Arsenal, men J\u00fcrgen Klopp forventer ikke spanieren ude i l\u00e6ngere tid\",\"breadcrumb\":{\"@id\":\"https:\/\/acefootball.com\/da\/fodboldnyheder\/klopp-giver-positiv-opdatering-paa-thiago-skade\/#breadcrumb\"},\"inLanguage\":\"en-US\",\"potentialAction\":[{\"@type\":\"ReadAction\",\"target\":[\"https:\/\/acefootball.com\/da\/fodboldnyheder\/klopp-giver-positiv-opdatering-paa-thiago-skade\/\"]}]},{\"@type\":\"BreadcrumbList\",\"@id\":\"https:\/\/acefootball.com\/da\/fodboldnyheder\/klopp-giver-positiv-opdatering-paa-thiago-skade\/#breadcrumb\",\"itemListElement\":[{\"@type\":\"ListItem\",\"position\":1,\"name\":\"Home\",\"item\":\"https:\/\/acefootball.com\/da\/\"},{\"@type\":\"ListItem\",\"position\":2,\"name\":\"Klopp giver positiv opdatering p\u00e5 Thiago-skade\"}]},{\"@type\":\"Article\",\"@id\":\"https:\/\/acefootball.com\/da\/fodboldnyheder\/klopp-giver-positiv-opdatering-paa-thiago-skade\/#article\",\"isPartOf\":{\"@id\":\"https:\/\/acefootball.com\/da\/fodboldnyheder\/klopp-giver-positiv-opdatering-paa-thiago-skade\/#webpage\"},\"author\":{\"@id\":\"https:\/\/acefootball.com\/da\/#\/schema\/person\/ee67e9cf04a276f144100ffa722f10cd\"},\"headline\":\"Klopp giver positiv opdatering p\u00e5 Thiago-skade\",\"datePublished\":\"2020-09-28T20:22:57+00:00\",\"dateModified\":\"2020-09-28T20:22:57+00:00\",\"mainEntityOfPage\":{\"@id\":\"https:\/\/acefootball.com\/da\/fodboldnyheder\/klopp-giver-positiv-opdatering-paa-thiago-skade\/#webpage\"},\"wordCount\":166,\"commentCount\":0,\"publisher\":{\"@id\":\"https:\/\/acefootball.com\/da\/#organization\"},\"image\":{\"@id\":\"https:\/\/acefootball.com\/da\/fodboldnyheder\/klopp-giver-positiv-opdatering-paa-thiago-skade\/#primaryimage\"},\"thumbnailUrl\":\"https:\/\/acefootball.com\/da\/wp-content\/uploads\/sites\/2\/2020\/09\/GettyImages-1273765728.jpg\",\"keywords\":[\"J\u00fcrgen Klopp\",\"Liverpool\",\"Premier League\",\"Thiago Alc\u00e2ntara\"],\"articleSection\":[\"Udtalelse\"],\"inLanguage\":\"en-US\",\"potentialAction\":[{\"@type\":\"CommentAction\",\"name\":\"Comment\",\"target\":[\"https:\/\/acefootball.com\/da\/fodboldnyheder\/klopp-giver-positiv-opdatering-paa-thiago-skade\/#respond\"]}]},{\"@type\":\"Person\",\"@id\":\"https:\/\/acefootball.com\/da\/#\/schema\/person\/ee67e9cf04a276f144100ffa722f10cd\",\"name\":\"Mads Dreyer\",\"image\":{\"@type\":\"ImageObject\",\"@id\":\"https:\/\/acefootball.com\/da\/#personlogo\",\"inLanguage\":\"en-US\",\"url\":\"https:\/\/secure.gravatar.com\/avatar\/7c7abf72cfde9902b6a60efe60c88d4c?s=96&d=mm&r=g\",\"contentUrl\":\"https:\/\/secure.gravatar.com\/avatar\/7c7abf72cfde9902b6a60efe60c88d4c?s=96&d=mm&r=g\",\"caption\":\"Mads Dreyer\"},\"description\":\"Skribent og fodboldn\u00f8rd, der lige nu fort\u00e6ller om alt og intet i fodboldverdenen p\u00e5 acefootball.com. Uddannet i kommunikation fra Aalborg Universitet.\",\"sameAs\":[\"https:\/\/www.linkedin.com\/in\/mads-dreyer-b9b08266\/\"],\"url\":\"https:\/\/acefootball.com\/da\/fodboldnyheder\/author\/mdnronaldo\/\"}]}<\/script>\n<!-- \/ Yoast SEO plugin. -->","yoast_head_json":{"title":"Klopp giver positiv opdatering p\u00e5 Thiago-skade","description":"Liverpool-indk\u00f8bet Thiago blev skadet forud for opg\u00f8ret mod Arsenal, men J\u00fcrgen Klopp forventer ikke spanieren ude i l\u00e6ngere tid","robots":{"index":"index","follow":"follow","max-snippet":"max-snippet:-1","max-image-preview":"max-image-preview:large","max-video-preview":"max-video-preview:-1"},"canonical":"https:\/\/acefootball.com\/da\/fodboldnyheder\/klopp-giver-positiv-opdatering-paa-thiago-skade\/","og_locale":"en_US","og_type":"article","og_title":"Klopp giver positiv opdatering p\u00e5 Thiago-skade","og_description":"Liverpool-indk\u00f8bet Thiago blev skadet forud for opg\u00f8ret mod Arsenal, men J\u00fcrgen Klopp forventer ikke spanieren ude i l\u00e6ngere tid","og_url":"https:\/\/acefootball.com\/da\/fodboldnyheder\/klopp-giver-positiv-opdatering-paa-thiago-skade\/","og_site_name":"Ace Football Danmark","article_publisher":"https:\/\/www.facebook.com\/acefootballdk","article_published_time":"2020-09-28T20:22:57+00:00","og_image":[{"width":1024,"height":701,"url":"https:\/\/acefootball.com\/da\/wp-content\/uploads\/sites\/2\/2020\/09\/GettyImages-1273765728.jpg","type":"image\/jpeg"}],"twitter_card":"summary_large_image","twitter_misc":{"Written by":"Mads Dreyer","Est. reading time":"1 minute"},"schema":{"@context":"https:\/\/schema.org","@graph":[{"@type":"Organization","@id":"https:\/\/acefootball.com\/da\/#organization","name":"Ace Football","url":"https:\/\/acefootball.com\/da\/","sameAs":["https:\/\/www.facebook.com\/acefootballdk"],"logo":{"@type":"ImageObject","@id":"https:\/\/acefootball.com\/da\/#logo","inLanguage":"en-US","url":"https:\/\/acefootball.com\/da\/wp-content\/uploads\/sites\/2\/2020\/07\/Ace-Football-30-07-2020-2.png","contentUrl":"https:\/\/acefootball.com\/da\/wp-content\/uploads\/sites\/2\/2020\/07\/Ace-Football-30-07-2020-2.png","width":1200,"height":600,"caption":"Ace Football"},"image":{"@id":"https:\/\/acefootball.com\/da\/#logo"}},{"@type":"WebSite","@id":"https:\/\/acefootball.com\/da\/#website","url":"https:\/\/acefootball.com\/da\/","name":"Ace Football Danmark","description":"Nyheder, Spiltips &amp; Livescore","publisher":{"@id":"https:\/\/acefootball.com\/da\/#organization"},"potentialAction":[{"@type":"SearchAction","target":{"@type":"EntryPoint","urlTemplate":"https:\/\/acefootball.com\/da\/?s={search_term_string}"},"query-input":"required name=search_term_string"}],"inLanguage":"en-US"},{"@type":"ImageObject","@id":"https:\/\/acefootball.com\/da\/fodboldnyheder\/klopp-giver-positiv-opdatering-paa-thiago-skade\/#primaryimage","inLanguage":"en-US","url":"https:\/\/acefootball.com\/da\/wp-content\/uploads\/sites\/2\/2020\/09\/GettyImages-1273765728.jpg","contentUrl":"https:\/\/acefootball.com\/da\/wp-content\/uploads\/sites\/2\/2020\/09\/GettyImages-1273765728.jpg","width":1024,"height":701,"caption":"LONDON, ENGLAND - SEPTEMBER 20: Thiago Alcantara of Liverpool in action during the Premier League match between Chelsea and Liverpool at Stamford Bridge on September 20, 2020 in London, England. (Photo by Michael Regan\/Getty Images)"},{"@type":"WebPage","@id":"https:\/\/acefootball.com\/da\/fodboldnyheder\/klopp-giver-positiv-opdatering-paa-thiago-skade\/#webpage","url":"https:\/\/acefootball.com\/da\/fodboldnyheder\/klopp-giver-positiv-opdatering-paa-thiago-skade\/","name":"Klopp giver positiv opdatering p\u00e5 Thiago-skade","isPartOf":{"@id":"https:\/\/acefootball.com\/da\/#website"},"primaryImageOfPage":{"@id":"https:\/\/acefootball.com\/da\/fodboldnyheder\/klopp-giver-positiv-opdatering-paa-thiago-skade\/#primaryimage"},"datePublished":"2020-09-28T20:22:57+00:00","dateModified":"2020-09-28T20:22:57+00:00","description":"Liverpool-indk\u00f8bet Thiago blev skadet forud for opg\u00f8ret mod Arsenal, men J\u00fcrgen Klopp forventer ikke spanieren ude i l\u00e6ngere tid","breadcrumb":{"@id":"https:\/\/acefootball.com\/da\/fodboldnyheder\/klopp-giver-positiv-opdatering-paa-thiago-skade\/#breadcrumb"},"inLanguage":"en-US","potentialAction":[{"@type":"ReadAction","target":["https:\/\/acefootball.com\/da\/fodboldnyheder\/klopp-giver-positiv-opdatering-paa-thiago-skade\/"]}]},{"@type":"BreadcrumbList","@id":"https:\/\/acefootball.com\/da\/fodboldnyheder\/klopp-giver-positiv-opdatering-paa-thiago-skade\/#breadcrumb","itemListElement":[{"@type":"ListItem","position":1,"name":"Home","item":"https:\/\/acefootball.com\/da\/"},{"@type":"ListItem","position":2,"name":"Klopp giver positiv opdatering p\u00e5 Thiago-skade"}]},{"@type":"Article","@id":"https:\/\/acefootball.com\/da\/fodboldnyheder\/klopp-giver-positiv-opdatering-paa-thiago-skade\/#article","isPartOf":{"@id":"https:\/\/acefootball.com\/da\/fodboldnyheder\/klopp-giver-positiv-opdatering-paa-thiago-skade\/#webpage"},"author":{"@id":"https:\/\/acefootball.com\/da\/#\/schema\/person\/ee67e9cf04a276f144100ffa722f10cd"},"headline":"Klopp giver positiv opdatering p\u00e5 Thiago-skade","datePublished":"2020-09-28T20:22:57+00:00","dateModified":"2020-09-28T20:22:57+00:00","mainEntityOfPage":{"@id":"https:\/\/acefootball.com\/da\/fodboldnyheder\/klopp-giver-positiv-opdatering-paa-thiago-skade\/#webpage"},"wordCount":166,"commentCount":0,"publisher":{"@id":"https:\/\/acefootball.com\/da\/#organization"},"image":{"@id":"https:\/\/acefootball.com\/da\/fodboldnyheder\/klopp-giver-positiv-opdatering-paa-thiago-skade\/#primaryimage"},"thumbnailUrl":"https:\/\/acefootball.com\/da\/wp-content\/uploads\/sites\/2\/2020\/09\/GettyImages-1273765728.jpg","keywords":["J\u00fcrgen Klopp","Liverpool","Premier League","Thiago Alc\u00e2ntara"],"articleSection":["Udtalelse"],"inLanguage":"en-US","potentialAction":[{"@type":"CommentAction","name":"Comment","target":["https:\/\/acefootball.com\/da\/fodboldnyheder\/klopp-giver-positiv-opdatering-paa-thiago-skade\/#respond"]}]},{"@type":"Person","@id":"https:\/\/acefootball.com\/da\/#\/schema\/person\/ee67e9cf04a276f144100ffa722f10cd","name":"Mads Dreyer","image":{"@type":"ImageObject","@id":"https:\/\/acefootball.com\/da\/#personlogo","inLanguage":"en-US","url":"https:\/\/secure.gravatar.com\/avatar\/7c7abf72cfde9902b6a60efe60c88d4c?s=96&d=mm&r=g","contentUrl":"https:\/\/secure.gravatar.com\/avatar\/7c7abf72cfde9902b6a60efe60c88d4c?s=96&d=mm&r=g","caption":"Mads Dreyer"},"description":"Skribent og fodboldn\u00f8rd, der lige nu fort\u00e6ller om alt og intet i fodboldverdenen p\u00e5 acefootball.com. Uddannet i kommunikation fra Aalborg Universitet.","sameAs":["https:\/\/www.linkedin.com\/in\/mads-dreyer-b9b08266\/"],"url":"https:\/\/acefootball.com\/da\/fodboldnyheder\/author\/mdnronaldo\/"}]}},"fimg_url":"https:\/\/acefootball.com\/da\/wp-content\/uploads\/sites\/2\/2020\/09\/GettyImages-1273765728.jpg","_links":{"self":[{"href":"https:\/\/acefootball.com\/da\/wp-json\/wp\/v2\/posts\/238729"}],"collection":[{"href":"https:\/\/acefootball.com\/da\/wp-json\/wp\/v2\/posts"}],"about":[{"href":"https:\/\/acefootball.com\/da\/wp-json\/wp\/v2\/types\/post"}],"author":[{"embeddable":true,"href":"https:\/\/acefootball.com\/da\/wp-json\/wp\/v2\/users\/705"}],"replies":[{"embeddable":true,"href":"https:\/\/acefootball.com\/da\/wp-json\/wp\/v2\/comments?post=238729"}],"version-history":[{"count":0,"href":"https:\/\/acefootball.com\/da\/wp-json\/wp\/v2\/posts\/238729\/revisions"}],"wp:featuredmedia":[{"embeddable":true,"href":"https:\/\/acefootball.com\/da\/wp-json\/wp\/v2\/media\/237946"}],"wp:attachment":[{"href":"https:\/\/acefootball.com\/da\/wp-json\/wp\/v2\/media?parent=238729"}],"wp:term":[{"taxonomy":"category","embeddable":true,"href":"https:\/\/acefootball.com\/da\/wp-json\/wp\/v2\/categories?post=238729"},{"taxonomy":"post_tag","embeddable":true,"href":"https:\/\/acefootball.com\/da\/wp-json\/wp\/v2\/tags?post=238729"}],"curies":[{"name":"wp","href":"https:\/\/api.w.org\/{rel}","templated":true}]}}