{"id":238676,"date":"2020-09-28T14:05:21","date_gmt":"2020-09-28T12:05:21","guid":{"rendered":"https:\/\/acefootball.com\/da\/?p=238676"},"modified":"2020-09-28T14:05:22","modified_gmt":"2020-09-28T12:05:22","slug":"aubameyang-afsloerer-afviste-barcelona-af-to-aarsager","status":"publish","type":"post","link":"https:\/\/acefootball.com\/da\/fodboldnyheder\/aubameyang-afsloerer-afviste-barcelona-af-to-aarsager\/","title":{"rendered":"Aubameyang afsl\u00f8rer: Afviste Barcelona af to \u00e5rsager"},"content":{"rendered":"\n<h2>Pierre-Emerick Aubameyang havde flere tilbud p\u00e5 bordet, men han endt med at forl\u00e6nge kontrakten med Arsenal<\/h2>\n\n\n\n<p>Pierre-Emerick Aubameyang var rygtet til flere forskellige klubber denne sommer, men han valgte i sidste ende at forl\u00e6nge kontrakten med Arsenal, der havde givet ham et ultimatum, hvor han enten skulle s\u00e6lges eller forl\u00e6nge.<\/p>\n\n\n\n<figure class=\"wp-block-embed-wordpress wp-block-embed is-type-wp-embed is-provider-ace-football-danmark\"><div class=\"wp-block-embed__wrapper\">\n<blockquote class=\"wp-embedded-content\" data-secret=\"vnlNqhk0SG\"><a href=\"https:\/\/acefootball.com\/da\/fodboldnyheder\/arsenal-bekraefter-aubameyang-forlaenger\/\">Arsenal bekr\u00e6fter: Aubameyang forl\u00e6nger<\/a><\/blockquote><iframe class=\"wp-embedded-content\" sandbox=\"allow-scripts\" security=\"restricted\" style=\"position: absolute; clip: rect(1px, 1px, 1px, 1px);\" title=\"&#8220;Arsenal bekr\u00e6fter: Aubameyang forl\u00e6nger&#8221; &#8212; Ace Football Danmark\" src=\"https:\/\/acefootball.com\/da\/fodboldnyheder\/arsenal-bekraefter-aubameyang-forlaenger\/embed\/#?secret=vnlNqhk0SG\" data-secret=\"vnlNqhk0SG\" width=\"600\" height=\"338\" frameborder=\"0\" marginwidth=\"0\" marginheight=\"0\" scrolling=\"no\"><\/iframe>\n<\/div><\/figure>\n\n\n\n<p>Nu har den farlige frontl\u00f8ber talt ud om, hvad der var motivet for at blive i London-klubben, selvom den spanske gigant FC Barcelona bankede p\u00e5 d\u00f8ren.<\/p>\n\n\n\n<p>&#8220;Der var en r\u00e6kke tilbud, herunder fra FC Barcelona,&#8221; siger Aubameyang if\u00f8lge <a href=\"https:\/\/metro.co.uk\/2020\/09\/28\/pierre-emerick-aubameyang-reveals-he-rejected-barcelona-to-stay-at-arsenal-13335352\/\" target=\"_blank\" rel=\"noreferrer noopener\">Metro UK<\/a> til Canal+ og uddyber:<\/p>\n\n\n\n<p>&#8220;Jeg valgte at blive af to \u00e5rsager. Den f\u00f8rste var den nye tr\u00e6ner, Mikel Arteta, da vi havde nogle gode samtaler under lockdown, hvor han form\u00e5ede at overbevise mig &#8211; prim\u00e6rt grundet det sp\u00e6ndende projekt.&#8221;<\/p>\n\n\n\n<p>&#8220;Den anden grund er, at jeg modtager stor k\u00e6rlighed fra fans og folk t\u00e6t p\u00e5 klubben. Jeg er altid blevet behandlet som en af deres egne. Jeg bliver her. S\u00e5 simpelt er det.&#8221;<\/p>\n\n\n\n<p>Aubameyang skiftede til Arsenal fra Borussia Dortmund i januar 2018 og har siden da scoret 72 m\u00e5l i 112 kampe for The Gunners.<\/p>\n\n\n\n<figure class=\"wp-block-embed-youtube wp-block-embed is-type-video is-provider-youtube wp-embed-aspect-16-9 wp-has-aspect-ratio\"><div class=\"wp-block-embed__wrapper\">\n<iframe loading=\"lazy\" title=\"Aubameyang Moments of Magic in 2020\" width=\"640\" height=\"360\" src=\"https:\/\/www.youtube.com\/embed\/pOZuJpMPBB8?feature=oembed\" frameborder=\"0\" allow=\"accelerometer; autoplay; clipboard-write; encrypted-media; gyroscope; picture-in-picture\" allowfullscreen><\/iframe>\n<\/div><\/figure>\n","protected":false},"excerpt":{"rendered":"<p>Pierre-Emerick Aubameyang havde flere tilbud p\u00e5 bordet, men han endt med at forl\u00e6nge kontrakten med Arsenal<\/p>\n","protected":false},"author":74,"featured_media":236843,"comment_status":"open","ping_status":"closed","sticky":false,"template":"","format":"standard","meta":{"om_disable_all_campaigns":false,"push_articles_ronaldo":{"active":false,"canonical":0,"publish":false},"force_updates":null},"categories":[8204],"tags":[227,41,303,1107,134],"enet_tags":{"team":["9825","8634"],"league":["87","47"],"player":["150565"],"sport_events":[]},"yoast_head":"<!-- This site is optimized with the Yoast SEO plugin v18.3 - https:\/\/yoast.com\/wordpress\/plugins\/seo\/ -->\n<title>Aubameyang afsl\u00f8rer: Afviste Barcelona af to \u00e5rsager<\/title>\n<meta name=\"description\" content=\"Pierre-Emerick Aubameyang havde flere tilbud p\u00e5 bordet, men han endt med at forl\u00e6nge kontrakten med Arsenal\" \/>\n<meta name=\"robots\" content=\"index, follow, max-snippet:-1, max-image-preview:large, max-video-preview:-1\" \/>\n<link rel=\"canonical\" href=\"https:\/\/acefootball.com\/da\/fodboldnyheder\/aubameyang-afsloerer-afviste-barcelona-af-to-aarsager\/\" \/>\n<meta property=\"og:locale\" content=\"en_US\" \/>\n<meta property=\"og:type\" content=\"article\" \/>\n<meta property=\"og:title\" content=\"Aubameyang afsl\u00f8rer: Afviste Barcelona af to \u00e5rsager\" \/>\n<meta property=\"og:description\" content=\"Pierre-Emerick Aubameyang havde flere tilbud p\u00e5 bordet, men han endt med at forl\u00e6nge kontrakten med Arsenal\" \/>\n<meta property=\"og:url\" content=\"https:\/\/acefootball.com\/da\/fodboldnyheder\/aubameyang-afsloerer-afviste-barcelona-af-to-aarsager\/\" \/>\n<meta property=\"og:site_name\" content=\"Ace Football Danmark\" \/>\n<meta property=\"article:publisher\" content=\"https:\/\/www.facebook.com\/acefootballdk\" \/>\n<meta property=\"article:published_time\" content=\"2020-09-28T12:05:21+00:00\" \/>\n<meta property=\"article:modified_time\" content=\"2020-09-28T12:05:22+00:00\" \/>\n<meta property=\"og:image\" content=\"https:\/\/acefootball.com\/da\/wp-content\/uploads\/sites\/2\/2020\/09\/GettyImages-1209115924.jpg\" \/>\n\t<meta property=\"og:image:width\" content=\"1024\" \/>\n\t<meta property=\"og:image:height\" content=\"652\" \/>\n\t<meta property=\"og:image:type\" content=\"image\/jpeg\" \/>\n<meta name=\"twitter:card\" content=\"summary_large_image\" \/>\n<meta name=\"twitter:label1\" content=\"Written by\" \/>\n\t<meta name=\"twitter:data1\" content=\"Patrick Hesselb\u00e6k\" \/>\n\t<meta name=\"twitter:label2\" content=\"Est. reading time\" \/>\n\t<meta name=\"twitter:data2\" content=\"1 minute\" \/>\n<script type=\"application\/ld+json\" class=\"yoast-schema-graph\">{\"@context\":\"https:\/\/schema.org\",\"@graph\":[{\"@type\":\"Organization\",\"@id\":\"https:\/\/acefootball.com\/da\/#organization\",\"name\":\"Ace Football\",\"url\":\"https:\/\/acefootball.com\/da\/\",\"sameAs\":[\"https:\/\/www.facebook.com\/acefootballdk\"],\"logo\":{\"@type\":\"ImageObject\",\"@id\":\"https:\/\/acefootball.com\/da\/#logo\",\"inLanguage\":\"en-US\",\"url\":\"https:\/\/acefootball.com\/da\/wp-content\/uploads\/sites\/2\/2020\/07\/Ace-Football-30-07-2020-2.png\",\"contentUrl\":\"https:\/\/acefootball.com\/da\/wp-content\/uploads\/sites\/2\/2020\/07\/Ace-Football-30-07-2020-2.png\",\"width\":1200,\"height\":600,\"caption\":\"Ace Football\"},\"image\":{\"@id\":\"https:\/\/acefootball.com\/da\/#logo\"}},{\"@type\":\"WebSite\",\"@id\":\"https:\/\/acefootball.com\/da\/#website\",\"url\":\"https:\/\/acefootball.com\/da\/\",\"name\":\"Ace Football Danmark\",\"description\":\"Nyheder, Spiltips &amp; Livescore\",\"publisher\":{\"@id\":\"https:\/\/acefootball.com\/da\/#organization\"},\"potentialAction\":[{\"@type\":\"SearchAction\",\"target\":{\"@type\":\"EntryPoint\",\"urlTemplate\":\"https:\/\/acefootball.com\/da\/?s={search_term_string}\"},\"query-input\":\"required name=search_term_string\"}],\"inLanguage\":\"en-US\"},{\"@type\":\"ImageObject\",\"@id\":\"https:\/\/acefootball.com\/da\/fodboldnyheder\/aubameyang-afsloerer-afviste-barcelona-af-to-aarsager\/#primaryimage\",\"inLanguage\":\"en-US\",\"url\":\"https:\/\/acefootball.com\/da\/wp-content\/uploads\/sites\/2\/2020\/09\/GettyImages-1209115924.jpg\",\"contentUrl\":\"https:\/\/acefootball.com\/da\/wp-content\/uploads\/sites\/2\/2020\/09\/GettyImages-1209115924.jpg\",\"width\":1024,\"height\":652,\"caption\":\"LONDON, ENGLAND - FEBRUARY 27: Pierre-Emerick Aubameyang of Arsenal FC celebrates after scoring his team's first goal in extra-time during the UEFA Europa League round of 32 second leg match between Arsenal FC and Olympiacos FC at Emirates Stadium on February 27, 2020 in London, United Kingdom. (Photo by Julian Finney\/Getty Images)\"},{\"@type\":\"WebPage\",\"@id\":\"https:\/\/acefootball.com\/da\/fodboldnyheder\/aubameyang-afsloerer-afviste-barcelona-af-to-aarsager\/#webpage\",\"url\":\"https:\/\/acefootball.com\/da\/fodboldnyheder\/aubameyang-afsloerer-afviste-barcelona-af-to-aarsager\/\",\"name\":\"Aubameyang afsl\u00f8rer: Afviste Barcelona af to \u00e5rsager\",\"isPartOf\":{\"@id\":\"https:\/\/acefootball.com\/da\/#website\"},\"primaryImageOfPage\":{\"@id\":\"https:\/\/acefootball.com\/da\/fodboldnyheder\/aubameyang-afsloerer-afviste-barcelona-af-to-aarsager\/#primaryimage\"},\"datePublished\":\"2020-09-28T12:05:21+00:00\",\"dateModified\":\"2020-09-28T12:05:22+00:00\",\"description\":\"Pierre-Emerick Aubameyang havde flere tilbud p\u00e5 bordet, men han endt med at forl\u00e6nge kontrakten med Arsenal\",\"breadcrumb\":{\"@id\":\"https:\/\/acefootball.com\/da\/fodboldnyheder\/aubameyang-afsloerer-afviste-barcelona-af-to-aarsager\/#breadcrumb\"},\"inLanguage\":\"en-US\",\"potentialAction\":[{\"@type\":\"ReadAction\",\"target\":[\"https:\/\/acefootball.com\/da\/fodboldnyheder\/aubameyang-afsloerer-afviste-barcelona-af-to-aarsager\/\"]}]},{\"@type\":\"BreadcrumbList\",\"@id\":\"https:\/\/acefootball.com\/da\/fodboldnyheder\/aubameyang-afsloerer-afviste-barcelona-af-to-aarsager\/#breadcrumb\",\"itemListElement\":[{\"@type\":\"ListItem\",\"position\":1,\"name\":\"Home\",\"item\":\"https:\/\/acefootball.com\/da\/\"},{\"@type\":\"ListItem\",\"position\":2,\"name\":\"Aubameyang afsl\u00f8rer: Afviste Barcelona af to \u00e5rsager\"}]},{\"@type\":\"Article\",\"@id\":\"https:\/\/acefootball.com\/da\/fodboldnyheder\/aubameyang-afsloerer-afviste-barcelona-af-to-aarsager\/#article\",\"isPartOf\":{\"@id\":\"https:\/\/acefootball.com\/da\/fodboldnyheder\/aubameyang-afsloerer-afviste-barcelona-af-to-aarsager\/#webpage\"},\"author\":{\"@id\":\"https:\/\/acefootball.com\/da\/#\/schema\/person\/fd6223a1c033400b41da7853ddf88c84\"},\"headline\":\"Aubameyang afsl\u00f8rer: Afviste Barcelona af to \u00e5rsager\",\"datePublished\":\"2020-09-28T12:05:21+00:00\",\"dateModified\":\"2020-09-28T12:05:22+00:00\",\"mainEntityOfPage\":{\"@id\":\"https:\/\/acefootball.com\/da\/fodboldnyheder\/aubameyang-afsloerer-afviste-barcelona-af-to-aarsager\/#webpage\"},\"wordCount\":223,\"commentCount\":0,\"publisher\":{\"@id\":\"https:\/\/acefootball.com\/da\/#organization\"},\"image\":{\"@id\":\"https:\/\/acefootball.com\/da\/fodboldnyheder\/aubameyang-afsloerer-afviste-barcelona-af-to-aarsager\/#primaryimage\"},\"thumbnailUrl\":\"https:\/\/acefootball.com\/da\/wp-content\/uploads\/sites\/2\/2020\/09\/GettyImages-1209115924.jpg\",\"keywords\":[\"Arsenal\",\"FC Barcelona\",\"La Liga\",\"Pierre-Emerick Aubameyang\",\"Premier League\"],\"articleSection\":[\"Udtalelse\"],\"inLanguage\":\"en-US\",\"potentialAction\":[{\"@type\":\"CommentAction\",\"name\":\"Comment\",\"target\":[\"https:\/\/acefootball.com\/da\/fodboldnyheder\/aubameyang-afsloerer-afviste-barcelona-af-to-aarsager\/#respond\"]}]},{\"@type\":\"Person\",\"@id\":\"https:\/\/acefootball.com\/da\/#\/schema\/person\/fd6223a1c033400b41da7853ddf88c84\",\"name\":\"Patrick Hesselb\u00e6k\",\"image\":{\"@type\":\"ImageObject\",\"@id\":\"https:\/\/acefootball.com\/da\/#personlogo\",\"inLanguage\":\"en-US\",\"url\":\"https:\/\/secure.gravatar.com\/avatar\/7919060992759bffbffb199d6cbdce6f?s=96&d=mm&r=g\",\"contentUrl\":\"https:\/\/secure.gravatar.com\/avatar\/7919060992759bffbffb199d6cbdce6f?s=96&d=mm&r=g\",\"caption\":\"Patrick Hesselb\u00e6k\"},\"description\":\"Redakt\u00f8r p\u00e5 den danske Ace Football-redaktion. Uddannet i kommunikation fra Aalborg Universitet. Prim\u00e6rt fokus p\u00e5 den danske 3F Superliga og de st\u00f8rste europ\u00e6iske turneringer.\",\"sameAs\":[\"https:\/\/www.linkedin.com\/in\/patrick-hesselbk-2a4b1711a\/\"],\"url\":\"https:\/\/acefootball.com\/da\/fodboldnyheder\/author\/patrickhesselbaek\/\"}]}<\/script>\n<!-- \/ Yoast SEO plugin. -->","yoast_head_json":{"title":"Aubameyang afsl\u00f8rer: Afviste Barcelona af to \u00e5rsager","description":"Pierre-Emerick Aubameyang havde flere tilbud p\u00e5 bordet, men han endt med at forl\u00e6nge kontrakten med Arsenal","robots":{"index":"index","follow":"follow","max-snippet":"max-snippet:-1","max-image-preview":"max-image-preview:large","max-video-preview":"max-video-preview:-1"},"canonical":"https:\/\/acefootball.com\/da\/fodboldnyheder\/aubameyang-afsloerer-afviste-barcelona-af-to-aarsager\/","og_locale":"en_US","og_type":"article","og_title":"Aubameyang afsl\u00f8rer: Afviste Barcelona af to \u00e5rsager","og_description":"Pierre-Emerick Aubameyang havde flere tilbud p\u00e5 bordet, men han endt med at forl\u00e6nge kontrakten med Arsenal","og_url":"https:\/\/acefootball.com\/da\/fodboldnyheder\/aubameyang-afsloerer-afviste-barcelona-af-to-aarsager\/","og_site_name":"Ace Football Danmark","article_publisher":"https:\/\/www.facebook.com\/acefootballdk","article_published_time":"2020-09-28T12:05:21+00:00","article_modified_time":"2020-09-28T12:05:22+00:00","og_image":[{"width":1024,"height":652,"url":"https:\/\/acefootball.com\/da\/wp-content\/uploads\/sites\/2\/2020\/09\/GettyImages-1209115924.jpg","type":"image\/jpeg"}],"twitter_card":"summary_large_image","twitter_misc":{"Written by":"Patrick Hesselb\u00e6k","Est. reading time":"1 minute"},"schema":{"@context":"https:\/\/schema.org","@graph":[{"@type":"Organization","@id":"https:\/\/acefootball.com\/da\/#organization","name":"Ace Football","url":"https:\/\/acefootball.com\/da\/","sameAs":["https:\/\/www.facebook.com\/acefootballdk"],"logo":{"@type":"ImageObject","@id":"https:\/\/acefootball.com\/da\/#logo","inLanguage":"en-US","url":"https:\/\/acefootball.com\/da\/wp-content\/uploads\/sites\/2\/2020\/07\/Ace-Football-30-07-2020-2.png","contentUrl":"https:\/\/acefootball.com\/da\/wp-content\/uploads\/sites\/2\/2020\/07\/Ace-Football-30-07-2020-2.png","width":1200,"height":600,"caption":"Ace Football"},"image":{"@id":"https:\/\/acefootball.com\/da\/#logo"}},{"@type":"WebSite","@id":"https:\/\/acefootball.com\/da\/#website","url":"https:\/\/acefootball.com\/da\/","name":"Ace Football Danmark","description":"Nyheder, Spiltips &amp; Livescore","publisher":{"@id":"https:\/\/acefootball.com\/da\/#organization"},"potentialAction":[{"@type":"SearchAction","target":{"@type":"EntryPoint","urlTemplate":"https:\/\/acefootball.com\/da\/?s={search_term_string}"},"query-input":"required name=search_term_string"}],"inLanguage":"en-US"},{"@type":"ImageObject","@id":"https:\/\/acefootball.com\/da\/fodboldnyheder\/aubameyang-afsloerer-afviste-barcelona-af-to-aarsager\/#primaryimage","inLanguage":"en-US","url":"https:\/\/acefootball.com\/da\/wp-content\/uploads\/sites\/2\/2020\/09\/GettyImages-1209115924.jpg","contentUrl":"https:\/\/acefootball.com\/da\/wp-content\/uploads\/sites\/2\/2020\/09\/GettyImages-1209115924.jpg","width":1024,"height":652,"caption":"LONDON, ENGLAND - FEBRUARY 27: Pierre-Emerick Aubameyang of Arsenal FC celebrates after scoring his team's first goal in extra-time during the UEFA Europa League round of 32 second leg match between Arsenal FC and Olympiacos FC at Emirates Stadium on February 27, 2020 in London, United Kingdom. (Photo by Julian Finney\/Getty Images)"},{"@type":"WebPage","@id":"https:\/\/acefootball.com\/da\/fodboldnyheder\/aubameyang-afsloerer-afviste-barcelona-af-to-aarsager\/#webpage","url":"https:\/\/acefootball.com\/da\/fodboldnyheder\/aubameyang-afsloerer-afviste-barcelona-af-to-aarsager\/","name":"Aubameyang afsl\u00f8rer: Afviste Barcelona af to \u00e5rsager","isPartOf":{"@id":"https:\/\/acefootball.com\/da\/#website"},"primaryImageOfPage":{"@id":"https:\/\/acefootball.com\/da\/fodboldnyheder\/aubameyang-afsloerer-afviste-barcelona-af-to-aarsager\/#primaryimage"},"datePublished":"2020-09-28T12:05:21+00:00","dateModified":"2020-09-28T12:05:22+00:00","description":"Pierre-Emerick Aubameyang havde flere tilbud p\u00e5 bordet, men han endt med at forl\u00e6nge kontrakten med Arsenal","breadcrumb":{"@id":"https:\/\/acefootball.com\/da\/fodboldnyheder\/aubameyang-afsloerer-afviste-barcelona-af-to-aarsager\/#breadcrumb"},"inLanguage":"en-US","potentialAction":[{"@type":"ReadAction","target":["https:\/\/acefootball.com\/da\/fodboldnyheder\/aubameyang-afsloerer-afviste-barcelona-af-to-aarsager\/"]}]},{"@type":"BreadcrumbList","@id":"https:\/\/acefootball.com\/da\/fodboldnyheder\/aubameyang-afsloerer-afviste-barcelona-af-to-aarsager\/#breadcrumb","itemListElement":[{"@type":"ListItem","position":1,"name":"Home","item":"https:\/\/acefootball.com\/da\/"},{"@type":"ListItem","position":2,"name":"Aubameyang afsl\u00f8rer: Afviste Barcelona af to \u00e5rsager"}]},{"@type":"Article","@id":"https:\/\/acefootball.com\/da\/fodboldnyheder\/aubameyang-afsloerer-afviste-barcelona-af-to-aarsager\/#article","isPartOf":{"@id":"https:\/\/acefootball.com\/da\/fodboldnyheder\/aubameyang-afsloerer-afviste-barcelona-af-to-aarsager\/#webpage"},"author":{"@id":"https:\/\/acefootball.com\/da\/#\/schema\/person\/fd6223a1c033400b41da7853ddf88c84"},"headline":"Aubameyang afsl\u00f8rer: Afviste Barcelona af to \u00e5rsager","datePublished":"2020-09-28T12:05:21+00:00","dateModified":"2020-09-28T12:05:22+00:00","mainEntityOfPage":{"@id":"https:\/\/acefootball.com\/da\/fodboldnyheder\/aubameyang-afsloerer-afviste-barcelona-af-to-aarsager\/#webpage"},"wordCount":223,"commentCount":0,"publisher":{"@id":"https:\/\/acefootball.com\/da\/#organization"},"image":{"@id":"https:\/\/acefootball.com\/da\/fodboldnyheder\/aubameyang-afsloerer-afviste-barcelona-af-to-aarsager\/#primaryimage"},"thumbnailUrl":"https:\/\/acefootball.com\/da\/wp-content\/uploads\/sites\/2\/2020\/09\/GettyImages-1209115924.jpg","keywords":["Arsenal","FC Barcelona","La Liga","Pierre-Emerick Aubameyang","Premier League"],"articleSection":["Udtalelse"],"inLanguage":"en-US","potentialAction":[{"@type":"CommentAction","name":"Comment","target":["https:\/\/acefootball.com\/da\/fodboldnyheder\/aubameyang-afsloerer-afviste-barcelona-af-to-aarsager\/#respond"]}]},{"@type":"Person","@id":"https:\/\/acefootball.com\/da\/#\/schema\/person\/fd6223a1c033400b41da7853ddf88c84","name":"Patrick Hesselb\u00e6k","image":{"@type":"ImageObject","@id":"https:\/\/acefootball.com\/da\/#personlogo","inLanguage":"en-US","url":"https:\/\/secure.gravatar.com\/avatar\/7919060992759bffbffb199d6cbdce6f?s=96&d=mm&r=g","contentUrl":"https:\/\/secure.gravatar.com\/avatar\/7919060992759bffbffb199d6cbdce6f?s=96&d=mm&r=g","caption":"Patrick Hesselb\u00e6k"},"description":"Redakt\u00f8r p\u00e5 den danske Ace Football-redaktion. Uddannet i kommunikation fra Aalborg Universitet. Prim\u00e6rt fokus p\u00e5 den danske 3F Superliga og de st\u00f8rste europ\u00e6iske turneringer.","sameAs":["https:\/\/www.linkedin.com\/in\/patrick-hesselbk-2a4b1711a\/"],"url":"https:\/\/acefootball.com\/da\/fodboldnyheder\/author\/patrickhesselbaek\/"}]}},"fimg_url":"https:\/\/acefootball.com\/da\/wp-content\/uploads\/sites\/2\/2020\/09\/GettyImages-1209115924.jpg","_links":{"self":[{"href":"https:\/\/acefootball.com\/da\/wp-json\/wp\/v2\/posts\/238676"}],"collection":[{"href":"https:\/\/acefootball.com\/da\/wp-json\/wp\/v2\/posts"}],"about":[{"href":"https:\/\/acefootball.com\/da\/wp-json\/wp\/v2\/types\/post"}],"author":[{"embeddable":true,"href":"https:\/\/acefootball.com\/da\/wp-json\/wp\/v2\/users\/74"}],"replies":[{"embeddable":true,"href":"https:\/\/acefootball.com\/da\/wp-json\/wp\/v2\/comments?post=238676"}],"version-history":[{"count":0,"href":"https:\/\/acefootball.com\/da\/wp-json\/wp\/v2\/posts\/238676\/revisions"}],"wp:featuredmedia":[{"embeddable":true,"href":"https:\/\/acefootball.com\/da\/wp-json\/wp\/v2\/media\/236843"}],"wp:attachment":[{"href":"https:\/\/acefootball.com\/da\/wp-json\/wp\/v2\/media?parent=238676"}],"wp:term":[{"taxonomy":"category","embeddable":true,"href":"https:\/\/acefootball.com\/da\/wp-json\/wp\/v2\/categories?post=238676"},{"taxonomy":"post_tag","embeddable":true,"href":"https:\/\/acefootball.com\/da\/wp-json\/wp\/v2\/tags?post=238676"}],"curies":[{"name":"wp","href":"https:\/\/api.w.org\/{rel}","templated":true}]}}