{"id":238618,"date":"2020-09-27T21:24:18","date_gmt":"2020-09-27T19:24:18","guid":{"rendered":"https:\/\/acefootball.com\/da\/?p=238618"},"modified":"2020-09-27T21:24:19","modified_gmt":"2020-09-27T19:24:19","slug":"rygte-united-reserve-sendes-paa-leje-i-serie-a","status":"publish","type":"post","link":"https:\/\/acefootball.com\/da\/fodboldnyheder\/rygte-united-reserve-sendes-paa-leje-i-serie-a\/","title":{"rendered":"Rygte: United-reserve sendes p\u00e5 leje i Serie A"},"content":{"rendered":"\n<h2>If\u00f8lge et brasiliansk medie sender Manchester United midtbanereserven Andreas Pereira et \u00e5r p\u00e5 leje hos Lazio<\/h2>\n\n\n\n<p>Efter indk\u00f8bet af Bruno Fernandes og senest Donny van de Beek er der ikke meget plads p\u00e5 midtbanen i Manchester United til Andreas Pereira.<\/p>\n\n\n\n<p>Pereira fik ellers fint med spilletid i sidste s\u00e6sons efter\u00e5r, men efter corona-pausen var brasilianeren sj\u00e6ldent at finde p\u00e5 banen.<\/p>\n\n\n\n<p>I denne s\u00e6son har midtbanespilleren heller ikke v\u00e6ret i aktion endnu, og nu tyder meget ogs\u00e5 p\u00e5, at der bliver s\u00f8gt spilletid andetsteds.<\/p>\n\n\n\n<div class=\"wp-block-si-widget wp-block-si-widget--center\"><si-lb-widget widget-id=\"PlayerSeasonStatsSnap\" data-hide-controls=\"false\" width=\"440\" data-card=\"true\" data-language=\"da\" data-provider=\"mrgreen\" data-player-id=\"575779\"><\/si-lb-widget><\/div>\n\n\n\n<p>Det brasilianske medie <a href=\"https:\/\/www.esporteinterativo.com.br\/melhorfuteboldomundo\/EXCLUSIVO-Andreas-Pereira-esta-perto-de-fechar-com-a-Lazio-por-uma-temporada-20200927-0005.html\" target=\"_blank\" rel=\"noreferrer noopener\">Esporte Interativo<\/a> skriver i hvert fald, at en lejeaftale med Lazio skulle v\u00e6re meget t\u00e6t p\u00e5 at falde p\u00e5 plads efter et par ugers forhandlinger.<\/p>\n\n\n\n<p>If\u00f8lge mediet tager Pereira et \u00e5r i Serie A, og n\u00e6ste sommer har Lazio muligheden for at k\u00f8be spilleren fri for angiveligt 200 millioner kroner.<\/p>\n\n\n\n<p>Skulle et k\u00f8b udm\u00f8nte sig, vil Manchester United i fremtiden f\u00e5 10 procent at et potentielt videresalg.<\/p>\n","protected":false},"excerpt":{"rendered":"<p>If\u00f8lge et brasiliansk medie sender Manchester United midtbanereserven Andreas Pereira et \u00e5r p\u00e5 leje hos Lazio<\/p>\n","protected":false},"author":705,"featured_media":238619,"comment_status":"open","ping_status":"closed","sticky":false,"template":"","format":"standard","meta":{"om_disable_all_campaigns":false,"push_articles_ronaldo":{"active":false,"canonical":0,"publish":false},"force_updates":null},"categories":[7],"tags":[1978,217,126,134,131],"enet_tags":{"player":["575779"],"team":["8543","10260"],"league":["47","55"],"sport_events":[]},"yoast_head":"<!-- This site is optimized with the Yoast SEO plugin v18.3 - https:\/\/yoast.com\/wordpress\/plugins\/seo\/ -->\n<title>Rygte: United-reserve sendes p\u00e5 leje i Serie A<\/title>\n<meta name=\"description\" content=\"If\u00f8lge et brasiliansk medie sender Manchester United midtbanereserven Andreas Pereira et \u00e5r p\u00e5 leje hos Lazio\" \/>\n<meta name=\"robots\" content=\"index, follow, max-snippet:-1, max-image-preview:large, max-video-preview:-1\" \/>\n<link rel=\"canonical\" href=\"https:\/\/acefootball.com\/da\/fodboldnyheder\/rygte-united-reserve-sendes-paa-leje-i-serie-a\/\" \/>\n<meta property=\"og:locale\" content=\"en_US\" \/>\n<meta property=\"og:type\" content=\"article\" \/>\n<meta property=\"og:title\" content=\"Rygte: United-reserve sendes p\u00e5 leje i Serie A\" \/>\n<meta property=\"og:description\" content=\"If\u00f8lge et brasiliansk medie sender Manchester United midtbanereserven Andreas Pereira et \u00e5r p\u00e5 leje hos Lazio\" \/>\n<meta property=\"og:url\" content=\"https:\/\/acefootball.com\/da\/fodboldnyheder\/rygte-united-reserve-sendes-paa-leje-i-serie-a\/\" \/>\n<meta property=\"og:site_name\" content=\"Ace Football Danmark\" \/>\n<meta property=\"article:publisher\" content=\"https:\/\/www.facebook.com\/acefootballdk\" \/>\n<meta property=\"article:published_time\" content=\"2020-09-27T19:24:18+00:00\" \/>\n<meta property=\"article:modified_time\" content=\"2020-09-27T19:24:19+00:00\" \/>\n<meta property=\"og:image\" content=\"https:\/\/acefootball.com\/da\/wp-content\/uploads\/sites\/2\/2020\/09\/GettyImages-1208124379.jpg\" \/>\n\t<meta property=\"og:image:width\" content=\"1024\" \/>\n\t<meta property=\"og:image:height\" content=\"683\" \/>\n\t<meta property=\"og:image:type\" content=\"image\/jpeg\" \/>\n<meta name=\"twitter:card\" content=\"summary_large_image\" \/>\n<meta name=\"twitter:label1\" content=\"Written by\" \/>\n\t<meta name=\"twitter:data1\" content=\"Mads Dreyer\" \/>\n\t<meta name=\"twitter:label2\" content=\"Est. reading time\" \/>\n\t<meta name=\"twitter:data2\" content=\"1 minute\" \/>\n<script type=\"application\/ld+json\" class=\"yoast-schema-graph\">{\"@context\":\"https:\/\/schema.org\",\"@graph\":[{\"@type\":\"Organization\",\"@id\":\"https:\/\/acefootball.com\/da\/#organization\",\"name\":\"Ace Football\",\"url\":\"https:\/\/acefootball.com\/da\/\",\"sameAs\":[\"https:\/\/www.facebook.com\/acefootballdk\"],\"logo\":{\"@type\":\"ImageObject\",\"@id\":\"https:\/\/acefootball.com\/da\/#logo\",\"inLanguage\":\"en-US\",\"url\":\"https:\/\/acefootball.com\/da\/wp-content\/uploads\/sites\/2\/2020\/07\/Ace-Football-30-07-2020-2.png\",\"contentUrl\":\"https:\/\/acefootball.com\/da\/wp-content\/uploads\/sites\/2\/2020\/07\/Ace-Football-30-07-2020-2.png\",\"width\":1200,\"height\":600,\"caption\":\"Ace Football\"},\"image\":{\"@id\":\"https:\/\/acefootball.com\/da\/#logo\"}},{\"@type\":\"WebSite\",\"@id\":\"https:\/\/acefootball.com\/da\/#website\",\"url\":\"https:\/\/acefootball.com\/da\/\",\"name\":\"Ace Football Danmark\",\"description\":\"Nyheder, Spiltips &amp; Livescore\",\"publisher\":{\"@id\":\"https:\/\/acefootball.com\/da\/#organization\"},\"potentialAction\":[{\"@type\":\"SearchAction\",\"target\":{\"@type\":\"EntryPoint\",\"urlTemplate\":\"https:\/\/acefootball.com\/da\/?s={search_term_string}\"},\"query-input\":\"required name=search_term_string\"}],\"inLanguage\":\"en-US\"},{\"@type\":\"ImageObject\",\"@id\":\"https:\/\/acefootball.com\/da\/fodboldnyheder\/rygte-united-reserve-sendes-paa-leje-i-serie-a\/#primaryimage\",\"inLanguage\":\"en-US\",\"url\":\"https:\/\/acefootball.com\/da\/wp-content\/uploads\/sites\/2\/2020\/09\/GettyImages-1208124379.jpg\",\"contentUrl\":\"https:\/\/acefootball.com\/da\/wp-content\/uploads\/sites\/2\/2020\/09\/GettyImages-1208124379.jpg\",\"width\":1024,\"height\":683,\"caption\":\"BRUGGE, BELGIUM - FEBRUARY 20: Andreas Pereira of Manchester United looks on during the UEFA Europa League round of 16 first leg match between Club Brugge and Manchester United at Jan Breydel Stadium on February 20, 2020 in Brugge, Belgium. (Photo by Dean Mouhtaropoulos\/Getty Images)\"},{\"@type\":\"WebPage\",\"@id\":\"https:\/\/acefootball.com\/da\/fodboldnyheder\/rygte-united-reserve-sendes-paa-leje-i-serie-a\/#webpage\",\"url\":\"https:\/\/acefootball.com\/da\/fodboldnyheder\/rygte-united-reserve-sendes-paa-leje-i-serie-a\/\",\"name\":\"Rygte: United-reserve sendes p\u00e5 leje i Serie A\",\"isPartOf\":{\"@id\":\"https:\/\/acefootball.com\/da\/#website\"},\"primaryImageOfPage\":{\"@id\":\"https:\/\/acefootball.com\/da\/fodboldnyheder\/rygte-united-reserve-sendes-paa-leje-i-serie-a\/#primaryimage\"},\"datePublished\":\"2020-09-27T19:24:18+00:00\",\"dateModified\":\"2020-09-27T19:24:19+00:00\",\"description\":\"If\u00f8lge et brasiliansk medie sender Manchester United midtbanereserven Andreas Pereira et \u00e5r p\u00e5 leje hos Lazio\",\"breadcrumb\":{\"@id\":\"https:\/\/acefootball.com\/da\/fodboldnyheder\/rygte-united-reserve-sendes-paa-leje-i-serie-a\/#breadcrumb\"},\"inLanguage\":\"en-US\",\"potentialAction\":[{\"@type\":\"ReadAction\",\"target\":[\"https:\/\/acefootball.com\/da\/fodboldnyheder\/rygte-united-reserve-sendes-paa-leje-i-serie-a\/\"]}]},{\"@type\":\"BreadcrumbList\",\"@id\":\"https:\/\/acefootball.com\/da\/fodboldnyheder\/rygte-united-reserve-sendes-paa-leje-i-serie-a\/#breadcrumb\",\"itemListElement\":[{\"@type\":\"ListItem\",\"position\":1,\"name\":\"Home\",\"item\":\"https:\/\/acefootball.com\/da\/\"},{\"@type\":\"ListItem\",\"position\":2,\"name\":\"Rygte: United-reserve sendes p\u00e5 leje i Serie A\"}]},{\"@type\":\"Article\",\"@id\":\"https:\/\/acefootball.com\/da\/fodboldnyheder\/rygte-united-reserve-sendes-paa-leje-i-serie-a\/#article\",\"isPartOf\":{\"@id\":\"https:\/\/acefootball.com\/da\/fodboldnyheder\/rygte-united-reserve-sendes-paa-leje-i-serie-a\/#webpage\"},\"author\":{\"@id\":\"https:\/\/acefootball.com\/da\/#\/schema\/person\/ee67e9cf04a276f144100ffa722f10cd\"},\"headline\":\"Rygte: United-reserve sendes p\u00e5 leje i Serie A\",\"datePublished\":\"2020-09-27T19:24:18+00:00\",\"dateModified\":\"2020-09-27T19:24:19+00:00\",\"mainEntityOfPage\":{\"@id\":\"https:\/\/acefootball.com\/da\/fodboldnyheder\/rygte-united-reserve-sendes-paa-leje-i-serie-a\/#webpage\"},\"wordCount\":174,\"commentCount\":0,\"publisher\":{\"@id\":\"https:\/\/acefootball.com\/da\/#organization\"},\"image\":{\"@id\":\"https:\/\/acefootball.com\/da\/fodboldnyheder\/rygte-united-reserve-sendes-paa-leje-i-serie-a\/#primaryimage\"},\"thumbnailUrl\":\"https:\/\/acefootball.com\/da\/wp-content\/uploads\/sites\/2\/2020\/09\/GettyImages-1208124379.jpg\",\"keywords\":[\"Andreas Pereira\",\"Lazio\",\"Manchester United\",\"Premier League\",\"Serie A\"],\"articleSection\":[\"Transfer\"],\"inLanguage\":\"en-US\",\"potentialAction\":[{\"@type\":\"CommentAction\",\"name\":\"Comment\",\"target\":[\"https:\/\/acefootball.com\/da\/fodboldnyheder\/rygte-united-reserve-sendes-paa-leje-i-serie-a\/#respond\"]}]},{\"@type\":\"Person\",\"@id\":\"https:\/\/acefootball.com\/da\/#\/schema\/person\/ee67e9cf04a276f144100ffa722f10cd\",\"name\":\"Mads Dreyer\",\"image\":{\"@type\":\"ImageObject\",\"@id\":\"https:\/\/acefootball.com\/da\/#personlogo\",\"inLanguage\":\"en-US\",\"url\":\"https:\/\/secure.gravatar.com\/avatar\/7c7abf72cfde9902b6a60efe60c88d4c?s=96&d=mm&r=g\",\"contentUrl\":\"https:\/\/secure.gravatar.com\/avatar\/7c7abf72cfde9902b6a60efe60c88d4c?s=96&d=mm&r=g\",\"caption\":\"Mads Dreyer\"},\"description\":\"Skribent og fodboldn\u00f8rd, der lige nu fort\u00e6ller om alt og intet i fodboldverdenen p\u00e5 acefootball.com. Uddannet i kommunikation fra Aalborg Universitet.\",\"sameAs\":[\"https:\/\/www.linkedin.com\/in\/mads-dreyer-b9b08266\/\"],\"url\":\"https:\/\/acefootball.com\/da\/fodboldnyheder\/author\/mdnronaldo\/\"}]}<\/script>\n<!-- \/ Yoast SEO plugin. -->","yoast_head_json":{"title":"Rygte: United-reserve sendes p\u00e5 leje i Serie A","description":"If\u00f8lge et brasiliansk medie sender Manchester United midtbanereserven Andreas Pereira et \u00e5r p\u00e5 leje hos Lazio","robots":{"index":"index","follow":"follow","max-snippet":"max-snippet:-1","max-image-preview":"max-image-preview:large","max-video-preview":"max-video-preview:-1"},"canonical":"https:\/\/acefootball.com\/da\/fodboldnyheder\/rygte-united-reserve-sendes-paa-leje-i-serie-a\/","og_locale":"en_US","og_type":"article","og_title":"Rygte: United-reserve sendes p\u00e5 leje i Serie A","og_description":"If\u00f8lge et brasiliansk medie sender Manchester United midtbanereserven Andreas Pereira et \u00e5r p\u00e5 leje hos Lazio","og_url":"https:\/\/acefootball.com\/da\/fodboldnyheder\/rygte-united-reserve-sendes-paa-leje-i-serie-a\/","og_site_name":"Ace Football Danmark","article_publisher":"https:\/\/www.facebook.com\/acefootballdk","article_published_time":"2020-09-27T19:24:18+00:00","article_modified_time":"2020-09-27T19:24:19+00:00","og_image":[{"width":1024,"height":683,"url":"https:\/\/acefootball.com\/da\/wp-content\/uploads\/sites\/2\/2020\/09\/GettyImages-1208124379.jpg","type":"image\/jpeg"}],"twitter_card":"summary_large_image","twitter_misc":{"Written by":"Mads Dreyer","Est. reading time":"1 minute"},"schema":{"@context":"https:\/\/schema.org","@graph":[{"@type":"Organization","@id":"https:\/\/acefootball.com\/da\/#organization","name":"Ace Football","url":"https:\/\/acefootball.com\/da\/","sameAs":["https:\/\/www.facebook.com\/acefootballdk"],"logo":{"@type":"ImageObject","@id":"https:\/\/acefootball.com\/da\/#logo","inLanguage":"en-US","url":"https:\/\/acefootball.com\/da\/wp-content\/uploads\/sites\/2\/2020\/07\/Ace-Football-30-07-2020-2.png","contentUrl":"https:\/\/acefootball.com\/da\/wp-content\/uploads\/sites\/2\/2020\/07\/Ace-Football-30-07-2020-2.png","width":1200,"height":600,"caption":"Ace Football"},"image":{"@id":"https:\/\/acefootball.com\/da\/#logo"}},{"@type":"WebSite","@id":"https:\/\/acefootball.com\/da\/#website","url":"https:\/\/acefootball.com\/da\/","name":"Ace Football Danmark","description":"Nyheder, Spiltips &amp; Livescore","publisher":{"@id":"https:\/\/acefootball.com\/da\/#organization"},"potentialAction":[{"@type":"SearchAction","target":{"@type":"EntryPoint","urlTemplate":"https:\/\/acefootball.com\/da\/?s={search_term_string}"},"query-input":"required name=search_term_string"}],"inLanguage":"en-US"},{"@type":"ImageObject","@id":"https:\/\/acefootball.com\/da\/fodboldnyheder\/rygte-united-reserve-sendes-paa-leje-i-serie-a\/#primaryimage","inLanguage":"en-US","url":"https:\/\/acefootball.com\/da\/wp-content\/uploads\/sites\/2\/2020\/09\/GettyImages-1208124379.jpg","contentUrl":"https:\/\/acefootball.com\/da\/wp-content\/uploads\/sites\/2\/2020\/09\/GettyImages-1208124379.jpg","width":1024,"height":683,"caption":"BRUGGE, BELGIUM - FEBRUARY 20: Andreas Pereira of Manchester United looks on during the UEFA Europa League round of 16 first leg match between Club Brugge and Manchester United at Jan Breydel Stadium on February 20, 2020 in Brugge, Belgium. (Photo by Dean Mouhtaropoulos\/Getty Images)"},{"@type":"WebPage","@id":"https:\/\/acefootball.com\/da\/fodboldnyheder\/rygte-united-reserve-sendes-paa-leje-i-serie-a\/#webpage","url":"https:\/\/acefootball.com\/da\/fodboldnyheder\/rygte-united-reserve-sendes-paa-leje-i-serie-a\/","name":"Rygte: United-reserve sendes p\u00e5 leje i Serie A","isPartOf":{"@id":"https:\/\/acefootball.com\/da\/#website"},"primaryImageOfPage":{"@id":"https:\/\/acefootball.com\/da\/fodboldnyheder\/rygte-united-reserve-sendes-paa-leje-i-serie-a\/#primaryimage"},"datePublished":"2020-09-27T19:24:18+00:00","dateModified":"2020-09-27T19:24:19+00:00","description":"If\u00f8lge et brasiliansk medie sender Manchester United midtbanereserven Andreas Pereira et \u00e5r p\u00e5 leje hos Lazio","breadcrumb":{"@id":"https:\/\/acefootball.com\/da\/fodboldnyheder\/rygte-united-reserve-sendes-paa-leje-i-serie-a\/#breadcrumb"},"inLanguage":"en-US","potentialAction":[{"@type":"ReadAction","target":["https:\/\/acefootball.com\/da\/fodboldnyheder\/rygte-united-reserve-sendes-paa-leje-i-serie-a\/"]}]},{"@type":"BreadcrumbList","@id":"https:\/\/acefootball.com\/da\/fodboldnyheder\/rygte-united-reserve-sendes-paa-leje-i-serie-a\/#breadcrumb","itemListElement":[{"@type":"ListItem","position":1,"name":"Home","item":"https:\/\/acefootball.com\/da\/"},{"@type":"ListItem","position":2,"name":"Rygte: United-reserve sendes p\u00e5 leje i Serie A"}]},{"@type":"Article","@id":"https:\/\/acefootball.com\/da\/fodboldnyheder\/rygte-united-reserve-sendes-paa-leje-i-serie-a\/#article","isPartOf":{"@id":"https:\/\/acefootball.com\/da\/fodboldnyheder\/rygte-united-reserve-sendes-paa-leje-i-serie-a\/#webpage"},"author":{"@id":"https:\/\/acefootball.com\/da\/#\/schema\/person\/ee67e9cf04a276f144100ffa722f10cd"},"headline":"Rygte: United-reserve sendes p\u00e5 leje i Serie A","datePublished":"2020-09-27T19:24:18+00:00","dateModified":"2020-09-27T19:24:19+00:00","mainEntityOfPage":{"@id":"https:\/\/acefootball.com\/da\/fodboldnyheder\/rygte-united-reserve-sendes-paa-leje-i-serie-a\/#webpage"},"wordCount":174,"commentCount":0,"publisher":{"@id":"https:\/\/acefootball.com\/da\/#organization"},"image":{"@id":"https:\/\/acefootball.com\/da\/fodboldnyheder\/rygte-united-reserve-sendes-paa-leje-i-serie-a\/#primaryimage"},"thumbnailUrl":"https:\/\/acefootball.com\/da\/wp-content\/uploads\/sites\/2\/2020\/09\/GettyImages-1208124379.jpg","keywords":["Andreas Pereira","Lazio","Manchester United","Premier League","Serie A"],"articleSection":["Transfer"],"inLanguage":"en-US","potentialAction":[{"@type":"CommentAction","name":"Comment","target":["https:\/\/acefootball.com\/da\/fodboldnyheder\/rygte-united-reserve-sendes-paa-leje-i-serie-a\/#respond"]}]},{"@type":"Person","@id":"https:\/\/acefootball.com\/da\/#\/schema\/person\/ee67e9cf04a276f144100ffa722f10cd","name":"Mads Dreyer","image":{"@type":"ImageObject","@id":"https:\/\/acefootball.com\/da\/#personlogo","inLanguage":"en-US","url":"https:\/\/secure.gravatar.com\/avatar\/7c7abf72cfde9902b6a60efe60c88d4c?s=96&d=mm&r=g","contentUrl":"https:\/\/secure.gravatar.com\/avatar\/7c7abf72cfde9902b6a60efe60c88d4c?s=96&d=mm&r=g","caption":"Mads Dreyer"},"description":"Skribent og fodboldn\u00f8rd, der lige nu fort\u00e6ller om alt og intet i fodboldverdenen p\u00e5 acefootball.com. Uddannet i kommunikation fra Aalborg Universitet.","sameAs":["https:\/\/www.linkedin.com\/in\/mads-dreyer-b9b08266\/"],"url":"https:\/\/acefootball.com\/da\/fodboldnyheder\/author\/mdnronaldo\/"}]}},"fimg_url":"https:\/\/acefootball.com\/da\/wp-content\/uploads\/sites\/2\/2020\/09\/GettyImages-1208124379.jpg","_links":{"self":[{"href":"https:\/\/acefootball.com\/da\/wp-json\/wp\/v2\/posts\/238618"}],"collection":[{"href":"https:\/\/acefootball.com\/da\/wp-json\/wp\/v2\/posts"}],"about":[{"href":"https:\/\/acefootball.com\/da\/wp-json\/wp\/v2\/types\/post"}],"author":[{"embeddable":true,"href":"https:\/\/acefootball.com\/da\/wp-json\/wp\/v2\/users\/705"}],"replies":[{"embeddable":true,"href":"https:\/\/acefootball.com\/da\/wp-json\/wp\/v2\/comments?post=238618"}],"version-history":[{"count":0,"href":"https:\/\/acefootball.com\/da\/wp-json\/wp\/v2\/posts\/238618\/revisions"}],"wp:featuredmedia":[{"embeddable":true,"href":"https:\/\/acefootball.com\/da\/wp-json\/wp\/v2\/media\/238619"}],"wp:attachment":[{"href":"https:\/\/acefootball.com\/da\/wp-json\/wp\/v2\/media?parent=238618"}],"wp:term":[{"taxonomy":"category","embeddable":true,"href":"https:\/\/acefootball.com\/da\/wp-json\/wp\/v2\/categories?post=238618"},{"taxonomy":"post_tag","embeddable":true,"href":"https:\/\/acefootball.com\/da\/wp-json\/wp\/v2\/tags?post=238618"}],"curies":[{"name":"wp","href":"https:\/\/api.w.org\/{rel}","templated":true}]}}