{"id":238580,"date":"2020-09-27T15:35:37","date_gmt":"2020-09-27T13:35:37","guid":{"rendered":"https:\/\/acefootball.com\/da\/?p=238580"},"modified":"2020-09-27T15:35:37","modified_gmt":"2020-09-27T13:35:37","slug":"tysk-medie-roennow-paa-tale-i-kriseramt-storklub","status":"publish","type":"post","link":"https:\/\/acefootball.com\/da\/fodboldnyheder\/tysk-medie-roennow-paa-tale-i-kriseramt-storklub\/","title":{"rendered":"Tysk medie: R\u00f8nnow p\u00e5 tale i kriseramt storklub"},"content":{"rendered":"\n<h2>If\u00f8lge tyske Bild kan Frederik R\u00f8nnow indg\u00e5 i en byttehandel mellem Frankfurt og Schalke 04, som sender Markus Schubert den modsatte vej<\/h2>\n\n\n\n<p>Der er ikke udsigt til skyggen af spilletid for Frederik R\u00f8nnow i Eintracht Frankfurt, hvor Kevin Trapp sidder tungt p\u00e5 m\u00e5lmandsposten.<\/p>\n\n\n\n<p>Men det kan der muligvis blive andetsteds, da det store tyske medie <a href=\"https:\/\/sportbild.bild.de\/bundesliga\/2020\/fussball\/roennow-gegen-schubert-tauschen-schalke-und-frankfurt-die-torhueter-73118356.sport.html\" target=\"_blank\" rel=\"noreferrer noopener\">Sport Bild<\/a> beretter om en potentiel handel med traditionsklubben Schalke 04.<\/p>\n\n\n\n<p>Mediet skriver, at de to klubber er i dialog om en byttehandel, der vil sende R\u00f8nnow til Schalke, mens Markus Schubert tager den modsatte vej.<\/p>\n\n\n\n<div class=\"wp-block-si-widget wp-block-si-widget--center\"><si-lb-widget widget-id=\"PlayerSeasonStatsSnap\" data-hide-controls=\"false\" width=\"440\" data-card=\"true\" data-language=\"da\" data-provider=\"mrgreen\" data-player-id=\"186557\" data-season-id=\"14144\"><\/si-lb-widget><\/div>\n\n\n\n<p>I Schalke vil kampen om spilletid formentlig v\u00e6re mere \u00e5ben, da Frederik R\u00f8nnow ville skulle duellere mod Ralf F\u00e4hrmann, som netop er vendt tilbage efter en lejeaftale i norske Brann.<\/p>\n\n\n\n<p>Det er dog p\u00e5 ingen m\u00e5de en klub i balance, som den danske landsholdskeeper vil komme til. Ud over en skrabet \u00f8konomi, har Schalke ogs\u00e5 netop fyret cheftr\u00e6ner Joachim Wagner efter 18 kampe uden sejr.<\/p>\n\n\n\n<figure class=\"wp-block-embed-wordpress wp-block-embed is-type-wp-embed is-provider-ace-football-danmark\"><div class=\"wp-block-embed__wrapper\">\n<blockquote class=\"wp-embedded-content\" data-secret=\"1rwkLiwQbF\"><a href=\"https:\/\/acefootball.com\/da\/fodboldnyheder\/farvel-og-tak-schalke-fyrer-traeneren-efter-nyt-nederlag\/\">Farvel og tak: Schalke fyrer tr\u00e6neren efter nyt nederlag<\/a><\/blockquote><iframe class=\"wp-embedded-content\" sandbox=\"allow-scripts\" security=\"restricted\" style=\"position: absolute; clip: rect(1px, 1px, 1px, 1px);\" title=\"&#8220;Farvel og tak: Schalke fyrer tr\u00e6neren efter nyt nederlag&#8221; &#8212; Ace Football Danmark\" src=\"https:\/\/acefootball.com\/da\/fodboldnyheder\/farvel-og-tak-schalke-fyrer-traeneren-efter-nyt-nederlag\/embed\/#?secret=1rwkLiwQbF\" data-secret=\"1rwkLiwQbF\" width=\"600\" height=\"338\" frameborder=\"0\" marginwidth=\"0\" marginheight=\"0\" scrolling=\"no\"><\/iframe>\n<\/div><\/figure>\n","protected":false},"excerpt":{"rendered":"<p>If\u00f8lge tyske Bild kan Frederik R\u00f8nnow indg\u00e5 i en byttehandel mellem Frankfurt og Schalke 04, som sender Markus Schubert den modsatte vej<\/p>\n","protected":false},"author":705,"featured_media":238415,"comment_status":"open","ping_status":"closed","sticky":false,"template":"","format":"standard","meta":{"om_disable_all_campaigns":false,"push_articles_ronaldo":{"active":false,"canonical":0,"publish":false},"force_updates":null},"categories":[7],"tags":[143,1896,188,955],"enet_tags":{"league":["54"],"team":["9810","10189"],"player":["186557"],"sport_events":[]},"yoast_head":"<!-- This site is optimized with the Yoast SEO plugin v18.3 - https:\/\/yoast.com\/wordpress\/plugins\/seo\/ -->\n<title>Tysk medie: R\u00f8nnow p\u00e5 tale i kriseramt storklub<\/title>\n<meta name=\"description\" content=\"If\u00f8lge tyske Bild kan Frederik R\u00f8nnow indg\u00e5 i en byttehandel mellem Frankfurt og Schalke 04, som sender Markus Schubert den modsatte vej\" \/>\n<meta name=\"robots\" content=\"index, follow, max-snippet:-1, max-image-preview:large, max-video-preview:-1\" \/>\n<link rel=\"canonical\" href=\"https:\/\/acefootball.com\/da\/fodboldnyheder\/tysk-medie-roennow-paa-tale-i-kriseramt-storklub\/\" \/>\n<meta property=\"og:locale\" content=\"en_US\" \/>\n<meta property=\"og:type\" content=\"article\" \/>\n<meta property=\"og:title\" content=\"Tysk medie: R\u00f8nnow p\u00e5 tale i kriseramt storklub\" \/>\n<meta property=\"og:description\" content=\"If\u00f8lge tyske Bild kan Frederik R\u00f8nnow indg\u00e5 i en byttehandel mellem Frankfurt og Schalke 04, som sender Markus Schubert den modsatte vej\" \/>\n<meta property=\"og:url\" content=\"https:\/\/acefootball.com\/da\/fodboldnyheder\/tysk-medie-roennow-paa-tale-i-kriseramt-storklub\/\" \/>\n<meta property=\"og:site_name\" content=\"Ace Football Danmark\" \/>\n<meta property=\"article:publisher\" content=\"https:\/\/www.facebook.com\/acefootballdk\" \/>\n<meta property=\"article:published_time\" content=\"2020-09-27T13:35:37+00:00\" \/>\n<meta property=\"og:image\" content=\"https:\/\/acefootball.com\/da\/wp-content\/uploads\/sites\/2\/2020\/09\/GettyImages-1190852718-1.jpg\" \/>\n\t<meta property=\"og:image:width\" content=\"1024\" \/>\n\t<meta property=\"og:image:height\" content=\"689\" \/>\n\t<meta property=\"og:image:type\" content=\"image\/jpeg\" \/>\n<meta name=\"twitter:card\" content=\"summary_large_image\" \/>\n<meta name=\"twitter:label1\" content=\"Written by\" \/>\n\t<meta name=\"twitter:data1\" content=\"Mads Dreyer\" \/>\n\t<meta name=\"twitter:label2\" content=\"Est. reading time\" \/>\n\t<meta name=\"twitter:data2\" content=\"1 minute\" \/>\n<script type=\"application\/ld+json\" class=\"yoast-schema-graph\">{\"@context\":\"https:\/\/schema.org\",\"@graph\":[{\"@type\":\"Organization\",\"@id\":\"https:\/\/acefootball.com\/da\/#organization\",\"name\":\"Ace Football\",\"url\":\"https:\/\/acefootball.com\/da\/\",\"sameAs\":[\"https:\/\/www.facebook.com\/acefootballdk\"],\"logo\":{\"@type\":\"ImageObject\",\"@id\":\"https:\/\/acefootball.com\/da\/#logo\",\"inLanguage\":\"en-US\",\"url\":\"https:\/\/acefootball.com\/da\/wp-content\/uploads\/sites\/2\/2020\/07\/Ace-Football-30-07-2020-2.png\",\"contentUrl\":\"https:\/\/acefootball.com\/da\/wp-content\/uploads\/sites\/2\/2020\/07\/Ace-Football-30-07-2020-2.png\",\"width\":1200,\"height\":600,\"caption\":\"Ace Football\"},\"image\":{\"@id\":\"https:\/\/acefootball.com\/da\/#logo\"}},{\"@type\":\"WebSite\",\"@id\":\"https:\/\/acefootball.com\/da\/#website\",\"url\":\"https:\/\/acefootball.com\/da\/\",\"name\":\"Ace Football Danmark\",\"description\":\"Nyheder, Spiltips &amp; Livescore\",\"publisher\":{\"@id\":\"https:\/\/acefootball.com\/da\/#organization\"},\"potentialAction\":[{\"@type\":\"SearchAction\",\"target\":{\"@type\":\"EntryPoint\",\"urlTemplate\":\"https:\/\/acefootball.com\/da\/?s={search_term_string}\"},\"query-input\":\"required name=search_term_string\"}],\"inLanguage\":\"en-US\"},{\"@type\":\"ImageObject\",\"@id\":\"https:\/\/acefootball.com\/da\/fodboldnyheder\/tysk-medie-roennow-paa-tale-i-kriseramt-storklub\/#primaryimage\",\"inLanguage\":\"en-US\",\"url\":\"https:\/\/acefootball.com\/da\/wp-content\/uploads\/sites\/2\/2020\/09\/GettyImages-1190852718-1.jpg\",\"contentUrl\":\"https:\/\/acefootball.com\/da\/wp-content\/uploads\/sites\/2\/2020\/09\/GettyImages-1190852718-1.jpg\",\"width\":1024,\"height\":689,\"caption\":\"LONDON, ENGLAND - NOVEMBER 28: Frederik Ronnow of Eintracht Frankfurt signals during the UEFA Europa League group F match between Arsenal FC and Eintracht Frankfurt at Emirates Stadium on November 28, 2019 in London, United Kingdom. (Photo by Mike Hewitt\/Getty Images)\"},{\"@type\":\"WebPage\",\"@id\":\"https:\/\/acefootball.com\/da\/fodboldnyheder\/tysk-medie-roennow-paa-tale-i-kriseramt-storklub\/#webpage\",\"url\":\"https:\/\/acefootball.com\/da\/fodboldnyheder\/tysk-medie-roennow-paa-tale-i-kriseramt-storklub\/\",\"name\":\"Tysk medie: R\u00f8nnow p\u00e5 tale i kriseramt storklub\",\"isPartOf\":{\"@id\":\"https:\/\/acefootball.com\/da\/#website\"},\"primaryImageOfPage\":{\"@id\":\"https:\/\/acefootball.com\/da\/fodboldnyheder\/tysk-medie-roennow-paa-tale-i-kriseramt-storklub\/#primaryimage\"},\"datePublished\":\"2020-09-27T13:35:37+00:00\",\"dateModified\":\"2020-09-27T13:35:37+00:00\",\"description\":\"If\u00f8lge tyske Bild kan Frederik R\u00f8nnow indg\u00e5 i en byttehandel mellem Frankfurt og Schalke 04, som sender Markus Schubert den modsatte vej\",\"breadcrumb\":{\"@id\":\"https:\/\/acefootball.com\/da\/fodboldnyheder\/tysk-medie-roennow-paa-tale-i-kriseramt-storklub\/#breadcrumb\"},\"inLanguage\":\"en-US\",\"potentialAction\":[{\"@type\":\"ReadAction\",\"target\":[\"https:\/\/acefootball.com\/da\/fodboldnyheder\/tysk-medie-roennow-paa-tale-i-kriseramt-storklub\/\"]}]},{\"@type\":\"BreadcrumbList\",\"@id\":\"https:\/\/acefootball.com\/da\/fodboldnyheder\/tysk-medie-roennow-paa-tale-i-kriseramt-storklub\/#breadcrumb\",\"itemListElement\":[{\"@type\":\"ListItem\",\"position\":1,\"name\":\"Home\",\"item\":\"https:\/\/acefootball.com\/da\/\"},{\"@type\":\"ListItem\",\"position\":2,\"name\":\"Tysk medie: R\u00f8nnow p\u00e5 tale i kriseramt storklub\"}]},{\"@type\":\"Article\",\"@id\":\"https:\/\/acefootball.com\/da\/fodboldnyheder\/tysk-medie-roennow-paa-tale-i-kriseramt-storklub\/#article\",\"isPartOf\":{\"@id\":\"https:\/\/acefootball.com\/da\/fodboldnyheder\/tysk-medie-roennow-paa-tale-i-kriseramt-storklub\/#webpage\"},\"author\":{\"@id\":\"https:\/\/acefootball.com\/da\/#\/schema\/person\/ee67e9cf04a276f144100ffa722f10cd\"},\"headline\":\"Tysk medie: R\u00f8nnow p\u00e5 tale i kriseramt storklub\",\"datePublished\":\"2020-09-27T13:35:37+00:00\",\"dateModified\":\"2020-09-27T13:35:37+00:00\",\"mainEntityOfPage\":{\"@id\":\"https:\/\/acefootball.com\/da\/fodboldnyheder\/tysk-medie-roennow-paa-tale-i-kriseramt-storklub\/#webpage\"},\"wordCount\":178,\"commentCount\":0,\"publisher\":{\"@id\":\"https:\/\/acefootball.com\/da\/#organization\"},\"image\":{\"@id\":\"https:\/\/acefootball.com\/da\/fodboldnyheder\/tysk-medie-roennow-paa-tale-i-kriseramt-storklub\/#primaryimage\"},\"thumbnailUrl\":\"https:\/\/acefootball.com\/da\/wp-content\/uploads\/sites\/2\/2020\/09\/GettyImages-1190852718-1.jpg\",\"keywords\":[\"Bundesliga\",\"Eintracht Frankfurt\",\"Frederik R\u00f8nnow\",\"Schalke 04\"],\"articleSection\":[\"Transfer\"],\"inLanguage\":\"en-US\",\"potentialAction\":[{\"@type\":\"CommentAction\",\"name\":\"Comment\",\"target\":[\"https:\/\/acefootball.com\/da\/fodboldnyheder\/tysk-medie-roennow-paa-tale-i-kriseramt-storklub\/#respond\"]}]},{\"@type\":\"Person\",\"@id\":\"https:\/\/acefootball.com\/da\/#\/schema\/person\/ee67e9cf04a276f144100ffa722f10cd\",\"name\":\"Mads Dreyer\",\"image\":{\"@type\":\"ImageObject\",\"@id\":\"https:\/\/acefootball.com\/da\/#personlogo\",\"inLanguage\":\"en-US\",\"url\":\"https:\/\/secure.gravatar.com\/avatar\/7c7abf72cfde9902b6a60efe60c88d4c?s=96&d=mm&r=g\",\"contentUrl\":\"https:\/\/secure.gravatar.com\/avatar\/7c7abf72cfde9902b6a60efe60c88d4c?s=96&d=mm&r=g\",\"caption\":\"Mads Dreyer\"},\"description\":\"Skribent og fodboldn\u00f8rd, der lige nu fort\u00e6ller om alt og intet i fodboldverdenen p\u00e5 acefootball.com. Uddannet i kommunikation fra Aalborg Universitet.\",\"sameAs\":[\"https:\/\/www.linkedin.com\/in\/mads-dreyer-b9b08266\/\"],\"url\":\"https:\/\/acefootball.com\/da\/fodboldnyheder\/author\/mdnronaldo\/\"}]}<\/script>\n<!-- \/ Yoast SEO plugin. -->","yoast_head_json":{"title":"Tysk medie: R\u00f8nnow p\u00e5 tale i kriseramt storklub","description":"If\u00f8lge tyske Bild kan Frederik R\u00f8nnow indg\u00e5 i en byttehandel mellem Frankfurt og Schalke 04, som sender Markus Schubert den modsatte vej","robots":{"index":"index","follow":"follow","max-snippet":"max-snippet:-1","max-image-preview":"max-image-preview:large","max-video-preview":"max-video-preview:-1"},"canonical":"https:\/\/acefootball.com\/da\/fodboldnyheder\/tysk-medie-roennow-paa-tale-i-kriseramt-storklub\/","og_locale":"en_US","og_type":"article","og_title":"Tysk medie: R\u00f8nnow p\u00e5 tale i kriseramt storklub","og_description":"If\u00f8lge tyske Bild kan Frederik R\u00f8nnow indg\u00e5 i en byttehandel mellem Frankfurt og Schalke 04, som sender Markus Schubert den modsatte vej","og_url":"https:\/\/acefootball.com\/da\/fodboldnyheder\/tysk-medie-roennow-paa-tale-i-kriseramt-storklub\/","og_site_name":"Ace Football Danmark","article_publisher":"https:\/\/www.facebook.com\/acefootballdk","article_published_time":"2020-09-27T13:35:37+00:00","og_image":[{"width":1024,"height":689,"url":"https:\/\/acefootball.com\/da\/wp-content\/uploads\/sites\/2\/2020\/09\/GettyImages-1190852718-1.jpg","type":"image\/jpeg"}],"twitter_card":"summary_large_image","twitter_misc":{"Written by":"Mads Dreyer","Est. reading time":"1 minute"},"schema":{"@context":"https:\/\/schema.org","@graph":[{"@type":"Organization","@id":"https:\/\/acefootball.com\/da\/#organization","name":"Ace Football","url":"https:\/\/acefootball.com\/da\/","sameAs":["https:\/\/www.facebook.com\/acefootballdk"],"logo":{"@type":"ImageObject","@id":"https:\/\/acefootball.com\/da\/#logo","inLanguage":"en-US","url":"https:\/\/acefootball.com\/da\/wp-content\/uploads\/sites\/2\/2020\/07\/Ace-Football-30-07-2020-2.png","contentUrl":"https:\/\/acefootball.com\/da\/wp-content\/uploads\/sites\/2\/2020\/07\/Ace-Football-30-07-2020-2.png","width":1200,"height":600,"caption":"Ace Football"},"image":{"@id":"https:\/\/acefootball.com\/da\/#logo"}},{"@type":"WebSite","@id":"https:\/\/acefootball.com\/da\/#website","url":"https:\/\/acefootball.com\/da\/","name":"Ace Football Danmark","description":"Nyheder, Spiltips &amp; Livescore","publisher":{"@id":"https:\/\/acefootball.com\/da\/#organization"},"potentialAction":[{"@type":"SearchAction","target":{"@type":"EntryPoint","urlTemplate":"https:\/\/acefootball.com\/da\/?s={search_term_string}"},"query-input":"required name=search_term_string"}],"inLanguage":"en-US"},{"@type":"ImageObject","@id":"https:\/\/acefootball.com\/da\/fodboldnyheder\/tysk-medie-roennow-paa-tale-i-kriseramt-storklub\/#primaryimage","inLanguage":"en-US","url":"https:\/\/acefootball.com\/da\/wp-content\/uploads\/sites\/2\/2020\/09\/GettyImages-1190852718-1.jpg","contentUrl":"https:\/\/acefootball.com\/da\/wp-content\/uploads\/sites\/2\/2020\/09\/GettyImages-1190852718-1.jpg","width":1024,"height":689,"caption":"LONDON, ENGLAND - NOVEMBER 28: Frederik Ronnow of Eintracht Frankfurt signals during the UEFA Europa League group F match between Arsenal FC and Eintracht Frankfurt at Emirates Stadium on November 28, 2019 in London, United Kingdom. (Photo by Mike Hewitt\/Getty Images)"},{"@type":"WebPage","@id":"https:\/\/acefootball.com\/da\/fodboldnyheder\/tysk-medie-roennow-paa-tale-i-kriseramt-storklub\/#webpage","url":"https:\/\/acefootball.com\/da\/fodboldnyheder\/tysk-medie-roennow-paa-tale-i-kriseramt-storklub\/","name":"Tysk medie: R\u00f8nnow p\u00e5 tale i kriseramt storklub","isPartOf":{"@id":"https:\/\/acefootball.com\/da\/#website"},"primaryImageOfPage":{"@id":"https:\/\/acefootball.com\/da\/fodboldnyheder\/tysk-medie-roennow-paa-tale-i-kriseramt-storklub\/#primaryimage"},"datePublished":"2020-09-27T13:35:37+00:00","dateModified":"2020-09-27T13:35:37+00:00","description":"If\u00f8lge tyske Bild kan Frederik R\u00f8nnow indg\u00e5 i en byttehandel mellem Frankfurt og Schalke 04, som sender Markus Schubert den modsatte vej","breadcrumb":{"@id":"https:\/\/acefootball.com\/da\/fodboldnyheder\/tysk-medie-roennow-paa-tale-i-kriseramt-storklub\/#breadcrumb"},"inLanguage":"en-US","potentialAction":[{"@type":"ReadAction","target":["https:\/\/acefootball.com\/da\/fodboldnyheder\/tysk-medie-roennow-paa-tale-i-kriseramt-storklub\/"]}]},{"@type":"BreadcrumbList","@id":"https:\/\/acefootball.com\/da\/fodboldnyheder\/tysk-medie-roennow-paa-tale-i-kriseramt-storklub\/#breadcrumb","itemListElement":[{"@type":"ListItem","position":1,"name":"Home","item":"https:\/\/acefootball.com\/da\/"},{"@type":"ListItem","position":2,"name":"Tysk medie: R\u00f8nnow p\u00e5 tale i kriseramt storklub"}]},{"@type":"Article","@id":"https:\/\/acefootball.com\/da\/fodboldnyheder\/tysk-medie-roennow-paa-tale-i-kriseramt-storklub\/#article","isPartOf":{"@id":"https:\/\/acefootball.com\/da\/fodboldnyheder\/tysk-medie-roennow-paa-tale-i-kriseramt-storklub\/#webpage"},"author":{"@id":"https:\/\/acefootball.com\/da\/#\/schema\/person\/ee67e9cf04a276f144100ffa722f10cd"},"headline":"Tysk medie: R\u00f8nnow p\u00e5 tale i kriseramt storklub","datePublished":"2020-09-27T13:35:37+00:00","dateModified":"2020-09-27T13:35:37+00:00","mainEntityOfPage":{"@id":"https:\/\/acefootball.com\/da\/fodboldnyheder\/tysk-medie-roennow-paa-tale-i-kriseramt-storklub\/#webpage"},"wordCount":178,"commentCount":0,"publisher":{"@id":"https:\/\/acefootball.com\/da\/#organization"},"image":{"@id":"https:\/\/acefootball.com\/da\/fodboldnyheder\/tysk-medie-roennow-paa-tale-i-kriseramt-storklub\/#primaryimage"},"thumbnailUrl":"https:\/\/acefootball.com\/da\/wp-content\/uploads\/sites\/2\/2020\/09\/GettyImages-1190852718-1.jpg","keywords":["Bundesliga","Eintracht Frankfurt","Frederik R\u00f8nnow","Schalke 04"],"articleSection":["Transfer"],"inLanguage":"en-US","potentialAction":[{"@type":"CommentAction","name":"Comment","target":["https:\/\/acefootball.com\/da\/fodboldnyheder\/tysk-medie-roennow-paa-tale-i-kriseramt-storklub\/#respond"]}]},{"@type":"Person","@id":"https:\/\/acefootball.com\/da\/#\/schema\/person\/ee67e9cf04a276f144100ffa722f10cd","name":"Mads Dreyer","image":{"@type":"ImageObject","@id":"https:\/\/acefootball.com\/da\/#personlogo","inLanguage":"en-US","url":"https:\/\/secure.gravatar.com\/avatar\/7c7abf72cfde9902b6a60efe60c88d4c?s=96&d=mm&r=g","contentUrl":"https:\/\/secure.gravatar.com\/avatar\/7c7abf72cfde9902b6a60efe60c88d4c?s=96&d=mm&r=g","caption":"Mads Dreyer"},"description":"Skribent og fodboldn\u00f8rd, der lige nu fort\u00e6ller om alt og intet i fodboldverdenen p\u00e5 acefootball.com. Uddannet i kommunikation fra Aalborg Universitet.","sameAs":["https:\/\/www.linkedin.com\/in\/mads-dreyer-b9b08266\/"],"url":"https:\/\/acefootball.com\/da\/fodboldnyheder\/author\/mdnronaldo\/"}]}},"fimg_url":"https:\/\/acefootball.com\/da\/wp-content\/uploads\/sites\/2\/2020\/09\/GettyImages-1190852718-1.jpg","_links":{"self":[{"href":"https:\/\/acefootball.com\/da\/wp-json\/wp\/v2\/posts\/238580"}],"collection":[{"href":"https:\/\/acefootball.com\/da\/wp-json\/wp\/v2\/posts"}],"about":[{"href":"https:\/\/acefootball.com\/da\/wp-json\/wp\/v2\/types\/post"}],"author":[{"embeddable":true,"href":"https:\/\/acefootball.com\/da\/wp-json\/wp\/v2\/users\/705"}],"replies":[{"embeddable":true,"href":"https:\/\/acefootball.com\/da\/wp-json\/wp\/v2\/comments?post=238580"}],"version-history":[{"count":0,"href":"https:\/\/acefootball.com\/da\/wp-json\/wp\/v2\/posts\/238580\/revisions"}],"wp:featuredmedia":[{"embeddable":true,"href":"https:\/\/acefootball.com\/da\/wp-json\/wp\/v2\/media\/238415"}],"wp:attachment":[{"href":"https:\/\/acefootball.com\/da\/wp-json\/wp\/v2\/media?parent=238580"}],"wp:term":[{"taxonomy":"category","embeddable":true,"href":"https:\/\/acefootball.com\/da\/wp-json\/wp\/v2\/categories?post=238580"},{"taxonomy":"post_tag","embeddable":true,"href":"https:\/\/acefootball.com\/da\/wp-json\/wp\/v2\/tags?post=238580"}],"curies":[{"name":"wp","href":"https:\/\/api.w.org\/{rel}","templated":true}]}}