{"id":238455,"date":"2020-09-25T17:48:08","date_gmt":"2020-09-25T15:48:08","guid":{"rendered":"https:\/\/acefootball.com\/da\/?p=238455"},"modified":"2020-09-25T17:38:19","modified_gmt":"2020-09-25T15:38:19","slug":"tibbling-forklarer-broendby-farvel-var-ikke-god-nok","status":"publish","type":"post","link":"https:\/\/acefootball.com\/da\/fodboldnyheder\/tibbling-forklarer-broendby-farvel-var-ikke-god-nok\/","title":{"rendered":"Tibbling forklarer Br\u00f8ndby-farvel: Var ikke god nok"},"content":{"rendered":"\n<h2>Svenske Simon Tibbling erkender i et interview med Fotbollskanalen, at han ikke pr\u00e6sterede godt nok i slutningen af sin tid i Br\u00f8ndby<\/h2>\n\n\n\n<p>I 2017 kom Simon Tibbling til Br\u00f8ndby, og svenskeren viste hurtigt, hvorfor han tidligere havde pr\u00e6steret godt for b\u00e5de det svenske U21-landshold og Groningen.<\/p>\n\n\n\n<p>Men efter to ganske succesfulde \u00e5r p\u00e5 Vestegnen l\u00f8b han ind i en skade, og da han kom tilbage m\u00e5tte han tage til takke med en plads p\u00e5 b\u00e6nken i langt de fleste kampe.<\/p>\n\n\n\n<div class=\"wp-block-si-widget wp-block-si-widget--center\"><si-lb-widget widget-id=\"PlayerSeasonProfile\" width=\"440\" data-card=\"true\" data-language=\"da\" data-provider=\"mrgreen\" data-player-id=\"293722\" data-season-id=\"13958\"><\/si-lb-widget><\/div>\n\n\n\n<p>Hovedpersonen selv forst\u00e5r dog godt, hvorfor han ikke var en del af Niels Frederiksens planer i sin sidste tid i klubben fra Vestegnen, inden han skiftede til FC Emmen i \u00c6resdivisionen.<\/p>\n\n\n\n<p>&#8220;Det var to fantastiske \u00e5r, hvor vi vandt pokalturneringen det f\u00f8rste \u00e5r og var t\u00e6t p\u00e5 at vinde ligaen. Vi f\u00f8rte med to kampe tilbage, men fik et m\u00e5l imod os i det 96. minut i den n\u00e6stsidste kamp, hvilket bet\u00f8d, at vi smed f\u00f8ringen. Det var h\u00e5rdt ikke at vinde ligaen, og s\u00e5 tabte vi desuden pokalfinalen det efterf\u00f8lgende \u00e5r,&#8221; udtaler han til det svenske medie <a href=\"https:\/\/www.fotbollskanalen.se\/nederlanderna\/tibbling-om-emmen-flytten---och-sponsortvisten-spannande-grej---men-mitt-fokus\/\" target=\"_blank\" rel=\"noreferrer noopener\">Fotbollskanalen<\/a> og tilf\u00f8jer:<\/p>\n\n\n\n<p>&#8220;Dengang gik det dog godt for mig personligt, og klubben klarede sig ogs\u00e5 rigtig godt. Vi gik efter at vinde ligaen, men s\u00e5 blev jeg skadet og havde sv\u00e6rt ved at spille mig tilbage p\u00e5 holdet. Jeg spillede ikke s\u00e5 mange kampe og havde h\u00e5bet p\u00e5 at spille mere, men s\u00e5dan er fodbold, n\u00e5r der kommer skader, og n\u00e5r det samtidig er en konkurrencesport. Jeg var ikke god nok til at tage pladsen tilbage.&#8221;<\/p>\n\n\n\n<p>Tibbling har spillet fuld tid i begge FC Emmens kampe i indev\u00e6rende s\u00e6son og er blevet holdkammerat med Nikolai Laursen, som ogs\u00e5 har en fortid hos de bl\u00e5gule. <\/p>\n\n\n\n<p>Klubben har desuden stj\u00e5let overskrifterne efter at have fundet sig en noget speciel hovedsponsor. Det kan du l\u00e6se mere om herunder.<\/p>\n\n\n\n<figure class=\"wp-block-embed-wordpress wp-block-embed is-type-wp-embed is-provider-ace-football-danmark\"><div class=\"wp-block-embed__wrapper\">\n<blockquote class=\"wp-embedded-content\" data-secret=\"ke4Ul0Mitj\"><a href=\"https:\/\/acefootball.com\/da\/fodboldnyheder\/aeresdivision-klub-chokerer-praesenterer-sexlegetoejsfirma-som-ny-hovedsponsor\/\">\u00c6resdivision-klub chokerer: Pr\u00e6senterer sexleget\u00f8jsfirma som ny hovedsponsor<\/a><\/blockquote><iframe class=\"wp-embedded-content\" sandbox=\"allow-scripts\" security=\"restricted\" style=\"position: absolute; clip: rect(1px, 1px, 1px, 1px);\" title=\"&#8220;\u00c6resdivision-klub chokerer: Pr\u00e6senterer sexleget\u00f8jsfirma som ny hovedsponsor&#8221; &#8212; Ace Football Danmark\" src=\"https:\/\/acefootball.com\/da\/fodboldnyheder\/aeresdivision-klub-chokerer-praesenterer-sexlegetoejsfirma-som-ny-hovedsponsor\/embed\/#?secret=ke4Ul0Mitj\" data-secret=\"ke4Ul0Mitj\" width=\"600\" height=\"338\" frameborder=\"0\" marginwidth=\"0\" marginheight=\"0\" scrolling=\"no\"><\/iframe>\n<\/div><\/figure>\n","protected":false},"excerpt":{"rendered":"<p>Svenske Simon Tibbling erkender i et interview med Fotbollskanalen, at han ikke pr\u00e6sterede godt nok i slutningen af sin tid i Br\u00f8ndby<\/p>\n","protected":false},"author":347,"featured_media":238456,"comment_status":"open","ping_status":"closed","sticky":false,"template":"","format":"standard","meta":{"om_disable_all_campaigns":false,"push_articles_ronaldo":{"active":false,"canonical":0,"publish":false},"force_updates":null},"categories":[8204],"tags":[53,3283,151,588],"enet_tags":{"team":["8595","6660"],"player":["293722"],"league":["46"],"sport_events":[]},"yoast_head":"<!-- This site is optimized with the Yoast SEO plugin v18.3 - https:\/\/yoast.com\/wordpress\/plugins\/seo\/ -->\n<title>Tibbling forklarer Br\u00f8ndby-farvel: Var ikke god nok<\/title>\n<meta name=\"description\" content=\"Svenske Simon Tibbling erkender i et interview med Fotbollskanalen, at han ikke pr\u00e6sterede godt nok i slutningen af sin tid i Br\u00f8ndby\" \/>\n<meta name=\"robots\" content=\"index, follow, max-snippet:-1, max-image-preview:large, max-video-preview:-1\" \/>\n<link rel=\"canonical\" href=\"https:\/\/acefootball.com\/da\/fodboldnyheder\/tibbling-forklarer-broendby-farvel-var-ikke-god-nok\/\" \/>\n<meta property=\"og:locale\" content=\"en_US\" \/>\n<meta property=\"og:type\" content=\"article\" \/>\n<meta property=\"og:title\" content=\"Tibbling forklarer Br\u00f8ndby-farvel: Var ikke god nok\" \/>\n<meta property=\"og:description\" content=\"Svenske Simon Tibbling erkender i et interview med Fotbollskanalen, at han ikke pr\u00e6sterede godt nok i slutningen af sin tid i Br\u00f8ndby\" \/>\n<meta property=\"og:url\" content=\"https:\/\/acefootball.com\/da\/fodboldnyheder\/tibbling-forklarer-broendby-farvel-var-ikke-god-nok\/\" \/>\n<meta property=\"og:site_name\" content=\"Ace Football Danmark\" \/>\n<meta property=\"article:publisher\" content=\"https:\/\/www.facebook.com\/acefootballdk\" \/>\n<meta property=\"article:published_time\" content=\"2020-09-25T15:48:08+00:00\" \/>\n<meta property=\"article:modified_time\" content=\"2020-09-25T15:38:19+00:00\" \/>\n<meta property=\"og:image\" content=\"https:\/\/acefootball.com\/da\/wp-content\/uploads\/sites\/2\/2020\/09\/GettyImages-1160383576.jpg\" \/>\n\t<meta property=\"og:image:width\" content=\"1024\" \/>\n\t<meta property=\"og:image:height\" content=\"683\" \/>\n\t<meta property=\"og:image:type\" content=\"image\/jpeg\" \/>\n<meta name=\"twitter:card\" content=\"summary_large_image\" \/>\n<meta name=\"twitter:label1\" content=\"Written by\" \/>\n\t<meta name=\"twitter:data1\" content=\"Nicolaj M. J\u00f8rgensen\" \/>\n\t<meta name=\"twitter:label2\" content=\"Est. reading time\" \/>\n\t<meta name=\"twitter:data2\" content=\"2 minutes\" \/>\n<script type=\"application\/ld+json\" class=\"yoast-schema-graph\">{\"@context\":\"https:\/\/schema.org\",\"@graph\":[{\"@type\":\"Organization\",\"@id\":\"https:\/\/acefootball.com\/da\/#organization\",\"name\":\"Ace Football\",\"url\":\"https:\/\/acefootball.com\/da\/\",\"sameAs\":[\"https:\/\/www.facebook.com\/acefootballdk\"],\"logo\":{\"@type\":\"ImageObject\",\"@id\":\"https:\/\/acefootball.com\/da\/#logo\",\"inLanguage\":\"en-US\",\"url\":\"https:\/\/acefootball.com\/da\/wp-content\/uploads\/sites\/2\/2020\/07\/Ace-Football-30-07-2020-2.png\",\"contentUrl\":\"https:\/\/acefootball.com\/da\/wp-content\/uploads\/sites\/2\/2020\/07\/Ace-Football-30-07-2020-2.png\",\"width\":1200,\"height\":600,\"caption\":\"Ace Football\"},\"image\":{\"@id\":\"https:\/\/acefootball.com\/da\/#logo\"}},{\"@type\":\"WebSite\",\"@id\":\"https:\/\/acefootball.com\/da\/#website\",\"url\":\"https:\/\/acefootball.com\/da\/\",\"name\":\"Ace Football Danmark\",\"description\":\"Nyheder, Spiltips &amp; Livescore\",\"publisher\":{\"@id\":\"https:\/\/acefootball.com\/da\/#organization\"},\"potentialAction\":[{\"@type\":\"SearchAction\",\"target\":{\"@type\":\"EntryPoint\",\"urlTemplate\":\"https:\/\/acefootball.com\/da\/?s={search_term_string}\"},\"query-input\":\"required name=search_term_string\"}],\"inLanguage\":\"en-US\"},{\"@type\":\"ImageObject\",\"@id\":\"https:\/\/acefootball.com\/da\/fodboldnyheder\/tibbling-forklarer-broendby-farvel-var-ikke-god-nok\/#primaryimage\",\"inLanguage\":\"en-US\",\"url\":\"https:\/\/acefootball.com\/da\/wp-content\/uploads\/sites\/2\/2020\/09\/GettyImages-1160383576.jpg\",\"contentUrl\":\"https:\/\/acefootball.com\/da\/wp-content\/uploads\/sites\/2\/2020\/09\/GettyImages-1160383576.jpg\",\"width\":1024,\"height\":683,\"caption\":\"BRONDBY, DENMARK - AUGUST 08: (L to R) Anthony Jung of Brondby IF, Simon Tibbling of Brondby IF and Simon Hedlund of Brondby IF looks dejected after the UEFA Europa League Qualification match between Brondby IF and S.C. Braga at Brondby Stadion on August 08, 2019 in Brondby, Denmark. (Photo by Jan Christensen \/ FrontzoneSport via Getty Images)\"},{\"@type\":\"WebPage\",\"@id\":\"https:\/\/acefootball.com\/da\/fodboldnyheder\/tibbling-forklarer-broendby-farvel-var-ikke-god-nok\/#webpage\",\"url\":\"https:\/\/acefootball.com\/da\/fodboldnyheder\/tibbling-forklarer-broendby-farvel-var-ikke-god-nok\/\",\"name\":\"Tibbling forklarer Br\u00f8ndby-farvel: Var ikke god nok\",\"isPartOf\":{\"@id\":\"https:\/\/acefootball.com\/da\/#website\"},\"primaryImageOfPage\":{\"@id\":\"https:\/\/acefootball.com\/da\/fodboldnyheder\/tibbling-forklarer-broendby-farvel-var-ikke-god-nok\/#primaryimage\"},\"datePublished\":\"2020-09-25T15:48:08+00:00\",\"dateModified\":\"2020-09-25T15:38:19+00:00\",\"description\":\"Svenske Simon Tibbling erkender i et interview med Fotbollskanalen, at han ikke pr\u00e6sterede godt nok i slutningen af sin tid i Br\u00f8ndby\",\"breadcrumb\":{\"@id\":\"https:\/\/acefootball.com\/da\/fodboldnyheder\/tibbling-forklarer-broendby-farvel-var-ikke-god-nok\/#breadcrumb\"},\"inLanguage\":\"en-US\",\"potentialAction\":[{\"@type\":\"ReadAction\",\"target\":[\"https:\/\/acefootball.com\/da\/fodboldnyheder\/tibbling-forklarer-broendby-farvel-var-ikke-god-nok\/\"]}]},{\"@type\":\"BreadcrumbList\",\"@id\":\"https:\/\/acefootball.com\/da\/fodboldnyheder\/tibbling-forklarer-broendby-farvel-var-ikke-god-nok\/#breadcrumb\",\"itemListElement\":[{\"@type\":\"ListItem\",\"position\":1,\"name\":\"Home\",\"item\":\"https:\/\/acefootball.com\/da\/\"},{\"@type\":\"ListItem\",\"position\":2,\"name\":\"Tibbling forklarer Br\u00f8ndby-farvel: Var ikke god nok\"}]},{\"@type\":\"Article\",\"@id\":\"https:\/\/acefootball.com\/da\/fodboldnyheder\/tibbling-forklarer-broendby-farvel-var-ikke-god-nok\/#article\",\"isPartOf\":{\"@id\":\"https:\/\/acefootball.com\/da\/fodboldnyheder\/tibbling-forklarer-broendby-farvel-var-ikke-god-nok\/#webpage\"},\"author\":{\"@id\":\"https:\/\/acefootball.com\/da\/#\/schema\/person\/cc86c6803d8c93f30230e4dbed2a3844\"},\"headline\":\"Tibbling forklarer Br\u00f8ndby-farvel: Var ikke god nok\",\"datePublished\":\"2020-09-25T15:48:08+00:00\",\"dateModified\":\"2020-09-25T15:38:19+00:00\",\"mainEntityOfPage\":{\"@id\":\"https:\/\/acefootball.com\/da\/fodboldnyheder\/tibbling-forklarer-broendby-farvel-var-ikke-god-nok\/#webpage\"},\"wordCount\":346,\"commentCount\":0,\"publisher\":{\"@id\":\"https:\/\/acefootball.com\/da\/#organization\"},\"image\":{\"@id\":\"https:\/\/acefootball.com\/da\/fodboldnyheder\/tibbling-forklarer-broendby-farvel-var-ikke-god-nok\/#primaryimage\"},\"thumbnailUrl\":\"https:\/\/acefootball.com\/da\/wp-content\/uploads\/sites\/2\/2020\/09\/GettyImages-1160383576.jpg\",\"keywords\":[\"Br\u00f8ndby IF\",\"FC Emmen\",\"Simon Tibbling\",\"Superligaen\"],\"articleSection\":[\"Udtalelse\"],\"inLanguage\":\"en-US\",\"potentialAction\":[{\"@type\":\"CommentAction\",\"name\":\"Comment\",\"target\":[\"https:\/\/acefootball.com\/da\/fodboldnyheder\/tibbling-forklarer-broendby-farvel-var-ikke-god-nok\/#respond\"]}]},{\"@type\":\"Person\",\"@id\":\"https:\/\/acefootball.com\/da\/#\/schema\/person\/cc86c6803d8c93f30230e4dbed2a3844\",\"name\":\"Nicolaj M. J\u00f8rgensen\",\"image\":{\"@type\":\"ImageObject\",\"@id\":\"https:\/\/acefootball.com\/da\/#personlogo\",\"inLanguage\":\"en-US\",\"url\":\"https:\/\/secure.gravatar.com\/avatar\/757fd92a7fd5c1d31c37aee3425e7f74?s=96&d=mm&r=g\",\"contentUrl\":\"https:\/\/secure.gravatar.com\/avatar\/757fd92a7fd5c1d31c37aee3425e7f74?s=96&d=mm&r=g\",\"caption\":\"Nicolaj M. J\u00f8rgensen\"},\"url\":\"https:\/\/acefootball.com\/da\/fodboldnyheder\/author\/nicolajmortenj\/\"}]}<\/script>\n<!-- \/ Yoast SEO plugin. -->","yoast_head_json":{"title":"Tibbling forklarer Br\u00f8ndby-farvel: Var ikke god nok","description":"Svenske Simon Tibbling erkender i et interview med Fotbollskanalen, at han ikke pr\u00e6sterede godt nok i slutningen af sin tid i Br\u00f8ndby","robots":{"index":"index","follow":"follow","max-snippet":"max-snippet:-1","max-image-preview":"max-image-preview:large","max-video-preview":"max-video-preview:-1"},"canonical":"https:\/\/acefootball.com\/da\/fodboldnyheder\/tibbling-forklarer-broendby-farvel-var-ikke-god-nok\/","og_locale":"en_US","og_type":"article","og_title":"Tibbling forklarer Br\u00f8ndby-farvel: Var ikke god nok","og_description":"Svenske Simon Tibbling erkender i et interview med Fotbollskanalen, at han ikke pr\u00e6sterede godt nok i slutningen af sin tid i Br\u00f8ndby","og_url":"https:\/\/acefootball.com\/da\/fodboldnyheder\/tibbling-forklarer-broendby-farvel-var-ikke-god-nok\/","og_site_name":"Ace Football Danmark","article_publisher":"https:\/\/www.facebook.com\/acefootballdk","article_published_time":"2020-09-25T15:48:08+00:00","article_modified_time":"2020-09-25T15:38:19+00:00","og_image":[{"width":1024,"height":683,"url":"https:\/\/acefootball.com\/da\/wp-content\/uploads\/sites\/2\/2020\/09\/GettyImages-1160383576.jpg","type":"image\/jpeg"}],"twitter_card":"summary_large_image","twitter_misc":{"Written by":"Nicolaj M. J\u00f8rgensen","Est. reading time":"2 minutes"},"schema":{"@context":"https:\/\/schema.org","@graph":[{"@type":"Organization","@id":"https:\/\/acefootball.com\/da\/#organization","name":"Ace Football","url":"https:\/\/acefootball.com\/da\/","sameAs":["https:\/\/www.facebook.com\/acefootballdk"],"logo":{"@type":"ImageObject","@id":"https:\/\/acefootball.com\/da\/#logo","inLanguage":"en-US","url":"https:\/\/acefootball.com\/da\/wp-content\/uploads\/sites\/2\/2020\/07\/Ace-Football-30-07-2020-2.png","contentUrl":"https:\/\/acefootball.com\/da\/wp-content\/uploads\/sites\/2\/2020\/07\/Ace-Football-30-07-2020-2.png","width":1200,"height":600,"caption":"Ace Football"},"image":{"@id":"https:\/\/acefootball.com\/da\/#logo"}},{"@type":"WebSite","@id":"https:\/\/acefootball.com\/da\/#website","url":"https:\/\/acefootball.com\/da\/","name":"Ace Football Danmark","description":"Nyheder, Spiltips &amp; Livescore","publisher":{"@id":"https:\/\/acefootball.com\/da\/#organization"},"potentialAction":[{"@type":"SearchAction","target":{"@type":"EntryPoint","urlTemplate":"https:\/\/acefootball.com\/da\/?s={search_term_string}"},"query-input":"required name=search_term_string"}],"inLanguage":"en-US"},{"@type":"ImageObject","@id":"https:\/\/acefootball.com\/da\/fodboldnyheder\/tibbling-forklarer-broendby-farvel-var-ikke-god-nok\/#primaryimage","inLanguage":"en-US","url":"https:\/\/acefootball.com\/da\/wp-content\/uploads\/sites\/2\/2020\/09\/GettyImages-1160383576.jpg","contentUrl":"https:\/\/acefootball.com\/da\/wp-content\/uploads\/sites\/2\/2020\/09\/GettyImages-1160383576.jpg","width":1024,"height":683,"caption":"BRONDBY, DENMARK - AUGUST 08: (L to R) Anthony Jung of Brondby IF, Simon Tibbling of Brondby IF and Simon Hedlund of Brondby IF looks dejected after the UEFA Europa League Qualification match between Brondby IF and S.C. Braga at Brondby Stadion on August 08, 2019 in Brondby, Denmark. (Photo by Jan Christensen \/ FrontzoneSport via Getty Images)"},{"@type":"WebPage","@id":"https:\/\/acefootball.com\/da\/fodboldnyheder\/tibbling-forklarer-broendby-farvel-var-ikke-god-nok\/#webpage","url":"https:\/\/acefootball.com\/da\/fodboldnyheder\/tibbling-forklarer-broendby-farvel-var-ikke-god-nok\/","name":"Tibbling forklarer Br\u00f8ndby-farvel: Var ikke god nok","isPartOf":{"@id":"https:\/\/acefootball.com\/da\/#website"},"primaryImageOfPage":{"@id":"https:\/\/acefootball.com\/da\/fodboldnyheder\/tibbling-forklarer-broendby-farvel-var-ikke-god-nok\/#primaryimage"},"datePublished":"2020-09-25T15:48:08+00:00","dateModified":"2020-09-25T15:38:19+00:00","description":"Svenske Simon Tibbling erkender i et interview med Fotbollskanalen, at han ikke pr\u00e6sterede godt nok i slutningen af sin tid i Br\u00f8ndby","breadcrumb":{"@id":"https:\/\/acefootball.com\/da\/fodboldnyheder\/tibbling-forklarer-broendby-farvel-var-ikke-god-nok\/#breadcrumb"},"inLanguage":"en-US","potentialAction":[{"@type":"ReadAction","target":["https:\/\/acefootball.com\/da\/fodboldnyheder\/tibbling-forklarer-broendby-farvel-var-ikke-god-nok\/"]}]},{"@type":"BreadcrumbList","@id":"https:\/\/acefootball.com\/da\/fodboldnyheder\/tibbling-forklarer-broendby-farvel-var-ikke-god-nok\/#breadcrumb","itemListElement":[{"@type":"ListItem","position":1,"name":"Home","item":"https:\/\/acefootball.com\/da\/"},{"@type":"ListItem","position":2,"name":"Tibbling forklarer Br\u00f8ndby-farvel: Var ikke god nok"}]},{"@type":"Article","@id":"https:\/\/acefootball.com\/da\/fodboldnyheder\/tibbling-forklarer-broendby-farvel-var-ikke-god-nok\/#article","isPartOf":{"@id":"https:\/\/acefootball.com\/da\/fodboldnyheder\/tibbling-forklarer-broendby-farvel-var-ikke-god-nok\/#webpage"},"author":{"@id":"https:\/\/acefootball.com\/da\/#\/schema\/person\/cc86c6803d8c93f30230e4dbed2a3844"},"headline":"Tibbling forklarer Br\u00f8ndby-farvel: Var ikke god nok","datePublished":"2020-09-25T15:48:08+00:00","dateModified":"2020-09-25T15:38:19+00:00","mainEntityOfPage":{"@id":"https:\/\/acefootball.com\/da\/fodboldnyheder\/tibbling-forklarer-broendby-farvel-var-ikke-god-nok\/#webpage"},"wordCount":346,"commentCount":0,"publisher":{"@id":"https:\/\/acefootball.com\/da\/#organization"},"image":{"@id":"https:\/\/acefootball.com\/da\/fodboldnyheder\/tibbling-forklarer-broendby-farvel-var-ikke-god-nok\/#primaryimage"},"thumbnailUrl":"https:\/\/acefootball.com\/da\/wp-content\/uploads\/sites\/2\/2020\/09\/GettyImages-1160383576.jpg","keywords":["Br\u00f8ndby IF","FC Emmen","Simon Tibbling","Superligaen"],"articleSection":["Udtalelse"],"inLanguage":"en-US","potentialAction":[{"@type":"CommentAction","name":"Comment","target":["https:\/\/acefootball.com\/da\/fodboldnyheder\/tibbling-forklarer-broendby-farvel-var-ikke-god-nok\/#respond"]}]},{"@type":"Person","@id":"https:\/\/acefootball.com\/da\/#\/schema\/person\/cc86c6803d8c93f30230e4dbed2a3844","name":"Nicolaj M. J\u00f8rgensen","image":{"@type":"ImageObject","@id":"https:\/\/acefootball.com\/da\/#personlogo","inLanguage":"en-US","url":"https:\/\/secure.gravatar.com\/avatar\/757fd92a7fd5c1d31c37aee3425e7f74?s=96&d=mm&r=g","contentUrl":"https:\/\/secure.gravatar.com\/avatar\/757fd92a7fd5c1d31c37aee3425e7f74?s=96&d=mm&r=g","caption":"Nicolaj M. J\u00f8rgensen"},"url":"https:\/\/acefootball.com\/da\/fodboldnyheder\/author\/nicolajmortenj\/"}]}},"fimg_url":"https:\/\/acefootball.com\/da\/wp-content\/uploads\/sites\/2\/2020\/09\/GettyImages-1160383576.jpg","_links":{"self":[{"href":"https:\/\/acefootball.com\/da\/wp-json\/wp\/v2\/posts\/238455"}],"collection":[{"href":"https:\/\/acefootball.com\/da\/wp-json\/wp\/v2\/posts"}],"about":[{"href":"https:\/\/acefootball.com\/da\/wp-json\/wp\/v2\/types\/post"}],"author":[{"embeddable":true,"href":"https:\/\/acefootball.com\/da\/wp-json\/wp\/v2\/users\/347"}],"replies":[{"embeddable":true,"href":"https:\/\/acefootball.com\/da\/wp-json\/wp\/v2\/comments?post=238455"}],"version-history":[{"count":0,"href":"https:\/\/acefootball.com\/da\/wp-json\/wp\/v2\/posts\/238455\/revisions"}],"wp:featuredmedia":[{"embeddable":true,"href":"https:\/\/acefootball.com\/da\/wp-json\/wp\/v2\/media\/238456"}],"wp:attachment":[{"href":"https:\/\/acefootball.com\/da\/wp-json\/wp\/v2\/media?parent=238455"}],"wp:term":[{"taxonomy":"category","embeddable":true,"href":"https:\/\/acefootball.com\/da\/wp-json\/wp\/v2\/categories?post=238455"},{"taxonomy":"post_tag","embeddable":true,"href":"https:\/\/acefootball.com\/da\/wp-json\/wp\/v2\/tags?post=238455"}],"curies":[{"name":"wp","href":"https:\/\/api.w.org\/{rel}","templated":true}]}}