{"id":238413,"date":"2020-09-25T10:08:29","date_gmt":"2020-09-25T08:08:29","guid":{"rendered":"https:\/\/acefootball.com\/da\/?p=238413"},"modified":"2020-09-25T10:08:30","modified_gmt":"2020-09-25T08:08:30","slug":"lucas-andersen-om-ny-agent-derfor-har-jeg-skiftet","status":"publish","type":"post","link":"https:\/\/acefootball.com\/da\/fodboldnyheder\/lucas-andersen-om-ny-agent-derfor-har-jeg-skiftet\/","title":{"rendered":"Lucas Andersen om ny agent: Derfor har jeg skiftet"},"content":{"rendered":"\n<h2>AaB-profilen Lucas Andersen har f\u00e5et ny agent. Nu fort\u00e6ller offensivspilleren, hvorfor han har valgt at f\u00e5 sig en ny<\/h2>\n\n\n\n<p>I sidste uge kom det frem, at Superliga-profilerne Lucas Andersen og Viktor Fischer havde f\u00e5et nye agenter, hvilket selvf\u00f8lgelig med det samme satte gang i spekulationerne om eventuelle klubskifter. <\/p>\n\n\n\n<figure class=\"wp-block-embed-wordpress wp-block-embed is-type-wp-embed is-provider-ace-football-danmark\"><div class=\"wp-block-embed__wrapper\">\n<blockquote class=\"wp-embedded-content\" data-secret=\"pqFzkAf2O6\"><a href=\"https:\/\/acefootball.com\/da\/fodboldnyheder\/skifte-under-opsejling-superliga-stjerner-hyrer-nye-agenter\/\">Skifte under opsejling? &#8211; Superliga-stjerner hyrer nye agenter<\/a><\/blockquote><iframe class=\"wp-embedded-content\" sandbox=\"allow-scripts\" security=\"restricted\" style=\"position: absolute; clip: rect(1px, 1px, 1px, 1px);\" title=\"&#8220;Skifte under opsejling? &#8211; Superliga-stjerner hyrer nye agenter&#8221; &#8212; Ace Football Danmark\" src=\"https:\/\/acefootball.com\/da\/fodboldnyheder\/skifte-under-opsejling-superliga-stjerner-hyrer-nye-agenter\/embed\/#?secret=pqFzkAf2O6\" data-secret=\"pqFzkAf2O6\" width=\"600\" height=\"338\" frameborder=\"0\" marginwidth=\"0\" marginheight=\"0\" scrolling=\"no\"><\/iframe>\n<\/div><\/figure>\n\n\n\n<p>Lucas Andersen har skiftet Anders Wallsten ud med Mikkel Beck, og nu udtaler offensivspilleren sig om bev\u00e6ggrundene bag valget af ny agent:<\/p>\n\n\n\n<p>&#8220;Det er lidt som en ny start, og s\u00e5 f\u00f8lte jeg, at der ogs\u00e5 var tid til noget nyt der. Og s\u00e5 var der bare et godt klik i de samtaler, jeg havde med ham. Han virker som en fed person, og hans handler taler jo for sig selv. Han arbejder med en dynamik, der passer godt til mig og det sted, jeg er i min karriere lige nu,&#8221; udtaler Lucas Andersen til <a href=\"https:\/\/www.tipsbladet.dk\/nyhed\/superliga\/lucas-andersen-derfor-har-jeg-faaet-ny-agent\" target=\"_blank\" rel=\"noreferrer noopener\">Tipsbladet<\/a>.<\/p>\n\n\n\n<div class=\"wp-block-si-widget wp-block-si-widget--center\"><si-lb-widget widget-id=\"PlayerSeasonStatsSnap\" data-hide-controls=\"false\" width=\"440\" data-player-id=\"252969\" data-season-id=\"13958\"><\/si-lb-widget><\/div>\n\n\n\n<p>Direkte adspurgt, om Lucas Andersen kan v\u00e6re p\u00e5 vej v\u00e6k nu, fort\u00e6ller han, at han tager en dag ad gangen, og at han fokuserer p\u00e5 at komme sig helt over sin skade. Han medgiver dog ogs\u00e5, at han skal afsted igen p\u00e5 et tidspunkt, og det er han ogs\u00e5 sikker p\u00e5 kommer til at ske.<\/p>\n","protected":false},"excerpt":{"rendered":"<p>AaB-profilen Lucas Andersen har f\u00e5et ny agent. Nu fort\u00e6ller offensivspilleren, hvorfor han har valgt at f\u00e5 sig en ny<\/p>\n","protected":false},"author":43,"featured_media":238414,"comment_status":"open","ping_status":"closed","sticky":false,"template":"","format":"standard","meta":{"om_disable_all_campaigns":false,"push_articles_ronaldo":{"active":false,"canonical":0,"publish":false},"force_updates":null},"categories":[8204],"tags":[17,3055,588],"enet_tags":{"team":["8470"],"player":["252969"],"league":["46"],"sport_events":[]},"yoast_head":"<!-- This site is optimized with the Yoast SEO plugin v18.3 - https:\/\/yoast.com\/wordpress\/plugins\/seo\/ -->\n<title>Lucas Andersen om ny agent: Derfor har jeg skiftet<\/title>\n<meta name=\"description\" content=\"AaB-profilen Lucas Andersen har f\u00e5et ny agent. Nu fort\u00e6ller offensivspilleren, hvorfor han har valgt at f\u00e5 sig en ny\" \/>\n<meta name=\"robots\" content=\"index, follow, max-snippet:-1, max-image-preview:large, max-video-preview:-1\" \/>\n<link rel=\"canonical\" href=\"https:\/\/acefootball.com\/da\/fodboldnyheder\/lucas-andersen-om-ny-agent-derfor-har-jeg-skiftet\/\" \/>\n<meta property=\"og:locale\" content=\"en_US\" \/>\n<meta property=\"og:type\" content=\"article\" \/>\n<meta property=\"og:title\" content=\"Lucas Andersen om ny agent: Derfor har jeg skiftet\" \/>\n<meta property=\"og:description\" content=\"AaB-profilen Lucas Andersen har f\u00e5et ny agent. Nu fort\u00e6ller offensivspilleren, hvorfor han har valgt at f\u00e5 sig en ny\" \/>\n<meta property=\"og:url\" content=\"https:\/\/acefootball.com\/da\/fodboldnyheder\/lucas-andersen-om-ny-agent-derfor-har-jeg-skiftet\/\" \/>\n<meta property=\"og:site_name\" content=\"Ace Football Danmark\" \/>\n<meta property=\"article:publisher\" content=\"https:\/\/www.facebook.com\/acefootballdk\" \/>\n<meta property=\"article:published_time\" content=\"2020-09-25T08:08:29+00:00\" \/>\n<meta property=\"article:modified_time\" content=\"2020-09-25T08:08:30+00:00\" \/>\n<meta property=\"og:image\" content=\"https:\/\/acefootball.com\/da\/wp-content\/uploads\/sites\/2\/2020\/09\/GettyImages-1161007087.jpg\" \/>\n\t<meta property=\"og:image:width\" content=\"1024\" \/>\n\t<meta property=\"og:image:height\" content=\"700\" \/>\n\t<meta property=\"og:image:type\" content=\"image\/jpeg\" \/>\n<meta name=\"twitter:card\" content=\"summary_large_image\" \/>\n<meta name=\"twitter:label1\" content=\"Written by\" \/>\n\t<meta name=\"twitter:data1\" content=\"Mikki M\u00f8ller-Iversen\" \/>\n\t<meta name=\"twitter:label2\" content=\"Est. reading time\" \/>\n\t<meta name=\"twitter:data2\" content=\"1 minute\" \/>\n<script type=\"application\/ld+json\" class=\"yoast-schema-graph\">{\"@context\":\"https:\/\/schema.org\",\"@graph\":[{\"@type\":\"Organization\",\"@id\":\"https:\/\/acefootball.com\/da\/#organization\",\"name\":\"Ace Football\",\"url\":\"https:\/\/acefootball.com\/da\/\",\"sameAs\":[\"https:\/\/www.facebook.com\/acefootballdk\"],\"logo\":{\"@type\":\"ImageObject\",\"@id\":\"https:\/\/acefootball.com\/da\/#logo\",\"inLanguage\":\"en-US\",\"url\":\"https:\/\/acefootball.com\/da\/wp-content\/uploads\/sites\/2\/2020\/07\/Ace-Football-30-07-2020-2.png\",\"contentUrl\":\"https:\/\/acefootball.com\/da\/wp-content\/uploads\/sites\/2\/2020\/07\/Ace-Football-30-07-2020-2.png\",\"width\":1200,\"height\":600,\"caption\":\"Ace Football\"},\"image\":{\"@id\":\"https:\/\/acefootball.com\/da\/#logo\"}},{\"@type\":\"WebSite\",\"@id\":\"https:\/\/acefootball.com\/da\/#website\",\"url\":\"https:\/\/acefootball.com\/da\/\",\"name\":\"Ace Football Danmark\",\"description\":\"Nyheder, Spiltips &amp; Livescore\",\"publisher\":{\"@id\":\"https:\/\/acefootball.com\/da\/#organization\"},\"potentialAction\":[{\"@type\":\"SearchAction\",\"target\":{\"@type\":\"EntryPoint\",\"urlTemplate\":\"https:\/\/acefootball.com\/da\/?s={search_term_string}\"},\"query-input\":\"required name=search_term_string\"}],\"inLanguage\":\"en-US\"},{\"@type\":\"ImageObject\",\"@id\":\"https:\/\/acefootball.com\/da\/fodboldnyheder\/lucas-andersen-om-ny-agent-derfor-har-jeg-skiftet\/#primaryimage\",\"inLanguage\":\"en-US\",\"url\":\"https:\/\/acefootball.com\/da\/wp-content\/uploads\/sites\/2\/2020\/09\/GettyImages-1161007087.jpg\",\"contentUrl\":\"https:\/\/acefootball.com\/da\/wp-content\/uploads\/sites\/2\/2020\/09\/GettyImages-1161007087.jpg\",\"width\":1024,\"height\":700,\"caption\":\"AALBORG, DENMARK - AUGUST 11: Lucas Andersen of AaB Aalborg looks on during the Danish 3F Superliga match between AaB Aalborg and Esbjerg fB at Aalborg Portland Park on August 11, 2019 in Aalborg, Denmark. (Photo by Lars Ronbog \/ FrontZoneSport via Getty Images)\"},{\"@type\":\"WebPage\",\"@id\":\"https:\/\/acefootball.com\/da\/fodboldnyheder\/lucas-andersen-om-ny-agent-derfor-har-jeg-skiftet\/#webpage\",\"url\":\"https:\/\/acefootball.com\/da\/fodboldnyheder\/lucas-andersen-om-ny-agent-derfor-har-jeg-skiftet\/\",\"name\":\"Lucas Andersen om ny agent: Derfor har jeg skiftet\",\"isPartOf\":{\"@id\":\"https:\/\/acefootball.com\/da\/#website\"},\"primaryImageOfPage\":{\"@id\":\"https:\/\/acefootball.com\/da\/fodboldnyheder\/lucas-andersen-om-ny-agent-derfor-har-jeg-skiftet\/#primaryimage\"},\"datePublished\":\"2020-09-25T08:08:29+00:00\",\"dateModified\":\"2020-09-25T08:08:30+00:00\",\"description\":\"AaB-profilen Lucas Andersen har f\u00e5et ny agent. Nu fort\u00e6ller offensivspilleren, hvorfor han har valgt at f\u00e5 sig en ny\",\"breadcrumb\":{\"@id\":\"https:\/\/acefootball.com\/da\/fodboldnyheder\/lucas-andersen-om-ny-agent-derfor-har-jeg-skiftet\/#breadcrumb\"},\"inLanguage\":\"en-US\",\"potentialAction\":[{\"@type\":\"ReadAction\",\"target\":[\"https:\/\/acefootball.com\/da\/fodboldnyheder\/lucas-andersen-om-ny-agent-derfor-har-jeg-skiftet\/\"]}]},{\"@type\":\"BreadcrumbList\",\"@id\":\"https:\/\/acefootball.com\/da\/fodboldnyheder\/lucas-andersen-om-ny-agent-derfor-har-jeg-skiftet\/#breadcrumb\",\"itemListElement\":[{\"@type\":\"ListItem\",\"position\":1,\"name\":\"Home\",\"item\":\"https:\/\/acefootball.com\/da\/\"},{\"@type\":\"ListItem\",\"position\":2,\"name\":\"Lucas Andersen om ny agent: Derfor har jeg skiftet\"}]},{\"@type\":\"Article\",\"@id\":\"https:\/\/acefootball.com\/da\/fodboldnyheder\/lucas-andersen-om-ny-agent-derfor-har-jeg-skiftet\/#article\",\"isPartOf\":{\"@id\":\"https:\/\/acefootball.com\/da\/fodboldnyheder\/lucas-andersen-om-ny-agent-derfor-har-jeg-skiftet\/#webpage\"},\"author\":{\"@id\":\"https:\/\/acefootball.com\/da\/#\/schema\/person\/017c0abe4a8e92938220bf6c097dda93\"},\"headline\":\"Lucas Andersen om ny agent: Derfor har jeg skiftet\",\"datePublished\":\"2020-09-25T08:08:29+00:00\",\"dateModified\":\"2020-09-25T08:08:30+00:00\",\"mainEntityOfPage\":{\"@id\":\"https:\/\/acefootball.com\/da\/fodboldnyheder\/lucas-andersen-om-ny-agent-derfor-har-jeg-skiftet\/#webpage\"},\"wordCount\":223,\"commentCount\":0,\"publisher\":{\"@id\":\"https:\/\/acefootball.com\/da\/#organization\"},\"image\":{\"@id\":\"https:\/\/acefootball.com\/da\/fodboldnyheder\/lucas-andersen-om-ny-agent-derfor-har-jeg-skiftet\/#primaryimage\"},\"thumbnailUrl\":\"https:\/\/acefootball.com\/da\/wp-content\/uploads\/sites\/2\/2020\/09\/GettyImages-1161007087.jpg\",\"keywords\":[\"AaB\",\"Lucas Andersen\",\"Superligaen\"],\"articleSection\":[\"Udtalelse\"],\"inLanguage\":\"en-US\",\"potentialAction\":[{\"@type\":\"CommentAction\",\"name\":\"Comment\",\"target\":[\"https:\/\/acefootball.com\/da\/fodboldnyheder\/lucas-andersen-om-ny-agent-derfor-har-jeg-skiftet\/#respond\"]}]},{\"@type\":\"Person\",\"@id\":\"https:\/\/acefootball.com\/da\/#\/schema\/person\/017c0abe4a8e92938220bf6c097dda93\",\"name\":\"Mikki M\u00f8ller-Iversen\",\"image\":{\"@type\":\"ImageObject\",\"@id\":\"https:\/\/acefootball.com\/da\/#personlogo\",\"inLanguage\":\"en-US\",\"url\":\"https:\/\/secure.gravatar.com\/avatar\/e05b419e8b5ae5fcf516800181b96aa2?s=96&d=mm&r=g\",\"contentUrl\":\"https:\/\/secure.gravatar.com\/avatar\/e05b419e8b5ae5fcf516800181b96aa2?s=96&d=mm&r=g\",\"caption\":\"Mikki M\u00f8ller-Iversen\"},\"description\":\"Social Media Manager and writer at Ace Football. Main focus on Danish football and special stories.\",\"sameAs\":[\"https:\/\/www.linkedin.com\/in\/mikki-mller-iversen-26a3a689\/\"],\"url\":\"https:\/\/acefootball.com\/da\/fodboldnyheder\/author\/mmironaldo\/\"}]}<\/script>\n<!-- \/ Yoast SEO plugin. -->","yoast_head_json":{"title":"Lucas Andersen om ny agent: Derfor har jeg skiftet","description":"AaB-profilen Lucas Andersen har f\u00e5et ny agent. Nu fort\u00e6ller offensivspilleren, hvorfor han har valgt at f\u00e5 sig en ny","robots":{"index":"index","follow":"follow","max-snippet":"max-snippet:-1","max-image-preview":"max-image-preview:large","max-video-preview":"max-video-preview:-1"},"canonical":"https:\/\/acefootball.com\/da\/fodboldnyheder\/lucas-andersen-om-ny-agent-derfor-har-jeg-skiftet\/","og_locale":"en_US","og_type":"article","og_title":"Lucas Andersen om ny agent: Derfor har jeg skiftet","og_description":"AaB-profilen Lucas Andersen har f\u00e5et ny agent. Nu fort\u00e6ller offensivspilleren, hvorfor han har valgt at f\u00e5 sig en ny","og_url":"https:\/\/acefootball.com\/da\/fodboldnyheder\/lucas-andersen-om-ny-agent-derfor-har-jeg-skiftet\/","og_site_name":"Ace Football Danmark","article_publisher":"https:\/\/www.facebook.com\/acefootballdk","article_published_time":"2020-09-25T08:08:29+00:00","article_modified_time":"2020-09-25T08:08:30+00:00","og_image":[{"width":1024,"height":700,"url":"https:\/\/acefootball.com\/da\/wp-content\/uploads\/sites\/2\/2020\/09\/GettyImages-1161007087.jpg","type":"image\/jpeg"}],"twitter_card":"summary_large_image","twitter_misc":{"Written by":"Mikki M\u00f8ller-Iversen","Est. reading time":"1 minute"},"schema":{"@context":"https:\/\/schema.org","@graph":[{"@type":"Organization","@id":"https:\/\/acefootball.com\/da\/#organization","name":"Ace Football","url":"https:\/\/acefootball.com\/da\/","sameAs":["https:\/\/www.facebook.com\/acefootballdk"],"logo":{"@type":"ImageObject","@id":"https:\/\/acefootball.com\/da\/#logo","inLanguage":"en-US","url":"https:\/\/acefootball.com\/da\/wp-content\/uploads\/sites\/2\/2020\/07\/Ace-Football-30-07-2020-2.png","contentUrl":"https:\/\/acefootball.com\/da\/wp-content\/uploads\/sites\/2\/2020\/07\/Ace-Football-30-07-2020-2.png","width":1200,"height":600,"caption":"Ace Football"},"image":{"@id":"https:\/\/acefootball.com\/da\/#logo"}},{"@type":"WebSite","@id":"https:\/\/acefootball.com\/da\/#website","url":"https:\/\/acefootball.com\/da\/","name":"Ace Football Danmark","description":"Nyheder, Spiltips &amp; Livescore","publisher":{"@id":"https:\/\/acefootball.com\/da\/#organization"},"potentialAction":[{"@type":"SearchAction","target":{"@type":"EntryPoint","urlTemplate":"https:\/\/acefootball.com\/da\/?s={search_term_string}"},"query-input":"required name=search_term_string"}],"inLanguage":"en-US"},{"@type":"ImageObject","@id":"https:\/\/acefootball.com\/da\/fodboldnyheder\/lucas-andersen-om-ny-agent-derfor-har-jeg-skiftet\/#primaryimage","inLanguage":"en-US","url":"https:\/\/acefootball.com\/da\/wp-content\/uploads\/sites\/2\/2020\/09\/GettyImages-1161007087.jpg","contentUrl":"https:\/\/acefootball.com\/da\/wp-content\/uploads\/sites\/2\/2020\/09\/GettyImages-1161007087.jpg","width":1024,"height":700,"caption":"AALBORG, DENMARK - AUGUST 11: Lucas Andersen of AaB Aalborg looks on during the Danish 3F Superliga match between AaB Aalborg and Esbjerg fB at Aalborg Portland Park on August 11, 2019 in Aalborg, Denmark. (Photo by Lars Ronbog \/ FrontZoneSport via Getty Images)"},{"@type":"WebPage","@id":"https:\/\/acefootball.com\/da\/fodboldnyheder\/lucas-andersen-om-ny-agent-derfor-har-jeg-skiftet\/#webpage","url":"https:\/\/acefootball.com\/da\/fodboldnyheder\/lucas-andersen-om-ny-agent-derfor-har-jeg-skiftet\/","name":"Lucas Andersen om ny agent: Derfor har jeg skiftet","isPartOf":{"@id":"https:\/\/acefootball.com\/da\/#website"},"primaryImageOfPage":{"@id":"https:\/\/acefootball.com\/da\/fodboldnyheder\/lucas-andersen-om-ny-agent-derfor-har-jeg-skiftet\/#primaryimage"},"datePublished":"2020-09-25T08:08:29+00:00","dateModified":"2020-09-25T08:08:30+00:00","description":"AaB-profilen Lucas Andersen har f\u00e5et ny agent. Nu fort\u00e6ller offensivspilleren, hvorfor han har valgt at f\u00e5 sig en ny","breadcrumb":{"@id":"https:\/\/acefootball.com\/da\/fodboldnyheder\/lucas-andersen-om-ny-agent-derfor-har-jeg-skiftet\/#breadcrumb"},"inLanguage":"en-US","potentialAction":[{"@type":"ReadAction","target":["https:\/\/acefootball.com\/da\/fodboldnyheder\/lucas-andersen-om-ny-agent-derfor-har-jeg-skiftet\/"]}]},{"@type":"BreadcrumbList","@id":"https:\/\/acefootball.com\/da\/fodboldnyheder\/lucas-andersen-om-ny-agent-derfor-har-jeg-skiftet\/#breadcrumb","itemListElement":[{"@type":"ListItem","position":1,"name":"Home","item":"https:\/\/acefootball.com\/da\/"},{"@type":"ListItem","position":2,"name":"Lucas Andersen om ny agent: Derfor har jeg skiftet"}]},{"@type":"Article","@id":"https:\/\/acefootball.com\/da\/fodboldnyheder\/lucas-andersen-om-ny-agent-derfor-har-jeg-skiftet\/#article","isPartOf":{"@id":"https:\/\/acefootball.com\/da\/fodboldnyheder\/lucas-andersen-om-ny-agent-derfor-har-jeg-skiftet\/#webpage"},"author":{"@id":"https:\/\/acefootball.com\/da\/#\/schema\/person\/017c0abe4a8e92938220bf6c097dda93"},"headline":"Lucas Andersen om ny agent: Derfor har jeg skiftet","datePublished":"2020-09-25T08:08:29+00:00","dateModified":"2020-09-25T08:08:30+00:00","mainEntityOfPage":{"@id":"https:\/\/acefootball.com\/da\/fodboldnyheder\/lucas-andersen-om-ny-agent-derfor-har-jeg-skiftet\/#webpage"},"wordCount":223,"commentCount":0,"publisher":{"@id":"https:\/\/acefootball.com\/da\/#organization"},"image":{"@id":"https:\/\/acefootball.com\/da\/fodboldnyheder\/lucas-andersen-om-ny-agent-derfor-har-jeg-skiftet\/#primaryimage"},"thumbnailUrl":"https:\/\/acefootball.com\/da\/wp-content\/uploads\/sites\/2\/2020\/09\/GettyImages-1161007087.jpg","keywords":["AaB","Lucas Andersen","Superligaen"],"articleSection":["Udtalelse"],"inLanguage":"en-US","potentialAction":[{"@type":"CommentAction","name":"Comment","target":["https:\/\/acefootball.com\/da\/fodboldnyheder\/lucas-andersen-om-ny-agent-derfor-har-jeg-skiftet\/#respond"]}]},{"@type":"Person","@id":"https:\/\/acefootball.com\/da\/#\/schema\/person\/017c0abe4a8e92938220bf6c097dda93","name":"Mikki M\u00f8ller-Iversen","image":{"@type":"ImageObject","@id":"https:\/\/acefootball.com\/da\/#personlogo","inLanguage":"en-US","url":"https:\/\/secure.gravatar.com\/avatar\/e05b419e8b5ae5fcf516800181b96aa2?s=96&d=mm&r=g","contentUrl":"https:\/\/secure.gravatar.com\/avatar\/e05b419e8b5ae5fcf516800181b96aa2?s=96&d=mm&r=g","caption":"Mikki M\u00f8ller-Iversen"},"description":"Social Media Manager and writer at Ace Football. Main focus on Danish football and special stories.","sameAs":["https:\/\/www.linkedin.com\/in\/mikki-mller-iversen-26a3a689\/"],"url":"https:\/\/acefootball.com\/da\/fodboldnyheder\/author\/mmironaldo\/"}]}},"fimg_url":"https:\/\/acefootball.com\/da\/wp-content\/uploads\/sites\/2\/2020\/09\/GettyImages-1161007087.jpg","_links":{"self":[{"href":"https:\/\/acefootball.com\/da\/wp-json\/wp\/v2\/posts\/238413"}],"collection":[{"href":"https:\/\/acefootball.com\/da\/wp-json\/wp\/v2\/posts"}],"about":[{"href":"https:\/\/acefootball.com\/da\/wp-json\/wp\/v2\/types\/post"}],"author":[{"embeddable":true,"href":"https:\/\/acefootball.com\/da\/wp-json\/wp\/v2\/users\/43"}],"replies":[{"embeddable":true,"href":"https:\/\/acefootball.com\/da\/wp-json\/wp\/v2\/comments?post=238413"}],"version-history":[{"count":0,"href":"https:\/\/acefootball.com\/da\/wp-json\/wp\/v2\/posts\/238413\/revisions"}],"wp:featuredmedia":[{"embeddable":true,"href":"https:\/\/acefootball.com\/da\/wp-json\/wp\/v2\/media\/238414"}],"wp:attachment":[{"href":"https:\/\/acefootball.com\/da\/wp-json\/wp\/v2\/media?parent=238413"}],"wp:term":[{"taxonomy":"category","embeddable":true,"href":"https:\/\/acefootball.com\/da\/wp-json\/wp\/v2\/categories?post=238413"},{"taxonomy":"post_tag","embeddable":true,"href":"https:\/\/acefootball.com\/da\/wp-json\/wp\/v2\/tags?post=238413"}],"curies":[{"name":"wp","href":"https:\/\/api.w.org\/{rel}","templated":true}]}}