{"id":238360,"date":"2020-09-24T16:50:43","date_gmt":"2020-09-24T14:50:43","guid":{"rendered":"https:\/\/acefootball.com\/da\/?p=238360"},"modified":"2020-09-24T16:50:44","modified_gmt":"2020-09-24T14:50:44","slug":"officielt-jess-thorup-tager-over-i-belgisk-talentfabrik","status":"publish","type":"post","link":"https:\/\/acefootball.com\/da\/fodboldnyheder\/officielt-jess-thorup-tager-over-i-belgisk-talentfabrik\/","title":{"rendered":"Officielt: Jess Thorup tager over i belgisk talentfabrik"},"content":{"rendered":"\n<h2>Jess Thorup er officielt blevet pr\u00e6senteret som ny cheftr\u00e6ner i KRC Genk, hvor han har skrevet under p\u00e5 en tre\u00e5rig aftale<\/h2>\n\n\n\n<p>Efter kun to kampe i den nye s\u00e6son blev Jess Thorup p\u00e5 mystisk vis fyret i KAA Gent, men efter kort tid blev den danske tr\u00e6ner sat i forbindelse med et ledigt job hos ligarivalerne KRC Genk.<\/p>\n\n\n\n<p>Nu er den tidligere FC Midtjylland-tr\u00e6ner netop blevet pr\u00e6senteret som ny cheftr\u00e6ner hos den belgiske talentfabrik. Thorup har skrevet under p\u00e5 en aftale frem til sommeren 2023.<\/p>\n\n\n\n<figure class=\"wp-block-embed-twitter wp-block-embed is-type-rich is-provider-twitter\"><div class=\"wp-block-embed__wrapper\">\n<blockquote class=\"twitter-tweet\" data-width=\"550\" data-dnt=\"true\"><p lang=\"nl\" dir=\"ltr\">Welkom Jess Thorup! <br>\ud83d\udcaa\ud83e\udd1d\ud83d\udd35\u26aa\ufe0f\ud83c\udde9\ud83c\uddf0<br><br>\ud83d\udc49 <a href=\"https:\/\/t.co\/exqp0D9L3U\">https:\/\/t.co\/exqp0D9L3U<\/a><a href=\"https:\/\/twitter.com\/hashtag\/krcgenk?src=hash&amp;ref_src=twsrc%5Etfw\">#krcgenk<\/a> <a href=\"https:\/\/twitter.com\/hashtag\/mijnploeg?src=hash&amp;ref_src=twsrc%5Etfw\">#mijnploeg<\/a> <a href=\"https:\/\/t.co\/wtAmwxBC17\">pic.twitter.com\/wtAmwxBC17<\/a><\/p>&mdash; KRC Genk (@KRCGenkofficial) <a href=\"https:\/\/twitter.com\/KRCGenkofficial\/status\/1309131203287621639?ref_src=twsrc%5Etfw\">September 24, 2020<\/a><\/blockquote><script async src=\"https:\/\/platform.twitter.com\/widgets.js\" charset=\"utf-8\"><\/script>\n<\/div><\/figure>\n\n\n\n<p>Dermed n\u00e5ede danskeren kun at g\u00e5 arbejdsl\u00f8s i lidt over en m\u00e5ned. Han starter p\u00e5 tr\u00e6ningsbanen i sin nye klub p\u00e5 mandag.<\/p>\n\n\n\n<p>Jess Thorup bliver i Genk genforenet med Paul Onuachu, som han kender fra deres f\u00e6lles tid i FC Midtjylland. Ogs\u00e5 danske Joakim M\u00e6hle er i truppen.<\/p>\n\n\n\n<p>Efter et belgisk mesterskab i 2019 sluttede Genk skuffende kun p\u00e5 en syvendeplads i sidste s\u00e6son. Bedre er det ikke blevet efter sommerpausen, da man i \u00f8jeblikket kun ligger nummer ni.<\/p>\n\n\n\n<p>Genk har tidligere uddannet spillere som Kevin De Bruyne, Thibaut Courtois og Divock Origi.<\/p>\n","protected":false},"excerpt":{"rendered":"<p>Jess Thorup er officielt blevet pr\u00e6senteret som ny cheftr\u00e6ner i KRC Genk, hvor han har skrevet under p\u00e5 en tre\u00e5rig aftale<\/p>\n","protected":false},"author":705,"featured_media":238362,"comment_status":"open","ping_status":"closed","sticky":false,"template":"","format":"standard","meta":{"om_disable_all_campaigns":false,"push_articles_ronaldo":{"active":false,"canonical":0,"publish":false},"force_updates":null},"categories":[1],"tags":[623,141,1427],"enet_tags":{"team":["9987"],"player":["159885"],"league":["40"],"sport_events":[]},"yoast_head":"<!-- This site is optimized with the Yoast SEO plugin v18.3 - https:\/\/yoast.com\/wordpress\/plugins\/seo\/ -->\n<title>Officielt: Jess Thorup tager over i belgisk talentfabrik<\/title>\n<meta name=\"description\" content=\"Jess Thorup er officielt blevet pr\u00e6senteret som ny cheftr\u00e6ner i KRC Genk, hvor han har skrevet under p\u00e5 en tre\u00e5rig aftale\" \/>\n<meta name=\"robots\" content=\"index, follow, max-snippet:-1, max-image-preview:large, max-video-preview:-1\" \/>\n<link rel=\"canonical\" href=\"https:\/\/acefootball.com\/da\/fodboldnyheder\/officielt-jess-thorup-tager-over-i-belgisk-talentfabrik\/\" \/>\n<meta property=\"og:locale\" content=\"en_US\" \/>\n<meta property=\"og:type\" content=\"article\" \/>\n<meta property=\"og:title\" content=\"Officielt: Jess Thorup tager over i belgisk talentfabrik\" \/>\n<meta property=\"og:description\" content=\"Jess Thorup er officielt blevet pr\u00e6senteret som ny cheftr\u00e6ner i KRC Genk, hvor han har skrevet under p\u00e5 en tre\u00e5rig aftale\" \/>\n<meta property=\"og:url\" content=\"https:\/\/acefootball.com\/da\/fodboldnyheder\/officielt-jess-thorup-tager-over-i-belgisk-talentfabrik\/\" \/>\n<meta property=\"og:site_name\" content=\"Ace Football Danmark\" \/>\n<meta property=\"article:publisher\" content=\"https:\/\/www.facebook.com\/acefootballdk\" \/>\n<meta property=\"article:published_time\" content=\"2020-09-24T14:50:43+00:00\" \/>\n<meta property=\"article:modified_time\" content=\"2020-09-24T14:50:44+00:00\" \/>\n<meta property=\"og:image\" content=\"https:\/\/acefootball.com\/da\/wp-content\/uploads\/sites\/2\/2020\/09\/Design-uden-navn-1-8.jpg\" \/>\n\t<meta property=\"og:image:width\" content=\"1024\" \/>\n\t<meta property=\"og:image:height\" content=\"683\" \/>\n\t<meta property=\"og:image:type\" content=\"image\/jpeg\" \/>\n<meta name=\"twitter:card\" content=\"summary_large_image\" \/>\n<meta name=\"twitter:label1\" content=\"Written by\" \/>\n\t<meta name=\"twitter:data1\" content=\"Mads Dreyer\" \/>\n\t<meta name=\"twitter:label2\" content=\"Est. reading time\" \/>\n\t<meta name=\"twitter:data2\" content=\"1 minute\" \/>\n<script type=\"application\/ld+json\" class=\"yoast-schema-graph\">{\"@context\":\"https:\/\/schema.org\",\"@graph\":[{\"@type\":\"Organization\",\"@id\":\"https:\/\/acefootball.com\/da\/#organization\",\"name\":\"Ace Football\",\"url\":\"https:\/\/acefootball.com\/da\/\",\"sameAs\":[\"https:\/\/www.facebook.com\/acefootballdk\"],\"logo\":{\"@type\":\"ImageObject\",\"@id\":\"https:\/\/acefootball.com\/da\/#logo\",\"inLanguage\":\"en-US\",\"url\":\"https:\/\/acefootball.com\/da\/wp-content\/uploads\/sites\/2\/2020\/07\/Ace-Football-30-07-2020-2.png\",\"contentUrl\":\"https:\/\/acefootball.com\/da\/wp-content\/uploads\/sites\/2\/2020\/07\/Ace-Football-30-07-2020-2.png\",\"width\":1200,\"height\":600,\"caption\":\"Ace Football\"},\"image\":{\"@id\":\"https:\/\/acefootball.com\/da\/#logo\"}},{\"@type\":\"WebSite\",\"@id\":\"https:\/\/acefootball.com\/da\/#website\",\"url\":\"https:\/\/acefootball.com\/da\/\",\"name\":\"Ace Football Danmark\",\"description\":\"Nyheder, Spiltips &amp; Livescore\",\"publisher\":{\"@id\":\"https:\/\/acefootball.com\/da\/#organization\"},\"potentialAction\":[{\"@type\":\"SearchAction\",\"target\":{\"@type\":\"EntryPoint\",\"urlTemplate\":\"https:\/\/acefootball.com\/da\/?s={search_term_string}\"},\"query-input\":\"required name=search_term_string\"}],\"inLanguage\":\"en-US\"},{\"@type\":\"ImageObject\",\"@id\":\"https:\/\/acefootball.com\/da\/fodboldnyheder\/officielt-jess-thorup-tager-over-i-belgisk-talentfabrik\/#primaryimage\",\"inLanguage\":\"en-US\",\"url\":\"https:\/\/acefootball.com\/da\/wp-content\/uploads\/sites\/2\/2020\/09\/Design-uden-navn-1-8.jpg\",\"contentUrl\":\"https:\/\/acefootball.com\/da\/wp-content\/uploads\/sites\/2\/2020\/09\/Design-uden-navn-1-8.jpg\",\"width\":1024,\"height\":683,\"caption\":\"Foto: KRC Genk\"},{\"@type\":\"WebPage\",\"@id\":\"https:\/\/acefootball.com\/da\/fodboldnyheder\/officielt-jess-thorup-tager-over-i-belgisk-talentfabrik\/#webpage\",\"url\":\"https:\/\/acefootball.com\/da\/fodboldnyheder\/officielt-jess-thorup-tager-over-i-belgisk-talentfabrik\/\",\"name\":\"Officielt: Jess Thorup tager over i belgisk talentfabrik\",\"isPartOf\":{\"@id\":\"https:\/\/acefootball.com\/da\/#website\"},\"primaryImageOfPage\":{\"@id\":\"https:\/\/acefootball.com\/da\/fodboldnyheder\/officielt-jess-thorup-tager-over-i-belgisk-talentfabrik\/#primaryimage\"},\"datePublished\":\"2020-09-24T14:50:43+00:00\",\"dateModified\":\"2020-09-24T14:50:44+00:00\",\"description\":\"Jess Thorup er officielt blevet pr\u00e6senteret som ny cheftr\u00e6ner i KRC Genk, hvor han har skrevet under p\u00e5 en tre\u00e5rig aftale\",\"breadcrumb\":{\"@id\":\"https:\/\/acefootball.com\/da\/fodboldnyheder\/officielt-jess-thorup-tager-over-i-belgisk-talentfabrik\/#breadcrumb\"},\"inLanguage\":\"en-US\",\"potentialAction\":[{\"@type\":\"ReadAction\",\"target\":[\"https:\/\/acefootball.com\/da\/fodboldnyheder\/officielt-jess-thorup-tager-over-i-belgisk-talentfabrik\/\"]}]},{\"@type\":\"BreadcrumbList\",\"@id\":\"https:\/\/acefootball.com\/da\/fodboldnyheder\/officielt-jess-thorup-tager-over-i-belgisk-talentfabrik\/#breadcrumb\",\"itemListElement\":[{\"@type\":\"ListItem\",\"position\":1,\"name\":\"Home\",\"item\":\"https:\/\/acefootball.com\/da\/\"},{\"@type\":\"ListItem\",\"position\":2,\"name\":\"Officielt: Jess Thorup tager over i belgisk talentfabrik\"}]},{\"@type\":\"Article\",\"@id\":\"https:\/\/acefootball.com\/da\/fodboldnyheder\/officielt-jess-thorup-tager-over-i-belgisk-talentfabrik\/#article\",\"isPartOf\":{\"@id\":\"https:\/\/acefootball.com\/da\/fodboldnyheder\/officielt-jess-thorup-tager-over-i-belgisk-talentfabrik\/#webpage\"},\"author\":{\"@id\":\"https:\/\/acefootball.com\/da\/#\/schema\/person\/ee67e9cf04a276f144100ffa722f10cd\"},\"headline\":\"Officielt: Jess Thorup tager over i belgisk talentfabrik\",\"datePublished\":\"2020-09-24T14:50:43+00:00\",\"dateModified\":\"2020-09-24T14:50:44+00:00\",\"mainEntityOfPage\":{\"@id\":\"https:\/\/acefootball.com\/da\/fodboldnyheder\/officielt-jess-thorup-tager-over-i-belgisk-talentfabrik\/#webpage\"},\"wordCount\":204,\"commentCount\":0,\"publisher\":{\"@id\":\"https:\/\/acefootball.com\/da\/#organization\"},\"image\":{\"@id\":\"https:\/\/acefootball.com\/da\/fodboldnyheder\/officielt-jess-thorup-tager-over-i-belgisk-talentfabrik\/#primaryimage\"},\"thumbnailUrl\":\"https:\/\/acefootball.com\/da\/wp-content\/uploads\/sites\/2\/2020\/09\/Design-uden-navn-1-8.jpg\",\"keywords\":[\"Genk\",\"Jess Thorup\",\"Jupiler League\"],\"articleSection\":[\"Nyhed\"],\"inLanguage\":\"en-US\",\"potentialAction\":[{\"@type\":\"CommentAction\",\"name\":\"Comment\",\"target\":[\"https:\/\/acefootball.com\/da\/fodboldnyheder\/officielt-jess-thorup-tager-over-i-belgisk-talentfabrik\/#respond\"]}]},{\"@type\":\"Person\",\"@id\":\"https:\/\/acefootball.com\/da\/#\/schema\/person\/ee67e9cf04a276f144100ffa722f10cd\",\"name\":\"Mads Dreyer\",\"image\":{\"@type\":\"ImageObject\",\"@id\":\"https:\/\/acefootball.com\/da\/#personlogo\",\"inLanguage\":\"en-US\",\"url\":\"https:\/\/secure.gravatar.com\/avatar\/7c7abf72cfde9902b6a60efe60c88d4c?s=96&d=mm&r=g\",\"contentUrl\":\"https:\/\/secure.gravatar.com\/avatar\/7c7abf72cfde9902b6a60efe60c88d4c?s=96&d=mm&r=g\",\"caption\":\"Mads Dreyer\"},\"description\":\"Skribent og fodboldn\u00f8rd, der lige nu fort\u00e6ller om alt og intet i fodboldverdenen p\u00e5 acefootball.com. Uddannet i kommunikation fra Aalborg Universitet.\",\"sameAs\":[\"https:\/\/www.linkedin.com\/in\/mads-dreyer-b9b08266\/\"],\"url\":\"https:\/\/acefootball.com\/da\/fodboldnyheder\/author\/mdnronaldo\/\"}]}<\/script>\n<!-- \/ Yoast SEO plugin. -->","yoast_head_json":{"title":"Officielt: Jess Thorup tager over i belgisk talentfabrik","description":"Jess Thorup er officielt blevet pr\u00e6senteret som ny cheftr\u00e6ner i KRC Genk, hvor han har skrevet under p\u00e5 en tre\u00e5rig aftale","robots":{"index":"index","follow":"follow","max-snippet":"max-snippet:-1","max-image-preview":"max-image-preview:large","max-video-preview":"max-video-preview:-1"},"canonical":"https:\/\/acefootball.com\/da\/fodboldnyheder\/officielt-jess-thorup-tager-over-i-belgisk-talentfabrik\/","og_locale":"en_US","og_type":"article","og_title":"Officielt: Jess Thorup tager over i belgisk talentfabrik","og_description":"Jess Thorup er officielt blevet pr\u00e6senteret som ny cheftr\u00e6ner i KRC Genk, hvor han har skrevet under p\u00e5 en tre\u00e5rig aftale","og_url":"https:\/\/acefootball.com\/da\/fodboldnyheder\/officielt-jess-thorup-tager-over-i-belgisk-talentfabrik\/","og_site_name":"Ace Football Danmark","article_publisher":"https:\/\/www.facebook.com\/acefootballdk","article_published_time":"2020-09-24T14:50:43+00:00","article_modified_time":"2020-09-24T14:50:44+00:00","og_image":[{"width":1024,"height":683,"url":"https:\/\/acefootball.com\/da\/wp-content\/uploads\/sites\/2\/2020\/09\/Design-uden-navn-1-8.jpg","type":"image\/jpeg"}],"twitter_card":"summary_large_image","twitter_misc":{"Written by":"Mads Dreyer","Est. reading time":"1 minute"},"schema":{"@context":"https:\/\/schema.org","@graph":[{"@type":"Organization","@id":"https:\/\/acefootball.com\/da\/#organization","name":"Ace Football","url":"https:\/\/acefootball.com\/da\/","sameAs":["https:\/\/www.facebook.com\/acefootballdk"],"logo":{"@type":"ImageObject","@id":"https:\/\/acefootball.com\/da\/#logo","inLanguage":"en-US","url":"https:\/\/acefootball.com\/da\/wp-content\/uploads\/sites\/2\/2020\/07\/Ace-Football-30-07-2020-2.png","contentUrl":"https:\/\/acefootball.com\/da\/wp-content\/uploads\/sites\/2\/2020\/07\/Ace-Football-30-07-2020-2.png","width":1200,"height":600,"caption":"Ace Football"},"image":{"@id":"https:\/\/acefootball.com\/da\/#logo"}},{"@type":"WebSite","@id":"https:\/\/acefootball.com\/da\/#website","url":"https:\/\/acefootball.com\/da\/","name":"Ace Football Danmark","description":"Nyheder, Spiltips &amp; Livescore","publisher":{"@id":"https:\/\/acefootball.com\/da\/#organization"},"potentialAction":[{"@type":"SearchAction","target":{"@type":"EntryPoint","urlTemplate":"https:\/\/acefootball.com\/da\/?s={search_term_string}"},"query-input":"required name=search_term_string"}],"inLanguage":"en-US"},{"@type":"ImageObject","@id":"https:\/\/acefootball.com\/da\/fodboldnyheder\/officielt-jess-thorup-tager-over-i-belgisk-talentfabrik\/#primaryimage","inLanguage":"en-US","url":"https:\/\/acefootball.com\/da\/wp-content\/uploads\/sites\/2\/2020\/09\/Design-uden-navn-1-8.jpg","contentUrl":"https:\/\/acefootball.com\/da\/wp-content\/uploads\/sites\/2\/2020\/09\/Design-uden-navn-1-8.jpg","width":1024,"height":683,"caption":"Foto: KRC Genk"},{"@type":"WebPage","@id":"https:\/\/acefootball.com\/da\/fodboldnyheder\/officielt-jess-thorup-tager-over-i-belgisk-talentfabrik\/#webpage","url":"https:\/\/acefootball.com\/da\/fodboldnyheder\/officielt-jess-thorup-tager-over-i-belgisk-talentfabrik\/","name":"Officielt: Jess Thorup tager over i belgisk talentfabrik","isPartOf":{"@id":"https:\/\/acefootball.com\/da\/#website"},"primaryImageOfPage":{"@id":"https:\/\/acefootball.com\/da\/fodboldnyheder\/officielt-jess-thorup-tager-over-i-belgisk-talentfabrik\/#primaryimage"},"datePublished":"2020-09-24T14:50:43+00:00","dateModified":"2020-09-24T14:50:44+00:00","description":"Jess Thorup er officielt blevet pr\u00e6senteret som ny cheftr\u00e6ner i KRC Genk, hvor han har skrevet under p\u00e5 en tre\u00e5rig aftale","breadcrumb":{"@id":"https:\/\/acefootball.com\/da\/fodboldnyheder\/officielt-jess-thorup-tager-over-i-belgisk-talentfabrik\/#breadcrumb"},"inLanguage":"en-US","potentialAction":[{"@type":"ReadAction","target":["https:\/\/acefootball.com\/da\/fodboldnyheder\/officielt-jess-thorup-tager-over-i-belgisk-talentfabrik\/"]}]},{"@type":"BreadcrumbList","@id":"https:\/\/acefootball.com\/da\/fodboldnyheder\/officielt-jess-thorup-tager-over-i-belgisk-talentfabrik\/#breadcrumb","itemListElement":[{"@type":"ListItem","position":1,"name":"Home","item":"https:\/\/acefootball.com\/da\/"},{"@type":"ListItem","position":2,"name":"Officielt: Jess Thorup tager over i belgisk talentfabrik"}]},{"@type":"Article","@id":"https:\/\/acefootball.com\/da\/fodboldnyheder\/officielt-jess-thorup-tager-over-i-belgisk-talentfabrik\/#article","isPartOf":{"@id":"https:\/\/acefootball.com\/da\/fodboldnyheder\/officielt-jess-thorup-tager-over-i-belgisk-talentfabrik\/#webpage"},"author":{"@id":"https:\/\/acefootball.com\/da\/#\/schema\/person\/ee67e9cf04a276f144100ffa722f10cd"},"headline":"Officielt: Jess Thorup tager over i belgisk talentfabrik","datePublished":"2020-09-24T14:50:43+00:00","dateModified":"2020-09-24T14:50:44+00:00","mainEntityOfPage":{"@id":"https:\/\/acefootball.com\/da\/fodboldnyheder\/officielt-jess-thorup-tager-over-i-belgisk-talentfabrik\/#webpage"},"wordCount":204,"commentCount":0,"publisher":{"@id":"https:\/\/acefootball.com\/da\/#organization"},"image":{"@id":"https:\/\/acefootball.com\/da\/fodboldnyheder\/officielt-jess-thorup-tager-over-i-belgisk-talentfabrik\/#primaryimage"},"thumbnailUrl":"https:\/\/acefootball.com\/da\/wp-content\/uploads\/sites\/2\/2020\/09\/Design-uden-navn-1-8.jpg","keywords":["Genk","Jess Thorup","Jupiler League"],"articleSection":["Nyhed"],"inLanguage":"en-US","potentialAction":[{"@type":"CommentAction","name":"Comment","target":["https:\/\/acefootball.com\/da\/fodboldnyheder\/officielt-jess-thorup-tager-over-i-belgisk-talentfabrik\/#respond"]}]},{"@type":"Person","@id":"https:\/\/acefootball.com\/da\/#\/schema\/person\/ee67e9cf04a276f144100ffa722f10cd","name":"Mads Dreyer","image":{"@type":"ImageObject","@id":"https:\/\/acefootball.com\/da\/#personlogo","inLanguage":"en-US","url":"https:\/\/secure.gravatar.com\/avatar\/7c7abf72cfde9902b6a60efe60c88d4c?s=96&d=mm&r=g","contentUrl":"https:\/\/secure.gravatar.com\/avatar\/7c7abf72cfde9902b6a60efe60c88d4c?s=96&d=mm&r=g","caption":"Mads Dreyer"},"description":"Skribent og fodboldn\u00f8rd, der lige nu fort\u00e6ller om alt og intet i fodboldverdenen p\u00e5 acefootball.com. Uddannet i kommunikation fra Aalborg Universitet.","sameAs":["https:\/\/www.linkedin.com\/in\/mads-dreyer-b9b08266\/"],"url":"https:\/\/acefootball.com\/da\/fodboldnyheder\/author\/mdnronaldo\/"}]}},"fimg_url":"https:\/\/acefootball.com\/da\/wp-content\/uploads\/sites\/2\/2020\/09\/Design-uden-navn-1-8.jpg","_links":{"self":[{"href":"https:\/\/acefootball.com\/da\/wp-json\/wp\/v2\/posts\/238360"}],"collection":[{"href":"https:\/\/acefootball.com\/da\/wp-json\/wp\/v2\/posts"}],"about":[{"href":"https:\/\/acefootball.com\/da\/wp-json\/wp\/v2\/types\/post"}],"author":[{"embeddable":true,"href":"https:\/\/acefootball.com\/da\/wp-json\/wp\/v2\/users\/705"}],"replies":[{"embeddable":true,"href":"https:\/\/acefootball.com\/da\/wp-json\/wp\/v2\/comments?post=238360"}],"version-history":[{"count":0,"href":"https:\/\/acefootball.com\/da\/wp-json\/wp\/v2\/posts\/238360\/revisions"}],"wp:featuredmedia":[{"embeddable":true,"href":"https:\/\/acefootball.com\/da\/wp-json\/wp\/v2\/media\/238362"}],"wp:attachment":[{"href":"https:\/\/acefootball.com\/da\/wp-json\/wp\/v2\/media?parent=238360"}],"wp:term":[{"taxonomy":"category","embeddable":true,"href":"https:\/\/acefootball.com\/da\/wp-json\/wp\/v2\/categories?post=238360"},{"taxonomy":"post_tag","embeddable":true,"href":"https:\/\/acefootball.com\/da\/wp-json\/wp\/v2\/tags?post=238360"}],"curies":[{"name":"wp","href":"https:\/\/api.w.org\/{rel}","templated":true}]}}