{"id":238266,"date":"2020-09-24T09:10:25","date_gmt":"2020-09-24T07:10:25","guid":{"rendered":"https:\/\/acefootball.com\/da\/?p=238266"},"modified":"2020-09-24T09:01:52","modified_gmt":"2020-09-24T07:01:52","slug":"bekraeftet-di-maria-faar-lang-karantaene-for-spytklat","status":"publish","type":"post","link":"https:\/\/acefootball.com\/da\/fodboldnyheder\/bekraeftet-di-maria-faar-lang-karantaene-for-spytklat\/","title":{"rendered":"Bekr\u00e6ftet: Di Maria f\u00e5r lang karant\u00e6ne for spytklat"},"content":{"rendered":"\n<h2>Den franske disciplin\u00e6rinstans i Ligue 1 har tildelt Paris Saint-Germains Angel Di Maria fire dages karant\u00e6ne for spytklat<\/h2>\n\n\n\n<p>Temperamenterne var i den grad i kog, da Paris Saint-Germain og Marseille for et par uger siden t\u00f8rnede sammen i Ligue 1. <\/p>\n\n\n\n<p>Det fik blandt andet Angel Di Maria til at sende, hvad der lignede, en spytklat efter udeholdets Alvaro Gonzalez.<\/p>\n\n\n\n<p>Kampens dommer s\u00e5 ikke episoden, som til geng\u00e6ld er blevet fanget p\u00e5 video, og det f\u00e5r nu alvorlige konsekvenser for argentineren. Han er nemlig blevet tildelt en karant\u00e6ne g\u00e6ldende for de kommende fire kampe.<\/p>\n\n\n\n<p>Det skriver L&#8217;Equipe blandt andre.<\/p>\n\n\n\n<figure class=\"wp-block-embed-twitter wp-block-embed is-type-rich is-provider-twitter\"><div class=\"wp-block-embed__wrapper\">\n<blockquote class=\"twitter-tweet\" data-width=\"550\" data-dnt=\"true\"><p lang=\"fr\" dir=\"ltr\">Quatre matches de suspension pour Di Maria, l&#39;affaire Alvaro-Neymar examin\u00e9e le 30 septembre : <a href=\"https:\/\/t.co\/SqDudt9CGr\">https:\/\/t.co\/SqDudt9CGr<\/a> <a href=\"https:\/\/t.co\/HEimY0GbUY\">pic.twitter.com\/HEimY0GbUY<\/a><\/p>&mdash; L&#39;\u00c9QUIPE (@lequipe) <a href=\"https:\/\/twitter.com\/lequipe\/status\/1308852815201284106?ref_src=twsrc%5Etfw\">September 23, 2020<\/a><\/blockquote><script async src=\"https:\/\/platform.twitter.com\/widgets.js\" charset=\"utf-8\"><\/script>\n<\/div><\/figure>\n\n\n\n<p>I kampens d\u00f8ende minutter opstod der endnu mere dramatik, som bet\u00f8d, at fem spillere blev udvist. En af dem var Neymar, som klaskede selv samme Gonzalez i nakken og derfor modtog marchordre. <\/p>\n\n\n\n<p>Efterf\u00f8lgende har brasilianeren beskyldt Marseille-spilleren for at have udtalt sig racistisk om ham, og den sag vil der blev kigget n\u00e6rmere p\u00e5 den 30. september, skriver L&#8217;Equipe. <\/p>\n\n\n\n<p>Neymar fik to spilledages karant\u00e6ne for sin forseelse.<\/p>\n","protected":false},"excerpt":{"rendered":"<p>Den franske disciplin\u00e6rinstans i Ligue 1 har tildelt Paris Saint-Germains Angel Di Maria fire dages karant\u00e6ne for spytklat<\/p>\n","protected":false},"author":347,"featured_media":238270,"comment_status":"open","ping_status":"closed","sticky":false,"template":"","format":"standard","meta":{"om_disable_all_campaigns":false,"push_articles_ronaldo":{"active":false,"canonical":0,"publish":false},"force_updates":null},"categories":[1],"tags":[1172,397,2229,461],"enet_tags":{"player":["46509"],"league":["53"],"team":["8592","9847"],"sport_events":[]},"yoast_head":"<!-- This site is optimized with the Yoast SEO plugin v18.3 - https:\/\/yoast.com\/wordpress\/plugins\/seo\/ -->\n<title>Bekr\u00e6ftet: Di Maria f\u00e5r lang karant\u00e6ne for spytklat<\/title>\n<meta name=\"description\" content=\"Den franske disciplin\u00e6rinstans i Ligue 1 har tildelt Paris Saint-Germains Angel Di Maria fire dages karant\u00e6ne for spytklat\" \/>\n<meta name=\"robots\" content=\"index, follow, max-snippet:-1, max-image-preview:large, max-video-preview:-1\" \/>\n<link rel=\"canonical\" href=\"https:\/\/acefootball.com\/da\/fodboldnyheder\/bekraeftet-di-maria-faar-lang-karantaene-for-spytklat\/\" \/>\n<meta property=\"og:locale\" content=\"en_US\" \/>\n<meta property=\"og:type\" content=\"article\" \/>\n<meta property=\"og:title\" content=\"Bekr\u00e6ftet: Di Maria f\u00e5r lang karant\u00e6ne for spytklat\" \/>\n<meta property=\"og:description\" content=\"Den franske disciplin\u00e6rinstans i Ligue 1 har tildelt Paris Saint-Germains Angel Di Maria fire dages karant\u00e6ne for spytklat\" \/>\n<meta property=\"og:url\" content=\"https:\/\/acefootball.com\/da\/fodboldnyheder\/bekraeftet-di-maria-faar-lang-karantaene-for-spytklat\/\" \/>\n<meta property=\"og:site_name\" content=\"Ace Football Danmark\" \/>\n<meta property=\"article:publisher\" content=\"https:\/\/www.facebook.com\/acefootballdk\" \/>\n<meta property=\"article:published_time\" content=\"2020-09-24T07:10:25+00:00\" \/>\n<meta property=\"article:modified_time\" content=\"2020-09-24T07:01:52+00:00\" \/>\n<meta property=\"og:image\" content=\"https:\/\/acefootball.com\/da\/wp-content\/uploads\/sites\/2\/2020\/09\/GettyImages-1268064362.jpg\" \/>\n\t<meta property=\"og:image:width\" content=\"1024\" \/>\n\t<meta property=\"og:image:height\" content=\"625\" \/>\n\t<meta property=\"og:image:type\" content=\"image\/jpeg\" \/>\n<meta name=\"twitter:card\" content=\"summary_large_image\" \/>\n<meta name=\"twitter:label1\" content=\"Written by\" \/>\n\t<meta name=\"twitter:data1\" content=\"Nicolaj M. J\u00f8rgensen\" \/>\n\t<meta name=\"twitter:label2\" content=\"Est. reading time\" \/>\n\t<meta name=\"twitter:data2\" content=\"1 minute\" \/>\n<script type=\"application\/ld+json\" class=\"yoast-schema-graph\">{\"@context\":\"https:\/\/schema.org\",\"@graph\":[{\"@type\":\"Organization\",\"@id\":\"https:\/\/acefootball.com\/da\/#organization\",\"name\":\"Ace Football\",\"url\":\"https:\/\/acefootball.com\/da\/\",\"sameAs\":[\"https:\/\/www.facebook.com\/acefootballdk\"],\"logo\":{\"@type\":\"ImageObject\",\"@id\":\"https:\/\/acefootball.com\/da\/#logo\",\"inLanguage\":\"en-US\",\"url\":\"https:\/\/acefootball.com\/da\/wp-content\/uploads\/sites\/2\/2020\/07\/Ace-Football-30-07-2020-2.png\",\"contentUrl\":\"https:\/\/acefootball.com\/da\/wp-content\/uploads\/sites\/2\/2020\/07\/Ace-Football-30-07-2020-2.png\",\"width\":1200,\"height\":600,\"caption\":\"Ace Football\"},\"image\":{\"@id\":\"https:\/\/acefootball.com\/da\/#logo\"}},{\"@type\":\"WebSite\",\"@id\":\"https:\/\/acefootball.com\/da\/#website\",\"url\":\"https:\/\/acefootball.com\/da\/\",\"name\":\"Ace Football Danmark\",\"description\":\"Nyheder, Spiltips &amp; Livescore\",\"publisher\":{\"@id\":\"https:\/\/acefootball.com\/da\/#organization\"},\"potentialAction\":[{\"@type\":\"SearchAction\",\"target\":{\"@type\":\"EntryPoint\",\"urlTemplate\":\"https:\/\/acefootball.com\/da\/?s={search_term_string}\"},\"query-input\":\"required name=search_term_string\"}],\"inLanguage\":\"en-US\"},{\"@type\":\"ImageObject\",\"@id\":\"https:\/\/acefootball.com\/da\/fodboldnyheder\/bekraeftet-di-maria-faar-lang-karantaene-for-spytklat\/#primaryimage\",\"inLanguage\":\"en-US\",\"url\":\"https:\/\/acefootball.com\/da\/wp-content\/uploads\/sites\/2\/2020\/09\/GettyImages-1268064362.jpg\",\"contentUrl\":\"https:\/\/acefootball.com\/da\/wp-content\/uploads\/sites\/2\/2020\/09\/GettyImages-1268064362.jpg\",\"width\":1024,\"height\":625,\"caption\":\"LISBON, PORTUGAL - AUGUST 23: Angel Di Maria of Paris Saint-Germain reacts during the UEFA Champions League Final match between Paris Saint-Germain and Bayern Munich at Estadio do Sport Lisboa e Benfica on August 23, 2020 in Lisbon, Portugal. (Photo by Manu Fernandez\/Pool via Getty Images)\"},{\"@type\":\"WebPage\",\"@id\":\"https:\/\/acefootball.com\/da\/fodboldnyheder\/bekraeftet-di-maria-faar-lang-karantaene-for-spytklat\/#webpage\",\"url\":\"https:\/\/acefootball.com\/da\/fodboldnyheder\/bekraeftet-di-maria-faar-lang-karantaene-for-spytklat\/\",\"name\":\"Bekr\u00e6ftet: Di Maria f\u00e5r lang karant\u00e6ne for spytklat\",\"isPartOf\":{\"@id\":\"https:\/\/acefootball.com\/da\/#website\"},\"primaryImageOfPage\":{\"@id\":\"https:\/\/acefootball.com\/da\/fodboldnyheder\/bekraeftet-di-maria-faar-lang-karantaene-for-spytklat\/#primaryimage\"},\"datePublished\":\"2020-09-24T07:10:25+00:00\",\"dateModified\":\"2020-09-24T07:01:52+00:00\",\"description\":\"Den franske disciplin\u00e6rinstans i Ligue 1 har tildelt Paris Saint-Germains Angel Di Maria fire dages karant\u00e6ne for spytklat\",\"breadcrumb\":{\"@id\":\"https:\/\/acefootball.com\/da\/fodboldnyheder\/bekraeftet-di-maria-faar-lang-karantaene-for-spytklat\/#breadcrumb\"},\"inLanguage\":\"en-US\",\"potentialAction\":[{\"@type\":\"ReadAction\",\"target\":[\"https:\/\/acefootball.com\/da\/fodboldnyheder\/bekraeftet-di-maria-faar-lang-karantaene-for-spytklat\/\"]}]},{\"@type\":\"BreadcrumbList\",\"@id\":\"https:\/\/acefootball.com\/da\/fodboldnyheder\/bekraeftet-di-maria-faar-lang-karantaene-for-spytklat\/#breadcrumb\",\"itemListElement\":[{\"@type\":\"ListItem\",\"position\":1,\"name\":\"Home\",\"item\":\"https:\/\/acefootball.com\/da\/\"},{\"@type\":\"ListItem\",\"position\":2,\"name\":\"Bekr\u00e6ftet: Di Maria f\u00e5r lang karant\u00e6ne for spytklat\"}]},{\"@type\":\"Article\",\"@id\":\"https:\/\/acefootball.com\/da\/fodboldnyheder\/bekraeftet-di-maria-faar-lang-karantaene-for-spytklat\/#article\",\"isPartOf\":{\"@id\":\"https:\/\/acefootball.com\/da\/fodboldnyheder\/bekraeftet-di-maria-faar-lang-karantaene-for-spytklat\/#webpage\"},\"author\":{\"@id\":\"https:\/\/acefootball.com\/da\/#\/schema\/person\/cc86c6803d8c93f30230e4dbed2a3844\"},\"headline\":\"Bekr\u00e6ftet: Di Maria f\u00e5r lang karant\u00e6ne for spytklat\",\"datePublished\":\"2020-09-24T07:10:25+00:00\",\"dateModified\":\"2020-09-24T07:01:52+00:00\",\"mainEntityOfPage\":{\"@id\":\"https:\/\/acefootball.com\/da\/fodboldnyheder\/bekraeftet-di-maria-faar-lang-karantaene-for-spytklat\/#webpage\"},\"wordCount\":190,\"commentCount\":0,\"publisher\":{\"@id\":\"https:\/\/acefootball.com\/da\/#organization\"},\"image\":{\"@id\":\"https:\/\/acefootball.com\/da\/fodboldnyheder\/bekraeftet-di-maria-faar-lang-karantaene-for-spytklat\/#primaryimage\"},\"thumbnailUrl\":\"https:\/\/acefootball.com\/da\/wp-content\/uploads\/sites\/2\/2020\/09\/GettyImages-1268064362.jpg\",\"keywords\":[\"Angel Di Maria\",\"Ligue 1\",\"Olympique Marseille\",\"Paris Saint-Germain\"],\"articleSection\":[\"Nyhed\"],\"inLanguage\":\"en-US\",\"potentialAction\":[{\"@type\":\"CommentAction\",\"name\":\"Comment\",\"target\":[\"https:\/\/acefootball.com\/da\/fodboldnyheder\/bekraeftet-di-maria-faar-lang-karantaene-for-spytklat\/#respond\"]}]},{\"@type\":\"Person\",\"@id\":\"https:\/\/acefootball.com\/da\/#\/schema\/person\/cc86c6803d8c93f30230e4dbed2a3844\",\"name\":\"Nicolaj M. J\u00f8rgensen\",\"image\":{\"@type\":\"ImageObject\",\"@id\":\"https:\/\/acefootball.com\/da\/#personlogo\",\"inLanguage\":\"en-US\",\"url\":\"https:\/\/secure.gravatar.com\/avatar\/757fd92a7fd5c1d31c37aee3425e7f74?s=96&d=mm&r=g\",\"contentUrl\":\"https:\/\/secure.gravatar.com\/avatar\/757fd92a7fd5c1d31c37aee3425e7f74?s=96&d=mm&r=g\",\"caption\":\"Nicolaj M. J\u00f8rgensen\"},\"url\":\"https:\/\/acefootball.com\/da\/fodboldnyheder\/author\/nicolajmortenj\/\"}]}<\/script>\n<!-- \/ Yoast SEO plugin. -->","yoast_head_json":{"title":"Bekr\u00e6ftet: Di Maria f\u00e5r lang karant\u00e6ne for spytklat","description":"Den franske disciplin\u00e6rinstans i Ligue 1 har tildelt Paris Saint-Germains Angel Di Maria fire dages karant\u00e6ne for spytklat","robots":{"index":"index","follow":"follow","max-snippet":"max-snippet:-1","max-image-preview":"max-image-preview:large","max-video-preview":"max-video-preview:-1"},"canonical":"https:\/\/acefootball.com\/da\/fodboldnyheder\/bekraeftet-di-maria-faar-lang-karantaene-for-spytklat\/","og_locale":"en_US","og_type":"article","og_title":"Bekr\u00e6ftet: Di Maria f\u00e5r lang karant\u00e6ne for spytklat","og_description":"Den franske disciplin\u00e6rinstans i Ligue 1 har tildelt Paris Saint-Germains Angel Di Maria fire dages karant\u00e6ne for spytklat","og_url":"https:\/\/acefootball.com\/da\/fodboldnyheder\/bekraeftet-di-maria-faar-lang-karantaene-for-spytklat\/","og_site_name":"Ace Football Danmark","article_publisher":"https:\/\/www.facebook.com\/acefootballdk","article_published_time":"2020-09-24T07:10:25+00:00","article_modified_time":"2020-09-24T07:01:52+00:00","og_image":[{"width":1024,"height":625,"url":"https:\/\/acefootball.com\/da\/wp-content\/uploads\/sites\/2\/2020\/09\/GettyImages-1268064362.jpg","type":"image\/jpeg"}],"twitter_card":"summary_large_image","twitter_misc":{"Written by":"Nicolaj M. J\u00f8rgensen","Est. reading time":"1 minute"},"schema":{"@context":"https:\/\/schema.org","@graph":[{"@type":"Organization","@id":"https:\/\/acefootball.com\/da\/#organization","name":"Ace Football","url":"https:\/\/acefootball.com\/da\/","sameAs":["https:\/\/www.facebook.com\/acefootballdk"],"logo":{"@type":"ImageObject","@id":"https:\/\/acefootball.com\/da\/#logo","inLanguage":"en-US","url":"https:\/\/acefootball.com\/da\/wp-content\/uploads\/sites\/2\/2020\/07\/Ace-Football-30-07-2020-2.png","contentUrl":"https:\/\/acefootball.com\/da\/wp-content\/uploads\/sites\/2\/2020\/07\/Ace-Football-30-07-2020-2.png","width":1200,"height":600,"caption":"Ace Football"},"image":{"@id":"https:\/\/acefootball.com\/da\/#logo"}},{"@type":"WebSite","@id":"https:\/\/acefootball.com\/da\/#website","url":"https:\/\/acefootball.com\/da\/","name":"Ace Football Danmark","description":"Nyheder, Spiltips &amp; Livescore","publisher":{"@id":"https:\/\/acefootball.com\/da\/#organization"},"potentialAction":[{"@type":"SearchAction","target":{"@type":"EntryPoint","urlTemplate":"https:\/\/acefootball.com\/da\/?s={search_term_string}"},"query-input":"required name=search_term_string"}],"inLanguage":"en-US"},{"@type":"ImageObject","@id":"https:\/\/acefootball.com\/da\/fodboldnyheder\/bekraeftet-di-maria-faar-lang-karantaene-for-spytklat\/#primaryimage","inLanguage":"en-US","url":"https:\/\/acefootball.com\/da\/wp-content\/uploads\/sites\/2\/2020\/09\/GettyImages-1268064362.jpg","contentUrl":"https:\/\/acefootball.com\/da\/wp-content\/uploads\/sites\/2\/2020\/09\/GettyImages-1268064362.jpg","width":1024,"height":625,"caption":"LISBON, PORTUGAL - AUGUST 23: Angel Di Maria of Paris Saint-Germain reacts during the UEFA Champions League Final match between Paris Saint-Germain and Bayern Munich at Estadio do Sport Lisboa e Benfica on August 23, 2020 in Lisbon, Portugal. (Photo by Manu Fernandez\/Pool via Getty Images)"},{"@type":"WebPage","@id":"https:\/\/acefootball.com\/da\/fodboldnyheder\/bekraeftet-di-maria-faar-lang-karantaene-for-spytklat\/#webpage","url":"https:\/\/acefootball.com\/da\/fodboldnyheder\/bekraeftet-di-maria-faar-lang-karantaene-for-spytklat\/","name":"Bekr\u00e6ftet: Di Maria f\u00e5r lang karant\u00e6ne for spytklat","isPartOf":{"@id":"https:\/\/acefootball.com\/da\/#website"},"primaryImageOfPage":{"@id":"https:\/\/acefootball.com\/da\/fodboldnyheder\/bekraeftet-di-maria-faar-lang-karantaene-for-spytklat\/#primaryimage"},"datePublished":"2020-09-24T07:10:25+00:00","dateModified":"2020-09-24T07:01:52+00:00","description":"Den franske disciplin\u00e6rinstans i Ligue 1 har tildelt Paris Saint-Germains Angel Di Maria fire dages karant\u00e6ne for spytklat","breadcrumb":{"@id":"https:\/\/acefootball.com\/da\/fodboldnyheder\/bekraeftet-di-maria-faar-lang-karantaene-for-spytklat\/#breadcrumb"},"inLanguage":"en-US","potentialAction":[{"@type":"ReadAction","target":["https:\/\/acefootball.com\/da\/fodboldnyheder\/bekraeftet-di-maria-faar-lang-karantaene-for-spytklat\/"]}]},{"@type":"BreadcrumbList","@id":"https:\/\/acefootball.com\/da\/fodboldnyheder\/bekraeftet-di-maria-faar-lang-karantaene-for-spytklat\/#breadcrumb","itemListElement":[{"@type":"ListItem","position":1,"name":"Home","item":"https:\/\/acefootball.com\/da\/"},{"@type":"ListItem","position":2,"name":"Bekr\u00e6ftet: Di Maria f\u00e5r lang karant\u00e6ne for spytklat"}]},{"@type":"Article","@id":"https:\/\/acefootball.com\/da\/fodboldnyheder\/bekraeftet-di-maria-faar-lang-karantaene-for-spytklat\/#article","isPartOf":{"@id":"https:\/\/acefootball.com\/da\/fodboldnyheder\/bekraeftet-di-maria-faar-lang-karantaene-for-spytklat\/#webpage"},"author":{"@id":"https:\/\/acefootball.com\/da\/#\/schema\/person\/cc86c6803d8c93f30230e4dbed2a3844"},"headline":"Bekr\u00e6ftet: Di Maria f\u00e5r lang karant\u00e6ne for spytklat","datePublished":"2020-09-24T07:10:25+00:00","dateModified":"2020-09-24T07:01:52+00:00","mainEntityOfPage":{"@id":"https:\/\/acefootball.com\/da\/fodboldnyheder\/bekraeftet-di-maria-faar-lang-karantaene-for-spytklat\/#webpage"},"wordCount":190,"commentCount":0,"publisher":{"@id":"https:\/\/acefootball.com\/da\/#organization"},"image":{"@id":"https:\/\/acefootball.com\/da\/fodboldnyheder\/bekraeftet-di-maria-faar-lang-karantaene-for-spytklat\/#primaryimage"},"thumbnailUrl":"https:\/\/acefootball.com\/da\/wp-content\/uploads\/sites\/2\/2020\/09\/GettyImages-1268064362.jpg","keywords":["Angel Di Maria","Ligue 1","Olympique Marseille","Paris Saint-Germain"],"articleSection":["Nyhed"],"inLanguage":"en-US","potentialAction":[{"@type":"CommentAction","name":"Comment","target":["https:\/\/acefootball.com\/da\/fodboldnyheder\/bekraeftet-di-maria-faar-lang-karantaene-for-spytklat\/#respond"]}]},{"@type":"Person","@id":"https:\/\/acefootball.com\/da\/#\/schema\/person\/cc86c6803d8c93f30230e4dbed2a3844","name":"Nicolaj M. J\u00f8rgensen","image":{"@type":"ImageObject","@id":"https:\/\/acefootball.com\/da\/#personlogo","inLanguage":"en-US","url":"https:\/\/secure.gravatar.com\/avatar\/757fd92a7fd5c1d31c37aee3425e7f74?s=96&d=mm&r=g","contentUrl":"https:\/\/secure.gravatar.com\/avatar\/757fd92a7fd5c1d31c37aee3425e7f74?s=96&d=mm&r=g","caption":"Nicolaj M. J\u00f8rgensen"},"url":"https:\/\/acefootball.com\/da\/fodboldnyheder\/author\/nicolajmortenj\/"}]}},"fimg_url":"https:\/\/acefootball.com\/da\/wp-content\/uploads\/sites\/2\/2020\/09\/GettyImages-1268064362.jpg","_links":{"self":[{"href":"https:\/\/acefootball.com\/da\/wp-json\/wp\/v2\/posts\/238266"}],"collection":[{"href":"https:\/\/acefootball.com\/da\/wp-json\/wp\/v2\/posts"}],"about":[{"href":"https:\/\/acefootball.com\/da\/wp-json\/wp\/v2\/types\/post"}],"author":[{"embeddable":true,"href":"https:\/\/acefootball.com\/da\/wp-json\/wp\/v2\/users\/347"}],"replies":[{"embeddable":true,"href":"https:\/\/acefootball.com\/da\/wp-json\/wp\/v2\/comments?post=238266"}],"version-history":[{"count":0,"href":"https:\/\/acefootball.com\/da\/wp-json\/wp\/v2\/posts\/238266\/revisions"}],"wp:featuredmedia":[{"embeddable":true,"href":"https:\/\/acefootball.com\/da\/wp-json\/wp\/v2\/media\/238270"}],"wp:attachment":[{"href":"https:\/\/acefootball.com\/da\/wp-json\/wp\/v2\/media?parent=238266"}],"wp:term":[{"taxonomy":"category","embeddable":true,"href":"https:\/\/acefootball.com\/da\/wp-json\/wp\/v2\/categories?post=238266"},{"taxonomy":"post_tag","embeddable":true,"href":"https:\/\/acefootball.com\/da\/wp-json\/wp\/v2\/tags?post=238266"}],"curies":[{"name":"wp","href":"https:\/\/api.w.org\/{rel}","templated":true}]}}