{"id":238003,"date":"2020-09-21T16:52:57","date_gmt":"2020-09-21T14:52:57","guid":{"rendered":"https:\/\/acefootball.com\/da\/?p=238003"},"modified":"2020-09-21T17:02:59","modified_gmt":"2020-09-21T15:02:59","slug":"eksperter-bekraefter-modstander-ytrede-sig-racistisk-mod-neymar","status":"publish","type":"post","link":"https:\/\/acefootball.com\/da\/fodboldnyheder\/eksperter-bekraefter-modstander-ytrede-sig-racistisk-mod-neymar\/","title":{"rendered":"Eksperter bekr\u00e6fter: Modstander ytrede sig racistisk mod Neymar"},"content":{"rendered":"\n<h2>Neymar har anklaget Marseille-spilleren Alvaro Gonzalez for racisme, og mundafl\u00e6sning bekr\u00e6fter brasilianerens udl\u00e6gning<\/h2>\n\n\n\n<p>Det gik mere end almindeligt heftigt for sig, da Marseille slog PSG forrige weekend i Ligue 1. Hele fem spillere blev s\u00e5ledes udvist i forbindelse med et masseslagsm\u00e5l i overtiden, heriblandt superstjernen Neymar. <\/p>\n\n\n\n<p>Brasilianeren anklagede efterf\u00f8lgende Marseilles Alvaro Gonzalez for racisme, og noget kunne tyde p\u00e5, at han har noget at have det i. For if\u00f8lge <a href=\"https:\/\/www.marca.com\/en\/football\/international-football\/2020\/09\/21\/5f6886da268e3ee51c8b45bb.html\">Marca<\/a> har mundafl\u00e6sningseksperter i Brasilien bekr\u00e6ftet, at den spanske spiller kaldte Neymar for en &#8220;skide abe&#8221;.<\/p>\n\n\n\n<p>PSG vil nu bruge mundafl\u00e6sningen i bevismaterialet til den franske ligas disciplin\u00e6rkomit\u00e9, hvor de ogs\u00e5 vil inddrage endnu en ekspert til at underbygge deres sag. Hvis Alvaro Gonzalez findes skyldig kan han se frem til op imod 10 spilledages karant\u00e6ne.<\/p>\n\n\n\n<figure class=\"wp-block-embed-wordpress wp-block-embed is-type-wp-embed is-provider-ace-football-danmark\"><div class=\"wp-block-embed__wrapper\">\n<blockquote class=\"wp-embedded-content\" data-secret=\"vFHbxnqyLC\"><a href=\"https:\/\/acefootball.com\/da\/fodboldnyheder\/eftertaenksom-neymar-om-batalje-vi-skal-have-stoppet-racismen\/\">Eftert\u00e6nksom Neymar om batalje: Vi skal have stoppet racismen!<\/a><\/blockquote><iframe class=\"wp-embedded-content\" sandbox=\"allow-scripts\" security=\"restricted\" style=\"position: absolute; clip: rect(1px, 1px, 1px, 1px);\" title=\"&#8220;Eftert\u00e6nksom Neymar om batalje: Vi skal have stoppet racismen!&#8221; &#8212; Ace Football Danmark\" src=\"https:\/\/acefootball.com\/da\/fodboldnyheder\/eftertaenksom-neymar-om-batalje-vi-skal-have-stoppet-racismen\/embed\/#?secret=vFHbxnqyLC\" data-secret=\"vFHbxnqyLC\" width=\"600\" height=\"338\" frameborder=\"0\" marginwidth=\"0\" marginheight=\"0\" scrolling=\"no\"><\/iframe>\n<\/div><\/figure>\n","protected":false},"excerpt":{"rendered":"<p>Neymar har anklaget Marseille-spilleren Alvaro Gonzalez for racisme, og mundafl\u00e6sning bekr\u00e6fter brasilianerens udl\u00e6gning<\/p>\n","protected":false},"author":61,"featured_media":238005,"comment_status":"open","ping_status":"closed","sticky":false,"template":"","format":"standard","meta":{"om_disable_all_campaigns":false,"push_articles_ronaldo":{"active":false,"canonical":0,"publish":false},"force_updates":null},"categories":[1],"tags":[397,189,2229,461],"enet_tags":{"league":["53"],"player":["19533"],"team":["8592","9847"],"sport_events":[]},"yoast_head":"<!-- This site is optimized with the Yoast SEO plugin v18.3 - https:\/\/yoast.com\/wordpress\/plugins\/seo\/ -->\n<title>Eksperter bekr\u00e6fter: Modstander ytrede sig racistisk mod Neymar<\/title>\n<meta name=\"description\" content=\"Neymar har anklaget Marseille-spilleren Alvaro Gonzalez for racisme, og mundafl\u00e6sning bekr\u00e6fter brasilianerens udl\u00e6gning\" \/>\n<meta name=\"robots\" content=\"index, follow, max-snippet:-1, max-image-preview:large, max-video-preview:-1\" \/>\n<link rel=\"canonical\" href=\"https:\/\/acefootball.com\/da\/fodboldnyheder\/eksperter-bekraefter-modstander-ytrede-sig-racistisk-mod-neymar\/\" \/>\n<meta property=\"og:locale\" content=\"en_US\" \/>\n<meta property=\"og:type\" content=\"article\" \/>\n<meta property=\"og:title\" content=\"Eksperter bekr\u00e6fter: Modstander ytrede sig racistisk mod Neymar\" \/>\n<meta property=\"og:description\" content=\"Neymar har anklaget Marseille-spilleren Alvaro Gonzalez for racisme, og mundafl\u00e6sning bekr\u00e6fter brasilianerens udl\u00e6gning\" \/>\n<meta property=\"og:url\" content=\"https:\/\/acefootball.com\/da\/fodboldnyheder\/eksperter-bekraefter-modstander-ytrede-sig-racistisk-mod-neymar\/\" \/>\n<meta property=\"og:site_name\" content=\"Ace Football Danmark\" \/>\n<meta property=\"article:publisher\" content=\"https:\/\/www.facebook.com\/acefootballdk\" \/>\n<meta property=\"article:published_time\" content=\"2020-09-21T14:52:57+00:00\" \/>\n<meta property=\"article:modified_time\" content=\"2020-09-21T15:02:59+00:00\" \/>\n<meta property=\"og:image\" content=\"https:\/\/acefootball.com\/da\/wp-content\/uploads\/sites\/2\/2020\/09\/GettyImages-1268075101-1.jpg\" \/>\n\t<meta property=\"og:image:width\" content=\"1024\" \/>\n\t<meta property=\"og:image:height\" content=\"727\" \/>\n\t<meta property=\"og:image:type\" content=\"image\/jpeg\" \/>\n<meta name=\"twitter:card\" content=\"summary_large_image\" \/>\n<meta name=\"twitter:label1\" content=\"Written by\" \/>\n\t<meta name=\"twitter:data1\" content=\"Asbj\u00f8rn Sigsgaard\" \/>\n\t<meta name=\"twitter:label2\" content=\"Est. reading time\" \/>\n\t<meta name=\"twitter:data2\" content=\"1 minute\" \/>\n<script type=\"application\/ld+json\" class=\"yoast-schema-graph\">{\"@context\":\"https:\/\/schema.org\",\"@graph\":[{\"@type\":\"Organization\",\"@id\":\"https:\/\/acefootball.com\/da\/#organization\",\"name\":\"Ace Football\",\"url\":\"https:\/\/acefootball.com\/da\/\",\"sameAs\":[\"https:\/\/www.facebook.com\/acefootballdk\"],\"logo\":{\"@type\":\"ImageObject\",\"@id\":\"https:\/\/acefootball.com\/da\/#logo\",\"inLanguage\":\"en-US\",\"url\":\"https:\/\/acefootball.com\/da\/wp-content\/uploads\/sites\/2\/2020\/07\/Ace-Football-30-07-2020-2.png\",\"contentUrl\":\"https:\/\/acefootball.com\/da\/wp-content\/uploads\/sites\/2\/2020\/07\/Ace-Football-30-07-2020-2.png\",\"width\":1200,\"height\":600,\"caption\":\"Ace Football\"},\"image\":{\"@id\":\"https:\/\/acefootball.com\/da\/#logo\"}},{\"@type\":\"WebSite\",\"@id\":\"https:\/\/acefootball.com\/da\/#website\",\"url\":\"https:\/\/acefootball.com\/da\/\",\"name\":\"Ace Football Danmark\",\"description\":\"Nyheder, Spiltips &amp; Livescore\",\"publisher\":{\"@id\":\"https:\/\/acefootball.com\/da\/#organization\"},\"potentialAction\":[{\"@type\":\"SearchAction\",\"target\":{\"@type\":\"EntryPoint\",\"urlTemplate\":\"https:\/\/acefootball.com\/da\/?s={search_term_string}\"},\"query-input\":\"required name=search_term_string\"}],\"inLanguage\":\"en-US\"},{\"@type\":\"ImageObject\",\"@id\":\"https:\/\/acefootball.com\/da\/fodboldnyheder\/eksperter-bekraefter-modstander-ytrede-sig-racistisk-mod-neymar\/#primaryimage\",\"inLanguage\":\"en-US\",\"url\":\"https:\/\/acefootball.com\/da\/wp-content\/uploads\/sites\/2\/2020\/09\/GettyImages-1268075101-1.jpg\",\"contentUrl\":\"https:\/\/acefootball.com\/da\/wp-content\/uploads\/sites\/2\/2020\/09\/GettyImages-1268075101-1.jpg\",\"width\":1024,\"height\":727,\"caption\":\"LISBON, PORTUGAL - AUGUST 23: Neymar of Paris Saint-Germain looks dejected during the UEFA Champions League Final match between Paris Saint-Germain and Bayern Munich at Estadio do Sport Lisboa e Benfica on August 23, 2020 in Lisbon, Portugal. (Photo by David Ramos\/Getty Images)\"},{\"@type\":\"WebPage\",\"@id\":\"https:\/\/acefootball.com\/da\/fodboldnyheder\/eksperter-bekraefter-modstander-ytrede-sig-racistisk-mod-neymar\/#webpage\",\"url\":\"https:\/\/acefootball.com\/da\/fodboldnyheder\/eksperter-bekraefter-modstander-ytrede-sig-racistisk-mod-neymar\/\",\"name\":\"Eksperter bekr\u00e6fter: Modstander ytrede sig racistisk mod Neymar\",\"isPartOf\":{\"@id\":\"https:\/\/acefootball.com\/da\/#website\"},\"primaryImageOfPage\":{\"@id\":\"https:\/\/acefootball.com\/da\/fodboldnyheder\/eksperter-bekraefter-modstander-ytrede-sig-racistisk-mod-neymar\/#primaryimage\"},\"datePublished\":\"2020-09-21T14:52:57+00:00\",\"dateModified\":\"2020-09-21T15:02:59+00:00\",\"description\":\"Neymar har anklaget Marseille-spilleren Alvaro Gonzalez for racisme, og mundafl\u00e6sning bekr\u00e6fter brasilianerens udl\u00e6gning\",\"breadcrumb\":{\"@id\":\"https:\/\/acefootball.com\/da\/fodboldnyheder\/eksperter-bekraefter-modstander-ytrede-sig-racistisk-mod-neymar\/#breadcrumb\"},\"inLanguage\":\"en-US\",\"potentialAction\":[{\"@type\":\"ReadAction\",\"target\":[\"https:\/\/acefootball.com\/da\/fodboldnyheder\/eksperter-bekraefter-modstander-ytrede-sig-racistisk-mod-neymar\/\"]}]},{\"@type\":\"BreadcrumbList\",\"@id\":\"https:\/\/acefootball.com\/da\/fodboldnyheder\/eksperter-bekraefter-modstander-ytrede-sig-racistisk-mod-neymar\/#breadcrumb\",\"itemListElement\":[{\"@type\":\"ListItem\",\"position\":1,\"name\":\"Home\",\"item\":\"https:\/\/acefootball.com\/da\/\"},{\"@type\":\"ListItem\",\"position\":2,\"name\":\"Eksperter bekr\u00e6fter: Modstander ytrede sig racistisk mod Neymar\"}]},{\"@type\":\"Article\",\"@id\":\"https:\/\/acefootball.com\/da\/fodboldnyheder\/eksperter-bekraefter-modstander-ytrede-sig-racistisk-mod-neymar\/#article\",\"isPartOf\":{\"@id\":\"https:\/\/acefootball.com\/da\/fodboldnyheder\/eksperter-bekraefter-modstander-ytrede-sig-racistisk-mod-neymar\/#webpage\"},\"author\":{\"@id\":\"https:\/\/acefootball.com\/da\/#\/schema\/person\/f7d6e307f87618894c0832ad0767e1a0\"},\"headline\":\"Eksperter bekr\u00e6fter: Modstander ytrede sig racistisk mod Neymar\",\"datePublished\":\"2020-09-21T14:52:57+00:00\",\"dateModified\":\"2020-09-21T15:02:59+00:00\",\"mainEntityOfPage\":{\"@id\":\"https:\/\/acefootball.com\/da\/fodboldnyheder\/eksperter-bekraefter-modstander-ytrede-sig-racistisk-mod-neymar\/#webpage\"},\"wordCount\":150,\"commentCount\":0,\"publisher\":{\"@id\":\"https:\/\/acefootball.com\/da\/#organization\"},\"image\":{\"@id\":\"https:\/\/acefootball.com\/da\/fodboldnyheder\/eksperter-bekraefter-modstander-ytrede-sig-racistisk-mod-neymar\/#primaryimage\"},\"thumbnailUrl\":\"https:\/\/acefootball.com\/da\/wp-content\/uploads\/sites\/2\/2020\/09\/GettyImages-1268075101-1.jpg\",\"keywords\":[\"Ligue 1\",\"Neymar\",\"Olympique Marseille\",\"Paris Saint-Germain\"],\"articleSection\":[\"Nyhed\"],\"inLanguage\":\"en-US\",\"potentialAction\":[{\"@type\":\"CommentAction\",\"name\":\"Comment\",\"target\":[\"https:\/\/acefootball.com\/da\/fodboldnyheder\/eksperter-bekraefter-modstander-ytrede-sig-racistisk-mod-neymar\/#respond\"]}]},{\"@type\":\"Person\",\"@id\":\"https:\/\/acefootball.com\/da\/#\/schema\/person\/f7d6e307f87618894c0832ad0767e1a0\",\"name\":\"Asbj\u00f8rn Sigsgaard\",\"image\":{\"@type\":\"ImageObject\",\"@id\":\"https:\/\/acefootball.com\/da\/#personlogo\",\"inLanguage\":\"en-US\",\"url\":\"https:\/\/secure.gravatar.com\/avatar\/5c43db7fd929f602b60651d468fca886?s=96&d=mm&r=g\",\"contentUrl\":\"https:\/\/secure.gravatar.com\/avatar\/5c43db7fd929f602b60651d468fca886?s=96&d=mm&r=g\",\"caption\":\"Asbj\u00f8rn Sigsgaard\"},\"url\":\"https:\/\/acefootball.com\/da\/fodboldnyheder\/author\/asbjornsigsgaard\/\"}]}<\/script>\n<!-- \/ Yoast SEO plugin. -->","yoast_head_json":{"title":"Eksperter bekr\u00e6fter: Modstander ytrede sig racistisk mod Neymar","description":"Neymar har anklaget Marseille-spilleren Alvaro Gonzalez for racisme, og mundafl\u00e6sning bekr\u00e6fter brasilianerens udl\u00e6gning","robots":{"index":"index","follow":"follow","max-snippet":"max-snippet:-1","max-image-preview":"max-image-preview:large","max-video-preview":"max-video-preview:-1"},"canonical":"https:\/\/acefootball.com\/da\/fodboldnyheder\/eksperter-bekraefter-modstander-ytrede-sig-racistisk-mod-neymar\/","og_locale":"en_US","og_type":"article","og_title":"Eksperter bekr\u00e6fter: Modstander ytrede sig racistisk mod Neymar","og_description":"Neymar har anklaget Marseille-spilleren Alvaro Gonzalez for racisme, og mundafl\u00e6sning bekr\u00e6fter brasilianerens udl\u00e6gning","og_url":"https:\/\/acefootball.com\/da\/fodboldnyheder\/eksperter-bekraefter-modstander-ytrede-sig-racistisk-mod-neymar\/","og_site_name":"Ace Football Danmark","article_publisher":"https:\/\/www.facebook.com\/acefootballdk","article_published_time":"2020-09-21T14:52:57+00:00","article_modified_time":"2020-09-21T15:02:59+00:00","og_image":[{"width":1024,"height":727,"url":"https:\/\/acefootball.com\/da\/wp-content\/uploads\/sites\/2\/2020\/09\/GettyImages-1268075101-1.jpg","type":"image\/jpeg"}],"twitter_card":"summary_large_image","twitter_misc":{"Written by":"Asbj\u00f8rn Sigsgaard","Est. reading time":"1 minute"},"schema":{"@context":"https:\/\/schema.org","@graph":[{"@type":"Organization","@id":"https:\/\/acefootball.com\/da\/#organization","name":"Ace Football","url":"https:\/\/acefootball.com\/da\/","sameAs":["https:\/\/www.facebook.com\/acefootballdk"],"logo":{"@type":"ImageObject","@id":"https:\/\/acefootball.com\/da\/#logo","inLanguage":"en-US","url":"https:\/\/acefootball.com\/da\/wp-content\/uploads\/sites\/2\/2020\/07\/Ace-Football-30-07-2020-2.png","contentUrl":"https:\/\/acefootball.com\/da\/wp-content\/uploads\/sites\/2\/2020\/07\/Ace-Football-30-07-2020-2.png","width":1200,"height":600,"caption":"Ace Football"},"image":{"@id":"https:\/\/acefootball.com\/da\/#logo"}},{"@type":"WebSite","@id":"https:\/\/acefootball.com\/da\/#website","url":"https:\/\/acefootball.com\/da\/","name":"Ace Football Danmark","description":"Nyheder, Spiltips &amp; Livescore","publisher":{"@id":"https:\/\/acefootball.com\/da\/#organization"},"potentialAction":[{"@type":"SearchAction","target":{"@type":"EntryPoint","urlTemplate":"https:\/\/acefootball.com\/da\/?s={search_term_string}"},"query-input":"required name=search_term_string"}],"inLanguage":"en-US"},{"@type":"ImageObject","@id":"https:\/\/acefootball.com\/da\/fodboldnyheder\/eksperter-bekraefter-modstander-ytrede-sig-racistisk-mod-neymar\/#primaryimage","inLanguage":"en-US","url":"https:\/\/acefootball.com\/da\/wp-content\/uploads\/sites\/2\/2020\/09\/GettyImages-1268075101-1.jpg","contentUrl":"https:\/\/acefootball.com\/da\/wp-content\/uploads\/sites\/2\/2020\/09\/GettyImages-1268075101-1.jpg","width":1024,"height":727,"caption":"LISBON, PORTUGAL - AUGUST 23: Neymar of Paris Saint-Germain looks dejected during the UEFA Champions League Final match between Paris Saint-Germain and Bayern Munich at Estadio do Sport Lisboa e Benfica on August 23, 2020 in Lisbon, Portugal. (Photo by David Ramos\/Getty Images)"},{"@type":"WebPage","@id":"https:\/\/acefootball.com\/da\/fodboldnyheder\/eksperter-bekraefter-modstander-ytrede-sig-racistisk-mod-neymar\/#webpage","url":"https:\/\/acefootball.com\/da\/fodboldnyheder\/eksperter-bekraefter-modstander-ytrede-sig-racistisk-mod-neymar\/","name":"Eksperter bekr\u00e6fter: Modstander ytrede sig racistisk mod Neymar","isPartOf":{"@id":"https:\/\/acefootball.com\/da\/#website"},"primaryImageOfPage":{"@id":"https:\/\/acefootball.com\/da\/fodboldnyheder\/eksperter-bekraefter-modstander-ytrede-sig-racistisk-mod-neymar\/#primaryimage"},"datePublished":"2020-09-21T14:52:57+00:00","dateModified":"2020-09-21T15:02:59+00:00","description":"Neymar har anklaget Marseille-spilleren Alvaro Gonzalez for racisme, og mundafl\u00e6sning bekr\u00e6fter brasilianerens udl\u00e6gning","breadcrumb":{"@id":"https:\/\/acefootball.com\/da\/fodboldnyheder\/eksperter-bekraefter-modstander-ytrede-sig-racistisk-mod-neymar\/#breadcrumb"},"inLanguage":"en-US","potentialAction":[{"@type":"ReadAction","target":["https:\/\/acefootball.com\/da\/fodboldnyheder\/eksperter-bekraefter-modstander-ytrede-sig-racistisk-mod-neymar\/"]}]},{"@type":"BreadcrumbList","@id":"https:\/\/acefootball.com\/da\/fodboldnyheder\/eksperter-bekraefter-modstander-ytrede-sig-racistisk-mod-neymar\/#breadcrumb","itemListElement":[{"@type":"ListItem","position":1,"name":"Home","item":"https:\/\/acefootball.com\/da\/"},{"@type":"ListItem","position":2,"name":"Eksperter bekr\u00e6fter: Modstander ytrede sig racistisk mod Neymar"}]},{"@type":"Article","@id":"https:\/\/acefootball.com\/da\/fodboldnyheder\/eksperter-bekraefter-modstander-ytrede-sig-racistisk-mod-neymar\/#article","isPartOf":{"@id":"https:\/\/acefootball.com\/da\/fodboldnyheder\/eksperter-bekraefter-modstander-ytrede-sig-racistisk-mod-neymar\/#webpage"},"author":{"@id":"https:\/\/acefootball.com\/da\/#\/schema\/person\/f7d6e307f87618894c0832ad0767e1a0"},"headline":"Eksperter bekr\u00e6fter: Modstander ytrede sig racistisk mod Neymar","datePublished":"2020-09-21T14:52:57+00:00","dateModified":"2020-09-21T15:02:59+00:00","mainEntityOfPage":{"@id":"https:\/\/acefootball.com\/da\/fodboldnyheder\/eksperter-bekraefter-modstander-ytrede-sig-racistisk-mod-neymar\/#webpage"},"wordCount":150,"commentCount":0,"publisher":{"@id":"https:\/\/acefootball.com\/da\/#organization"},"image":{"@id":"https:\/\/acefootball.com\/da\/fodboldnyheder\/eksperter-bekraefter-modstander-ytrede-sig-racistisk-mod-neymar\/#primaryimage"},"thumbnailUrl":"https:\/\/acefootball.com\/da\/wp-content\/uploads\/sites\/2\/2020\/09\/GettyImages-1268075101-1.jpg","keywords":["Ligue 1","Neymar","Olympique Marseille","Paris Saint-Germain"],"articleSection":["Nyhed"],"inLanguage":"en-US","potentialAction":[{"@type":"CommentAction","name":"Comment","target":["https:\/\/acefootball.com\/da\/fodboldnyheder\/eksperter-bekraefter-modstander-ytrede-sig-racistisk-mod-neymar\/#respond"]}]},{"@type":"Person","@id":"https:\/\/acefootball.com\/da\/#\/schema\/person\/f7d6e307f87618894c0832ad0767e1a0","name":"Asbj\u00f8rn Sigsgaard","image":{"@type":"ImageObject","@id":"https:\/\/acefootball.com\/da\/#personlogo","inLanguage":"en-US","url":"https:\/\/secure.gravatar.com\/avatar\/5c43db7fd929f602b60651d468fca886?s=96&d=mm&r=g","contentUrl":"https:\/\/secure.gravatar.com\/avatar\/5c43db7fd929f602b60651d468fca886?s=96&d=mm&r=g","caption":"Asbj\u00f8rn Sigsgaard"},"url":"https:\/\/acefootball.com\/da\/fodboldnyheder\/author\/asbjornsigsgaard\/"}]}},"fimg_url":"https:\/\/acefootball.com\/da\/wp-content\/uploads\/sites\/2\/2020\/09\/GettyImages-1268075101-1.jpg","_links":{"self":[{"href":"https:\/\/acefootball.com\/da\/wp-json\/wp\/v2\/posts\/238003"}],"collection":[{"href":"https:\/\/acefootball.com\/da\/wp-json\/wp\/v2\/posts"}],"about":[{"href":"https:\/\/acefootball.com\/da\/wp-json\/wp\/v2\/types\/post"}],"author":[{"embeddable":true,"href":"https:\/\/acefootball.com\/da\/wp-json\/wp\/v2\/users\/61"}],"replies":[{"embeddable":true,"href":"https:\/\/acefootball.com\/da\/wp-json\/wp\/v2\/comments?post=238003"}],"version-history":[{"count":0,"href":"https:\/\/acefootball.com\/da\/wp-json\/wp\/v2\/posts\/238003\/revisions"}],"wp:featuredmedia":[{"embeddable":true,"href":"https:\/\/acefootball.com\/da\/wp-json\/wp\/v2\/media\/238005"}],"wp:attachment":[{"href":"https:\/\/acefootball.com\/da\/wp-json\/wp\/v2\/media?parent=238003"}],"wp:term":[{"taxonomy":"category","embeddable":true,"href":"https:\/\/acefootball.com\/da\/wp-json\/wp\/v2\/categories?post=238003"},{"taxonomy":"post_tag","embeddable":true,"href":"https:\/\/acefootball.com\/da\/wp-json\/wp\/v2\/tags?post=238003"}],"curies":[{"name":"wp","href":"https:\/\/api.w.org\/{rel}","templated":true}]}}