{"id":237949,"date":"2020-09-21T11:11:21","date_gmt":"2020-09-21T09:11:21","guid":{"rendered":"https:\/\/acefootball.com\/da\/?p=237949"},"modified":"2020-09-21T11:11:21","modified_gmt":"2020-09-21T09:11:21","slug":"aab-traener-bekraefter-lucas-andersen-klar-til-kamp","status":"publish","type":"post","link":"https:\/\/acefootball.com\/da\/fodboldnyheder\/aab-traener-bekraefter-lucas-andersen-klar-til-kamp\/","title":{"rendered":"AaB-tr\u00e6ner bekr\u00e6fter: Lucas Andersen klar til kamp"},"content":{"rendered":"\n<h2>Lucas Andersen har v\u00e6ret skaden siden pokalfinalen d. 1. juli, men ser ud til at f\u00e5 comeback mod Horsens mandag aften<\/h2>\n\n\n\n<p>De er ret glade for anf\u00f8rer Lucas Andersen i Aalborg, og det er til at forst\u00e5. For med hele 10 scoringer og otte assists i den forgange s\u00e6son, s\u00e5 er det ikke en overdrivelse at p\u00e5st\u00e5, at AaB&#8217;s offensive spil har den tidligere Ajax-profil som sit omgangspunkt. <\/p>\n\n\n\n<div class=\"wp-block-si-widget wp-block-si-widget--center\"><si-lb-widget widget-id=\"PlayerSeasonStatsSnap\" data-hide-controls=\"false\" width=\"440\" data-player-id=\"252969\"><\/si-lb-widget><\/div>\n\n\n\n<p>Og nu kan nordjyderne endelig gl\u00e6de sig til at se ham p\u00e5 banen igen. For Lucas Andersen er ved at v\u00e6re helt fit for fight igen oven p\u00e5 den skade han p\u00e5drog sig i pokalfinalen mod S\u00f8nderjyskE den 1. juli. <\/p>\n\n\n\n<p>Dermed kan 10&#8217;eren komme i aktion i aftenens kamp mod Horsens, hvor AaB skal fors\u00f8ge at hive s\u00e6sonens f\u00f8rste sejr hjem efter en uafgjort mod Lyngby i s\u00e6sonpremieren. Det bliver dog med en startrolle p\u00e5 b\u00e6nken, at Lucas Andersen skal pr\u00e6ge opg\u00f8ret.<\/p>\n\n\n\n<p>&#8220;Han har formentlig 30 minutter i benene,&#8221; udtaler cheftr\u00e6ner Jacob Friis if\u00f8lge <a href=\"https:\/\/www.bt.dk\/fodbold\/aab-stjerne-kan-faa-comeback-efter-pokalfinaleskade?referrer=RSS\" target=\"_blank\" rel=\"noreferrer noopener\">BT<\/a>.<\/p>\n\n\n\n<p>AaB-AC Horsens har kickoff kl. 19 i aften. <\/p>\n\n\n\n<div class=\"wp-block-si-widget wp-block-si-widget--center\"><si-lb-widget widget-id=\"MatchInfoWithOdds\" data-nopadding=\"true\" data-card=\"true\" width=\"440\" data-event-id=\"3389083\" data-provider=\"mrgreen\"><\/si-lb-widget><\/div>\n\n\n\n<p><\/p>\n","protected":false},"excerpt":{"rendered":"<p>Lucas Andersen har v\u00e6ret skaden siden pokalfinalen d. 1. juli, men ser ud til at f\u00e5 comeback mod Horsens mandag aften<\/p>\n","protected":false},"author":61,"featured_media":237951,"comment_status":"open","ping_status":"closed","sticky":false,"template":"","format":"standard","meta":{"om_disable_all_campaigns":false,"push_articles_ronaldo":{"active":false,"canonical":0,"publish":false},"force_updates":null},"categories":[1],"tags":[17,3055,588],"enet_tags":{"team":["8470"],"player":["252969"],"league":["46"],"sport_events":[3389083]},"yoast_head":"<!-- This site is optimized with the Yoast SEO plugin v18.3 - https:\/\/yoast.com\/wordpress\/plugins\/seo\/ -->\n<title>AaB-tr\u00e6ner bekr\u00e6fter: Lucas Andersen klar til kamp<\/title>\n<meta name=\"description\" content=\"Lucas Andersen har v\u00e6ret skaden siden pokalfinalen d. 1. juli, men ser ud til at f\u00e5 comeback mod Horsens mandag aften\" \/>\n<meta name=\"robots\" content=\"index, follow, max-snippet:-1, max-image-preview:large, max-video-preview:-1\" \/>\n<link rel=\"canonical\" href=\"https:\/\/acefootball.com\/da\/fodboldnyheder\/aab-traener-bekraefter-lucas-andersen-klar-til-kamp\/\" \/>\n<meta property=\"og:locale\" content=\"en_US\" \/>\n<meta property=\"og:type\" content=\"article\" \/>\n<meta property=\"og:title\" content=\"AaB-tr\u00e6ner bekr\u00e6fter: Lucas Andersen klar til kamp\" \/>\n<meta property=\"og:description\" content=\"Lucas Andersen har v\u00e6ret skaden siden pokalfinalen d. 1. juli, men ser ud til at f\u00e5 comeback mod Horsens mandag aften\" \/>\n<meta property=\"og:url\" content=\"https:\/\/acefootball.com\/da\/fodboldnyheder\/aab-traener-bekraefter-lucas-andersen-klar-til-kamp\/\" \/>\n<meta property=\"og:site_name\" content=\"Ace Football Danmark\" \/>\n<meta property=\"article:publisher\" content=\"https:\/\/www.facebook.com\/acefootballdk\" \/>\n<meta property=\"article:published_time\" content=\"2020-09-21T09:11:21+00:00\" \/>\n<meta property=\"og:image\" content=\"https:\/\/acefootball.com\/da\/wp-content\/uploads\/sites\/2\/2020\/09\/GettyImages-1222991428.jpg\" \/>\n\t<meta property=\"og:image:width\" content=\"1024\" \/>\n\t<meta property=\"og:image:height\" content=\"735\" \/>\n\t<meta property=\"og:image:type\" content=\"image\/jpeg\" \/>\n<meta name=\"twitter:card\" content=\"summary_large_image\" \/>\n<meta name=\"twitter:label1\" content=\"Written by\" \/>\n\t<meta name=\"twitter:data1\" content=\"Asbj\u00f8rn Sigsgaard\" \/>\n\t<meta name=\"twitter:label2\" content=\"Est. reading time\" \/>\n\t<meta name=\"twitter:data2\" content=\"1 minute\" \/>\n<script type=\"application\/ld+json\" class=\"yoast-schema-graph\">{\"@context\":\"https:\/\/schema.org\",\"@graph\":[{\"@type\":\"Organization\",\"@id\":\"https:\/\/acefootball.com\/da\/#organization\",\"name\":\"Ace Football\",\"url\":\"https:\/\/acefootball.com\/da\/\",\"sameAs\":[\"https:\/\/www.facebook.com\/acefootballdk\"],\"logo\":{\"@type\":\"ImageObject\",\"@id\":\"https:\/\/acefootball.com\/da\/#logo\",\"inLanguage\":\"en-US\",\"url\":\"https:\/\/acefootball.com\/da\/wp-content\/uploads\/sites\/2\/2020\/07\/Ace-Football-30-07-2020-2.png\",\"contentUrl\":\"https:\/\/acefootball.com\/da\/wp-content\/uploads\/sites\/2\/2020\/07\/Ace-Football-30-07-2020-2.png\",\"width\":1200,\"height\":600,\"caption\":\"Ace Football\"},\"image\":{\"@id\":\"https:\/\/acefootball.com\/da\/#logo\"}},{\"@type\":\"WebSite\",\"@id\":\"https:\/\/acefootball.com\/da\/#website\",\"url\":\"https:\/\/acefootball.com\/da\/\",\"name\":\"Ace Football Danmark\",\"description\":\"Nyheder, Spiltips &amp; Livescore\",\"publisher\":{\"@id\":\"https:\/\/acefootball.com\/da\/#organization\"},\"potentialAction\":[{\"@type\":\"SearchAction\",\"target\":{\"@type\":\"EntryPoint\",\"urlTemplate\":\"https:\/\/acefootball.com\/da\/?s={search_term_string}\"},\"query-input\":\"required name=search_term_string\"}],\"inLanguage\":\"en-US\"},{\"@type\":\"ImageObject\",\"@id\":\"https:\/\/acefootball.com\/da\/fodboldnyheder\/aab-traener-bekraefter-lucas-andersen-klar-til-kamp\/#primaryimage\",\"inLanguage\":\"en-US\",\"url\":\"https:\/\/acefootball.com\/da\/wp-content\/uploads\/sites\/2\/2020\/09\/GettyImages-1222991428.jpg\",\"contentUrl\":\"https:\/\/acefootball.com\/da\/wp-content\/uploads\/sites\/2\/2020\/09\/GettyImages-1222991428.jpg\",\"width\":1024,\"height\":735,\"caption\":\"AARHUS, DENMARK - JUNE 26: Lucas Andersen of AaB Aalborg controls the ball during the Danish 3F Superliga match between AGF Aarhus and AaB Aalborg at Ceres Park on June 26, 2020 in Aarhus, Denmark. (Photo by Lars Ronbog \/ FrontZoneSport via Getty Images)\"},{\"@type\":\"WebPage\",\"@id\":\"https:\/\/acefootball.com\/da\/fodboldnyheder\/aab-traener-bekraefter-lucas-andersen-klar-til-kamp\/#webpage\",\"url\":\"https:\/\/acefootball.com\/da\/fodboldnyheder\/aab-traener-bekraefter-lucas-andersen-klar-til-kamp\/\",\"name\":\"AaB-tr\u00e6ner bekr\u00e6fter: Lucas Andersen klar til kamp\",\"isPartOf\":{\"@id\":\"https:\/\/acefootball.com\/da\/#website\"},\"primaryImageOfPage\":{\"@id\":\"https:\/\/acefootball.com\/da\/fodboldnyheder\/aab-traener-bekraefter-lucas-andersen-klar-til-kamp\/#primaryimage\"},\"datePublished\":\"2020-09-21T09:11:21+00:00\",\"dateModified\":\"2020-09-21T09:11:21+00:00\",\"description\":\"Lucas Andersen har v\u00e6ret skaden siden pokalfinalen d. 1. juli, men ser ud til at f\u00e5 comeback mod Horsens mandag aften\",\"breadcrumb\":{\"@id\":\"https:\/\/acefootball.com\/da\/fodboldnyheder\/aab-traener-bekraefter-lucas-andersen-klar-til-kamp\/#breadcrumb\"},\"inLanguage\":\"en-US\",\"potentialAction\":[{\"@type\":\"ReadAction\",\"target\":[\"https:\/\/acefootball.com\/da\/fodboldnyheder\/aab-traener-bekraefter-lucas-andersen-klar-til-kamp\/\"]}]},{\"@type\":\"BreadcrumbList\",\"@id\":\"https:\/\/acefootball.com\/da\/fodboldnyheder\/aab-traener-bekraefter-lucas-andersen-klar-til-kamp\/#breadcrumb\",\"itemListElement\":[{\"@type\":\"ListItem\",\"position\":1,\"name\":\"Home\",\"item\":\"https:\/\/acefootball.com\/da\/\"},{\"@type\":\"ListItem\",\"position\":2,\"name\":\"AaB-tr\u00e6ner bekr\u00e6fter: Lucas Andersen klar til kamp\"}]},{\"@type\":\"Article\",\"@id\":\"https:\/\/acefootball.com\/da\/fodboldnyheder\/aab-traener-bekraefter-lucas-andersen-klar-til-kamp\/#article\",\"isPartOf\":{\"@id\":\"https:\/\/acefootball.com\/da\/fodboldnyheder\/aab-traener-bekraefter-lucas-andersen-klar-til-kamp\/#webpage\"},\"author\":{\"@id\":\"https:\/\/acefootball.com\/da\/#\/schema\/person\/f7d6e307f87618894c0832ad0767e1a0\"},\"headline\":\"AaB-tr\u00e6ner bekr\u00e6fter: Lucas Andersen klar til kamp\",\"datePublished\":\"2020-09-21T09:11:21+00:00\",\"dateModified\":\"2020-09-21T09:11:21+00:00\",\"mainEntityOfPage\":{\"@id\":\"https:\/\/acefootball.com\/da\/fodboldnyheder\/aab-traener-bekraefter-lucas-andersen-klar-til-kamp\/#webpage\"},\"wordCount\":192,\"commentCount\":0,\"publisher\":{\"@id\":\"https:\/\/acefootball.com\/da\/#organization\"},\"image\":{\"@id\":\"https:\/\/acefootball.com\/da\/fodboldnyheder\/aab-traener-bekraefter-lucas-andersen-klar-til-kamp\/#primaryimage\"},\"thumbnailUrl\":\"https:\/\/acefootball.com\/da\/wp-content\/uploads\/sites\/2\/2020\/09\/GettyImages-1222991428.jpg\",\"keywords\":[\"AaB\",\"Lucas Andersen\",\"Superligaen\"],\"articleSection\":[\"Nyhed\"],\"inLanguage\":\"en-US\",\"potentialAction\":[{\"@type\":\"CommentAction\",\"name\":\"Comment\",\"target\":[\"https:\/\/acefootball.com\/da\/fodboldnyheder\/aab-traener-bekraefter-lucas-andersen-klar-til-kamp\/#respond\"]}]},{\"@type\":\"Person\",\"@id\":\"https:\/\/acefootball.com\/da\/#\/schema\/person\/f7d6e307f87618894c0832ad0767e1a0\",\"name\":\"Asbj\u00f8rn Sigsgaard\",\"image\":{\"@type\":\"ImageObject\",\"@id\":\"https:\/\/acefootball.com\/da\/#personlogo\",\"inLanguage\":\"en-US\",\"url\":\"https:\/\/secure.gravatar.com\/avatar\/5c43db7fd929f602b60651d468fca886?s=96&d=mm&r=g\",\"contentUrl\":\"https:\/\/secure.gravatar.com\/avatar\/5c43db7fd929f602b60651d468fca886?s=96&d=mm&r=g\",\"caption\":\"Asbj\u00f8rn Sigsgaard\"},\"url\":\"https:\/\/acefootball.com\/da\/fodboldnyheder\/author\/asbjornsigsgaard\/\"}]}<\/script>\n<!-- \/ Yoast SEO plugin. -->","yoast_head_json":{"title":"AaB-tr\u00e6ner bekr\u00e6fter: Lucas Andersen klar til kamp","description":"Lucas Andersen har v\u00e6ret skaden siden pokalfinalen d. 1. juli, men ser ud til at f\u00e5 comeback mod Horsens mandag aften","robots":{"index":"index","follow":"follow","max-snippet":"max-snippet:-1","max-image-preview":"max-image-preview:large","max-video-preview":"max-video-preview:-1"},"canonical":"https:\/\/acefootball.com\/da\/fodboldnyheder\/aab-traener-bekraefter-lucas-andersen-klar-til-kamp\/","og_locale":"en_US","og_type":"article","og_title":"AaB-tr\u00e6ner bekr\u00e6fter: Lucas Andersen klar til kamp","og_description":"Lucas Andersen har v\u00e6ret skaden siden pokalfinalen d. 1. juli, men ser ud til at f\u00e5 comeback mod Horsens mandag aften","og_url":"https:\/\/acefootball.com\/da\/fodboldnyheder\/aab-traener-bekraefter-lucas-andersen-klar-til-kamp\/","og_site_name":"Ace Football Danmark","article_publisher":"https:\/\/www.facebook.com\/acefootballdk","article_published_time":"2020-09-21T09:11:21+00:00","og_image":[{"width":1024,"height":735,"url":"https:\/\/acefootball.com\/da\/wp-content\/uploads\/sites\/2\/2020\/09\/GettyImages-1222991428.jpg","type":"image\/jpeg"}],"twitter_card":"summary_large_image","twitter_misc":{"Written by":"Asbj\u00f8rn Sigsgaard","Est. reading time":"1 minute"},"schema":{"@context":"https:\/\/schema.org","@graph":[{"@type":"Organization","@id":"https:\/\/acefootball.com\/da\/#organization","name":"Ace Football","url":"https:\/\/acefootball.com\/da\/","sameAs":["https:\/\/www.facebook.com\/acefootballdk"],"logo":{"@type":"ImageObject","@id":"https:\/\/acefootball.com\/da\/#logo","inLanguage":"en-US","url":"https:\/\/acefootball.com\/da\/wp-content\/uploads\/sites\/2\/2020\/07\/Ace-Football-30-07-2020-2.png","contentUrl":"https:\/\/acefootball.com\/da\/wp-content\/uploads\/sites\/2\/2020\/07\/Ace-Football-30-07-2020-2.png","width":1200,"height":600,"caption":"Ace Football"},"image":{"@id":"https:\/\/acefootball.com\/da\/#logo"}},{"@type":"WebSite","@id":"https:\/\/acefootball.com\/da\/#website","url":"https:\/\/acefootball.com\/da\/","name":"Ace Football Danmark","description":"Nyheder, Spiltips &amp; Livescore","publisher":{"@id":"https:\/\/acefootball.com\/da\/#organization"},"potentialAction":[{"@type":"SearchAction","target":{"@type":"EntryPoint","urlTemplate":"https:\/\/acefootball.com\/da\/?s={search_term_string}"},"query-input":"required name=search_term_string"}],"inLanguage":"en-US"},{"@type":"ImageObject","@id":"https:\/\/acefootball.com\/da\/fodboldnyheder\/aab-traener-bekraefter-lucas-andersen-klar-til-kamp\/#primaryimage","inLanguage":"en-US","url":"https:\/\/acefootball.com\/da\/wp-content\/uploads\/sites\/2\/2020\/09\/GettyImages-1222991428.jpg","contentUrl":"https:\/\/acefootball.com\/da\/wp-content\/uploads\/sites\/2\/2020\/09\/GettyImages-1222991428.jpg","width":1024,"height":735,"caption":"AARHUS, DENMARK - JUNE 26: Lucas Andersen of AaB Aalborg controls the ball during the Danish 3F Superliga match between AGF Aarhus and AaB Aalborg at Ceres Park on June 26, 2020 in Aarhus, Denmark. (Photo by Lars Ronbog \/ FrontZoneSport via Getty Images)"},{"@type":"WebPage","@id":"https:\/\/acefootball.com\/da\/fodboldnyheder\/aab-traener-bekraefter-lucas-andersen-klar-til-kamp\/#webpage","url":"https:\/\/acefootball.com\/da\/fodboldnyheder\/aab-traener-bekraefter-lucas-andersen-klar-til-kamp\/","name":"AaB-tr\u00e6ner bekr\u00e6fter: Lucas Andersen klar til kamp","isPartOf":{"@id":"https:\/\/acefootball.com\/da\/#website"},"primaryImageOfPage":{"@id":"https:\/\/acefootball.com\/da\/fodboldnyheder\/aab-traener-bekraefter-lucas-andersen-klar-til-kamp\/#primaryimage"},"datePublished":"2020-09-21T09:11:21+00:00","dateModified":"2020-09-21T09:11:21+00:00","description":"Lucas Andersen har v\u00e6ret skaden siden pokalfinalen d. 1. juli, men ser ud til at f\u00e5 comeback mod Horsens mandag aften","breadcrumb":{"@id":"https:\/\/acefootball.com\/da\/fodboldnyheder\/aab-traener-bekraefter-lucas-andersen-klar-til-kamp\/#breadcrumb"},"inLanguage":"en-US","potentialAction":[{"@type":"ReadAction","target":["https:\/\/acefootball.com\/da\/fodboldnyheder\/aab-traener-bekraefter-lucas-andersen-klar-til-kamp\/"]}]},{"@type":"BreadcrumbList","@id":"https:\/\/acefootball.com\/da\/fodboldnyheder\/aab-traener-bekraefter-lucas-andersen-klar-til-kamp\/#breadcrumb","itemListElement":[{"@type":"ListItem","position":1,"name":"Home","item":"https:\/\/acefootball.com\/da\/"},{"@type":"ListItem","position":2,"name":"AaB-tr\u00e6ner bekr\u00e6fter: Lucas Andersen klar til kamp"}]},{"@type":"Article","@id":"https:\/\/acefootball.com\/da\/fodboldnyheder\/aab-traener-bekraefter-lucas-andersen-klar-til-kamp\/#article","isPartOf":{"@id":"https:\/\/acefootball.com\/da\/fodboldnyheder\/aab-traener-bekraefter-lucas-andersen-klar-til-kamp\/#webpage"},"author":{"@id":"https:\/\/acefootball.com\/da\/#\/schema\/person\/f7d6e307f87618894c0832ad0767e1a0"},"headline":"AaB-tr\u00e6ner bekr\u00e6fter: Lucas Andersen klar til kamp","datePublished":"2020-09-21T09:11:21+00:00","dateModified":"2020-09-21T09:11:21+00:00","mainEntityOfPage":{"@id":"https:\/\/acefootball.com\/da\/fodboldnyheder\/aab-traener-bekraefter-lucas-andersen-klar-til-kamp\/#webpage"},"wordCount":192,"commentCount":0,"publisher":{"@id":"https:\/\/acefootball.com\/da\/#organization"},"image":{"@id":"https:\/\/acefootball.com\/da\/fodboldnyheder\/aab-traener-bekraefter-lucas-andersen-klar-til-kamp\/#primaryimage"},"thumbnailUrl":"https:\/\/acefootball.com\/da\/wp-content\/uploads\/sites\/2\/2020\/09\/GettyImages-1222991428.jpg","keywords":["AaB","Lucas Andersen","Superligaen"],"articleSection":["Nyhed"],"inLanguage":"en-US","potentialAction":[{"@type":"CommentAction","name":"Comment","target":["https:\/\/acefootball.com\/da\/fodboldnyheder\/aab-traener-bekraefter-lucas-andersen-klar-til-kamp\/#respond"]}]},{"@type":"Person","@id":"https:\/\/acefootball.com\/da\/#\/schema\/person\/f7d6e307f87618894c0832ad0767e1a0","name":"Asbj\u00f8rn Sigsgaard","image":{"@type":"ImageObject","@id":"https:\/\/acefootball.com\/da\/#personlogo","inLanguage":"en-US","url":"https:\/\/secure.gravatar.com\/avatar\/5c43db7fd929f602b60651d468fca886?s=96&d=mm&r=g","contentUrl":"https:\/\/secure.gravatar.com\/avatar\/5c43db7fd929f602b60651d468fca886?s=96&d=mm&r=g","caption":"Asbj\u00f8rn Sigsgaard"},"url":"https:\/\/acefootball.com\/da\/fodboldnyheder\/author\/asbjornsigsgaard\/"}]}},"fimg_url":"https:\/\/acefootball.com\/da\/wp-content\/uploads\/sites\/2\/2020\/09\/GettyImages-1222991428.jpg","_links":{"self":[{"href":"https:\/\/acefootball.com\/da\/wp-json\/wp\/v2\/posts\/237949"}],"collection":[{"href":"https:\/\/acefootball.com\/da\/wp-json\/wp\/v2\/posts"}],"about":[{"href":"https:\/\/acefootball.com\/da\/wp-json\/wp\/v2\/types\/post"}],"author":[{"embeddable":true,"href":"https:\/\/acefootball.com\/da\/wp-json\/wp\/v2\/users\/61"}],"replies":[{"embeddable":true,"href":"https:\/\/acefootball.com\/da\/wp-json\/wp\/v2\/comments?post=237949"}],"version-history":[{"count":0,"href":"https:\/\/acefootball.com\/da\/wp-json\/wp\/v2\/posts\/237949\/revisions"}],"wp:featuredmedia":[{"embeddable":true,"href":"https:\/\/acefootball.com\/da\/wp-json\/wp\/v2\/media\/237951"}],"wp:attachment":[{"href":"https:\/\/acefootball.com\/da\/wp-json\/wp\/v2\/media?parent=237949"}],"wp:term":[{"taxonomy":"category","embeddable":true,"href":"https:\/\/acefootball.com\/da\/wp-json\/wp\/v2\/categories?post=237949"},{"taxonomy":"post_tag","embeddable":true,"href":"https:\/\/acefootball.com\/da\/wp-json\/wp\/v2\/tags?post=237949"}],"curies":[{"name":"wp","href":"https:\/\/api.w.org\/{rel}","templated":true}]}}