{"id":237866,"date":"2020-09-20T14:29:16","date_gmt":"2020-09-20T12:29:16","guid":{"rendered":"https:\/\/acefootball.com\/da\/?p=237866"},"modified":"2020-09-20T14:29:16","modified_gmt":"2020-09-20T12:29:16","slug":"fabrizio-romano-wolves-et-skridt-fra-barcelona-profil","status":"publish","type":"post","link":"https:\/\/acefootball.com\/da\/fodboldnyheder\/fabrizio-romano-wolves-et-skridt-fra-barcelona-profil\/","title":{"rendered":"Fabrizio Romano: Wolves &#8216;et skridt&#8217; fra Barcelona-profil"},"content":{"rendered":"\n<h2>Nelson Semedo er t\u00e6t p\u00e5 at skifte FC Barcelona ud med Wolves. Ogs\u00e5 Arturo Vidal er nu klar til at forlade catalanerne<\/h2>\n\n\n\n<p>De er sv\u00e6rt glade for portugisere i Wolves, og derfor b\u00f8r det m\u00e5ske ikke komme som den store overraskelse, at de er interesserede i Nelson Semedo. Men at Premier League-klubben kun er f\u00e5 detaljer fra at have k\u00f8bt Barcelona-backen er alligevel uventet. <\/p>\n\n\n\n<p>Det kan den normalt yderst trov\u00e6rdige transferekspert Fabrizio Romano dog fort\u00e6lle s\u00f8ndag. Han beretter, at Barcelona og Wolves er enige om transfersummen, og at der kun mangler Semedos personlige kontrakt med den engelske klub.<\/p>\n\n\n\n<p>Samtidig erkl\u00e6rer han, at Arturo Vidals skifte til Inter nu endeligt er helt p\u00e5 plads, og at begge handler kan blive gennemf\u00f8rt inden for de n\u00e6ste par timer. Dermed skiller Barcelona sig af med to af de spillere, der var s\u00e6rligt udsk\u00e6ldte efter sidste s\u00e6sons ydmygende Champions League-exit.<\/p>\n\n\n\n<figure class=\"wp-block-embed-twitter wp-block-embed is-type-rich is-provider-twitter\"><div class=\"wp-block-embed__wrapper\">\n<blockquote class=\"twitter-tweet\" data-width=\"550\" data-dnt=\"true\"><p lang=\"en\" dir=\"ltr\">Wolves are \u2018one step away\u2019 from signing Nelson Semedo. New bid submitted yesterday and Barcelona are now ready to accept. Work in progress also on personal terms to be agreed.<br>On next hours Bar\u00e7a are gonna sell Semedo to <a href=\"https:\/\/twitter.com\/hashtag\/Wolves?src=hash&amp;ref_src=twsrc%5Etfw\">#Wolves<\/a> and Vidal to <a href=\"https:\/\/twitter.com\/hashtag\/Inter?src=hash&amp;ref_src=twsrc%5Etfw\">#Inter<\/a>. Here we go soon! \ud83d\udc3a <a href=\"https:\/\/twitter.com\/hashtag\/FCB?src=hash&amp;ref_src=twsrc%5Etfw\">#FCB<\/a><\/p>&mdash; Fabrizio Romano (@FabrizioRomano) <a href=\"https:\/\/twitter.com\/FabrizioRomano\/status\/1307643297876324352?ref_src=twsrc%5Etfw\">September 20, 2020<\/a><\/blockquote><script async src=\"https:\/\/platform.twitter.com\/widgets.js\" charset=\"utf-8\"><\/script>\n<\/div><\/figure>\n","protected":false},"excerpt":{"rendered":"<p>Nelson Semedo er t\u00e6t p\u00e5 at skifte FC Barcelona ud med Wolves. Ogs\u00e5 Arturo Vidal er nu klar til at forlade catalanerne<\/p>\n","protected":false},"author":61,"featured_media":237868,"comment_status":"open","ping_status":"closed","sticky":false,"template":"","format":"standard","meta":{"om_disable_all_campaigns":false,"push_articles_ronaldo":{"active":false,"canonical":0,"publish":false},"force_updates":null},"categories":[7],"tags":[983,41,303,37,134,823],"enet_tags":{"undefined":["49939"],"team":["8634","8602"],"league":["87","47"],"player":["470834"],"sport_events":[]},"yoast_head":"<!-- This site is optimized with the Yoast SEO plugin v18.3 - https:\/\/yoast.com\/wordpress\/plugins\/seo\/ -->\n<title>Fabrizio Romano: Wolves &#039;et skridt&#039; fra Barcelona-profil<\/title>\n<meta name=\"description\" content=\"Nelson Semedo er t\u00e6t p\u00e5 at skifte FC Barcelona ud med Wolves. Ogs\u00e5 Arturo Vidal er nu klar til at forlade catalanerne\" \/>\n<meta name=\"robots\" content=\"index, follow, max-snippet:-1, max-image-preview:large, max-video-preview:-1\" \/>\n<link rel=\"canonical\" href=\"https:\/\/acefootball.com\/da\/fodboldnyheder\/fabrizio-romano-wolves-et-skridt-fra-barcelona-profil\/\" \/>\n<meta property=\"og:locale\" content=\"en_US\" \/>\n<meta property=\"og:type\" content=\"article\" \/>\n<meta property=\"og:title\" content=\"Fabrizio Romano: Wolves &#039;et skridt&#039; fra Barcelona-profil\" \/>\n<meta property=\"og:description\" content=\"Nelson Semedo er t\u00e6t p\u00e5 at skifte FC Barcelona ud med Wolves. Ogs\u00e5 Arturo Vidal er nu klar til at forlade catalanerne\" \/>\n<meta property=\"og:url\" content=\"https:\/\/acefootball.com\/da\/fodboldnyheder\/fabrizio-romano-wolves-et-skridt-fra-barcelona-profil\/\" \/>\n<meta property=\"og:site_name\" content=\"Ace Football Danmark\" \/>\n<meta property=\"article:publisher\" content=\"https:\/\/www.facebook.com\/acefootballdk\" \/>\n<meta property=\"article:published_time\" content=\"2020-09-20T12:29:16+00:00\" \/>\n<meta property=\"og:image\" content=\"https:\/\/acefootball.com\/da\/wp-content\/uploads\/sites\/2\/2020\/09\/GettyImages-1257053972.jpg\" \/>\n\t<meta property=\"og:image:width\" content=\"1024\" \/>\n\t<meta property=\"og:image:height\" content=\"682\" \/>\n\t<meta property=\"og:image:type\" content=\"image\/jpeg\" \/>\n<meta name=\"twitter:card\" content=\"summary_large_image\" \/>\n<meta name=\"twitter:label1\" content=\"Written by\" \/>\n\t<meta name=\"twitter:data1\" content=\"Asbj\u00f8rn Sigsgaard\" \/>\n\t<meta name=\"twitter:label2\" content=\"Est. reading time\" \/>\n\t<meta name=\"twitter:data2\" content=\"1 minute\" \/>\n<script type=\"application\/ld+json\" class=\"yoast-schema-graph\">{\"@context\":\"https:\/\/schema.org\",\"@graph\":[{\"@type\":\"Organization\",\"@id\":\"https:\/\/acefootball.com\/da\/#organization\",\"name\":\"Ace Football\",\"url\":\"https:\/\/acefootball.com\/da\/\",\"sameAs\":[\"https:\/\/www.facebook.com\/acefootballdk\"],\"logo\":{\"@type\":\"ImageObject\",\"@id\":\"https:\/\/acefootball.com\/da\/#logo\",\"inLanguage\":\"en-US\",\"url\":\"https:\/\/acefootball.com\/da\/wp-content\/uploads\/sites\/2\/2020\/07\/Ace-Football-30-07-2020-2.png\",\"contentUrl\":\"https:\/\/acefootball.com\/da\/wp-content\/uploads\/sites\/2\/2020\/07\/Ace-Football-30-07-2020-2.png\",\"width\":1200,\"height\":600,\"caption\":\"Ace Football\"},\"image\":{\"@id\":\"https:\/\/acefootball.com\/da\/#logo\"}},{\"@type\":\"WebSite\",\"@id\":\"https:\/\/acefootball.com\/da\/#website\",\"url\":\"https:\/\/acefootball.com\/da\/\",\"name\":\"Ace Football Danmark\",\"description\":\"Nyheder, Spiltips &amp; Livescore\",\"publisher\":{\"@id\":\"https:\/\/acefootball.com\/da\/#organization\"},\"potentialAction\":[{\"@type\":\"SearchAction\",\"target\":{\"@type\":\"EntryPoint\",\"urlTemplate\":\"https:\/\/acefootball.com\/da\/?s={search_term_string}\"},\"query-input\":\"required name=search_term_string\"}],\"inLanguage\":\"en-US\"},{\"@type\":\"ImageObject\",\"@id\":\"https:\/\/acefootball.com\/da\/fodboldnyheder\/fabrizio-romano-wolves-et-skridt-fra-barcelona-profil\/#primaryimage\",\"inLanguage\":\"en-US\",\"url\":\"https:\/\/acefootball.com\/da\/wp-content\/uploads\/sites\/2\/2020\/09\/GettyImages-1257053972.jpg\",\"contentUrl\":\"https:\/\/acefootball.com\/da\/wp-content\/uploads\/sites\/2\/2020\/09\/GettyImages-1257053972.jpg\",\"width\":1024,\"height\":682,\"caption\":\"VITORIA-GASTEIZ, SPAIN - JULY 19: Nelson Semedo (L) of FC Barcelona celebrates with his teammates Luis Suarez and Lionel Messi after scoring his sides fourth goal during the Liga match between Deportivo Alaves and FC Barcelona at Estadio de Mendizorroza on July 19, 2020 in Vitoria-Gasteiz, Spain. Football Stadiums around Europe remain empty due to the Coronavirus Pandemic as Government social distancing laws prohibit fans inside venues resulting in all fixtures being played behind closed doors. (Photo by Juan Manuel Serrano Arce\/Getty Images)\"},{\"@type\":\"WebPage\",\"@id\":\"https:\/\/acefootball.com\/da\/fodboldnyheder\/fabrizio-romano-wolves-et-skridt-fra-barcelona-profil\/#webpage\",\"url\":\"https:\/\/acefootball.com\/da\/fodboldnyheder\/fabrizio-romano-wolves-et-skridt-fra-barcelona-profil\/\",\"name\":\"Fabrizio Romano: Wolves 'et skridt' fra Barcelona-profil\",\"isPartOf\":{\"@id\":\"https:\/\/acefootball.com\/da\/#website\"},\"primaryImageOfPage\":{\"@id\":\"https:\/\/acefootball.com\/da\/fodboldnyheder\/fabrizio-romano-wolves-et-skridt-fra-barcelona-profil\/#primaryimage\"},\"datePublished\":\"2020-09-20T12:29:16+00:00\",\"dateModified\":\"2020-09-20T12:29:16+00:00\",\"description\":\"Nelson Semedo er t\u00e6t p\u00e5 at skifte FC Barcelona ud med Wolves. Ogs\u00e5 Arturo Vidal er nu klar til at forlade catalanerne\",\"breadcrumb\":{\"@id\":\"https:\/\/acefootball.com\/da\/fodboldnyheder\/fabrizio-romano-wolves-et-skridt-fra-barcelona-profil\/#breadcrumb\"},\"inLanguage\":\"en-US\",\"potentialAction\":[{\"@type\":\"ReadAction\",\"target\":[\"https:\/\/acefootball.com\/da\/fodboldnyheder\/fabrizio-romano-wolves-et-skridt-fra-barcelona-profil\/\"]}]},{\"@type\":\"BreadcrumbList\",\"@id\":\"https:\/\/acefootball.com\/da\/fodboldnyheder\/fabrizio-romano-wolves-et-skridt-fra-barcelona-profil\/#breadcrumb\",\"itemListElement\":[{\"@type\":\"ListItem\",\"position\":1,\"name\":\"Home\",\"item\":\"https:\/\/acefootball.com\/da\/\"},{\"@type\":\"ListItem\",\"position\":2,\"name\":\"Fabrizio Romano: Wolves &#8216;et skridt&#8217; fra Barcelona-profil\"}]},{\"@type\":\"Article\",\"@id\":\"https:\/\/acefootball.com\/da\/fodboldnyheder\/fabrizio-romano-wolves-et-skridt-fra-barcelona-profil\/#article\",\"isPartOf\":{\"@id\":\"https:\/\/acefootball.com\/da\/fodboldnyheder\/fabrizio-romano-wolves-et-skridt-fra-barcelona-profil\/#webpage\"},\"author\":{\"@id\":\"https:\/\/acefootball.com\/da\/#\/schema\/person\/f7d6e307f87618894c0832ad0767e1a0\"},\"headline\":\"Fabrizio Romano: Wolves &#8216;et skridt&#8217; fra Barcelona-profil\",\"datePublished\":\"2020-09-20T12:29:16+00:00\",\"dateModified\":\"2020-09-20T12:29:16+00:00\",\"mainEntityOfPage\":{\"@id\":\"https:\/\/acefootball.com\/da\/fodboldnyheder\/fabrizio-romano-wolves-et-skridt-fra-barcelona-profil\/#webpage\"},\"wordCount\":172,\"commentCount\":0,\"publisher\":{\"@id\":\"https:\/\/acefootball.com\/da\/#organization\"},\"image\":{\"@id\":\"https:\/\/acefootball.com\/da\/fodboldnyheder\/fabrizio-romano-wolves-et-skridt-fra-barcelona-profil\/#primaryimage\"},\"thumbnailUrl\":\"https:\/\/acefootball.com\/da\/wp-content\/uploads\/sites\/2\/2020\/09\/GettyImages-1257053972.jpg\",\"keywords\":[\"Arturo Vidal\",\"FC Barcelona\",\"La Liga\",\"Nelson Semedo\",\"Premier League\",\"Wolverhampton\"],\"articleSection\":[\"Transfer\"],\"inLanguage\":\"en-US\",\"potentialAction\":[{\"@type\":\"CommentAction\",\"name\":\"Comment\",\"target\":[\"https:\/\/acefootball.com\/da\/fodboldnyheder\/fabrizio-romano-wolves-et-skridt-fra-barcelona-profil\/#respond\"]}]},{\"@type\":\"Person\",\"@id\":\"https:\/\/acefootball.com\/da\/#\/schema\/person\/f7d6e307f87618894c0832ad0767e1a0\",\"name\":\"Asbj\u00f8rn Sigsgaard\",\"image\":{\"@type\":\"ImageObject\",\"@id\":\"https:\/\/acefootball.com\/da\/#personlogo\",\"inLanguage\":\"en-US\",\"url\":\"https:\/\/secure.gravatar.com\/avatar\/5c43db7fd929f602b60651d468fca886?s=96&d=mm&r=g\",\"contentUrl\":\"https:\/\/secure.gravatar.com\/avatar\/5c43db7fd929f602b60651d468fca886?s=96&d=mm&r=g\",\"caption\":\"Asbj\u00f8rn Sigsgaard\"},\"url\":\"https:\/\/acefootball.com\/da\/fodboldnyheder\/author\/asbjornsigsgaard\/\"}]}<\/script>\n<!-- \/ Yoast SEO plugin. -->","yoast_head_json":{"title":"Fabrizio Romano: Wolves 'et skridt' fra Barcelona-profil","description":"Nelson Semedo er t\u00e6t p\u00e5 at skifte FC Barcelona ud med Wolves. Ogs\u00e5 Arturo Vidal er nu klar til at forlade catalanerne","robots":{"index":"index","follow":"follow","max-snippet":"max-snippet:-1","max-image-preview":"max-image-preview:large","max-video-preview":"max-video-preview:-1"},"canonical":"https:\/\/acefootball.com\/da\/fodboldnyheder\/fabrizio-romano-wolves-et-skridt-fra-barcelona-profil\/","og_locale":"en_US","og_type":"article","og_title":"Fabrizio Romano: Wolves 'et skridt' fra Barcelona-profil","og_description":"Nelson Semedo er t\u00e6t p\u00e5 at skifte FC Barcelona ud med Wolves. Ogs\u00e5 Arturo Vidal er nu klar til at forlade catalanerne","og_url":"https:\/\/acefootball.com\/da\/fodboldnyheder\/fabrizio-romano-wolves-et-skridt-fra-barcelona-profil\/","og_site_name":"Ace Football Danmark","article_publisher":"https:\/\/www.facebook.com\/acefootballdk","article_published_time":"2020-09-20T12:29:16+00:00","og_image":[{"width":1024,"height":682,"url":"https:\/\/acefootball.com\/da\/wp-content\/uploads\/sites\/2\/2020\/09\/GettyImages-1257053972.jpg","type":"image\/jpeg"}],"twitter_card":"summary_large_image","twitter_misc":{"Written by":"Asbj\u00f8rn Sigsgaard","Est. reading time":"1 minute"},"schema":{"@context":"https:\/\/schema.org","@graph":[{"@type":"Organization","@id":"https:\/\/acefootball.com\/da\/#organization","name":"Ace Football","url":"https:\/\/acefootball.com\/da\/","sameAs":["https:\/\/www.facebook.com\/acefootballdk"],"logo":{"@type":"ImageObject","@id":"https:\/\/acefootball.com\/da\/#logo","inLanguage":"en-US","url":"https:\/\/acefootball.com\/da\/wp-content\/uploads\/sites\/2\/2020\/07\/Ace-Football-30-07-2020-2.png","contentUrl":"https:\/\/acefootball.com\/da\/wp-content\/uploads\/sites\/2\/2020\/07\/Ace-Football-30-07-2020-2.png","width":1200,"height":600,"caption":"Ace Football"},"image":{"@id":"https:\/\/acefootball.com\/da\/#logo"}},{"@type":"WebSite","@id":"https:\/\/acefootball.com\/da\/#website","url":"https:\/\/acefootball.com\/da\/","name":"Ace Football Danmark","description":"Nyheder, Spiltips &amp; Livescore","publisher":{"@id":"https:\/\/acefootball.com\/da\/#organization"},"potentialAction":[{"@type":"SearchAction","target":{"@type":"EntryPoint","urlTemplate":"https:\/\/acefootball.com\/da\/?s={search_term_string}"},"query-input":"required name=search_term_string"}],"inLanguage":"en-US"},{"@type":"ImageObject","@id":"https:\/\/acefootball.com\/da\/fodboldnyheder\/fabrizio-romano-wolves-et-skridt-fra-barcelona-profil\/#primaryimage","inLanguage":"en-US","url":"https:\/\/acefootball.com\/da\/wp-content\/uploads\/sites\/2\/2020\/09\/GettyImages-1257053972.jpg","contentUrl":"https:\/\/acefootball.com\/da\/wp-content\/uploads\/sites\/2\/2020\/09\/GettyImages-1257053972.jpg","width":1024,"height":682,"caption":"VITORIA-GASTEIZ, SPAIN - JULY 19: Nelson Semedo (L) of FC Barcelona celebrates with his teammates Luis Suarez and Lionel Messi after scoring his sides fourth goal during the Liga match between Deportivo Alaves and FC Barcelona at Estadio de Mendizorroza on July 19, 2020 in Vitoria-Gasteiz, Spain. Football Stadiums around Europe remain empty due to the Coronavirus Pandemic as Government social distancing laws prohibit fans inside venues resulting in all fixtures being played behind closed doors. (Photo by Juan Manuel Serrano Arce\/Getty Images)"},{"@type":"WebPage","@id":"https:\/\/acefootball.com\/da\/fodboldnyheder\/fabrizio-romano-wolves-et-skridt-fra-barcelona-profil\/#webpage","url":"https:\/\/acefootball.com\/da\/fodboldnyheder\/fabrizio-romano-wolves-et-skridt-fra-barcelona-profil\/","name":"Fabrizio Romano: Wolves 'et skridt' fra Barcelona-profil","isPartOf":{"@id":"https:\/\/acefootball.com\/da\/#website"},"primaryImageOfPage":{"@id":"https:\/\/acefootball.com\/da\/fodboldnyheder\/fabrizio-romano-wolves-et-skridt-fra-barcelona-profil\/#primaryimage"},"datePublished":"2020-09-20T12:29:16+00:00","dateModified":"2020-09-20T12:29:16+00:00","description":"Nelson Semedo er t\u00e6t p\u00e5 at skifte FC Barcelona ud med Wolves. Ogs\u00e5 Arturo Vidal er nu klar til at forlade catalanerne","breadcrumb":{"@id":"https:\/\/acefootball.com\/da\/fodboldnyheder\/fabrizio-romano-wolves-et-skridt-fra-barcelona-profil\/#breadcrumb"},"inLanguage":"en-US","potentialAction":[{"@type":"ReadAction","target":["https:\/\/acefootball.com\/da\/fodboldnyheder\/fabrizio-romano-wolves-et-skridt-fra-barcelona-profil\/"]}]},{"@type":"BreadcrumbList","@id":"https:\/\/acefootball.com\/da\/fodboldnyheder\/fabrizio-romano-wolves-et-skridt-fra-barcelona-profil\/#breadcrumb","itemListElement":[{"@type":"ListItem","position":1,"name":"Home","item":"https:\/\/acefootball.com\/da\/"},{"@type":"ListItem","position":2,"name":"Fabrizio Romano: Wolves &#8216;et skridt&#8217; fra Barcelona-profil"}]},{"@type":"Article","@id":"https:\/\/acefootball.com\/da\/fodboldnyheder\/fabrizio-romano-wolves-et-skridt-fra-barcelona-profil\/#article","isPartOf":{"@id":"https:\/\/acefootball.com\/da\/fodboldnyheder\/fabrizio-romano-wolves-et-skridt-fra-barcelona-profil\/#webpage"},"author":{"@id":"https:\/\/acefootball.com\/da\/#\/schema\/person\/f7d6e307f87618894c0832ad0767e1a0"},"headline":"Fabrizio Romano: Wolves &#8216;et skridt&#8217; fra Barcelona-profil","datePublished":"2020-09-20T12:29:16+00:00","dateModified":"2020-09-20T12:29:16+00:00","mainEntityOfPage":{"@id":"https:\/\/acefootball.com\/da\/fodboldnyheder\/fabrizio-romano-wolves-et-skridt-fra-barcelona-profil\/#webpage"},"wordCount":172,"commentCount":0,"publisher":{"@id":"https:\/\/acefootball.com\/da\/#organization"},"image":{"@id":"https:\/\/acefootball.com\/da\/fodboldnyheder\/fabrizio-romano-wolves-et-skridt-fra-barcelona-profil\/#primaryimage"},"thumbnailUrl":"https:\/\/acefootball.com\/da\/wp-content\/uploads\/sites\/2\/2020\/09\/GettyImages-1257053972.jpg","keywords":["Arturo Vidal","FC Barcelona","La Liga","Nelson Semedo","Premier League","Wolverhampton"],"articleSection":["Transfer"],"inLanguage":"en-US","potentialAction":[{"@type":"CommentAction","name":"Comment","target":["https:\/\/acefootball.com\/da\/fodboldnyheder\/fabrizio-romano-wolves-et-skridt-fra-barcelona-profil\/#respond"]}]},{"@type":"Person","@id":"https:\/\/acefootball.com\/da\/#\/schema\/person\/f7d6e307f87618894c0832ad0767e1a0","name":"Asbj\u00f8rn Sigsgaard","image":{"@type":"ImageObject","@id":"https:\/\/acefootball.com\/da\/#personlogo","inLanguage":"en-US","url":"https:\/\/secure.gravatar.com\/avatar\/5c43db7fd929f602b60651d468fca886?s=96&d=mm&r=g","contentUrl":"https:\/\/secure.gravatar.com\/avatar\/5c43db7fd929f602b60651d468fca886?s=96&d=mm&r=g","caption":"Asbj\u00f8rn Sigsgaard"},"url":"https:\/\/acefootball.com\/da\/fodboldnyheder\/author\/asbjornsigsgaard\/"}]}},"fimg_url":"https:\/\/acefootball.com\/da\/wp-content\/uploads\/sites\/2\/2020\/09\/GettyImages-1257053972.jpg","_links":{"self":[{"href":"https:\/\/acefootball.com\/da\/wp-json\/wp\/v2\/posts\/237866"}],"collection":[{"href":"https:\/\/acefootball.com\/da\/wp-json\/wp\/v2\/posts"}],"about":[{"href":"https:\/\/acefootball.com\/da\/wp-json\/wp\/v2\/types\/post"}],"author":[{"embeddable":true,"href":"https:\/\/acefootball.com\/da\/wp-json\/wp\/v2\/users\/61"}],"replies":[{"embeddable":true,"href":"https:\/\/acefootball.com\/da\/wp-json\/wp\/v2\/comments?post=237866"}],"version-history":[{"count":0,"href":"https:\/\/acefootball.com\/da\/wp-json\/wp\/v2\/posts\/237866\/revisions"}],"wp:featuredmedia":[{"embeddable":true,"href":"https:\/\/acefootball.com\/da\/wp-json\/wp\/v2\/media\/237868"}],"wp:attachment":[{"href":"https:\/\/acefootball.com\/da\/wp-json\/wp\/v2\/media?parent=237866"}],"wp:term":[{"taxonomy":"category","embeddable":true,"href":"https:\/\/acefootball.com\/da\/wp-json\/wp\/v2\/categories?post=237866"},{"taxonomy":"post_tag","embeddable":true,"href":"https:\/\/acefootball.com\/da\/wp-json\/wp\/v2\/tags?post=237866"}],"curies":[{"name":"wp","href":"https:\/\/api.w.org\/{rel}","templated":true}]}}