{"id":237840,"date":"2020-09-20T10:31:04","date_gmt":"2020-09-20T08:31:04","guid":{"rendered":"https:\/\/acefootball.com\/da\/?p=237840"},"modified":"2020-09-20T10:31:04","modified_gmt":"2020-09-20T08:31:04","slug":"officielt-leicester-lejer-kantspiller-i-roma","status":"publish","type":"post","link":"https:\/\/acefootball.com\/da\/fodboldnyheder\/officielt-leicester-lejer-kantspiller-i-roma\/","title":{"rendered":"Officielt: Leicester lejer kantspiller i Roma"},"content":{"rendered":"\n<h2>23-\u00e5rige Cengiz \u00dcnder skal spille n\u00e6ste s\u00e6son i Leicester. The Foxes har lejet ham med k\u00f8bsoption i Roma<\/h2>\n\n\n\n<p>Tyrkiske Cengiz \u00dcnder skifter Serie A ud med Premier League. Det st\u00e5r klart s\u00f8ndag, hvor Leicester City har offentliggjort, at kantspilleren skal spille denne s\u00e6son p\u00e5 King Power Stadium.<\/p>\n\n\n\n<p>\u00dcnder, der skiftede til Roma tilbage i 2017, kommer til Leicester p\u00e5 en lejeaftale, der efter sigende koster engl\u00e6nderne 22 millioner kroner. Derudover har de ogs\u00e5 en k\u00f8bsoption n\u00e6ste sommer p\u00e5 178 millioner kroner. <\/p>\n\n\n\n<div class=\"wp-block-si-widget wp-block-si-widget--center\"><si-lb-widget widget-id=\"PlayerCareerSeasonsStats\" width=\"440\" data-player-id=\"603477\"><\/si-lb-widget><\/div>\n\n\n\n<p>Wingeren har spillet 21 landskampe for Tyrkiet og startede godt i Roma efter skiftet fra den hjemlige S\u00fcper Lig. Men \u00dcnder har i de seneste s\u00e6soner i stigende grad mistet sin hovedrolle i den italienske storklub og sidste \u00e5r blev det kun til 18 Serie A-kampe og tre scoringer.<\/p>\n\n\n\n<p>Leicester m\u00f8der s\u00f8ndag aften Burnley i Premier League, men det er selvsagt uden Cengiz \u00dcnder. Der er kampstart kl. 20.<\/p>\n\n\n\n<figure class=\"wp-block-embed-twitter wp-block-embed is-type-rich is-provider-twitter\"><div class=\"wp-block-embed__wrapper\">\n<blockquote class=\"twitter-tweet\" data-width=\"550\" data-dnt=\"true\"><p lang=\"und\" dir=\"ltr\">\ud83d\udd35 <a href=\"https:\/\/twitter.com\/hashtag\/%C3%9CnderTaken?src=hash&amp;ref_src=twsrc%5Etfw\">#\u00dcnderTaken<\/a> \ud83d\udd35 <a href=\"https:\/\/t.co\/gznqopgpBT\">pic.twitter.com\/gznqopgpBT<\/a><\/p>&mdash; Leicester City (@LCFC) <a href=\"https:\/\/twitter.com\/LCFC\/status\/1307590320109039617?ref_src=twsrc%5Etfw\">September 20, 2020<\/a><\/blockquote><script async src=\"https:\/\/platform.twitter.com\/widgets.js\" charset=\"utf-8\"><\/script>\n<\/div><\/figure>\n","protected":false},"excerpt":{"rendered":"<p>23-\u00e5rige Cengiz \u00dcnder skal spille n\u00e6ste s\u00e6son i Leicester. The Foxes har lejet ham med k\u00f8bsoption i Roma<\/p>\n","protected":false},"author":61,"featured_media":237845,"comment_status":"open","ping_status":"closed","sticky":false,"template":"","format":"standard","meta":{"om_disable_all_campaigns":false,"push_articles_ronaldo":{"active":false,"canonical":0,"publish":false},"force_updates":null},"categories":[7],"tags":[82,2140,580,134,131],"enet_tags":{"team":["8686","8197"],"player":["603477"],"league":["47","55"],"sport_events":[]},"yoast_head":"<!-- This site is optimized with the Yoast SEO plugin v18.3 - https:\/\/yoast.com\/wordpress\/plugins\/seo\/ -->\n<title>Officielt: Leicester lejer kantspiller i Roma<\/title>\n<meta name=\"description\" content=\"23-\u00e5rige Cengiz \u00dcnder skal spille n\u00e6ste s\u00e6son i Leicester. The Foxes har lejet ham med k\u00f8bsoption i Roma\" \/>\n<meta name=\"robots\" content=\"index, follow, max-snippet:-1, max-image-preview:large, max-video-preview:-1\" \/>\n<link rel=\"canonical\" href=\"https:\/\/acefootball.com\/da\/fodboldnyheder\/officielt-leicester-lejer-kantspiller-i-roma\/\" \/>\n<meta property=\"og:locale\" content=\"en_US\" \/>\n<meta property=\"og:type\" content=\"article\" \/>\n<meta property=\"og:title\" content=\"Officielt: Leicester lejer kantspiller i Roma\" \/>\n<meta property=\"og:description\" content=\"23-\u00e5rige Cengiz \u00dcnder skal spille n\u00e6ste s\u00e6son i Leicester. The Foxes har lejet ham med k\u00f8bsoption i Roma\" \/>\n<meta property=\"og:url\" content=\"https:\/\/acefootball.com\/da\/fodboldnyheder\/officielt-leicester-lejer-kantspiller-i-roma\/\" \/>\n<meta property=\"og:site_name\" content=\"Ace Football Danmark\" \/>\n<meta property=\"article:publisher\" content=\"https:\/\/www.facebook.com\/acefootballdk\" \/>\n<meta property=\"article:published_time\" content=\"2020-09-20T08:31:04+00:00\" \/>\n<meta property=\"og:image\" content=\"https:\/\/acefootball.com\/da\/wp-content\/uploads\/sites\/2\/2020\/09\/GettyImages-1202832504.jpg\" \/>\n\t<meta property=\"og:image:width\" content=\"1024\" \/>\n\t<meta property=\"og:image:height\" content=\"683\" \/>\n\t<meta property=\"og:image:type\" content=\"image\/jpeg\" \/>\n<meta name=\"twitter:card\" content=\"summary_large_image\" \/>\n<meta name=\"twitter:label1\" content=\"Written by\" \/>\n\t<meta name=\"twitter:data1\" content=\"Asbj\u00f8rn Sigsgaard\" \/>\n\t<meta name=\"twitter:label2\" content=\"Est. reading time\" \/>\n\t<meta name=\"twitter:data2\" content=\"1 minute\" \/>\n<script type=\"application\/ld+json\" class=\"yoast-schema-graph\">{\"@context\":\"https:\/\/schema.org\",\"@graph\":[{\"@type\":\"Organization\",\"@id\":\"https:\/\/acefootball.com\/da\/#organization\",\"name\":\"Ace Football\",\"url\":\"https:\/\/acefootball.com\/da\/\",\"sameAs\":[\"https:\/\/www.facebook.com\/acefootballdk\"],\"logo\":{\"@type\":\"ImageObject\",\"@id\":\"https:\/\/acefootball.com\/da\/#logo\",\"inLanguage\":\"en-US\",\"url\":\"https:\/\/acefootball.com\/da\/wp-content\/uploads\/sites\/2\/2020\/07\/Ace-Football-30-07-2020-2.png\",\"contentUrl\":\"https:\/\/acefootball.com\/da\/wp-content\/uploads\/sites\/2\/2020\/07\/Ace-Football-30-07-2020-2.png\",\"width\":1200,\"height\":600,\"caption\":\"Ace Football\"},\"image\":{\"@id\":\"https:\/\/acefootball.com\/da\/#logo\"}},{\"@type\":\"WebSite\",\"@id\":\"https:\/\/acefootball.com\/da\/#website\",\"url\":\"https:\/\/acefootball.com\/da\/\",\"name\":\"Ace Football Danmark\",\"description\":\"Nyheder, Spiltips &amp; Livescore\",\"publisher\":{\"@id\":\"https:\/\/acefootball.com\/da\/#organization\"},\"potentialAction\":[{\"@type\":\"SearchAction\",\"target\":{\"@type\":\"EntryPoint\",\"urlTemplate\":\"https:\/\/acefootball.com\/da\/?s={search_term_string}\"},\"query-input\":\"required name=search_term_string\"}],\"inLanguage\":\"en-US\"},{\"@type\":\"ImageObject\",\"@id\":\"https:\/\/acefootball.com\/da\/fodboldnyheder\/officielt-leicester-lejer-kantspiller-i-roma\/#primaryimage\",\"inLanguage\":\"en-US\",\"url\":\"https:\/\/acefootball.com\/da\/wp-content\/uploads\/sites\/2\/2020\/09\/GettyImages-1202832504.jpg\",\"contentUrl\":\"https:\/\/acefootball.com\/da\/wp-content\/uploads\/sites\/2\/2020\/09\/GettyImages-1202832504.jpg\",\"width\":1024,\"height\":683,\"caption\":\"ROME, ITALY - FEBRUARY 23: Cengiz Under of AS Roma scores the opening goal during the Serie A match between AS Roma and US Lecce at Stadio Olimpico on February 23, 2020 in Rome, Italy. (Photo by Paolo Bruno\/Getty Images)\"},{\"@type\":\"WebPage\",\"@id\":\"https:\/\/acefootball.com\/da\/fodboldnyheder\/officielt-leicester-lejer-kantspiller-i-roma\/#webpage\",\"url\":\"https:\/\/acefootball.com\/da\/fodboldnyheder\/officielt-leicester-lejer-kantspiller-i-roma\/\",\"name\":\"Officielt: Leicester lejer kantspiller i Roma\",\"isPartOf\":{\"@id\":\"https:\/\/acefootball.com\/da\/#website\"},\"primaryImageOfPage\":{\"@id\":\"https:\/\/acefootball.com\/da\/fodboldnyheder\/officielt-leicester-lejer-kantspiller-i-roma\/#primaryimage\"},\"datePublished\":\"2020-09-20T08:31:04+00:00\",\"dateModified\":\"2020-09-20T08:31:04+00:00\",\"description\":\"23-\u00e5rige Cengiz \u00dcnder skal spille n\u00e6ste s\u00e6son i Leicester. The Foxes har lejet ham med k\u00f8bsoption i Roma\",\"breadcrumb\":{\"@id\":\"https:\/\/acefootball.com\/da\/fodboldnyheder\/officielt-leicester-lejer-kantspiller-i-roma\/#breadcrumb\"},\"inLanguage\":\"en-US\",\"potentialAction\":[{\"@type\":\"ReadAction\",\"target\":[\"https:\/\/acefootball.com\/da\/fodboldnyheder\/officielt-leicester-lejer-kantspiller-i-roma\/\"]}]},{\"@type\":\"BreadcrumbList\",\"@id\":\"https:\/\/acefootball.com\/da\/fodboldnyheder\/officielt-leicester-lejer-kantspiller-i-roma\/#breadcrumb\",\"itemListElement\":[{\"@type\":\"ListItem\",\"position\":1,\"name\":\"Home\",\"item\":\"https:\/\/acefootball.com\/da\/\"},{\"@type\":\"ListItem\",\"position\":2,\"name\":\"Officielt: Leicester lejer kantspiller i Roma\"}]},{\"@type\":\"Article\",\"@id\":\"https:\/\/acefootball.com\/da\/fodboldnyheder\/officielt-leicester-lejer-kantspiller-i-roma\/#article\",\"isPartOf\":{\"@id\":\"https:\/\/acefootball.com\/da\/fodboldnyheder\/officielt-leicester-lejer-kantspiller-i-roma\/#webpage\"},\"author\":{\"@id\":\"https:\/\/acefootball.com\/da\/#\/schema\/person\/f7d6e307f87618894c0832ad0767e1a0\"},\"headline\":\"Officielt: Leicester lejer kantspiller i Roma\",\"datePublished\":\"2020-09-20T08:31:04+00:00\",\"dateModified\":\"2020-09-20T08:31:04+00:00\",\"mainEntityOfPage\":{\"@id\":\"https:\/\/acefootball.com\/da\/fodboldnyheder\/officielt-leicester-lejer-kantspiller-i-roma\/#webpage\"},\"wordCount\":191,\"commentCount\":0,\"publisher\":{\"@id\":\"https:\/\/acefootball.com\/da\/#organization\"},\"image\":{\"@id\":\"https:\/\/acefootball.com\/da\/fodboldnyheder\/officielt-leicester-lejer-kantspiller-i-roma\/#primaryimage\"},\"thumbnailUrl\":\"https:\/\/acefootball.com\/da\/wp-content\/uploads\/sites\/2\/2020\/09\/GettyImages-1202832504.jpg\",\"keywords\":[\"AS Roma\",\"Cengiz \u00dcnder\",\"Leicester City\",\"Premier League\",\"Serie A\"],\"articleSection\":[\"Transfer\"],\"inLanguage\":\"en-US\",\"potentialAction\":[{\"@type\":\"CommentAction\",\"name\":\"Comment\",\"target\":[\"https:\/\/acefootball.com\/da\/fodboldnyheder\/officielt-leicester-lejer-kantspiller-i-roma\/#respond\"]}]},{\"@type\":\"Person\",\"@id\":\"https:\/\/acefootball.com\/da\/#\/schema\/person\/f7d6e307f87618894c0832ad0767e1a0\",\"name\":\"Asbj\u00f8rn Sigsgaard\",\"image\":{\"@type\":\"ImageObject\",\"@id\":\"https:\/\/acefootball.com\/da\/#personlogo\",\"inLanguage\":\"en-US\",\"url\":\"https:\/\/secure.gravatar.com\/avatar\/5c43db7fd929f602b60651d468fca886?s=96&d=mm&r=g\",\"contentUrl\":\"https:\/\/secure.gravatar.com\/avatar\/5c43db7fd929f602b60651d468fca886?s=96&d=mm&r=g\",\"caption\":\"Asbj\u00f8rn Sigsgaard\"},\"url\":\"https:\/\/acefootball.com\/da\/fodboldnyheder\/author\/asbjornsigsgaard\/\"}]}<\/script>\n<!-- \/ Yoast SEO plugin. -->","yoast_head_json":{"title":"Officielt: Leicester lejer kantspiller i Roma","description":"23-\u00e5rige Cengiz \u00dcnder skal spille n\u00e6ste s\u00e6son i Leicester. The Foxes har lejet ham med k\u00f8bsoption i Roma","robots":{"index":"index","follow":"follow","max-snippet":"max-snippet:-1","max-image-preview":"max-image-preview:large","max-video-preview":"max-video-preview:-1"},"canonical":"https:\/\/acefootball.com\/da\/fodboldnyheder\/officielt-leicester-lejer-kantspiller-i-roma\/","og_locale":"en_US","og_type":"article","og_title":"Officielt: Leicester lejer kantspiller i Roma","og_description":"23-\u00e5rige Cengiz \u00dcnder skal spille n\u00e6ste s\u00e6son i Leicester. The Foxes har lejet ham med k\u00f8bsoption i Roma","og_url":"https:\/\/acefootball.com\/da\/fodboldnyheder\/officielt-leicester-lejer-kantspiller-i-roma\/","og_site_name":"Ace Football Danmark","article_publisher":"https:\/\/www.facebook.com\/acefootballdk","article_published_time":"2020-09-20T08:31:04+00:00","og_image":[{"width":1024,"height":683,"url":"https:\/\/acefootball.com\/da\/wp-content\/uploads\/sites\/2\/2020\/09\/GettyImages-1202832504.jpg","type":"image\/jpeg"}],"twitter_card":"summary_large_image","twitter_misc":{"Written by":"Asbj\u00f8rn Sigsgaard","Est. reading time":"1 minute"},"schema":{"@context":"https:\/\/schema.org","@graph":[{"@type":"Organization","@id":"https:\/\/acefootball.com\/da\/#organization","name":"Ace Football","url":"https:\/\/acefootball.com\/da\/","sameAs":["https:\/\/www.facebook.com\/acefootballdk"],"logo":{"@type":"ImageObject","@id":"https:\/\/acefootball.com\/da\/#logo","inLanguage":"en-US","url":"https:\/\/acefootball.com\/da\/wp-content\/uploads\/sites\/2\/2020\/07\/Ace-Football-30-07-2020-2.png","contentUrl":"https:\/\/acefootball.com\/da\/wp-content\/uploads\/sites\/2\/2020\/07\/Ace-Football-30-07-2020-2.png","width":1200,"height":600,"caption":"Ace Football"},"image":{"@id":"https:\/\/acefootball.com\/da\/#logo"}},{"@type":"WebSite","@id":"https:\/\/acefootball.com\/da\/#website","url":"https:\/\/acefootball.com\/da\/","name":"Ace Football Danmark","description":"Nyheder, Spiltips &amp; Livescore","publisher":{"@id":"https:\/\/acefootball.com\/da\/#organization"},"potentialAction":[{"@type":"SearchAction","target":{"@type":"EntryPoint","urlTemplate":"https:\/\/acefootball.com\/da\/?s={search_term_string}"},"query-input":"required name=search_term_string"}],"inLanguage":"en-US"},{"@type":"ImageObject","@id":"https:\/\/acefootball.com\/da\/fodboldnyheder\/officielt-leicester-lejer-kantspiller-i-roma\/#primaryimage","inLanguage":"en-US","url":"https:\/\/acefootball.com\/da\/wp-content\/uploads\/sites\/2\/2020\/09\/GettyImages-1202832504.jpg","contentUrl":"https:\/\/acefootball.com\/da\/wp-content\/uploads\/sites\/2\/2020\/09\/GettyImages-1202832504.jpg","width":1024,"height":683,"caption":"ROME, ITALY - FEBRUARY 23: Cengiz Under of AS Roma scores the opening goal during the Serie A match between AS Roma and US Lecce at Stadio Olimpico on February 23, 2020 in Rome, Italy. (Photo by Paolo Bruno\/Getty Images)"},{"@type":"WebPage","@id":"https:\/\/acefootball.com\/da\/fodboldnyheder\/officielt-leicester-lejer-kantspiller-i-roma\/#webpage","url":"https:\/\/acefootball.com\/da\/fodboldnyheder\/officielt-leicester-lejer-kantspiller-i-roma\/","name":"Officielt: Leicester lejer kantspiller i Roma","isPartOf":{"@id":"https:\/\/acefootball.com\/da\/#website"},"primaryImageOfPage":{"@id":"https:\/\/acefootball.com\/da\/fodboldnyheder\/officielt-leicester-lejer-kantspiller-i-roma\/#primaryimage"},"datePublished":"2020-09-20T08:31:04+00:00","dateModified":"2020-09-20T08:31:04+00:00","description":"23-\u00e5rige Cengiz \u00dcnder skal spille n\u00e6ste s\u00e6son i Leicester. The Foxes har lejet ham med k\u00f8bsoption i Roma","breadcrumb":{"@id":"https:\/\/acefootball.com\/da\/fodboldnyheder\/officielt-leicester-lejer-kantspiller-i-roma\/#breadcrumb"},"inLanguage":"en-US","potentialAction":[{"@type":"ReadAction","target":["https:\/\/acefootball.com\/da\/fodboldnyheder\/officielt-leicester-lejer-kantspiller-i-roma\/"]}]},{"@type":"BreadcrumbList","@id":"https:\/\/acefootball.com\/da\/fodboldnyheder\/officielt-leicester-lejer-kantspiller-i-roma\/#breadcrumb","itemListElement":[{"@type":"ListItem","position":1,"name":"Home","item":"https:\/\/acefootball.com\/da\/"},{"@type":"ListItem","position":2,"name":"Officielt: Leicester lejer kantspiller i Roma"}]},{"@type":"Article","@id":"https:\/\/acefootball.com\/da\/fodboldnyheder\/officielt-leicester-lejer-kantspiller-i-roma\/#article","isPartOf":{"@id":"https:\/\/acefootball.com\/da\/fodboldnyheder\/officielt-leicester-lejer-kantspiller-i-roma\/#webpage"},"author":{"@id":"https:\/\/acefootball.com\/da\/#\/schema\/person\/f7d6e307f87618894c0832ad0767e1a0"},"headline":"Officielt: Leicester lejer kantspiller i Roma","datePublished":"2020-09-20T08:31:04+00:00","dateModified":"2020-09-20T08:31:04+00:00","mainEntityOfPage":{"@id":"https:\/\/acefootball.com\/da\/fodboldnyheder\/officielt-leicester-lejer-kantspiller-i-roma\/#webpage"},"wordCount":191,"commentCount":0,"publisher":{"@id":"https:\/\/acefootball.com\/da\/#organization"},"image":{"@id":"https:\/\/acefootball.com\/da\/fodboldnyheder\/officielt-leicester-lejer-kantspiller-i-roma\/#primaryimage"},"thumbnailUrl":"https:\/\/acefootball.com\/da\/wp-content\/uploads\/sites\/2\/2020\/09\/GettyImages-1202832504.jpg","keywords":["AS Roma","Cengiz \u00dcnder","Leicester City","Premier League","Serie A"],"articleSection":["Transfer"],"inLanguage":"en-US","potentialAction":[{"@type":"CommentAction","name":"Comment","target":["https:\/\/acefootball.com\/da\/fodboldnyheder\/officielt-leicester-lejer-kantspiller-i-roma\/#respond"]}]},{"@type":"Person","@id":"https:\/\/acefootball.com\/da\/#\/schema\/person\/f7d6e307f87618894c0832ad0767e1a0","name":"Asbj\u00f8rn Sigsgaard","image":{"@type":"ImageObject","@id":"https:\/\/acefootball.com\/da\/#personlogo","inLanguage":"en-US","url":"https:\/\/secure.gravatar.com\/avatar\/5c43db7fd929f602b60651d468fca886?s=96&d=mm&r=g","contentUrl":"https:\/\/secure.gravatar.com\/avatar\/5c43db7fd929f602b60651d468fca886?s=96&d=mm&r=g","caption":"Asbj\u00f8rn Sigsgaard"},"url":"https:\/\/acefootball.com\/da\/fodboldnyheder\/author\/asbjornsigsgaard\/"}]}},"fimg_url":"https:\/\/acefootball.com\/da\/wp-content\/uploads\/sites\/2\/2020\/09\/GettyImages-1202832504.jpg","_links":{"self":[{"href":"https:\/\/acefootball.com\/da\/wp-json\/wp\/v2\/posts\/237840"}],"collection":[{"href":"https:\/\/acefootball.com\/da\/wp-json\/wp\/v2\/posts"}],"about":[{"href":"https:\/\/acefootball.com\/da\/wp-json\/wp\/v2\/types\/post"}],"author":[{"embeddable":true,"href":"https:\/\/acefootball.com\/da\/wp-json\/wp\/v2\/users\/61"}],"replies":[{"embeddable":true,"href":"https:\/\/acefootball.com\/da\/wp-json\/wp\/v2\/comments?post=237840"}],"version-history":[{"count":0,"href":"https:\/\/acefootball.com\/da\/wp-json\/wp\/v2\/posts\/237840\/revisions"}],"wp:featuredmedia":[{"embeddable":true,"href":"https:\/\/acefootball.com\/da\/wp-json\/wp\/v2\/media\/237845"}],"wp:attachment":[{"href":"https:\/\/acefootball.com\/da\/wp-json\/wp\/v2\/media?parent=237840"}],"wp:term":[{"taxonomy":"category","embeddable":true,"href":"https:\/\/acefootball.com\/da\/wp-json\/wp\/v2\/categories?post=237840"},{"taxonomy":"post_tag","embeddable":true,"href":"https:\/\/acefootball.com\/da\/wp-json\/wp\/v2\/tags?post=237840"}],"curies":[{"name":"wp","href":"https:\/\/api.w.org\/{rel}","templated":true}]}}