{"id":237765,"date":"2020-09-19T13:17:25","date_gmt":"2020-09-19T11:17:25","guid":{"rendered":"https:\/\/acefootball.com\/da\/?p=237765"},"modified":"2020-09-19T11:46:00","modified_gmt":"2020-09-19T09:46:00","slug":"trist-ancelotti-efter-thiago-handel-i-det-mindste-bliver-vi-naboer","status":"publish","type":"post","link":"https:\/\/acefootball.com\/da\/fodboldnyheder\/trist-ancelotti-efter-thiago-handel-i-det-mindste-bliver-vi-naboer\/","title":{"rendered":"Trist Ancelotti efter Thiago-handel: I det mindste bliver vi naboer!"},"content":{"rendered":"\n<h2>Everton-manager Carlo Ancelotti er bestemt ikke glad for at se vennen Thiago Alcantara slutte sig til \u00e6rkerivalerne fra Liverpool<\/h2>\n\n\n\n<p>I 2016\/17-s\u00e6sonen tr\u00e6nede Carlo Ancelotti Bayern M\u00fcnchen og havde Thiago Alcantara i sin trup. Og det var nok for italieneren til bestemt ikke at v\u00e6re lykkelig for, at Liverpool nu har k\u00f8bt midtbanespilleren. <\/p>\n\n\n\n<div class=\"wp-block-si-widget wp-block-si-widget--center\"><si-lb-widget widget-id=\"PlayerSeasonProfile\" width=\"440\" data-player-id=\"172949\"><\/si-lb-widget><\/div>\n\n\n\n<p>&#8220;Mit hjerte er knust. Thiago er en ven. Han er en fantastisk spiller, en fantastisk midtbanespiller,&#8221; udtaler den nuv\u00e6rende Everton-manager if\u00f8lge <a href=\"https:\/\/as.com\/futbol\/2020\/09\/19\/internacional\/1600497108_666030.html?m1=cG9ydGFkYV9wb3J0YWRh&amp;m2=QUNUVUFMSURBRA%3D%3D&amp;m3=Ng%3D%3D&amp;m4=bm9ybWFs&amp;m5=MjE%3D\" target=\"_blank\" rel=\"noreferrer noopener\">AS<\/a>.<\/p>\n\n\n\n<p>&#8220;Jeg har v\u00e6ret s\u00e5 heldig i min karriere at f\u00e5 lov at tr\u00e6ne nogle af de bedste spillere, og Thiago er en af dem. Det eneste gode ved den her handel er, at han nu er min nabo,&#8221; tilf\u00f8jer Ancelotti med et smil p\u00e5 l\u00e6ben. <\/p>\n\n\n\n<p>Thiago er kommet til Liverpool p\u00e5 en fire-\u00e5rig aftale, og den 29-\u00e5rige spanier kan if\u00f8lge J\u00fcrgen Klopp potentielt allerede komme i aktion i s\u00f8ndagens storkamp mod Chelsea p\u00e5 Stamford Bridge. Der er kickoff kl. 17.30. <\/p>\n\n\n\n<figure class=\"wp-block-embed-twitter wp-block-embed is-type-rich is-provider-twitter\"><div class=\"wp-block-embed__wrapper\">\n<blockquote class=\"twitter-tweet\" data-width=\"550\" data-dnt=\"true\"><p lang=\"en\" dir=\"ltr\">\ud83d\ude0e New Liverpool signing Thiago Alc\u00e1ntara doing his thing against Chelsea&#8230;<a href=\"https:\/\/twitter.com\/LFC?ref_src=twsrc%5Etfw\">@LFC<\/a> | <a href=\"https:\/\/twitter.com\/Thiago6?ref_src=twsrc%5Etfw\">@Thiago6<\/a> | <a href=\"https:\/\/twitter.com\/hashtag\/UCL?src=hash&amp;ref_src=twsrc%5Etfw\">#UCL<\/a> <a href=\"https:\/\/t.co\/fhBewMoB4h\">pic.twitter.com\/fhBewMoB4h<\/a><\/p>&mdash; UEFA Champions League (@ChampionsLeague) <a href=\"https:\/\/twitter.com\/ChampionsLeague\/status\/1306982802068582400?ref_src=twsrc%5Etfw\">September 18, 2020<\/a><\/blockquote><script async src=\"https:\/\/platform.twitter.com\/widgets.js\" charset=\"utf-8\"><\/script>\n<\/div><\/figure>\n","protected":false},"excerpt":{"rendered":"<p>Everton-manager Carlo Ancelotti er bestemt ikke glad for at se vennen Thiago Alcantara slutte sig til \u00e6rkerivalerne fra Liverpool<\/p>\n","protected":false},"author":61,"featured_media":237767,"comment_status":"open","ping_status":"closed","sticky":false,"template":"","format":"standard","meta":{"om_disable_all_campaigns":false,"push_articles_ronaldo":{"active":false,"canonical":0,"publish":false},"force_updates":null},"categories":[1],"tags":[335,212,132,134,1381],"enet_tags":{"player":["78619","172949"],"team":["8668","8650"],"league":["47"],"sport_events":[]},"yoast_head":"<!-- This site is optimized with the Yoast SEO plugin v18.3 - https:\/\/yoast.com\/wordpress\/plugins\/seo\/ -->\n<title>Trist Ancelotti efter Thiago-handel: I det mindste bliver vi naboer!<\/title>\n<meta name=\"description\" content=\"Everton-manager Carlo Ancelotti er bestemt ikke glad for at se vennen Thiago Alcantara slutte sig til \u00e6rkerivalerne fra Liverpool\" \/>\n<meta name=\"robots\" content=\"index, follow, max-snippet:-1, max-image-preview:large, max-video-preview:-1\" \/>\n<link rel=\"canonical\" href=\"https:\/\/acefootball.com\/da\/fodboldnyheder\/trist-ancelotti-efter-thiago-handel-i-det-mindste-bliver-vi-naboer\/\" \/>\n<meta property=\"og:locale\" content=\"en_US\" \/>\n<meta property=\"og:type\" content=\"article\" \/>\n<meta property=\"og:title\" content=\"Trist Ancelotti efter Thiago-handel: I det mindste bliver vi naboer!\" \/>\n<meta property=\"og:description\" content=\"Everton-manager Carlo Ancelotti er bestemt ikke glad for at se vennen Thiago Alcantara slutte sig til \u00e6rkerivalerne fra Liverpool\" \/>\n<meta property=\"og:url\" content=\"https:\/\/acefootball.com\/da\/fodboldnyheder\/trist-ancelotti-efter-thiago-handel-i-det-mindste-bliver-vi-naboer\/\" \/>\n<meta property=\"og:site_name\" content=\"Ace Football Danmark\" \/>\n<meta property=\"article:publisher\" content=\"https:\/\/www.facebook.com\/acefootballdk\" \/>\n<meta property=\"article:published_time\" content=\"2020-09-19T11:17:25+00:00\" \/>\n<meta property=\"article:modified_time\" content=\"2020-09-19T09:46:00+00:00\" \/>\n<meta property=\"og:image\" content=\"https:\/\/acefootball.com\/da\/wp-content\/uploads\/sites\/2\/2020\/09\/EiN-BHdXkAIcE7v.jpeg\" \/>\n\t<meta property=\"og:image:width\" content=\"900\" \/>\n\t<meta property=\"og:image:height\" content=\"596\" \/>\n\t<meta property=\"og:image:type\" content=\"image\/jpeg\" \/>\n<meta name=\"twitter:card\" content=\"summary_large_image\" \/>\n<meta name=\"twitter:label1\" content=\"Written by\" \/>\n\t<meta name=\"twitter:data1\" content=\"Asbj\u00f8rn Sigsgaard\" \/>\n\t<meta name=\"twitter:label2\" content=\"Est. reading time\" \/>\n\t<meta name=\"twitter:data2\" content=\"1 minute\" \/>\n<script type=\"application\/ld+json\" class=\"yoast-schema-graph\">{\"@context\":\"https:\/\/schema.org\",\"@graph\":[{\"@type\":\"Organization\",\"@id\":\"https:\/\/acefootball.com\/da\/#organization\",\"name\":\"Ace Football\",\"url\":\"https:\/\/acefootball.com\/da\/\",\"sameAs\":[\"https:\/\/www.facebook.com\/acefootballdk\"],\"logo\":{\"@type\":\"ImageObject\",\"@id\":\"https:\/\/acefootball.com\/da\/#logo\",\"inLanguage\":\"en-US\",\"url\":\"https:\/\/acefootball.com\/da\/wp-content\/uploads\/sites\/2\/2020\/07\/Ace-Football-30-07-2020-2.png\",\"contentUrl\":\"https:\/\/acefootball.com\/da\/wp-content\/uploads\/sites\/2\/2020\/07\/Ace-Football-30-07-2020-2.png\",\"width\":1200,\"height\":600,\"caption\":\"Ace Football\"},\"image\":{\"@id\":\"https:\/\/acefootball.com\/da\/#logo\"}},{\"@type\":\"WebSite\",\"@id\":\"https:\/\/acefootball.com\/da\/#website\",\"url\":\"https:\/\/acefootball.com\/da\/\",\"name\":\"Ace Football Danmark\",\"description\":\"Nyheder, Spiltips &amp; Livescore\",\"publisher\":{\"@id\":\"https:\/\/acefootball.com\/da\/#organization\"},\"potentialAction\":[{\"@type\":\"SearchAction\",\"target\":{\"@type\":\"EntryPoint\",\"urlTemplate\":\"https:\/\/acefootball.com\/da\/?s={search_term_string}\"},\"query-input\":\"required name=search_term_string\"}],\"inLanguage\":\"en-US\"},{\"@type\":\"ImageObject\",\"@id\":\"https:\/\/acefootball.com\/da\/fodboldnyheder\/trist-ancelotti-efter-thiago-handel-i-det-mindste-bliver-vi-naboer\/#primaryimage\",\"inLanguage\":\"en-US\",\"url\":\"https:\/\/acefootball.com\/da\/wp-content\/uploads\/sites\/2\/2020\/09\/EiN-BHdXkAIcE7v.jpeg\",\"contentUrl\":\"https:\/\/acefootball.com\/da\/wp-content\/uploads\/sites\/2\/2020\/09\/EiN-BHdXkAIcE7v.jpeg\",\"width\":900,\"height\":596,\"caption\":\"Fra Twitter.com\"},{\"@type\":\"WebPage\",\"@id\":\"https:\/\/acefootball.com\/da\/fodboldnyheder\/trist-ancelotti-efter-thiago-handel-i-det-mindste-bliver-vi-naboer\/#webpage\",\"url\":\"https:\/\/acefootball.com\/da\/fodboldnyheder\/trist-ancelotti-efter-thiago-handel-i-det-mindste-bliver-vi-naboer\/\",\"name\":\"Trist Ancelotti efter Thiago-handel: I det mindste bliver vi naboer!\",\"isPartOf\":{\"@id\":\"https:\/\/acefootball.com\/da\/#website\"},\"primaryImageOfPage\":{\"@id\":\"https:\/\/acefootball.com\/da\/fodboldnyheder\/trist-ancelotti-efter-thiago-handel-i-det-mindste-bliver-vi-naboer\/#primaryimage\"},\"datePublished\":\"2020-09-19T11:17:25+00:00\",\"dateModified\":\"2020-09-19T09:46:00+00:00\",\"description\":\"Everton-manager Carlo Ancelotti er bestemt ikke glad for at se vennen Thiago Alcantara slutte sig til \u00e6rkerivalerne fra Liverpool\",\"breadcrumb\":{\"@id\":\"https:\/\/acefootball.com\/da\/fodboldnyheder\/trist-ancelotti-efter-thiago-handel-i-det-mindste-bliver-vi-naboer\/#breadcrumb\"},\"inLanguage\":\"en-US\",\"potentialAction\":[{\"@type\":\"ReadAction\",\"target\":[\"https:\/\/acefootball.com\/da\/fodboldnyheder\/trist-ancelotti-efter-thiago-handel-i-det-mindste-bliver-vi-naboer\/\"]}]},{\"@type\":\"BreadcrumbList\",\"@id\":\"https:\/\/acefootball.com\/da\/fodboldnyheder\/trist-ancelotti-efter-thiago-handel-i-det-mindste-bliver-vi-naboer\/#breadcrumb\",\"itemListElement\":[{\"@type\":\"ListItem\",\"position\":1,\"name\":\"Home\",\"item\":\"https:\/\/acefootball.com\/da\/\"},{\"@type\":\"ListItem\",\"position\":2,\"name\":\"Trist Ancelotti efter Thiago-handel: I det mindste bliver vi naboer!\"}]},{\"@type\":\"Article\",\"@id\":\"https:\/\/acefootball.com\/da\/fodboldnyheder\/trist-ancelotti-efter-thiago-handel-i-det-mindste-bliver-vi-naboer\/#article\",\"isPartOf\":{\"@id\":\"https:\/\/acefootball.com\/da\/fodboldnyheder\/trist-ancelotti-efter-thiago-handel-i-det-mindste-bliver-vi-naboer\/#webpage\"},\"author\":{\"@id\":\"https:\/\/acefootball.com\/da\/#\/schema\/person\/f7d6e307f87618894c0832ad0767e1a0\"},\"headline\":\"Trist Ancelotti efter Thiago-handel: I det mindste bliver vi naboer!\",\"datePublished\":\"2020-09-19T11:17:25+00:00\",\"dateModified\":\"2020-09-19T09:46:00+00:00\",\"mainEntityOfPage\":{\"@id\":\"https:\/\/acefootball.com\/da\/fodboldnyheder\/trist-ancelotti-efter-thiago-handel-i-det-mindste-bliver-vi-naboer\/#webpage\"},\"wordCount\":184,\"commentCount\":0,\"publisher\":{\"@id\":\"https:\/\/acefootball.com\/da\/#organization\"},\"image\":{\"@id\":\"https:\/\/acefootball.com\/da\/fodboldnyheder\/trist-ancelotti-efter-thiago-handel-i-det-mindste-bliver-vi-naboer\/#primaryimage\"},\"thumbnailUrl\":\"https:\/\/acefootball.com\/da\/wp-content\/uploads\/sites\/2\/2020\/09\/EiN-BHdXkAIcE7v.jpeg\",\"keywords\":[\"Carlo Ancelotti\",\"Everton\",\"Liverpool\",\"Premier League\",\"Thiago Alc\u00e2ntara\"],\"articleSection\":[\"Nyhed\"],\"inLanguage\":\"en-US\",\"potentialAction\":[{\"@type\":\"CommentAction\",\"name\":\"Comment\",\"target\":[\"https:\/\/acefootball.com\/da\/fodboldnyheder\/trist-ancelotti-efter-thiago-handel-i-det-mindste-bliver-vi-naboer\/#respond\"]}]},{\"@type\":\"Person\",\"@id\":\"https:\/\/acefootball.com\/da\/#\/schema\/person\/f7d6e307f87618894c0832ad0767e1a0\",\"name\":\"Asbj\u00f8rn Sigsgaard\",\"image\":{\"@type\":\"ImageObject\",\"@id\":\"https:\/\/acefootball.com\/da\/#personlogo\",\"inLanguage\":\"en-US\",\"url\":\"https:\/\/secure.gravatar.com\/avatar\/5c43db7fd929f602b60651d468fca886?s=96&d=mm&r=g\",\"contentUrl\":\"https:\/\/secure.gravatar.com\/avatar\/5c43db7fd929f602b60651d468fca886?s=96&d=mm&r=g\",\"caption\":\"Asbj\u00f8rn Sigsgaard\"},\"url\":\"https:\/\/acefootball.com\/da\/fodboldnyheder\/author\/asbjornsigsgaard\/\"}]}<\/script>\n<!-- \/ Yoast SEO plugin. -->","yoast_head_json":{"title":"Trist Ancelotti efter Thiago-handel: I det mindste bliver vi naboer!","description":"Everton-manager Carlo Ancelotti er bestemt ikke glad for at se vennen Thiago Alcantara slutte sig til \u00e6rkerivalerne fra Liverpool","robots":{"index":"index","follow":"follow","max-snippet":"max-snippet:-1","max-image-preview":"max-image-preview:large","max-video-preview":"max-video-preview:-1"},"canonical":"https:\/\/acefootball.com\/da\/fodboldnyheder\/trist-ancelotti-efter-thiago-handel-i-det-mindste-bliver-vi-naboer\/","og_locale":"en_US","og_type":"article","og_title":"Trist Ancelotti efter Thiago-handel: I det mindste bliver vi naboer!","og_description":"Everton-manager Carlo Ancelotti er bestemt ikke glad for at se vennen Thiago Alcantara slutte sig til \u00e6rkerivalerne fra Liverpool","og_url":"https:\/\/acefootball.com\/da\/fodboldnyheder\/trist-ancelotti-efter-thiago-handel-i-det-mindste-bliver-vi-naboer\/","og_site_name":"Ace Football Danmark","article_publisher":"https:\/\/www.facebook.com\/acefootballdk","article_published_time":"2020-09-19T11:17:25+00:00","article_modified_time":"2020-09-19T09:46:00+00:00","og_image":[{"width":900,"height":596,"url":"https:\/\/acefootball.com\/da\/wp-content\/uploads\/sites\/2\/2020\/09\/EiN-BHdXkAIcE7v.jpeg","type":"image\/jpeg"}],"twitter_card":"summary_large_image","twitter_misc":{"Written by":"Asbj\u00f8rn Sigsgaard","Est. reading time":"1 minute"},"schema":{"@context":"https:\/\/schema.org","@graph":[{"@type":"Organization","@id":"https:\/\/acefootball.com\/da\/#organization","name":"Ace Football","url":"https:\/\/acefootball.com\/da\/","sameAs":["https:\/\/www.facebook.com\/acefootballdk"],"logo":{"@type":"ImageObject","@id":"https:\/\/acefootball.com\/da\/#logo","inLanguage":"en-US","url":"https:\/\/acefootball.com\/da\/wp-content\/uploads\/sites\/2\/2020\/07\/Ace-Football-30-07-2020-2.png","contentUrl":"https:\/\/acefootball.com\/da\/wp-content\/uploads\/sites\/2\/2020\/07\/Ace-Football-30-07-2020-2.png","width":1200,"height":600,"caption":"Ace Football"},"image":{"@id":"https:\/\/acefootball.com\/da\/#logo"}},{"@type":"WebSite","@id":"https:\/\/acefootball.com\/da\/#website","url":"https:\/\/acefootball.com\/da\/","name":"Ace Football Danmark","description":"Nyheder, Spiltips &amp; Livescore","publisher":{"@id":"https:\/\/acefootball.com\/da\/#organization"},"potentialAction":[{"@type":"SearchAction","target":{"@type":"EntryPoint","urlTemplate":"https:\/\/acefootball.com\/da\/?s={search_term_string}"},"query-input":"required name=search_term_string"}],"inLanguage":"en-US"},{"@type":"ImageObject","@id":"https:\/\/acefootball.com\/da\/fodboldnyheder\/trist-ancelotti-efter-thiago-handel-i-det-mindste-bliver-vi-naboer\/#primaryimage","inLanguage":"en-US","url":"https:\/\/acefootball.com\/da\/wp-content\/uploads\/sites\/2\/2020\/09\/EiN-BHdXkAIcE7v.jpeg","contentUrl":"https:\/\/acefootball.com\/da\/wp-content\/uploads\/sites\/2\/2020\/09\/EiN-BHdXkAIcE7v.jpeg","width":900,"height":596,"caption":"Fra Twitter.com"},{"@type":"WebPage","@id":"https:\/\/acefootball.com\/da\/fodboldnyheder\/trist-ancelotti-efter-thiago-handel-i-det-mindste-bliver-vi-naboer\/#webpage","url":"https:\/\/acefootball.com\/da\/fodboldnyheder\/trist-ancelotti-efter-thiago-handel-i-det-mindste-bliver-vi-naboer\/","name":"Trist Ancelotti efter Thiago-handel: I det mindste bliver vi naboer!","isPartOf":{"@id":"https:\/\/acefootball.com\/da\/#website"},"primaryImageOfPage":{"@id":"https:\/\/acefootball.com\/da\/fodboldnyheder\/trist-ancelotti-efter-thiago-handel-i-det-mindste-bliver-vi-naboer\/#primaryimage"},"datePublished":"2020-09-19T11:17:25+00:00","dateModified":"2020-09-19T09:46:00+00:00","description":"Everton-manager Carlo Ancelotti er bestemt ikke glad for at se vennen Thiago Alcantara slutte sig til \u00e6rkerivalerne fra Liverpool","breadcrumb":{"@id":"https:\/\/acefootball.com\/da\/fodboldnyheder\/trist-ancelotti-efter-thiago-handel-i-det-mindste-bliver-vi-naboer\/#breadcrumb"},"inLanguage":"en-US","potentialAction":[{"@type":"ReadAction","target":["https:\/\/acefootball.com\/da\/fodboldnyheder\/trist-ancelotti-efter-thiago-handel-i-det-mindste-bliver-vi-naboer\/"]}]},{"@type":"BreadcrumbList","@id":"https:\/\/acefootball.com\/da\/fodboldnyheder\/trist-ancelotti-efter-thiago-handel-i-det-mindste-bliver-vi-naboer\/#breadcrumb","itemListElement":[{"@type":"ListItem","position":1,"name":"Home","item":"https:\/\/acefootball.com\/da\/"},{"@type":"ListItem","position":2,"name":"Trist Ancelotti efter Thiago-handel: I det mindste bliver vi naboer!"}]},{"@type":"Article","@id":"https:\/\/acefootball.com\/da\/fodboldnyheder\/trist-ancelotti-efter-thiago-handel-i-det-mindste-bliver-vi-naboer\/#article","isPartOf":{"@id":"https:\/\/acefootball.com\/da\/fodboldnyheder\/trist-ancelotti-efter-thiago-handel-i-det-mindste-bliver-vi-naboer\/#webpage"},"author":{"@id":"https:\/\/acefootball.com\/da\/#\/schema\/person\/f7d6e307f87618894c0832ad0767e1a0"},"headline":"Trist Ancelotti efter Thiago-handel: I det mindste bliver vi naboer!","datePublished":"2020-09-19T11:17:25+00:00","dateModified":"2020-09-19T09:46:00+00:00","mainEntityOfPage":{"@id":"https:\/\/acefootball.com\/da\/fodboldnyheder\/trist-ancelotti-efter-thiago-handel-i-det-mindste-bliver-vi-naboer\/#webpage"},"wordCount":184,"commentCount":0,"publisher":{"@id":"https:\/\/acefootball.com\/da\/#organization"},"image":{"@id":"https:\/\/acefootball.com\/da\/fodboldnyheder\/trist-ancelotti-efter-thiago-handel-i-det-mindste-bliver-vi-naboer\/#primaryimage"},"thumbnailUrl":"https:\/\/acefootball.com\/da\/wp-content\/uploads\/sites\/2\/2020\/09\/EiN-BHdXkAIcE7v.jpeg","keywords":["Carlo Ancelotti","Everton","Liverpool","Premier League","Thiago Alc\u00e2ntara"],"articleSection":["Nyhed"],"inLanguage":"en-US","potentialAction":[{"@type":"CommentAction","name":"Comment","target":["https:\/\/acefootball.com\/da\/fodboldnyheder\/trist-ancelotti-efter-thiago-handel-i-det-mindste-bliver-vi-naboer\/#respond"]}]},{"@type":"Person","@id":"https:\/\/acefootball.com\/da\/#\/schema\/person\/f7d6e307f87618894c0832ad0767e1a0","name":"Asbj\u00f8rn Sigsgaard","image":{"@type":"ImageObject","@id":"https:\/\/acefootball.com\/da\/#personlogo","inLanguage":"en-US","url":"https:\/\/secure.gravatar.com\/avatar\/5c43db7fd929f602b60651d468fca886?s=96&d=mm&r=g","contentUrl":"https:\/\/secure.gravatar.com\/avatar\/5c43db7fd929f602b60651d468fca886?s=96&d=mm&r=g","caption":"Asbj\u00f8rn Sigsgaard"},"url":"https:\/\/acefootball.com\/da\/fodboldnyheder\/author\/asbjornsigsgaard\/"}]}},"fimg_url":"https:\/\/acefootball.com\/da\/wp-content\/uploads\/sites\/2\/2020\/09\/EiN-BHdXkAIcE7v.jpeg","_links":{"self":[{"href":"https:\/\/acefootball.com\/da\/wp-json\/wp\/v2\/posts\/237765"}],"collection":[{"href":"https:\/\/acefootball.com\/da\/wp-json\/wp\/v2\/posts"}],"about":[{"href":"https:\/\/acefootball.com\/da\/wp-json\/wp\/v2\/types\/post"}],"author":[{"embeddable":true,"href":"https:\/\/acefootball.com\/da\/wp-json\/wp\/v2\/users\/61"}],"replies":[{"embeddable":true,"href":"https:\/\/acefootball.com\/da\/wp-json\/wp\/v2\/comments?post=237765"}],"version-history":[{"count":0,"href":"https:\/\/acefootball.com\/da\/wp-json\/wp\/v2\/posts\/237765\/revisions"}],"wp:featuredmedia":[{"embeddable":true,"href":"https:\/\/acefootball.com\/da\/wp-json\/wp\/v2\/media\/237767"}],"wp:attachment":[{"href":"https:\/\/acefootball.com\/da\/wp-json\/wp\/v2\/media?parent=237765"}],"wp:term":[{"taxonomy":"category","embeddable":true,"href":"https:\/\/acefootball.com\/da\/wp-json\/wp\/v2\/categories?post=237765"},{"taxonomy":"post_tag","embeddable":true,"href":"https:\/\/acefootball.com\/da\/wp-json\/wp\/v2\/tags?post=237765"}],"curies":[{"name":"wp","href":"https:\/\/api.w.org\/{rel}","templated":true}]}}