{"id":237720,"date":"2020-09-18T19:02:25","date_gmt":"2020-09-18T17:02:25","guid":{"rendered":"https:\/\/acefootball.com\/da\/?p=237720"},"modified":"2020-09-18T19:02:26","modified_gmt":"2020-09-18T17:02:26","slug":"thiago-udtaler-sig-efter-kaempeskifte-derfor-blev-det-liverpool","status":"publish","type":"post","link":"https:\/\/acefootball.com\/da\/fodboldnyheder\/thiago-udtaler-sig-efter-kaempeskifte-derfor-blev-det-liverpool\/","title":{"rendered":"Thiago udtaler sig efter k\u00e6mpeskifte: Derfor blev det Liverpool"},"content":{"rendered":"\n<h2>Liverpool har k\u00f8bt Bayern M\u00fcnchen-stjernen Thiago, og den spanske midtbanespiller fort\u00e6ller nu, hvorfor det blev de engelske mestre<\/h2>\n\n\n\n<p>Thiago Alcantara er nu officielt p\u00e5 plads i Liverpool, efter midtbanestjernen besluttede sig for at forlade Bayern M\u00fcnchen efter syv \u00e5r.<\/p>\n\n\n\n<p>Manchester United var kort inde i billedet til at snuppe spanieren, men langt de fleste medier havde Liverpool som storfavorit i gennem hele forl\u00f8bet.<\/p>\n\n\n\n<figure class=\"wp-block-embed-wordpress wp-block-embed is-type-wp-embed is-provider-ace-football-danmark\"><div class=\"wp-block-embed__wrapper\">\n<blockquote class=\"wp-embedded-content\" data-secret=\"OOZjdkT4HB\"><a href=\"https:\/\/acefootball.com\/da\/fodboldnyheder\/officielt-liverpool-henter-thiago-alcantara\/\">Officielt: Liverpool henter Thiago Alcantara<\/a><\/blockquote><iframe class=\"wp-embedded-content\" sandbox=\"allow-scripts\" security=\"restricted\" style=\"position: absolute; clip: rect(1px, 1px, 1px, 1px);\" title=\"&#8220;Officielt: Liverpool henter Thiago Alcantara&#8221; &#8212; Ace Football Danmark\" src=\"https:\/\/acefootball.com\/da\/fodboldnyheder\/officielt-liverpool-henter-thiago-alcantara\/embed\/#?secret=OOZjdkT4HB\" data-secret=\"OOZjdkT4HB\" width=\"600\" height=\"338\" frameborder=\"0\" marginwidth=\"0\" marginheight=\"0\" scrolling=\"no\"><\/iframe>\n<\/div><\/figure>\n\n\n\n<p>I forbindelse med pr\u00e6sentationen forklarer Thiago nu, hvad der tiltalte ham til et skifte til Anfield.<\/p>\n\n\n\n<p>&#8220;Som \u00e5rene g\u00e5r, pr\u00f8ver du at vinde s\u00e5 meget, som du kan, og n\u00e5r du vinder, vil du bare have mere. Jeg synes, at denne klub (Liverpool, red.) beskriver mig ret godt som person. Jeg vil n\u00e5 alle m\u00e5l og vinde s\u00e5 mange trof\u00e6er som muligt,&#8221; fort\u00e6ller Thiago til <a href=\"https:\/\/www.liverpoolfc.com\/news\/first-team\/408961-liverpool-fc-complete-signing-of-thiago-alcantara\" target=\"_blank\" rel=\"noreferrer noopener\">Liverpools hjemmeside<\/a>.<\/p>\n\n\n\n<p>&#8220;Den f\u00f8les ogs\u00e5 som en stor familie, hvilket er noget, jeg har brug for. Vi har et t\u00e6t forhold til klubben, og jeg tror, det er noget, jeg vil kunne m\u00e6rke.&#8221;<\/p>\n\n\n\n<figure class=\"wp-block-embed-twitter wp-block-embed is-type-rich is-provider-twitter\"><div class=\"wp-block-embed__wrapper\">\n<blockquote class=\"twitter-tweet\" data-width=\"550\" data-dnt=\"true\"><p lang=\"en\" dir=\"ltr\">Welcome to the <a href=\"https:\/\/twitter.com\/premierleague?ref_src=twsrc%5Etfw\">@premierleague<\/a> champions, <a href=\"https:\/\/twitter.com\/Thiago6?ref_src=twsrc%5Etfw\">@Thiago6<\/a> \ud83d\ude01<a href=\"https:\/\/twitter.com\/hashtag\/ThiagoFriday?src=hash&amp;ref_src=twsrc%5Etfw\">#ThiagoFriday<\/a> \ud83d\ude4c <a href=\"https:\/\/t.co\/gU18ENjVtn\">pic.twitter.com\/gU18ENjVtn<\/a><\/p>&mdash; Liverpool FC (@LFC) <a href=\"https:\/\/twitter.com\/LFC\/status\/1306989220037308417?ref_src=twsrc%5Etfw\">September 18, 2020<\/a><\/blockquote><script async src=\"https:\/\/platform.twitter.com\/widgets.js\" charset=\"utf-8\"><\/script>\n<\/div><\/figure>\n\n\n\n<p>Der er ogs\u00e5 stor eufori over nyindk\u00f8bet blandt Liverpool-fansene, og Thiago forsikrer, at ham vil g\u00f8re alt for at betale tilbage for den store opbakning.<\/p>\n\n\n\n<p>&#8220;Fansene er med sikkerhed ikke mere sp\u00e6ndt end mig selv! Det handler ikke om, hvad der bliver sagt, men om hvad der bliver gjort. Jeg vil k\u00e6mpe af hele mit hjerte for mine holdkammerater, klubben og fansene.&#8221;<\/p>\n","protected":false},"excerpt":{"rendered":"<p>Liverpool har k\u00f8bt Bayern M\u00fcnchen-stjernen Thiago, og den spanske midtbanespiller fort\u00e6ller nu, hvorfor det blev de engelske mestre<\/p>\n","protected":false},"author":705,"featured_media":237723,"comment_status":"open","ping_status":"closed","sticky":false,"template":"","format":"standard","meta":{"om_disable_all_campaigns":false,"push_articles_ronaldo":{"active":false,"canonical":0,"publish":false},"force_updates":null},"categories":[8060],"tags":[132,134,1381],"enet_tags":{"team":["8650"],"league":["47"],"player":["172949"],"sport_events":[]},"yoast_head":"<!-- This site is optimized with the Yoast SEO plugin v18.3 - https:\/\/yoast.com\/wordpress\/plugins\/seo\/ -->\n<title>Thiago udtaler sig efter k\u00e6mpeskifte: Derfor blev det Liverpool<\/title>\n<meta name=\"description\" content=\"Liverpool har k\u00f8bt Bayern M\u00fcnchen-stjernen Thiago, og den spanske midtbanespiller fort\u00e6ller nu, hvorfor det blev de engelske mestre\" \/>\n<meta name=\"robots\" content=\"index, follow, max-snippet:-1, max-image-preview:large, max-video-preview:-1\" \/>\n<link rel=\"canonical\" href=\"https:\/\/acefootball.com\/da\/fodboldnyheder\/thiago-udtaler-sig-efter-kaempeskifte-derfor-blev-det-liverpool\/\" \/>\n<meta property=\"og:locale\" content=\"en_US\" \/>\n<meta property=\"og:type\" content=\"article\" \/>\n<meta property=\"og:title\" content=\"Thiago udtaler sig efter k\u00e6mpeskifte: Derfor blev det Liverpool\" \/>\n<meta property=\"og:description\" content=\"Liverpool har k\u00f8bt Bayern M\u00fcnchen-stjernen Thiago, og den spanske midtbanespiller fort\u00e6ller nu, hvorfor det blev de engelske mestre\" \/>\n<meta property=\"og:url\" content=\"https:\/\/acefootball.com\/da\/fodboldnyheder\/thiago-udtaler-sig-efter-kaempeskifte-derfor-blev-det-liverpool\/\" \/>\n<meta property=\"og:site_name\" content=\"Ace Football Danmark\" \/>\n<meta property=\"article:publisher\" content=\"https:\/\/www.facebook.com\/acefootballdk\" \/>\n<meta property=\"article:published_time\" content=\"2020-09-18T17:02:25+00:00\" \/>\n<meta property=\"article:modified_time\" content=\"2020-09-18T17:02:26+00:00\" \/>\n<meta property=\"og:image\" content=\"https:\/\/acefootball.com\/da\/wp-content\/uploads\/sites\/2\/2020\/09\/Design-uden-navn-4-2.jpg\" \/>\n\t<meta property=\"og:image:width\" content=\"1024\" \/>\n\t<meta property=\"og:image:height\" content=\"683\" \/>\n\t<meta property=\"og:image:type\" content=\"image\/jpeg\" \/>\n<meta name=\"twitter:card\" content=\"summary_large_image\" \/>\n<meta name=\"twitter:label1\" content=\"Written by\" \/>\n\t<meta name=\"twitter:data1\" content=\"Mads Dreyer\" \/>\n\t<meta name=\"twitter:label2\" content=\"Est. reading time\" \/>\n\t<meta name=\"twitter:data2\" content=\"1 minute\" \/>\n<script type=\"application\/ld+json\" class=\"yoast-schema-graph\">{\"@context\":\"https:\/\/schema.org\",\"@graph\":[{\"@type\":\"Organization\",\"@id\":\"https:\/\/acefootball.com\/da\/#organization\",\"name\":\"Ace Football\",\"url\":\"https:\/\/acefootball.com\/da\/\",\"sameAs\":[\"https:\/\/www.facebook.com\/acefootballdk\"],\"logo\":{\"@type\":\"ImageObject\",\"@id\":\"https:\/\/acefootball.com\/da\/#logo\",\"inLanguage\":\"en-US\",\"url\":\"https:\/\/acefootball.com\/da\/wp-content\/uploads\/sites\/2\/2020\/07\/Ace-Football-30-07-2020-2.png\",\"contentUrl\":\"https:\/\/acefootball.com\/da\/wp-content\/uploads\/sites\/2\/2020\/07\/Ace-Football-30-07-2020-2.png\",\"width\":1200,\"height\":600,\"caption\":\"Ace Football\"},\"image\":{\"@id\":\"https:\/\/acefootball.com\/da\/#logo\"}},{\"@type\":\"WebSite\",\"@id\":\"https:\/\/acefootball.com\/da\/#website\",\"url\":\"https:\/\/acefootball.com\/da\/\",\"name\":\"Ace Football Danmark\",\"description\":\"Nyheder, Spiltips &amp; Livescore\",\"publisher\":{\"@id\":\"https:\/\/acefootball.com\/da\/#organization\"},\"potentialAction\":[{\"@type\":\"SearchAction\",\"target\":{\"@type\":\"EntryPoint\",\"urlTemplate\":\"https:\/\/acefootball.com\/da\/?s={search_term_string}\"},\"query-input\":\"required name=search_term_string\"}],\"inLanguage\":\"en-US\"},{\"@type\":\"ImageObject\",\"@id\":\"https:\/\/acefootball.com\/da\/fodboldnyheder\/thiago-udtaler-sig-efter-kaempeskifte-derfor-blev-det-liverpool\/#primaryimage\",\"inLanguage\":\"en-US\",\"url\":\"https:\/\/acefootball.com\/da\/wp-content\/uploads\/sites\/2\/2020\/09\/Design-uden-navn-4-2.jpg\",\"contentUrl\":\"https:\/\/acefootball.com\/da\/wp-content\/uploads\/sites\/2\/2020\/09\/Design-uden-navn-4-2.jpg\",\"width\":1024,\"height\":683,\"caption\":\"Foto: Liverpool FC\"},{\"@type\":\"WebPage\",\"@id\":\"https:\/\/acefootball.com\/da\/fodboldnyheder\/thiago-udtaler-sig-efter-kaempeskifte-derfor-blev-det-liverpool\/#webpage\",\"url\":\"https:\/\/acefootball.com\/da\/fodboldnyheder\/thiago-udtaler-sig-efter-kaempeskifte-derfor-blev-det-liverpool\/\",\"name\":\"Thiago udtaler sig efter k\u00e6mpeskifte: Derfor blev det Liverpool\",\"isPartOf\":{\"@id\":\"https:\/\/acefootball.com\/da\/#website\"},\"primaryImageOfPage\":{\"@id\":\"https:\/\/acefootball.com\/da\/fodboldnyheder\/thiago-udtaler-sig-efter-kaempeskifte-derfor-blev-det-liverpool\/#primaryimage\"},\"datePublished\":\"2020-09-18T17:02:25+00:00\",\"dateModified\":\"2020-09-18T17:02:26+00:00\",\"description\":\"Liverpool har k\u00f8bt Bayern M\u00fcnchen-stjernen Thiago, og den spanske midtbanespiller fort\u00e6ller nu, hvorfor det blev de engelske mestre\",\"breadcrumb\":{\"@id\":\"https:\/\/acefootball.com\/da\/fodboldnyheder\/thiago-udtaler-sig-efter-kaempeskifte-derfor-blev-det-liverpool\/#breadcrumb\"},\"inLanguage\":\"en-US\",\"potentialAction\":[{\"@type\":\"ReadAction\",\"target\":[\"https:\/\/acefootball.com\/da\/fodboldnyheder\/thiago-udtaler-sig-efter-kaempeskifte-derfor-blev-det-liverpool\/\"]}]},{\"@type\":\"BreadcrumbList\",\"@id\":\"https:\/\/acefootball.com\/da\/fodboldnyheder\/thiago-udtaler-sig-efter-kaempeskifte-derfor-blev-det-liverpool\/#breadcrumb\",\"itemListElement\":[{\"@type\":\"ListItem\",\"position\":1,\"name\":\"Home\",\"item\":\"https:\/\/acefootball.com\/da\/\"},{\"@type\":\"ListItem\",\"position\":2,\"name\":\"Thiago udtaler sig efter k\u00e6mpeskifte: Derfor blev det Liverpool\"}]},{\"@type\":\"Article\",\"@id\":\"https:\/\/acefootball.com\/da\/fodboldnyheder\/thiago-udtaler-sig-efter-kaempeskifte-derfor-blev-det-liverpool\/#article\",\"isPartOf\":{\"@id\":\"https:\/\/acefootball.com\/da\/fodboldnyheder\/thiago-udtaler-sig-efter-kaempeskifte-derfor-blev-det-liverpool\/#webpage\"},\"author\":{\"@id\":\"https:\/\/acefootball.com\/da\/#\/schema\/person\/ee67e9cf04a276f144100ffa722f10cd\"},\"headline\":\"Thiago udtaler sig efter k\u00e6mpeskifte: Derfor blev det Liverpool\",\"datePublished\":\"2020-09-18T17:02:25+00:00\",\"dateModified\":\"2020-09-18T17:02:26+00:00\",\"mainEntityOfPage\":{\"@id\":\"https:\/\/acefootball.com\/da\/fodboldnyheder\/thiago-udtaler-sig-efter-kaempeskifte-derfor-blev-det-liverpool\/#webpage\"},\"wordCount\":263,\"commentCount\":0,\"publisher\":{\"@id\":\"https:\/\/acefootball.com\/da\/#organization\"},\"image\":{\"@id\":\"https:\/\/acefootball.com\/da\/fodboldnyheder\/thiago-udtaler-sig-efter-kaempeskifte-derfor-blev-det-liverpool\/#primaryimage\"},\"thumbnailUrl\":\"https:\/\/acefootball.com\/da\/wp-content\/uploads\/sites\/2\/2020\/09\/Design-uden-navn-4-2.jpg\",\"keywords\":[\"Liverpool\",\"Premier League\",\"Thiago Alc\u00e2ntara\"],\"articleSection\":[\"Reaktion\"],\"inLanguage\":\"en-US\",\"potentialAction\":[{\"@type\":\"CommentAction\",\"name\":\"Comment\",\"target\":[\"https:\/\/acefootball.com\/da\/fodboldnyheder\/thiago-udtaler-sig-efter-kaempeskifte-derfor-blev-det-liverpool\/#respond\"]}]},{\"@type\":\"Person\",\"@id\":\"https:\/\/acefootball.com\/da\/#\/schema\/person\/ee67e9cf04a276f144100ffa722f10cd\",\"name\":\"Mads Dreyer\",\"image\":{\"@type\":\"ImageObject\",\"@id\":\"https:\/\/acefootball.com\/da\/#personlogo\",\"inLanguage\":\"en-US\",\"url\":\"https:\/\/secure.gravatar.com\/avatar\/7c7abf72cfde9902b6a60efe60c88d4c?s=96&d=mm&r=g\",\"contentUrl\":\"https:\/\/secure.gravatar.com\/avatar\/7c7abf72cfde9902b6a60efe60c88d4c?s=96&d=mm&r=g\",\"caption\":\"Mads Dreyer\"},\"description\":\"Skribent og fodboldn\u00f8rd, der lige nu fort\u00e6ller om alt og intet i fodboldverdenen p\u00e5 acefootball.com. Uddannet i kommunikation fra Aalborg Universitet.\",\"sameAs\":[\"https:\/\/www.linkedin.com\/in\/mads-dreyer-b9b08266\/\"],\"url\":\"https:\/\/acefootball.com\/da\/fodboldnyheder\/author\/mdnronaldo\/\"}]}<\/script>\n<!-- \/ Yoast SEO plugin. -->","yoast_head_json":{"title":"Thiago udtaler sig efter k\u00e6mpeskifte: Derfor blev det Liverpool","description":"Liverpool har k\u00f8bt Bayern M\u00fcnchen-stjernen Thiago, og den spanske midtbanespiller fort\u00e6ller nu, hvorfor det blev de engelske mestre","robots":{"index":"index","follow":"follow","max-snippet":"max-snippet:-1","max-image-preview":"max-image-preview:large","max-video-preview":"max-video-preview:-1"},"canonical":"https:\/\/acefootball.com\/da\/fodboldnyheder\/thiago-udtaler-sig-efter-kaempeskifte-derfor-blev-det-liverpool\/","og_locale":"en_US","og_type":"article","og_title":"Thiago udtaler sig efter k\u00e6mpeskifte: Derfor blev det Liverpool","og_description":"Liverpool har k\u00f8bt Bayern M\u00fcnchen-stjernen Thiago, og den spanske midtbanespiller fort\u00e6ller nu, hvorfor det blev de engelske mestre","og_url":"https:\/\/acefootball.com\/da\/fodboldnyheder\/thiago-udtaler-sig-efter-kaempeskifte-derfor-blev-det-liverpool\/","og_site_name":"Ace Football Danmark","article_publisher":"https:\/\/www.facebook.com\/acefootballdk","article_published_time":"2020-09-18T17:02:25+00:00","article_modified_time":"2020-09-18T17:02:26+00:00","og_image":[{"width":1024,"height":683,"url":"https:\/\/acefootball.com\/da\/wp-content\/uploads\/sites\/2\/2020\/09\/Design-uden-navn-4-2.jpg","type":"image\/jpeg"}],"twitter_card":"summary_large_image","twitter_misc":{"Written by":"Mads Dreyer","Est. reading time":"1 minute"},"schema":{"@context":"https:\/\/schema.org","@graph":[{"@type":"Organization","@id":"https:\/\/acefootball.com\/da\/#organization","name":"Ace Football","url":"https:\/\/acefootball.com\/da\/","sameAs":["https:\/\/www.facebook.com\/acefootballdk"],"logo":{"@type":"ImageObject","@id":"https:\/\/acefootball.com\/da\/#logo","inLanguage":"en-US","url":"https:\/\/acefootball.com\/da\/wp-content\/uploads\/sites\/2\/2020\/07\/Ace-Football-30-07-2020-2.png","contentUrl":"https:\/\/acefootball.com\/da\/wp-content\/uploads\/sites\/2\/2020\/07\/Ace-Football-30-07-2020-2.png","width":1200,"height":600,"caption":"Ace Football"},"image":{"@id":"https:\/\/acefootball.com\/da\/#logo"}},{"@type":"WebSite","@id":"https:\/\/acefootball.com\/da\/#website","url":"https:\/\/acefootball.com\/da\/","name":"Ace Football Danmark","description":"Nyheder, Spiltips &amp; Livescore","publisher":{"@id":"https:\/\/acefootball.com\/da\/#organization"},"potentialAction":[{"@type":"SearchAction","target":{"@type":"EntryPoint","urlTemplate":"https:\/\/acefootball.com\/da\/?s={search_term_string}"},"query-input":"required name=search_term_string"}],"inLanguage":"en-US"},{"@type":"ImageObject","@id":"https:\/\/acefootball.com\/da\/fodboldnyheder\/thiago-udtaler-sig-efter-kaempeskifte-derfor-blev-det-liverpool\/#primaryimage","inLanguage":"en-US","url":"https:\/\/acefootball.com\/da\/wp-content\/uploads\/sites\/2\/2020\/09\/Design-uden-navn-4-2.jpg","contentUrl":"https:\/\/acefootball.com\/da\/wp-content\/uploads\/sites\/2\/2020\/09\/Design-uden-navn-4-2.jpg","width":1024,"height":683,"caption":"Foto: Liverpool FC"},{"@type":"WebPage","@id":"https:\/\/acefootball.com\/da\/fodboldnyheder\/thiago-udtaler-sig-efter-kaempeskifte-derfor-blev-det-liverpool\/#webpage","url":"https:\/\/acefootball.com\/da\/fodboldnyheder\/thiago-udtaler-sig-efter-kaempeskifte-derfor-blev-det-liverpool\/","name":"Thiago udtaler sig efter k\u00e6mpeskifte: Derfor blev det Liverpool","isPartOf":{"@id":"https:\/\/acefootball.com\/da\/#website"},"primaryImageOfPage":{"@id":"https:\/\/acefootball.com\/da\/fodboldnyheder\/thiago-udtaler-sig-efter-kaempeskifte-derfor-blev-det-liverpool\/#primaryimage"},"datePublished":"2020-09-18T17:02:25+00:00","dateModified":"2020-09-18T17:02:26+00:00","description":"Liverpool har k\u00f8bt Bayern M\u00fcnchen-stjernen Thiago, og den spanske midtbanespiller fort\u00e6ller nu, hvorfor det blev de engelske mestre","breadcrumb":{"@id":"https:\/\/acefootball.com\/da\/fodboldnyheder\/thiago-udtaler-sig-efter-kaempeskifte-derfor-blev-det-liverpool\/#breadcrumb"},"inLanguage":"en-US","potentialAction":[{"@type":"ReadAction","target":["https:\/\/acefootball.com\/da\/fodboldnyheder\/thiago-udtaler-sig-efter-kaempeskifte-derfor-blev-det-liverpool\/"]}]},{"@type":"BreadcrumbList","@id":"https:\/\/acefootball.com\/da\/fodboldnyheder\/thiago-udtaler-sig-efter-kaempeskifte-derfor-blev-det-liverpool\/#breadcrumb","itemListElement":[{"@type":"ListItem","position":1,"name":"Home","item":"https:\/\/acefootball.com\/da\/"},{"@type":"ListItem","position":2,"name":"Thiago udtaler sig efter k\u00e6mpeskifte: Derfor blev det Liverpool"}]},{"@type":"Article","@id":"https:\/\/acefootball.com\/da\/fodboldnyheder\/thiago-udtaler-sig-efter-kaempeskifte-derfor-blev-det-liverpool\/#article","isPartOf":{"@id":"https:\/\/acefootball.com\/da\/fodboldnyheder\/thiago-udtaler-sig-efter-kaempeskifte-derfor-blev-det-liverpool\/#webpage"},"author":{"@id":"https:\/\/acefootball.com\/da\/#\/schema\/person\/ee67e9cf04a276f144100ffa722f10cd"},"headline":"Thiago udtaler sig efter k\u00e6mpeskifte: Derfor blev det Liverpool","datePublished":"2020-09-18T17:02:25+00:00","dateModified":"2020-09-18T17:02:26+00:00","mainEntityOfPage":{"@id":"https:\/\/acefootball.com\/da\/fodboldnyheder\/thiago-udtaler-sig-efter-kaempeskifte-derfor-blev-det-liverpool\/#webpage"},"wordCount":263,"commentCount":0,"publisher":{"@id":"https:\/\/acefootball.com\/da\/#organization"},"image":{"@id":"https:\/\/acefootball.com\/da\/fodboldnyheder\/thiago-udtaler-sig-efter-kaempeskifte-derfor-blev-det-liverpool\/#primaryimage"},"thumbnailUrl":"https:\/\/acefootball.com\/da\/wp-content\/uploads\/sites\/2\/2020\/09\/Design-uden-navn-4-2.jpg","keywords":["Liverpool","Premier League","Thiago Alc\u00e2ntara"],"articleSection":["Reaktion"],"inLanguage":"en-US","potentialAction":[{"@type":"CommentAction","name":"Comment","target":["https:\/\/acefootball.com\/da\/fodboldnyheder\/thiago-udtaler-sig-efter-kaempeskifte-derfor-blev-det-liverpool\/#respond"]}]},{"@type":"Person","@id":"https:\/\/acefootball.com\/da\/#\/schema\/person\/ee67e9cf04a276f144100ffa722f10cd","name":"Mads Dreyer","image":{"@type":"ImageObject","@id":"https:\/\/acefootball.com\/da\/#personlogo","inLanguage":"en-US","url":"https:\/\/secure.gravatar.com\/avatar\/7c7abf72cfde9902b6a60efe60c88d4c?s=96&d=mm&r=g","contentUrl":"https:\/\/secure.gravatar.com\/avatar\/7c7abf72cfde9902b6a60efe60c88d4c?s=96&d=mm&r=g","caption":"Mads Dreyer"},"description":"Skribent og fodboldn\u00f8rd, der lige nu fort\u00e6ller om alt og intet i fodboldverdenen p\u00e5 acefootball.com. Uddannet i kommunikation fra Aalborg Universitet.","sameAs":["https:\/\/www.linkedin.com\/in\/mads-dreyer-b9b08266\/"],"url":"https:\/\/acefootball.com\/da\/fodboldnyheder\/author\/mdnronaldo\/"}]}},"fimg_url":"https:\/\/acefootball.com\/da\/wp-content\/uploads\/sites\/2\/2020\/09\/Design-uden-navn-4-2.jpg","_links":{"self":[{"href":"https:\/\/acefootball.com\/da\/wp-json\/wp\/v2\/posts\/237720"}],"collection":[{"href":"https:\/\/acefootball.com\/da\/wp-json\/wp\/v2\/posts"}],"about":[{"href":"https:\/\/acefootball.com\/da\/wp-json\/wp\/v2\/types\/post"}],"author":[{"embeddable":true,"href":"https:\/\/acefootball.com\/da\/wp-json\/wp\/v2\/users\/705"}],"replies":[{"embeddable":true,"href":"https:\/\/acefootball.com\/da\/wp-json\/wp\/v2\/comments?post=237720"}],"version-history":[{"count":0,"href":"https:\/\/acefootball.com\/da\/wp-json\/wp\/v2\/posts\/237720\/revisions"}],"wp:featuredmedia":[{"embeddable":true,"href":"https:\/\/acefootball.com\/da\/wp-json\/wp\/v2\/media\/237723"}],"wp:attachment":[{"href":"https:\/\/acefootball.com\/da\/wp-json\/wp\/v2\/media?parent=237720"}],"wp:term":[{"taxonomy":"category","embeddable":true,"href":"https:\/\/acefootball.com\/da\/wp-json\/wp\/v2\/categories?post=237720"},{"taxonomy":"post_tag","embeddable":true,"href":"https:\/\/acefootball.com\/da\/wp-json\/wp\/v2\/tags?post=237720"}],"curies":[{"name":"wp","href":"https:\/\/api.w.org\/{rel}","templated":true}]}}