{"id":237701,"date":"2020-09-18T16:34:37","date_gmt":"2020-09-18T14:34:37","guid":{"rendered":"https:\/\/acefootball.com\/da\/?p=237701"},"modified":"2020-09-18T16:34:38","modified_gmt":"2020-09-18T14:34:38","slug":"ingen-toeven-real-madrid-giver-bales-nummer-11-videre","status":"publish","type":"post","link":"https:\/\/acefootball.com\/da\/fodboldnyheder\/ingen-toeven-real-madrid-giver-bales-nummer-11-videre\/","title":{"rendered":"Ingen t\u00f8ven: Real Madrid giver Bales nummer 11 videre"},"content":{"rendered":"\n<h2>Gareth Bale er endnu ikke officielt p\u00e5 plads i Tottenham, men Real Madrid har ikke t\u00f8vet med at give waliserens nummer 11 videre<\/h2>\n\n\n\n<p>Et ulykkeligt \u00e6gteskab mellem Real Madrid og Gareth Bale ser nu langt om l\u00e6nge ud til at ende i skilsmisse, da den walisiske kantspiller er p\u00e5 nippet til at vende hjem til Tottenham.<\/p>\n\n\n\n<p>Bale er i dag ankommet til London for at f\u00e6rdigg\u00f8re skiftet, og selvom intet endnu er officielt, ser man i den spanske hovedstad ud til at betragte handlen som en done deal.<\/p>\n\n\n\n<p>I hvert fald har Gareth Bales nummer 11 allerede f\u00e5et ny ejermand, da det p\u00e5 La Ligas officielle hjemmeside nu tilh\u00f8rer Marco Asensio.<\/p>\n\n\n\n<figure class=\"wp-block-image size-large\"><img loading=\"lazy\" width=\"1024\" height=\"509\" src=\"https:\/\/acefootball.com\/da\/wp-content\/uploads\/sites\/2\/2020\/09\/image-15-1024x509.png\" alt=\"Real Madrid, La Liga\" class=\"wp-image-237702\" srcset=\"https:\/\/acefootball.com\/da\/wp-content\/uploads\/sites\/2\/2020\/09\/image-15-1024x509.png 1024w, https:\/\/acefootball.com\/da\/wp-content\/uploads\/sites\/2\/2020\/09\/image-15-300x149.png 300w, https:\/\/acefootball.com\/da\/wp-content\/uploads\/sites\/2\/2020\/09\/image-15-768x381.png 768w, https:\/\/acefootball.com\/da\/wp-content\/uploads\/sites\/2\/2020\/09\/image-15.png 1224w\" sizes=\"(max-width: 1024px) 100vw, 1024px\" \/><\/figure>\n\n\n\n<p>Den 24-\u00e5rige holdkammerat har dog fortsat nummer 20 p\u00e5 klubbens egen hjemmeside, men meget tyder p\u00e5, at \u00e6ndringerne allerede er indsendt til La Liga.<\/p>\n\n\n\n<figure class=\"wp-block-embed-wordpress wp-block-embed is-type-wp-embed is-provider-ace-football-danmark\"><div class=\"wp-block-embed__wrapper\">\n<blockquote class=\"wp-embedded-content\" data-secret=\"GBRKNpOFJ2\"><a href=\"https:\/\/acefootball.com\/da\/fodboldnyheder\/video-gareth-bale-er-tilbage-i-tottenham\/\">Video: Gareth Bale er tilbage i Tottenham<\/a><\/blockquote><iframe class=\"wp-embedded-content\" sandbox=\"allow-scripts\" security=\"restricted\" style=\"position: absolute; clip: rect(1px, 1px, 1px, 1px);\" title=\"&#8220;Video: Gareth Bale er tilbage i Tottenham&#8221; &#8212; Ace Football Danmark\" src=\"https:\/\/acefootball.com\/da\/fodboldnyheder\/video-gareth-bale-er-tilbage-i-tottenham\/embed\/#?secret=GBRKNpOFJ2\" data-secret=\"GBRKNpOFJ2\" width=\"600\" height=\"338\" frameborder=\"0\" marginwidth=\"0\" marginheight=\"0\" scrolling=\"no\"><\/iframe>\n<\/div><\/figure>\n","protected":false},"excerpt":{"rendered":"<p>Gareth Bale er endnu ikke officielt p\u00e5 plads i Tottenham, men Real Madrid har ikke t\u00f8vet med at give waliserens nummer 11 videre<\/p>\n","protected":false},"author":705,"featured_media":237703,"comment_status":"open","ping_status":"closed","sticky":false,"template":"","format":"standard","meta":{"om_disable_all_campaigns":false,"push_articles_ronaldo":{"active":false,"canonical":0,"publish":false},"force_updates":null},"categories":[1],"tags":[571,303,813,85],"enet_tags":{"player":["31921","498033"],"league":["87"],"team":["8633"],"sport_events":[]},"yoast_head":"<!-- This site is optimized with the Yoast SEO plugin v18.3 - https:\/\/yoast.com\/wordpress\/plugins\/seo\/ -->\n<title>Ingen t\u00f8ven: Real Madrid giver Bales nummer 11 videre<\/title>\n<meta name=\"description\" content=\"Gareth Bale er endnu ikke officielt p\u00e5 plads i Tottenham, men Real Madrid har ikke t\u00f8vet med at give waliserens nummer 11 videre\" \/>\n<meta name=\"robots\" content=\"index, follow, max-snippet:-1, max-image-preview:large, max-video-preview:-1\" \/>\n<link rel=\"canonical\" href=\"https:\/\/acefootball.com\/da\/fodboldnyheder\/ingen-toeven-real-madrid-giver-bales-nummer-11-videre\/\" \/>\n<meta property=\"og:locale\" content=\"en_US\" \/>\n<meta property=\"og:type\" content=\"article\" \/>\n<meta property=\"og:title\" content=\"Ingen t\u00f8ven: Real Madrid giver Bales nummer 11 videre\" \/>\n<meta property=\"og:description\" content=\"Gareth Bale er endnu ikke officielt p\u00e5 plads i Tottenham, men Real Madrid har ikke t\u00f8vet med at give waliserens nummer 11 videre\" \/>\n<meta property=\"og:url\" content=\"https:\/\/acefootball.com\/da\/fodboldnyheder\/ingen-toeven-real-madrid-giver-bales-nummer-11-videre\/\" \/>\n<meta property=\"og:site_name\" content=\"Ace Football Danmark\" \/>\n<meta property=\"article:publisher\" content=\"https:\/\/www.facebook.com\/acefootballdk\" \/>\n<meta property=\"article:published_time\" content=\"2020-09-18T14:34:37+00:00\" \/>\n<meta property=\"article:modified_time\" content=\"2020-09-18T14:34:38+00:00\" \/>\n<meta property=\"og:image\" content=\"https:\/\/acefootball.com\/da\/wp-content\/uploads\/sites\/2\/2020\/09\/GettyImages-1176416145.jpg\" \/>\n\t<meta property=\"og:image:width\" content=\"1024\" \/>\n\t<meta property=\"og:image:height\" content=\"711\" \/>\n\t<meta property=\"og:image:type\" content=\"image\/jpeg\" \/>\n<meta name=\"twitter:card\" content=\"summary_large_image\" \/>\n<meta name=\"twitter:label1\" content=\"Written by\" \/>\n\t<meta name=\"twitter:data1\" content=\"Mads Dreyer\" \/>\n\t<meta name=\"twitter:label2\" content=\"Est. reading time\" \/>\n\t<meta name=\"twitter:data2\" content=\"1 minute\" \/>\n<script type=\"application\/ld+json\" class=\"yoast-schema-graph\">{\"@context\":\"https:\/\/schema.org\",\"@graph\":[{\"@type\":\"Organization\",\"@id\":\"https:\/\/acefootball.com\/da\/#organization\",\"name\":\"Ace Football\",\"url\":\"https:\/\/acefootball.com\/da\/\",\"sameAs\":[\"https:\/\/www.facebook.com\/acefootballdk\"],\"logo\":{\"@type\":\"ImageObject\",\"@id\":\"https:\/\/acefootball.com\/da\/#logo\",\"inLanguage\":\"en-US\",\"url\":\"https:\/\/acefootball.com\/da\/wp-content\/uploads\/sites\/2\/2020\/07\/Ace-Football-30-07-2020-2.png\",\"contentUrl\":\"https:\/\/acefootball.com\/da\/wp-content\/uploads\/sites\/2\/2020\/07\/Ace-Football-30-07-2020-2.png\",\"width\":1200,\"height\":600,\"caption\":\"Ace Football\"},\"image\":{\"@id\":\"https:\/\/acefootball.com\/da\/#logo\"}},{\"@type\":\"WebSite\",\"@id\":\"https:\/\/acefootball.com\/da\/#website\",\"url\":\"https:\/\/acefootball.com\/da\/\",\"name\":\"Ace Football Danmark\",\"description\":\"Nyheder, Spiltips &amp; Livescore\",\"publisher\":{\"@id\":\"https:\/\/acefootball.com\/da\/#organization\"},\"potentialAction\":[{\"@type\":\"SearchAction\",\"target\":{\"@type\":\"EntryPoint\",\"urlTemplate\":\"https:\/\/acefootball.com\/da\/?s={search_term_string}\"},\"query-input\":\"required name=search_term_string\"}],\"inLanguage\":\"en-US\"},{\"@type\":\"ImageObject\",\"@id\":\"https:\/\/acefootball.com\/da\/fodboldnyheder\/ingen-toeven-real-madrid-giver-bales-nummer-11-videre\/#primaryimage\",\"inLanguage\":\"en-US\",\"url\":\"https:\/\/acefootball.com\/da\/wp-content\/uploads\/sites\/2\/2020\/09\/GettyImages-1176416145.jpg\",\"contentUrl\":\"https:\/\/acefootball.com\/da\/wp-content\/uploads\/sites\/2\/2020\/09\/GettyImages-1176416145.jpg\",\"width\":1024,\"height\":711,\"caption\":\"SEVILLE, SPAIN - SEPTEMBER 22: Gareth Bale of Real Madrid CF looks on during the Liga match between Sevilla FC and Real Madrid CF at Estadio Ramon Sanchez Pizjuan on September 22, 2019 in Seville, Spain. (Photo by Aitor Alcalde\/Getty Images)\"},{\"@type\":\"WebPage\",\"@id\":\"https:\/\/acefootball.com\/da\/fodboldnyheder\/ingen-toeven-real-madrid-giver-bales-nummer-11-videre\/#webpage\",\"url\":\"https:\/\/acefootball.com\/da\/fodboldnyheder\/ingen-toeven-real-madrid-giver-bales-nummer-11-videre\/\",\"name\":\"Ingen t\u00f8ven: Real Madrid giver Bales nummer 11 videre\",\"isPartOf\":{\"@id\":\"https:\/\/acefootball.com\/da\/#website\"},\"primaryImageOfPage\":{\"@id\":\"https:\/\/acefootball.com\/da\/fodboldnyheder\/ingen-toeven-real-madrid-giver-bales-nummer-11-videre\/#primaryimage\"},\"datePublished\":\"2020-09-18T14:34:37+00:00\",\"dateModified\":\"2020-09-18T14:34:38+00:00\",\"description\":\"Gareth Bale er endnu ikke officielt p\u00e5 plads i Tottenham, men Real Madrid har ikke t\u00f8vet med at give waliserens nummer 11 videre\",\"breadcrumb\":{\"@id\":\"https:\/\/acefootball.com\/da\/fodboldnyheder\/ingen-toeven-real-madrid-giver-bales-nummer-11-videre\/#breadcrumb\"},\"inLanguage\":\"en-US\",\"potentialAction\":[{\"@type\":\"ReadAction\",\"target\":[\"https:\/\/acefootball.com\/da\/fodboldnyheder\/ingen-toeven-real-madrid-giver-bales-nummer-11-videre\/\"]}]},{\"@type\":\"BreadcrumbList\",\"@id\":\"https:\/\/acefootball.com\/da\/fodboldnyheder\/ingen-toeven-real-madrid-giver-bales-nummer-11-videre\/#breadcrumb\",\"itemListElement\":[{\"@type\":\"ListItem\",\"position\":1,\"name\":\"Home\",\"item\":\"https:\/\/acefootball.com\/da\/\"},{\"@type\":\"ListItem\",\"position\":2,\"name\":\"Ingen t\u00f8ven: Real Madrid giver Bales nummer 11 videre\"}]},{\"@type\":\"Article\",\"@id\":\"https:\/\/acefootball.com\/da\/fodboldnyheder\/ingen-toeven-real-madrid-giver-bales-nummer-11-videre\/#article\",\"isPartOf\":{\"@id\":\"https:\/\/acefootball.com\/da\/fodboldnyheder\/ingen-toeven-real-madrid-giver-bales-nummer-11-videre\/#webpage\"},\"author\":{\"@id\":\"https:\/\/acefootball.com\/da\/#\/schema\/person\/ee67e9cf04a276f144100ffa722f10cd\"},\"headline\":\"Ingen t\u00f8ven: Real Madrid giver Bales nummer 11 videre\",\"datePublished\":\"2020-09-18T14:34:37+00:00\",\"dateModified\":\"2020-09-18T14:34:38+00:00\",\"mainEntityOfPage\":{\"@id\":\"https:\/\/acefootball.com\/da\/fodboldnyheder\/ingen-toeven-real-madrid-giver-bales-nummer-11-videre\/#webpage\"},\"wordCount\":154,\"commentCount\":0,\"publisher\":{\"@id\":\"https:\/\/acefootball.com\/da\/#organization\"},\"image\":{\"@id\":\"https:\/\/acefootball.com\/da\/fodboldnyheder\/ingen-toeven-real-madrid-giver-bales-nummer-11-videre\/#primaryimage\"},\"thumbnailUrl\":\"https:\/\/acefootball.com\/da\/wp-content\/uploads\/sites\/2\/2020\/09\/GettyImages-1176416145.jpg\",\"keywords\":[\"Gareth Bale\",\"La Liga\",\"Marco Asensio\",\"Real Madrid\"],\"articleSection\":[\"Nyhed\"],\"inLanguage\":\"en-US\",\"potentialAction\":[{\"@type\":\"CommentAction\",\"name\":\"Comment\",\"target\":[\"https:\/\/acefootball.com\/da\/fodboldnyheder\/ingen-toeven-real-madrid-giver-bales-nummer-11-videre\/#respond\"]}]},{\"@type\":\"Person\",\"@id\":\"https:\/\/acefootball.com\/da\/#\/schema\/person\/ee67e9cf04a276f144100ffa722f10cd\",\"name\":\"Mads Dreyer\",\"image\":{\"@type\":\"ImageObject\",\"@id\":\"https:\/\/acefootball.com\/da\/#personlogo\",\"inLanguage\":\"en-US\",\"url\":\"https:\/\/secure.gravatar.com\/avatar\/7c7abf72cfde9902b6a60efe60c88d4c?s=96&d=mm&r=g\",\"contentUrl\":\"https:\/\/secure.gravatar.com\/avatar\/7c7abf72cfde9902b6a60efe60c88d4c?s=96&d=mm&r=g\",\"caption\":\"Mads Dreyer\"},\"description\":\"Skribent og fodboldn\u00f8rd, der lige nu fort\u00e6ller om alt og intet i fodboldverdenen p\u00e5 acefootball.com. Uddannet i kommunikation fra Aalborg Universitet.\",\"sameAs\":[\"https:\/\/www.linkedin.com\/in\/mads-dreyer-b9b08266\/\"],\"url\":\"https:\/\/acefootball.com\/da\/fodboldnyheder\/author\/mdnronaldo\/\"}]}<\/script>\n<!-- \/ Yoast SEO plugin. -->","yoast_head_json":{"title":"Ingen t\u00f8ven: Real Madrid giver Bales nummer 11 videre","description":"Gareth Bale er endnu ikke officielt p\u00e5 plads i Tottenham, men Real Madrid har ikke t\u00f8vet med at give waliserens nummer 11 videre","robots":{"index":"index","follow":"follow","max-snippet":"max-snippet:-1","max-image-preview":"max-image-preview:large","max-video-preview":"max-video-preview:-1"},"canonical":"https:\/\/acefootball.com\/da\/fodboldnyheder\/ingen-toeven-real-madrid-giver-bales-nummer-11-videre\/","og_locale":"en_US","og_type":"article","og_title":"Ingen t\u00f8ven: Real Madrid giver Bales nummer 11 videre","og_description":"Gareth Bale er endnu ikke officielt p\u00e5 plads i Tottenham, men Real Madrid har ikke t\u00f8vet med at give waliserens nummer 11 videre","og_url":"https:\/\/acefootball.com\/da\/fodboldnyheder\/ingen-toeven-real-madrid-giver-bales-nummer-11-videre\/","og_site_name":"Ace Football Danmark","article_publisher":"https:\/\/www.facebook.com\/acefootballdk","article_published_time":"2020-09-18T14:34:37+00:00","article_modified_time":"2020-09-18T14:34:38+00:00","og_image":[{"width":1024,"height":711,"url":"https:\/\/acefootball.com\/da\/wp-content\/uploads\/sites\/2\/2020\/09\/GettyImages-1176416145.jpg","type":"image\/jpeg"}],"twitter_card":"summary_large_image","twitter_misc":{"Written by":"Mads Dreyer","Est. reading time":"1 minute"},"schema":{"@context":"https:\/\/schema.org","@graph":[{"@type":"Organization","@id":"https:\/\/acefootball.com\/da\/#organization","name":"Ace Football","url":"https:\/\/acefootball.com\/da\/","sameAs":["https:\/\/www.facebook.com\/acefootballdk"],"logo":{"@type":"ImageObject","@id":"https:\/\/acefootball.com\/da\/#logo","inLanguage":"en-US","url":"https:\/\/acefootball.com\/da\/wp-content\/uploads\/sites\/2\/2020\/07\/Ace-Football-30-07-2020-2.png","contentUrl":"https:\/\/acefootball.com\/da\/wp-content\/uploads\/sites\/2\/2020\/07\/Ace-Football-30-07-2020-2.png","width":1200,"height":600,"caption":"Ace Football"},"image":{"@id":"https:\/\/acefootball.com\/da\/#logo"}},{"@type":"WebSite","@id":"https:\/\/acefootball.com\/da\/#website","url":"https:\/\/acefootball.com\/da\/","name":"Ace Football Danmark","description":"Nyheder, Spiltips &amp; Livescore","publisher":{"@id":"https:\/\/acefootball.com\/da\/#organization"},"potentialAction":[{"@type":"SearchAction","target":{"@type":"EntryPoint","urlTemplate":"https:\/\/acefootball.com\/da\/?s={search_term_string}"},"query-input":"required name=search_term_string"}],"inLanguage":"en-US"},{"@type":"ImageObject","@id":"https:\/\/acefootball.com\/da\/fodboldnyheder\/ingen-toeven-real-madrid-giver-bales-nummer-11-videre\/#primaryimage","inLanguage":"en-US","url":"https:\/\/acefootball.com\/da\/wp-content\/uploads\/sites\/2\/2020\/09\/GettyImages-1176416145.jpg","contentUrl":"https:\/\/acefootball.com\/da\/wp-content\/uploads\/sites\/2\/2020\/09\/GettyImages-1176416145.jpg","width":1024,"height":711,"caption":"SEVILLE, SPAIN - SEPTEMBER 22: Gareth Bale of Real Madrid CF looks on during the Liga match between Sevilla FC and Real Madrid CF at Estadio Ramon Sanchez Pizjuan on September 22, 2019 in Seville, Spain. (Photo by Aitor Alcalde\/Getty Images)"},{"@type":"WebPage","@id":"https:\/\/acefootball.com\/da\/fodboldnyheder\/ingen-toeven-real-madrid-giver-bales-nummer-11-videre\/#webpage","url":"https:\/\/acefootball.com\/da\/fodboldnyheder\/ingen-toeven-real-madrid-giver-bales-nummer-11-videre\/","name":"Ingen t\u00f8ven: Real Madrid giver Bales nummer 11 videre","isPartOf":{"@id":"https:\/\/acefootball.com\/da\/#website"},"primaryImageOfPage":{"@id":"https:\/\/acefootball.com\/da\/fodboldnyheder\/ingen-toeven-real-madrid-giver-bales-nummer-11-videre\/#primaryimage"},"datePublished":"2020-09-18T14:34:37+00:00","dateModified":"2020-09-18T14:34:38+00:00","description":"Gareth Bale er endnu ikke officielt p\u00e5 plads i Tottenham, men Real Madrid har ikke t\u00f8vet med at give waliserens nummer 11 videre","breadcrumb":{"@id":"https:\/\/acefootball.com\/da\/fodboldnyheder\/ingen-toeven-real-madrid-giver-bales-nummer-11-videre\/#breadcrumb"},"inLanguage":"en-US","potentialAction":[{"@type":"ReadAction","target":["https:\/\/acefootball.com\/da\/fodboldnyheder\/ingen-toeven-real-madrid-giver-bales-nummer-11-videre\/"]}]},{"@type":"BreadcrumbList","@id":"https:\/\/acefootball.com\/da\/fodboldnyheder\/ingen-toeven-real-madrid-giver-bales-nummer-11-videre\/#breadcrumb","itemListElement":[{"@type":"ListItem","position":1,"name":"Home","item":"https:\/\/acefootball.com\/da\/"},{"@type":"ListItem","position":2,"name":"Ingen t\u00f8ven: Real Madrid giver Bales nummer 11 videre"}]},{"@type":"Article","@id":"https:\/\/acefootball.com\/da\/fodboldnyheder\/ingen-toeven-real-madrid-giver-bales-nummer-11-videre\/#article","isPartOf":{"@id":"https:\/\/acefootball.com\/da\/fodboldnyheder\/ingen-toeven-real-madrid-giver-bales-nummer-11-videre\/#webpage"},"author":{"@id":"https:\/\/acefootball.com\/da\/#\/schema\/person\/ee67e9cf04a276f144100ffa722f10cd"},"headline":"Ingen t\u00f8ven: Real Madrid giver Bales nummer 11 videre","datePublished":"2020-09-18T14:34:37+00:00","dateModified":"2020-09-18T14:34:38+00:00","mainEntityOfPage":{"@id":"https:\/\/acefootball.com\/da\/fodboldnyheder\/ingen-toeven-real-madrid-giver-bales-nummer-11-videre\/#webpage"},"wordCount":154,"commentCount":0,"publisher":{"@id":"https:\/\/acefootball.com\/da\/#organization"},"image":{"@id":"https:\/\/acefootball.com\/da\/fodboldnyheder\/ingen-toeven-real-madrid-giver-bales-nummer-11-videre\/#primaryimage"},"thumbnailUrl":"https:\/\/acefootball.com\/da\/wp-content\/uploads\/sites\/2\/2020\/09\/GettyImages-1176416145.jpg","keywords":["Gareth Bale","La Liga","Marco Asensio","Real Madrid"],"articleSection":["Nyhed"],"inLanguage":"en-US","potentialAction":[{"@type":"CommentAction","name":"Comment","target":["https:\/\/acefootball.com\/da\/fodboldnyheder\/ingen-toeven-real-madrid-giver-bales-nummer-11-videre\/#respond"]}]},{"@type":"Person","@id":"https:\/\/acefootball.com\/da\/#\/schema\/person\/ee67e9cf04a276f144100ffa722f10cd","name":"Mads Dreyer","image":{"@type":"ImageObject","@id":"https:\/\/acefootball.com\/da\/#personlogo","inLanguage":"en-US","url":"https:\/\/secure.gravatar.com\/avatar\/7c7abf72cfde9902b6a60efe60c88d4c?s=96&d=mm&r=g","contentUrl":"https:\/\/secure.gravatar.com\/avatar\/7c7abf72cfde9902b6a60efe60c88d4c?s=96&d=mm&r=g","caption":"Mads Dreyer"},"description":"Skribent og fodboldn\u00f8rd, der lige nu fort\u00e6ller om alt og intet i fodboldverdenen p\u00e5 acefootball.com. Uddannet i kommunikation fra Aalborg Universitet.","sameAs":["https:\/\/www.linkedin.com\/in\/mads-dreyer-b9b08266\/"],"url":"https:\/\/acefootball.com\/da\/fodboldnyheder\/author\/mdnronaldo\/"}]}},"fimg_url":"https:\/\/acefootball.com\/da\/wp-content\/uploads\/sites\/2\/2020\/09\/GettyImages-1176416145.jpg","_links":{"self":[{"href":"https:\/\/acefootball.com\/da\/wp-json\/wp\/v2\/posts\/237701"}],"collection":[{"href":"https:\/\/acefootball.com\/da\/wp-json\/wp\/v2\/posts"}],"about":[{"href":"https:\/\/acefootball.com\/da\/wp-json\/wp\/v2\/types\/post"}],"author":[{"embeddable":true,"href":"https:\/\/acefootball.com\/da\/wp-json\/wp\/v2\/users\/705"}],"replies":[{"embeddable":true,"href":"https:\/\/acefootball.com\/da\/wp-json\/wp\/v2\/comments?post=237701"}],"version-history":[{"count":0,"href":"https:\/\/acefootball.com\/da\/wp-json\/wp\/v2\/posts\/237701\/revisions"}],"wp:featuredmedia":[{"embeddable":true,"href":"https:\/\/acefootball.com\/da\/wp-json\/wp\/v2\/media\/237703"}],"wp:attachment":[{"href":"https:\/\/acefootball.com\/da\/wp-json\/wp\/v2\/media?parent=237701"}],"wp:term":[{"taxonomy":"category","embeddable":true,"href":"https:\/\/acefootball.com\/da\/wp-json\/wp\/v2\/categories?post=237701"},{"taxonomy":"post_tag","embeddable":true,"href":"https:\/\/acefootball.com\/da\/wp-json\/wp\/v2\/tags?post=237701"}],"curies":[{"name":"wp","href":"https:\/\/api.w.org\/{rel}","templated":true}]}}