{"id":237676,"date":"2020-09-18T13:11:50","date_gmt":"2020-09-18T11:11:50","guid":{"rendered":"https:\/\/acefootball.com\/da\/?p=237676"},"modified":"2020-09-18T13:12:26","modified_gmt":"2020-09-18T11:12:26","slug":"video-thiago-med-roerende-bayern-munchen-afsked","status":"publish","type":"post","link":"https:\/\/acefootball.com\/da\/fodboldnyheder\/video-thiago-med-roerende-bayern-munchen-afsked\/","title":{"rendered":"Video: Thiago med r\u00f8rende Bayern M\u00fcnchen-afsked"},"content":{"rendered":"\n<h2>Thiagos Alcantara er f\u00e6rdig i Bayern M\u00fcnchen og har p\u00e5 Twitter sendt en takkevideo til klubben, han har repr\u00e6senteret i syv s\u00e6soner<\/h2>\n\n\n\n<p>Thiagos tid i Bayern M\u00fcnchen har n\u00e5et sin ende, og midtbanekreat\u00f8ren skifter efter alt at d\u00f8mme til Liverpool denne sommer.<\/p>\n\n\n\n<figure class=\"wp-block-embed-wordpress wp-block-embed is-type-wp-embed is-provider-ace-football-danmark\"><div class=\"wp-block-embed__wrapper\">\n<blockquote class=\"wp-embedded-content\" data-secret=\"UNsgn68hPC\"><a href=\"https:\/\/acefootball.com\/da\/fodboldnyheder\/bayern-boss-bekraefter-thiago-afsked-tillykke-til-liverpool\/\">Bayern-boss bekr\u00e6fter Thiago-afsked: Tillykke til Liverpool<\/a><\/blockquote><iframe class=\"wp-embedded-content\" sandbox=\"allow-scripts\" security=\"restricted\" style=\"position: absolute; clip: rect(1px, 1px, 1px, 1px);\" title=\"&#8220;Bayern-boss bekr\u00e6fter Thiago-afsked: Tillykke til Liverpool&#8221; &#8212; Ace Football Danmark\" src=\"https:\/\/acefootball.com\/da\/fodboldnyheder\/bayern-boss-bekraefter-thiago-afsked-tillykke-til-liverpool\/embed\/#?secret=UNsgn68hPC\" data-secret=\"UNsgn68hPC\" width=\"600\" height=\"338\" frameborder=\"0\" marginwidth=\"0\" marginheight=\"0\" scrolling=\"no\"><\/iframe>\n<\/div><\/figure>\n\n\n\n<p>I den forbindelse har den 29-\u00e5rige spanier p\u00e5 sin officielle Twitter-profil lagt en r\u00f8rende video op, hvor han takker Bayern for den fantastiske tid i klubben, som du kan se herunder.<\/p>\n\n\n\n<figure class=\"wp-block-embed-twitter wp-block-embed is-type-rich is-provider-twitter\"><div class=\"wp-block-embed__wrapper\">\n<blockquote class=\"twitter-tweet\" data-width=\"550\" data-dnt=\"true\"><p lang=\"de\" dir=\"ltr\">F\u00fcr immer dankbar, <a href=\"https:\/\/twitter.com\/FCBayern?ref_src=twsrc%5Etfw\">@fcbayern<\/a> ! Bayern wird immer ein St\u00fcck Heimat f\u00fcr mich sein. <a href=\"https:\/\/twitter.com\/hashtag\/MiaSanMia?src=hash&amp;ref_src=twsrc%5Etfw\">#MiaSanMia<\/a> \u2764\ufe0f <a href=\"https:\/\/t.co\/aFlWADLvFQ\">pic.twitter.com\/aFlWADLvFQ<\/a><\/p>&mdash; Thiago Alcantara (@Thiago6) <a href=\"https:\/\/twitter.com\/Thiago6\/status\/1306891781292908544?ref_src=twsrc%5Etfw\">September 18, 2020<\/a><\/blockquote><script async src=\"https:\/\/platform.twitter.com\/widgets.js\" charset=\"utf-8\"><\/script>\n<\/div><\/figure>\n\n\n\n<p>Thiago n\u00e5ede at spille 235 kampe for klubben, hvor det ogs\u00e5 blev til et tysk mesterskab i samtlige syv s\u00e6soner. Opholdet blev sluttet af p\u00e5 den bedst mulige m\u00e5de, da klubben efter en turbulent s\u00e6son med en tr\u00e6nerfyring og corona-pandemien endte med at sikre sig The Treble.<\/p>\n\n\n\n<p>Der har v\u00e6ret spekulationer om, at Thiagos ankomst til Liverpool vil betyde, at Georgionio Wijnaldum skal skydes afsted, men if\u00f8lge den trov\u00e6rdige italienske journalist Fabrizio Romano vil The Reds faktisk gerne beholde dem begge. <\/p>\n\n\n\n<figure class=\"wp-block-embed-twitter wp-block-embed is-type-rich is-provider-twitter\"><div class=\"wp-block-embed__wrapper\">\n<blockquote class=\"twitter-tweet\" data-width=\"550\" data-dnt=\"true\"><p lang=\"en\" dir=\"ltr\">J\u00fcrgen Klopp about Wijnaldum future [<a href=\"https:\/\/twitter.com\/AnfieldWatch?ref_src=twsrc%5Etfw\">@AnfieldWatch<\/a>]: \u201cThiago is coming? Look at our channels today&#8230; but it has no impact on anybody&#39;s future in a negative way. There will be no impact\u201d.<br>Koeman wants him but there\u2019s still *no* official bid from Bar\u00e7a. <a href=\"https:\/\/twitter.com\/hashtag\/LFC?src=hash&amp;ref_src=twsrc%5Etfw\">#LFC<\/a> trying to keep him. \ud83d\udd34<\/p>&mdash; Fabrizio Romano (@FabrizioRomano) <a href=\"https:\/\/twitter.com\/FabrizioRomano\/status\/1306912374713131008?ref_src=twsrc%5Etfw\">September 18, 2020<\/a><\/blockquote><script async src=\"https:\/\/platform.twitter.com\/widgets.js\" charset=\"utf-8\"><\/script>\n<\/div><\/figure>\n","protected":false},"excerpt":{"rendered":"<p>Thiagos Alcantara er f\u00e6rdig i Bayern M\u00fcnchen og har p\u00e5 Twitter sendt en takkevideo til klubben, han har repr\u00e6senteret i syv s\u00e6soner<\/p>\n","protected":false},"author":74,"featured_media":237678,"comment_status":"open","ping_status":"closed","sticky":false,"template":"","format":"video","meta":{"om_disable_all_campaigns":false,"push_articles_ronaldo":{"active":false,"canonical":0,"publish":false},"force_updates":null},"categories":[8098],"tags":[74,143,1381],"enet_tags":{"team":["9823"],"league":["54"],"player":["172949"],"sport_events":[]},"yoast_head":"<!-- This site is optimized with the Yoast SEO plugin v18.3 - https:\/\/yoast.com\/wordpress\/plugins\/seo\/ -->\n<title>Video: Thiago med r\u00f8rende Bayern M\u00fcnchen-afsked<\/title>\n<meta name=\"description\" content=\"Thiagos Alcantara er f\u00e6rdig i Bayern M\u00fcnchen og har p\u00e5 Twitter sendt en takkevideo til klubben, han har repr\u00e6senteret i syv s\u00e6soner\" \/>\n<meta name=\"robots\" content=\"index, follow, max-snippet:-1, max-image-preview:large, max-video-preview:-1\" \/>\n<link rel=\"canonical\" href=\"https:\/\/acefootball.com\/da\/fodboldnyheder\/video-thiago-med-roerende-bayern-munchen-afsked\/\" \/>\n<meta property=\"og:locale\" content=\"en_US\" \/>\n<meta property=\"og:type\" content=\"article\" \/>\n<meta property=\"og:title\" content=\"Video: Thiago med r\u00f8rende Bayern M\u00fcnchen-afsked\" \/>\n<meta property=\"og:description\" content=\"Thiagos Alcantara er f\u00e6rdig i Bayern M\u00fcnchen og har p\u00e5 Twitter sendt en takkevideo til klubben, han har repr\u00e6senteret i syv s\u00e6soner\" \/>\n<meta property=\"og:url\" content=\"https:\/\/acefootball.com\/da\/fodboldnyheder\/video-thiago-med-roerende-bayern-munchen-afsked\/\" \/>\n<meta property=\"og:site_name\" content=\"Ace Football Danmark\" \/>\n<meta property=\"article:publisher\" content=\"https:\/\/www.facebook.com\/acefootballdk\" \/>\n<meta property=\"article:published_time\" content=\"2020-09-18T11:11:50+00:00\" \/>\n<meta property=\"article:modified_time\" content=\"2020-09-18T11:12:26+00:00\" \/>\n<meta property=\"og:image\" content=\"https:\/\/acefootball.com\/da\/wp-content\/uploads\/sites\/2\/2020\/09\/Thiago.jpg\" \/>\n\t<meta property=\"og:image:width\" content=\"1024\" \/>\n\t<meta property=\"og:image:height\" content=\"683\" \/>\n\t<meta property=\"og:image:type\" content=\"image\/jpeg\" \/>\n<meta name=\"twitter:card\" content=\"summary_large_image\" \/>\n<meta name=\"twitter:label1\" content=\"Written by\" \/>\n\t<meta name=\"twitter:data1\" content=\"Patrick Hesselb\u00e6k\" \/>\n\t<meta name=\"twitter:label2\" content=\"Est. reading time\" \/>\n\t<meta name=\"twitter:data2\" content=\"1 minute\" \/>\n<script type=\"application\/ld+json\" class=\"yoast-schema-graph\">{\"@context\":\"https:\/\/schema.org\",\"@graph\":[{\"@type\":\"Organization\",\"@id\":\"https:\/\/acefootball.com\/da\/#organization\",\"name\":\"Ace Football\",\"url\":\"https:\/\/acefootball.com\/da\/\",\"sameAs\":[\"https:\/\/www.facebook.com\/acefootballdk\"],\"logo\":{\"@type\":\"ImageObject\",\"@id\":\"https:\/\/acefootball.com\/da\/#logo\",\"inLanguage\":\"en-US\",\"url\":\"https:\/\/acefootball.com\/da\/wp-content\/uploads\/sites\/2\/2020\/07\/Ace-Football-30-07-2020-2.png\",\"contentUrl\":\"https:\/\/acefootball.com\/da\/wp-content\/uploads\/sites\/2\/2020\/07\/Ace-Football-30-07-2020-2.png\",\"width\":1200,\"height\":600,\"caption\":\"Ace Football\"},\"image\":{\"@id\":\"https:\/\/acefootball.com\/da\/#logo\"}},{\"@type\":\"WebSite\",\"@id\":\"https:\/\/acefootball.com\/da\/#website\",\"url\":\"https:\/\/acefootball.com\/da\/\",\"name\":\"Ace Football Danmark\",\"description\":\"Nyheder, Spiltips &amp; Livescore\",\"publisher\":{\"@id\":\"https:\/\/acefootball.com\/da\/#organization\"},\"potentialAction\":[{\"@type\":\"SearchAction\",\"target\":{\"@type\":\"EntryPoint\",\"urlTemplate\":\"https:\/\/acefootball.com\/da\/?s={search_term_string}\"},\"query-input\":\"required name=search_term_string\"}],\"inLanguage\":\"en-US\"},{\"@type\":\"ImageObject\",\"@id\":\"https:\/\/acefootball.com\/da\/fodboldnyheder\/video-thiago-med-roerende-bayern-munchen-afsked\/#primaryimage\",\"inLanguage\":\"en-US\",\"url\":\"https:\/\/acefootball.com\/da\/wp-content\/uploads\/sites\/2\/2020\/09\/Thiago.jpg\",\"contentUrl\":\"https:\/\/acefootball.com\/da\/wp-content\/uploads\/sites\/2\/2020\/09\/Thiago.jpg\",\"width\":1024,\"height\":683,\"caption\":\"Foto: Twitter\"},{\"@type\":\"WebPage\",\"@id\":\"https:\/\/acefootball.com\/da\/fodboldnyheder\/video-thiago-med-roerende-bayern-munchen-afsked\/#webpage\",\"url\":\"https:\/\/acefootball.com\/da\/fodboldnyheder\/video-thiago-med-roerende-bayern-munchen-afsked\/\",\"name\":\"Video: Thiago med r\u00f8rende Bayern M\u00fcnchen-afsked\",\"isPartOf\":{\"@id\":\"https:\/\/acefootball.com\/da\/#website\"},\"primaryImageOfPage\":{\"@id\":\"https:\/\/acefootball.com\/da\/fodboldnyheder\/video-thiago-med-roerende-bayern-munchen-afsked\/#primaryimage\"},\"datePublished\":\"2020-09-18T11:11:50+00:00\",\"dateModified\":\"2020-09-18T11:12:26+00:00\",\"description\":\"Thiagos Alcantara er f\u00e6rdig i Bayern M\u00fcnchen og har p\u00e5 Twitter sendt en takkevideo til klubben, han har repr\u00e6senteret i syv s\u00e6soner\",\"breadcrumb\":{\"@id\":\"https:\/\/acefootball.com\/da\/fodboldnyheder\/video-thiago-med-roerende-bayern-munchen-afsked\/#breadcrumb\"},\"inLanguage\":\"en-US\",\"potentialAction\":[{\"@type\":\"ReadAction\",\"target\":[\"https:\/\/acefootball.com\/da\/fodboldnyheder\/video-thiago-med-roerende-bayern-munchen-afsked\/\"]}]},{\"@type\":\"BreadcrumbList\",\"@id\":\"https:\/\/acefootball.com\/da\/fodboldnyheder\/video-thiago-med-roerende-bayern-munchen-afsked\/#breadcrumb\",\"itemListElement\":[{\"@type\":\"ListItem\",\"position\":1,\"name\":\"Home\",\"item\":\"https:\/\/acefootball.com\/da\/\"},{\"@type\":\"ListItem\",\"position\":2,\"name\":\"Video: Thiago med r\u00f8rende Bayern M\u00fcnchen-afsked\"}]},{\"@type\":\"Article\",\"@id\":\"https:\/\/acefootball.com\/da\/fodboldnyheder\/video-thiago-med-roerende-bayern-munchen-afsked\/#article\",\"isPartOf\":{\"@id\":\"https:\/\/acefootball.com\/da\/fodboldnyheder\/video-thiago-med-roerende-bayern-munchen-afsked\/#webpage\"},\"author\":{\"@id\":\"https:\/\/acefootball.com\/da\/#\/schema\/person\/fd6223a1c033400b41da7853ddf88c84\"},\"headline\":\"Video: Thiago med r\u00f8rende Bayern M\u00fcnchen-afsked\",\"datePublished\":\"2020-09-18T11:11:50+00:00\",\"dateModified\":\"2020-09-18T11:12:26+00:00\",\"mainEntityOfPage\":{\"@id\":\"https:\/\/acefootball.com\/da\/fodboldnyheder\/video-thiago-med-roerende-bayern-munchen-afsked\/#webpage\"},\"wordCount\":195,\"commentCount\":0,\"publisher\":{\"@id\":\"https:\/\/acefootball.com\/da\/#organization\"},\"image\":{\"@id\":\"https:\/\/acefootball.com\/da\/fodboldnyheder\/video-thiago-med-roerende-bayern-munchen-afsked\/#primaryimage\"},\"thumbnailUrl\":\"https:\/\/acefootball.com\/da\/wp-content\/uploads\/sites\/2\/2020\/09\/Thiago.jpg\",\"keywords\":[\"Bayern M\u00fcnchen\",\"Bundesliga\",\"Thiago Alc\u00e2ntara\"],\"articleSection\":[\"Video\"],\"inLanguage\":\"en-US\",\"potentialAction\":[{\"@type\":\"CommentAction\",\"name\":\"Comment\",\"target\":[\"https:\/\/acefootball.com\/da\/fodboldnyheder\/video-thiago-med-roerende-bayern-munchen-afsked\/#respond\"]}]},{\"@type\":\"Person\",\"@id\":\"https:\/\/acefootball.com\/da\/#\/schema\/person\/fd6223a1c033400b41da7853ddf88c84\",\"name\":\"Patrick Hesselb\u00e6k\",\"image\":{\"@type\":\"ImageObject\",\"@id\":\"https:\/\/acefootball.com\/da\/#personlogo\",\"inLanguage\":\"en-US\",\"url\":\"https:\/\/secure.gravatar.com\/avatar\/7919060992759bffbffb199d6cbdce6f?s=96&d=mm&r=g\",\"contentUrl\":\"https:\/\/secure.gravatar.com\/avatar\/7919060992759bffbffb199d6cbdce6f?s=96&d=mm&r=g\",\"caption\":\"Patrick Hesselb\u00e6k\"},\"description\":\"Redakt\u00f8r p\u00e5 den danske Ace Football-redaktion. Uddannet i kommunikation fra Aalborg Universitet. Prim\u00e6rt fokus p\u00e5 den danske 3F Superliga og de st\u00f8rste europ\u00e6iske turneringer.\",\"sameAs\":[\"https:\/\/www.linkedin.com\/in\/patrick-hesselbk-2a4b1711a\/\"],\"url\":\"https:\/\/acefootball.com\/da\/fodboldnyheder\/author\/patrickhesselbaek\/\"}]}<\/script>\n<!-- \/ Yoast SEO plugin. -->","yoast_head_json":{"title":"Video: Thiago med r\u00f8rende Bayern M\u00fcnchen-afsked","description":"Thiagos Alcantara er f\u00e6rdig i Bayern M\u00fcnchen og har p\u00e5 Twitter sendt en takkevideo til klubben, han har repr\u00e6senteret i syv s\u00e6soner","robots":{"index":"index","follow":"follow","max-snippet":"max-snippet:-1","max-image-preview":"max-image-preview:large","max-video-preview":"max-video-preview:-1"},"canonical":"https:\/\/acefootball.com\/da\/fodboldnyheder\/video-thiago-med-roerende-bayern-munchen-afsked\/","og_locale":"en_US","og_type":"article","og_title":"Video: Thiago med r\u00f8rende Bayern M\u00fcnchen-afsked","og_description":"Thiagos Alcantara er f\u00e6rdig i Bayern M\u00fcnchen og har p\u00e5 Twitter sendt en takkevideo til klubben, han har repr\u00e6senteret i syv s\u00e6soner","og_url":"https:\/\/acefootball.com\/da\/fodboldnyheder\/video-thiago-med-roerende-bayern-munchen-afsked\/","og_site_name":"Ace Football Danmark","article_publisher":"https:\/\/www.facebook.com\/acefootballdk","article_published_time":"2020-09-18T11:11:50+00:00","article_modified_time":"2020-09-18T11:12:26+00:00","og_image":[{"width":1024,"height":683,"url":"https:\/\/acefootball.com\/da\/wp-content\/uploads\/sites\/2\/2020\/09\/Thiago.jpg","type":"image\/jpeg"}],"twitter_card":"summary_large_image","twitter_misc":{"Written by":"Patrick Hesselb\u00e6k","Est. reading time":"1 minute"},"schema":{"@context":"https:\/\/schema.org","@graph":[{"@type":"Organization","@id":"https:\/\/acefootball.com\/da\/#organization","name":"Ace Football","url":"https:\/\/acefootball.com\/da\/","sameAs":["https:\/\/www.facebook.com\/acefootballdk"],"logo":{"@type":"ImageObject","@id":"https:\/\/acefootball.com\/da\/#logo","inLanguage":"en-US","url":"https:\/\/acefootball.com\/da\/wp-content\/uploads\/sites\/2\/2020\/07\/Ace-Football-30-07-2020-2.png","contentUrl":"https:\/\/acefootball.com\/da\/wp-content\/uploads\/sites\/2\/2020\/07\/Ace-Football-30-07-2020-2.png","width":1200,"height":600,"caption":"Ace Football"},"image":{"@id":"https:\/\/acefootball.com\/da\/#logo"}},{"@type":"WebSite","@id":"https:\/\/acefootball.com\/da\/#website","url":"https:\/\/acefootball.com\/da\/","name":"Ace Football Danmark","description":"Nyheder, Spiltips &amp; Livescore","publisher":{"@id":"https:\/\/acefootball.com\/da\/#organization"},"potentialAction":[{"@type":"SearchAction","target":{"@type":"EntryPoint","urlTemplate":"https:\/\/acefootball.com\/da\/?s={search_term_string}"},"query-input":"required name=search_term_string"}],"inLanguage":"en-US"},{"@type":"ImageObject","@id":"https:\/\/acefootball.com\/da\/fodboldnyheder\/video-thiago-med-roerende-bayern-munchen-afsked\/#primaryimage","inLanguage":"en-US","url":"https:\/\/acefootball.com\/da\/wp-content\/uploads\/sites\/2\/2020\/09\/Thiago.jpg","contentUrl":"https:\/\/acefootball.com\/da\/wp-content\/uploads\/sites\/2\/2020\/09\/Thiago.jpg","width":1024,"height":683,"caption":"Foto: Twitter"},{"@type":"WebPage","@id":"https:\/\/acefootball.com\/da\/fodboldnyheder\/video-thiago-med-roerende-bayern-munchen-afsked\/#webpage","url":"https:\/\/acefootball.com\/da\/fodboldnyheder\/video-thiago-med-roerende-bayern-munchen-afsked\/","name":"Video: Thiago med r\u00f8rende Bayern M\u00fcnchen-afsked","isPartOf":{"@id":"https:\/\/acefootball.com\/da\/#website"},"primaryImageOfPage":{"@id":"https:\/\/acefootball.com\/da\/fodboldnyheder\/video-thiago-med-roerende-bayern-munchen-afsked\/#primaryimage"},"datePublished":"2020-09-18T11:11:50+00:00","dateModified":"2020-09-18T11:12:26+00:00","description":"Thiagos Alcantara er f\u00e6rdig i Bayern M\u00fcnchen og har p\u00e5 Twitter sendt en takkevideo til klubben, han har repr\u00e6senteret i syv s\u00e6soner","breadcrumb":{"@id":"https:\/\/acefootball.com\/da\/fodboldnyheder\/video-thiago-med-roerende-bayern-munchen-afsked\/#breadcrumb"},"inLanguage":"en-US","potentialAction":[{"@type":"ReadAction","target":["https:\/\/acefootball.com\/da\/fodboldnyheder\/video-thiago-med-roerende-bayern-munchen-afsked\/"]}]},{"@type":"BreadcrumbList","@id":"https:\/\/acefootball.com\/da\/fodboldnyheder\/video-thiago-med-roerende-bayern-munchen-afsked\/#breadcrumb","itemListElement":[{"@type":"ListItem","position":1,"name":"Home","item":"https:\/\/acefootball.com\/da\/"},{"@type":"ListItem","position":2,"name":"Video: Thiago med r\u00f8rende Bayern M\u00fcnchen-afsked"}]},{"@type":"Article","@id":"https:\/\/acefootball.com\/da\/fodboldnyheder\/video-thiago-med-roerende-bayern-munchen-afsked\/#article","isPartOf":{"@id":"https:\/\/acefootball.com\/da\/fodboldnyheder\/video-thiago-med-roerende-bayern-munchen-afsked\/#webpage"},"author":{"@id":"https:\/\/acefootball.com\/da\/#\/schema\/person\/fd6223a1c033400b41da7853ddf88c84"},"headline":"Video: Thiago med r\u00f8rende Bayern M\u00fcnchen-afsked","datePublished":"2020-09-18T11:11:50+00:00","dateModified":"2020-09-18T11:12:26+00:00","mainEntityOfPage":{"@id":"https:\/\/acefootball.com\/da\/fodboldnyheder\/video-thiago-med-roerende-bayern-munchen-afsked\/#webpage"},"wordCount":195,"commentCount":0,"publisher":{"@id":"https:\/\/acefootball.com\/da\/#organization"},"image":{"@id":"https:\/\/acefootball.com\/da\/fodboldnyheder\/video-thiago-med-roerende-bayern-munchen-afsked\/#primaryimage"},"thumbnailUrl":"https:\/\/acefootball.com\/da\/wp-content\/uploads\/sites\/2\/2020\/09\/Thiago.jpg","keywords":["Bayern M\u00fcnchen","Bundesliga","Thiago Alc\u00e2ntara"],"articleSection":["Video"],"inLanguage":"en-US","potentialAction":[{"@type":"CommentAction","name":"Comment","target":["https:\/\/acefootball.com\/da\/fodboldnyheder\/video-thiago-med-roerende-bayern-munchen-afsked\/#respond"]}]},{"@type":"Person","@id":"https:\/\/acefootball.com\/da\/#\/schema\/person\/fd6223a1c033400b41da7853ddf88c84","name":"Patrick Hesselb\u00e6k","image":{"@type":"ImageObject","@id":"https:\/\/acefootball.com\/da\/#personlogo","inLanguage":"en-US","url":"https:\/\/secure.gravatar.com\/avatar\/7919060992759bffbffb199d6cbdce6f?s=96&d=mm&r=g","contentUrl":"https:\/\/secure.gravatar.com\/avatar\/7919060992759bffbffb199d6cbdce6f?s=96&d=mm&r=g","caption":"Patrick Hesselb\u00e6k"},"description":"Redakt\u00f8r p\u00e5 den danske Ace Football-redaktion. Uddannet i kommunikation fra Aalborg Universitet. Prim\u00e6rt fokus p\u00e5 den danske 3F Superliga og de st\u00f8rste europ\u00e6iske turneringer.","sameAs":["https:\/\/www.linkedin.com\/in\/patrick-hesselbk-2a4b1711a\/"],"url":"https:\/\/acefootball.com\/da\/fodboldnyheder\/author\/patrickhesselbaek\/"}]}},"fimg_url":"https:\/\/acefootball.com\/da\/wp-content\/uploads\/sites\/2\/2020\/09\/Thiago.jpg","_links":{"self":[{"href":"https:\/\/acefootball.com\/da\/wp-json\/wp\/v2\/posts\/237676"}],"collection":[{"href":"https:\/\/acefootball.com\/da\/wp-json\/wp\/v2\/posts"}],"about":[{"href":"https:\/\/acefootball.com\/da\/wp-json\/wp\/v2\/types\/post"}],"author":[{"embeddable":true,"href":"https:\/\/acefootball.com\/da\/wp-json\/wp\/v2\/users\/74"}],"replies":[{"embeddable":true,"href":"https:\/\/acefootball.com\/da\/wp-json\/wp\/v2\/comments?post=237676"}],"version-history":[{"count":0,"href":"https:\/\/acefootball.com\/da\/wp-json\/wp\/v2\/posts\/237676\/revisions"}],"wp:featuredmedia":[{"embeddable":true,"href":"https:\/\/acefootball.com\/da\/wp-json\/wp\/v2\/media\/237678"}],"wp:attachment":[{"href":"https:\/\/acefootball.com\/da\/wp-json\/wp\/v2\/media?parent=237676"}],"wp:term":[{"taxonomy":"category","embeddable":true,"href":"https:\/\/acefootball.com\/da\/wp-json\/wp\/v2\/categories?post=237676"},{"taxonomy":"post_tag","embeddable":true,"href":"https:\/\/acefootball.com\/da\/wp-json\/wp\/v2\/tags?post=237676"}],"curies":[{"name":"wp","href":"https:\/\/api.w.org\/{rel}","templated":true}]}}