{"id":237605,"date":"2020-09-17T15:59:18","date_gmt":"2020-09-17T13:59:18","guid":{"rendered":"https:\/\/acefootball.com\/da\/?p=237605"},"modified":"2020-09-17T15:54:12","modified_gmt":"2020-09-17T13:54:12","slug":"bayern-boss-bekraefter-thiago-afsked-tillykke-til-liverpool","status":"publish","type":"post","link":"https:\/\/acefootball.com\/da\/fodboldnyheder\/bayern-boss-bekraefter-thiago-afsked-tillykke-til-liverpool\/","title":{"rendered":"Bayern-boss bekr\u00e6fter Thiago-afsked: Tillykke til Liverpool"},"content":{"rendered":"\n<h2>Bayern M\u00fcnchen-tr\u00e6ner Hansi Flick bekr\u00e6fter, at man har tabt kampen om Thiago, der forts\u00e6tter karrieren i Liverpool<\/h2>\n\n\n\n<p>Efter et par ugers stilhed i transfersagaen om Thiago Alcantara blussede den igen op torsdag, da et <a href=\"https:\/\/acefootball.com\/da\/fodboldnyheder\/athletic-afsloerer-thiago-er-meget-taet-paa-liverpool\/\">skifte til Liverpool<\/a> omsider skulle begynde at tage form.<\/p>\n\n\n\n<p>Den spanske midtbanegeneral har tidligere udtryk \u00f8nske om at pr\u00f8ve noget nyt i karrieren, og her slog medier hurtigt fast, at det ville blive hos de engelske mestre.<\/p>\n\n\n\n<p>Nu bekr\u00e6fter Bayern M\u00fcnchen-tr\u00e6ner Hansi Flick s\u00e5 ogs\u00e5, at man ikke har kunne overbevise Thiago om at blive.<\/p>\n\n\n\n<div class=\"wp-block-si-widget wp-block-si-widget--center\"><si-lb-widget widget-id=\"PlayerSeasonStatsSnap\" data-hide-controls=\"false\" width=\"440\" data-card=\"true\" data-language=\"da\" data-provider=\"mrgreen\" data-player-id=\"172949\"><\/si-lb-widget><\/div>\n\n\n\n<p>&#8220;Thiago er en fantastisk spiller, og han var meget vigtig for os. Min stab og jeg n\u00f8d virkelig at arbejde med ham, og det var meget f\u00f8lelsesladet at sige farvel. Jeg kan kun \u00f8nske Liverpool tillykke, da de har f\u00e5et en stor spiller og i s\u00e6rdeleshed en stor personlighed,&#8221; udtalte Flick p\u00e5 et pressem\u00f8de if\u00f8lge <a href=\"https:\/\/www.mirror.co.uk\/sport\/football\/transfer-news\/liverpool-fc-transfer-news-thiago-22699087\" target=\"_blank\" rel=\"noreferrer noopener\">Mirror<\/a>.<\/p>\n\n\n\n<p>&#8220;Thiago gav holdet en masse muligheder og gjorde os uforudsigelige. Han \u00e5bnede spillet p\u00e5 m\u00e5der, man ikke forventede. Nu mister vi endnu en fantastisk spiller.&#8221;<\/p>\n\n\n\n<p>Handlen kommer if\u00f8lge rygter til at koste Liverpool i omegnen af 200 millioner kroner.<\/p>\n","protected":false},"excerpt":{"rendered":"<p>Bayern M\u00fcnchen-tr\u00e6ner Hansi Flick bekr\u00e6fter, at man har tabt kampen om Thiago, der forts\u00e6tter karrieren i Liverpool<\/p>\n","protected":false},"author":705,"featured_media":236951,"comment_status":"open","ping_status":"closed","sticky":false,"template":"","format":"standard","meta":{"om_disable_all_campaigns":false,"push_articles_ronaldo":{"active":false,"canonical":0,"publish":false},"force_updates":null},"categories":[8204],"tags":[74,143,8322,132,134,1381],"enet_tags":{"team":["9823","8650"],"league":["54","47"],"player":["131509","172949"],"sport_events":[]},"yoast_head":"<!-- This site is optimized with the Yoast SEO plugin v18.3 - https:\/\/yoast.com\/wordpress\/plugins\/seo\/ -->\n<title>Bayern-boss bekr\u00e6fter Thiago-afsked: Tillykke til Liverpool<\/title>\n<meta name=\"description\" content=\"Bayern M\u00fcnchen-tr\u00e6ner Hansi Flick bekr\u00e6fter, at man har tabt kampen om Thiago, der forts\u00e6tter karrieren i Liverpool\" \/>\n<meta name=\"robots\" content=\"index, follow, max-snippet:-1, max-image-preview:large, max-video-preview:-1\" \/>\n<link rel=\"canonical\" href=\"https:\/\/acefootball.com\/da\/fodboldnyheder\/bayern-boss-bekraefter-thiago-afsked-tillykke-til-liverpool\/\" \/>\n<meta property=\"og:locale\" content=\"en_US\" \/>\n<meta property=\"og:type\" content=\"article\" \/>\n<meta property=\"og:title\" content=\"Bayern-boss bekr\u00e6fter Thiago-afsked: Tillykke til Liverpool\" \/>\n<meta property=\"og:description\" content=\"Bayern M\u00fcnchen-tr\u00e6ner Hansi Flick bekr\u00e6fter, at man har tabt kampen om Thiago, der forts\u00e6tter karrieren i Liverpool\" \/>\n<meta property=\"og:url\" content=\"https:\/\/acefootball.com\/da\/fodboldnyheder\/bayern-boss-bekraefter-thiago-afsked-tillykke-til-liverpool\/\" \/>\n<meta property=\"og:site_name\" content=\"Ace Football Danmark\" \/>\n<meta property=\"article:publisher\" content=\"https:\/\/www.facebook.com\/acefootballdk\" \/>\n<meta property=\"article:published_time\" content=\"2020-09-17T13:59:18+00:00\" \/>\n<meta property=\"article:modified_time\" content=\"2020-09-17T13:54:12+00:00\" \/>\n<meta property=\"og:image\" content=\"https:\/\/acefootball.com\/da\/wp-content\/uploads\/sites\/2\/2020\/09\/GettyImages-1130796824.jpg\" \/>\n\t<meta property=\"og:image:width\" content=\"1024\" \/>\n\t<meta property=\"og:image:height\" content=\"702\" \/>\n\t<meta property=\"og:image:type\" content=\"image\/jpeg\" \/>\n<meta name=\"twitter:card\" content=\"summary_large_image\" \/>\n<meta name=\"twitter:label1\" content=\"Written by\" \/>\n\t<meta name=\"twitter:data1\" content=\"Mads Dreyer\" \/>\n\t<meta name=\"twitter:label2\" content=\"Est. reading time\" \/>\n\t<meta name=\"twitter:data2\" content=\"1 minute\" \/>\n<script type=\"application\/ld+json\" class=\"yoast-schema-graph\">{\"@context\":\"https:\/\/schema.org\",\"@graph\":[{\"@type\":\"Organization\",\"@id\":\"https:\/\/acefootball.com\/da\/#organization\",\"name\":\"Ace Football\",\"url\":\"https:\/\/acefootball.com\/da\/\",\"sameAs\":[\"https:\/\/www.facebook.com\/acefootballdk\"],\"logo\":{\"@type\":\"ImageObject\",\"@id\":\"https:\/\/acefootball.com\/da\/#logo\",\"inLanguage\":\"en-US\",\"url\":\"https:\/\/acefootball.com\/da\/wp-content\/uploads\/sites\/2\/2020\/07\/Ace-Football-30-07-2020-2.png\",\"contentUrl\":\"https:\/\/acefootball.com\/da\/wp-content\/uploads\/sites\/2\/2020\/07\/Ace-Football-30-07-2020-2.png\",\"width\":1200,\"height\":600,\"caption\":\"Ace Football\"},\"image\":{\"@id\":\"https:\/\/acefootball.com\/da\/#logo\"}},{\"@type\":\"WebSite\",\"@id\":\"https:\/\/acefootball.com\/da\/#website\",\"url\":\"https:\/\/acefootball.com\/da\/\",\"name\":\"Ace Football Danmark\",\"description\":\"Nyheder, Spiltips &amp; Livescore\",\"publisher\":{\"@id\":\"https:\/\/acefootball.com\/da\/#organization\"},\"potentialAction\":[{\"@type\":\"SearchAction\",\"target\":{\"@type\":\"EntryPoint\",\"urlTemplate\":\"https:\/\/acefootball.com\/da\/?s={search_term_string}\"},\"query-input\":\"required name=search_term_string\"}],\"inLanguage\":\"en-US\"},{\"@type\":\"ImageObject\",\"@id\":\"https:\/\/acefootball.com\/da\/fodboldnyheder\/bayern-boss-bekraefter-thiago-afsked-tillykke-til-liverpool\/#primaryimage\",\"inLanguage\":\"en-US\",\"url\":\"https:\/\/acefootball.com\/da\/wp-content\/uploads\/sites\/2\/2020\/09\/GettyImages-1130796824.jpg\",\"contentUrl\":\"https:\/\/acefootball.com\/da\/wp-content\/uploads\/sites\/2\/2020\/09\/GettyImages-1130796824.jpg\",\"width\":1024,\"height\":702,\"caption\":\"LIVERPOOL, ENGLAND - FEBRUARY 19: Thiago Alcantara of Bayern Munich holds off Naby Keita of Liverpool during the UEFA Champions League Round of 16 First Leg match between Liverpool and FC Bayern Muenchen at Anfield on February 19, 2019 in Liverpool, England. (Photo by Clive Brunskill\/Getty Images)\"},{\"@type\":\"WebPage\",\"@id\":\"https:\/\/acefootball.com\/da\/fodboldnyheder\/bayern-boss-bekraefter-thiago-afsked-tillykke-til-liverpool\/#webpage\",\"url\":\"https:\/\/acefootball.com\/da\/fodboldnyheder\/bayern-boss-bekraefter-thiago-afsked-tillykke-til-liverpool\/\",\"name\":\"Bayern-boss bekr\u00e6fter Thiago-afsked: Tillykke til Liverpool\",\"isPartOf\":{\"@id\":\"https:\/\/acefootball.com\/da\/#website\"},\"primaryImageOfPage\":{\"@id\":\"https:\/\/acefootball.com\/da\/fodboldnyheder\/bayern-boss-bekraefter-thiago-afsked-tillykke-til-liverpool\/#primaryimage\"},\"datePublished\":\"2020-09-17T13:59:18+00:00\",\"dateModified\":\"2020-09-17T13:54:12+00:00\",\"description\":\"Bayern M\u00fcnchen-tr\u00e6ner Hansi Flick bekr\u00e6fter, at man har tabt kampen om Thiago, der forts\u00e6tter karrieren i Liverpool\",\"breadcrumb\":{\"@id\":\"https:\/\/acefootball.com\/da\/fodboldnyheder\/bayern-boss-bekraefter-thiago-afsked-tillykke-til-liverpool\/#breadcrumb\"},\"inLanguage\":\"en-US\",\"potentialAction\":[{\"@type\":\"ReadAction\",\"target\":[\"https:\/\/acefootball.com\/da\/fodboldnyheder\/bayern-boss-bekraefter-thiago-afsked-tillykke-til-liverpool\/\"]}]},{\"@type\":\"BreadcrumbList\",\"@id\":\"https:\/\/acefootball.com\/da\/fodboldnyheder\/bayern-boss-bekraefter-thiago-afsked-tillykke-til-liverpool\/#breadcrumb\",\"itemListElement\":[{\"@type\":\"ListItem\",\"position\":1,\"name\":\"Home\",\"item\":\"https:\/\/acefootball.com\/da\/\"},{\"@type\":\"ListItem\",\"position\":2,\"name\":\"Bayern-boss bekr\u00e6fter Thiago-afsked: Tillykke til Liverpool\"}]},{\"@type\":\"Article\",\"@id\":\"https:\/\/acefootball.com\/da\/fodboldnyheder\/bayern-boss-bekraefter-thiago-afsked-tillykke-til-liverpool\/#article\",\"isPartOf\":{\"@id\":\"https:\/\/acefootball.com\/da\/fodboldnyheder\/bayern-boss-bekraefter-thiago-afsked-tillykke-til-liverpool\/#webpage\"},\"author\":{\"@id\":\"https:\/\/acefootball.com\/da\/#\/schema\/person\/ee67e9cf04a276f144100ffa722f10cd\"},\"headline\":\"Bayern-boss bekr\u00e6fter Thiago-afsked: Tillykke til Liverpool\",\"datePublished\":\"2020-09-17T13:59:18+00:00\",\"dateModified\":\"2020-09-17T13:54:12+00:00\",\"mainEntityOfPage\":{\"@id\":\"https:\/\/acefootball.com\/da\/fodboldnyheder\/bayern-boss-bekraefter-thiago-afsked-tillykke-til-liverpool\/#webpage\"},\"wordCount\":206,\"commentCount\":0,\"publisher\":{\"@id\":\"https:\/\/acefootball.com\/da\/#organization\"},\"image\":{\"@id\":\"https:\/\/acefootball.com\/da\/fodboldnyheder\/bayern-boss-bekraefter-thiago-afsked-tillykke-til-liverpool\/#primaryimage\"},\"thumbnailUrl\":\"https:\/\/acefootball.com\/da\/wp-content\/uploads\/sites\/2\/2020\/09\/GettyImages-1130796824.jpg\",\"keywords\":[\"Bayern M\u00fcnchen\",\"Bundesliga\",\"Hansi Flick\",\"Liverpool\",\"Premier League\",\"Thiago Alc\u00e2ntara\"],\"articleSection\":[\"Udtalelse\"],\"inLanguage\":\"en-US\",\"potentialAction\":[{\"@type\":\"CommentAction\",\"name\":\"Comment\",\"target\":[\"https:\/\/acefootball.com\/da\/fodboldnyheder\/bayern-boss-bekraefter-thiago-afsked-tillykke-til-liverpool\/#respond\"]}]},{\"@type\":\"Person\",\"@id\":\"https:\/\/acefootball.com\/da\/#\/schema\/person\/ee67e9cf04a276f144100ffa722f10cd\",\"name\":\"Mads Dreyer\",\"image\":{\"@type\":\"ImageObject\",\"@id\":\"https:\/\/acefootball.com\/da\/#personlogo\",\"inLanguage\":\"en-US\",\"url\":\"https:\/\/secure.gravatar.com\/avatar\/7c7abf72cfde9902b6a60efe60c88d4c?s=96&d=mm&r=g\",\"contentUrl\":\"https:\/\/secure.gravatar.com\/avatar\/7c7abf72cfde9902b6a60efe60c88d4c?s=96&d=mm&r=g\",\"caption\":\"Mads Dreyer\"},\"description\":\"Skribent og fodboldn\u00f8rd, der lige nu fort\u00e6ller om alt og intet i fodboldverdenen p\u00e5 acefootball.com. Uddannet i kommunikation fra Aalborg Universitet.\",\"sameAs\":[\"https:\/\/www.linkedin.com\/in\/mads-dreyer-b9b08266\/\"],\"url\":\"https:\/\/acefootball.com\/da\/fodboldnyheder\/author\/mdnronaldo\/\"}]}<\/script>\n<!-- \/ Yoast SEO plugin. -->","yoast_head_json":{"title":"Bayern-boss bekr\u00e6fter Thiago-afsked: Tillykke til Liverpool","description":"Bayern M\u00fcnchen-tr\u00e6ner Hansi Flick bekr\u00e6fter, at man har tabt kampen om Thiago, der forts\u00e6tter karrieren i Liverpool","robots":{"index":"index","follow":"follow","max-snippet":"max-snippet:-1","max-image-preview":"max-image-preview:large","max-video-preview":"max-video-preview:-1"},"canonical":"https:\/\/acefootball.com\/da\/fodboldnyheder\/bayern-boss-bekraefter-thiago-afsked-tillykke-til-liverpool\/","og_locale":"en_US","og_type":"article","og_title":"Bayern-boss bekr\u00e6fter Thiago-afsked: Tillykke til Liverpool","og_description":"Bayern M\u00fcnchen-tr\u00e6ner Hansi Flick bekr\u00e6fter, at man har tabt kampen om Thiago, der forts\u00e6tter karrieren i Liverpool","og_url":"https:\/\/acefootball.com\/da\/fodboldnyheder\/bayern-boss-bekraefter-thiago-afsked-tillykke-til-liverpool\/","og_site_name":"Ace Football Danmark","article_publisher":"https:\/\/www.facebook.com\/acefootballdk","article_published_time":"2020-09-17T13:59:18+00:00","article_modified_time":"2020-09-17T13:54:12+00:00","og_image":[{"width":1024,"height":702,"url":"https:\/\/acefootball.com\/da\/wp-content\/uploads\/sites\/2\/2020\/09\/GettyImages-1130796824.jpg","type":"image\/jpeg"}],"twitter_card":"summary_large_image","twitter_misc":{"Written by":"Mads Dreyer","Est. reading time":"1 minute"},"schema":{"@context":"https:\/\/schema.org","@graph":[{"@type":"Organization","@id":"https:\/\/acefootball.com\/da\/#organization","name":"Ace Football","url":"https:\/\/acefootball.com\/da\/","sameAs":["https:\/\/www.facebook.com\/acefootballdk"],"logo":{"@type":"ImageObject","@id":"https:\/\/acefootball.com\/da\/#logo","inLanguage":"en-US","url":"https:\/\/acefootball.com\/da\/wp-content\/uploads\/sites\/2\/2020\/07\/Ace-Football-30-07-2020-2.png","contentUrl":"https:\/\/acefootball.com\/da\/wp-content\/uploads\/sites\/2\/2020\/07\/Ace-Football-30-07-2020-2.png","width":1200,"height":600,"caption":"Ace Football"},"image":{"@id":"https:\/\/acefootball.com\/da\/#logo"}},{"@type":"WebSite","@id":"https:\/\/acefootball.com\/da\/#website","url":"https:\/\/acefootball.com\/da\/","name":"Ace Football Danmark","description":"Nyheder, Spiltips &amp; Livescore","publisher":{"@id":"https:\/\/acefootball.com\/da\/#organization"},"potentialAction":[{"@type":"SearchAction","target":{"@type":"EntryPoint","urlTemplate":"https:\/\/acefootball.com\/da\/?s={search_term_string}"},"query-input":"required name=search_term_string"}],"inLanguage":"en-US"},{"@type":"ImageObject","@id":"https:\/\/acefootball.com\/da\/fodboldnyheder\/bayern-boss-bekraefter-thiago-afsked-tillykke-til-liverpool\/#primaryimage","inLanguage":"en-US","url":"https:\/\/acefootball.com\/da\/wp-content\/uploads\/sites\/2\/2020\/09\/GettyImages-1130796824.jpg","contentUrl":"https:\/\/acefootball.com\/da\/wp-content\/uploads\/sites\/2\/2020\/09\/GettyImages-1130796824.jpg","width":1024,"height":702,"caption":"LIVERPOOL, ENGLAND - FEBRUARY 19: Thiago Alcantara of Bayern Munich holds off Naby Keita of Liverpool during the UEFA Champions League Round of 16 First Leg match between Liverpool and FC Bayern Muenchen at Anfield on February 19, 2019 in Liverpool, England. (Photo by Clive Brunskill\/Getty Images)"},{"@type":"WebPage","@id":"https:\/\/acefootball.com\/da\/fodboldnyheder\/bayern-boss-bekraefter-thiago-afsked-tillykke-til-liverpool\/#webpage","url":"https:\/\/acefootball.com\/da\/fodboldnyheder\/bayern-boss-bekraefter-thiago-afsked-tillykke-til-liverpool\/","name":"Bayern-boss bekr\u00e6fter Thiago-afsked: Tillykke til Liverpool","isPartOf":{"@id":"https:\/\/acefootball.com\/da\/#website"},"primaryImageOfPage":{"@id":"https:\/\/acefootball.com\/da\/fodboldnyheder\/bayern-boss-bekraefter-thiago-afsked-tillykke-til-liverpool\/#primaryimage"},"datePublished":"2020-09-17T13:59:18+00:00","dateModified":"2020-09-17T13:54:12+00:00","description":"Bayern M\u00fcnchen-tr\u00e6ner Hansi Flick bekr\u00e6fter, at man har tabt kampen om Thiago, der forts\u00e6tter karrieren i Liverpool","breadcrumb":{"@id":"https:\/\/acefootball.com\/da\/fodboldnyheder\/bayern-boss-bekraefter-thiago-afsked-tillykke-til-liverpool\/#breadcrumb"},"inLanguage":"en-US","potentialAction":[{"@type":"ReadAction","target":["https:\/\/acefootball.com\/da\/fodboldnyheder\/bayern-boss-bekraefter-thiago-afsked-tillykke-til-liverpool\/"]}]},{"@type":"BreadcrumbList","@id":"https:\/\/acefootball.com\/da\/fodboldnyheder\/bayern-boss-bekraefter-thiago-afsked-tillykke-til-liverpool\/#breadcrumb","itemListElement":[{"@type":"ListItem","position":1,"name":"Home","item":"https:\/\/acefootball.com\/da\/"},{"@type":"ListItem","position":2,"name":"Bayern-boss bekr\u00e6fter Thiago-afsked: Tillykke til Liverpool"}]},{"@type":"Article","@id":"https:\/\/acefootball.com\/da\/fodboldnyheder\/bayern-boss-bekraefter-thiago-afsked-tillykke-til-liverpool\/#article","isPartOf":{"@id":"https:\/\/acefootball.com\/da\/fodboldnyheder\/bayern-boss-bekraefter-thiago-afsked-tillykke-til-liverpool\/#webpage"},"author":{"@id":"https:\/\/acefootball.com\/da\/#\/schema\/person\/ee67e9cf04a276f144100ffa722f10cd"},"headline":"Bayern-boss bekr\u00e6fter Thiago-afsked: Tillykke til Liverpool","datePublished":"2020-09-17T13:59:18+00:00","dateModified":"2020-09-17T13:54:12+00:00","mainEntityOfPage":{"@id":"https:\/\/acefootball.com\/da\/fodboldnyheder\/bayern-boss-bekraefter-thiago-afsked-tillykke-til-liverpool\/#webpage"},"wordCount":206,"commentCount":0,"publisher":{"@id":"https:\/\/acefootball.com\/da\/#organization"},"image":{"@id":"https:\/\/acefootball.com\/da\/fodboldnyheder\/bayern-boss-bekraefter-thiago-afsked-tillykke-til-liverpool\/#primaryimage"},"thumbnailUrl":"https:\/\/acefootball.com\/da\/wp-content\/uploads\/sites\/2\/2020\/09\/GettyImages-1130796824.jpg","keywords":["Bayern M\u00fcnchen","Bundesliga","Hansi Flick","Liverpool","Premier League","Thiago Alc\u00e2ntara"],"articleSection":["Udtalelse"],"inLanguage":"en-US","potentialAction":[{"@type":"CommentAction","name":"Comment","target":["https:\/\/acefootball.com\/da\/fodboldnyheder\/bayern-boss-bekraefter-thiago-afsked-tillykke-til-liverpool\/#respond"]}]},{"@type":"Person","@id":"https:\/\/acefootball.com\/da\/#\/schema\/person\/ee67e9cf04a276f144100ffa722f10cd","name":"Mads Dreyer","image":{"@type":"ImageObject","@id":"https:\/\/acefootball.com\/da\/#personlogo","inLanguage":"en-US","url":"https:\/\/secure.gravatar.com\/avatar\/7c7abf72cfde9902b6a60efe60c88d4c?s=96&d=mm&r=g","contentUrl":"https:\/\/secure.gravatar.com\/avatar\/7c7abf72cfde9902b6a60efe60c88d4c?s=96&d=mm&r=g","caption":"Mads Dreyer"},"description":"Skribent og fodboldn\u00f8rd, der lige nu fort\u00e6ller om alt og intet i fodboldverdenen p\u00e5 acefootball.com. Uddannet i kommunikation fra Aalborg Universitet.","sameAs":["https:\/\/www.linkedin.com\/in\/mads-dreyer-b9b08266\/"],"url":"https:\/\/acefootball.com\/da\/fodboldnyheder\/author\/mdnronaldo\/"}]}},"fimg_url":"https:\/\/acefootball.com\/da\/wp-content\/uploads\/sites\/2\/2020\/09\/GettyImages-1130796824.jpg","_links":{"self":[{"href":"https:\/\/acefootball.com\/da\/wp-json\/wp\/v2\/posts\/237605"}],"collection":[{"href":"https:\/\/acefootball.com\/da\/wp-json\/wp\/v2\/posts"}],"about":[{"href":"https:\/\/acefootball.com\/da\/wp-json\/wp\/v2\/types\/post"}],"author":[{"embeddable":true,"href":"https:\/\/acefootball.com\/da\/wp-json\/wp\/v2\/users\/705"}],"replies":[{"embeddable":true,"href":"https:\/\/acefootball.com\/da\/wp-json\/wp\/v2\/comments?post=237605"}],"version-history":[{"count":0,"href":"https:\/\/acefootball.com\/da\/wp-json\/wp\/v2\/posts\/237605\/revisions"}],"wp:featuredmedia":[{"embeddable":true,"href":"https:\/\/acefootball.com\/da\/wp-json\/wp\/v2\/media\/236951"}],"wp:attachment":[{"href":"https:\/\/acefootball.com\/da\/wp-json\/wp\/v2\/media?parent=237605"}],"wp:term":[{"taxonomy":"category","embeddable":true,"href":"https:\/\/acefootball.com\/da\/wp-json\/wp\/v2\/categories?post=237605"},{"taxonomy":"post_tag","embeddable":true,"href":"https:\/\/acefootball.com\/da\/wp-json\/wp\/v2\/tags?post=237605"}],"curies":[{"name":"wp","href":"https:\/\/api.w.org\/{rel}","templated":true}]}}