{"id":237576,"date":"2020-09-17T12:49:43","date_gmt":"2020-09-17T10:49:43","guid":{"rendered":"https:\/\/acefootball.com\/da\/?p=237576"},"modified":"2020-09-17T12:49:43","modified_gmt":"2020-09-17T10:49:43","slug":"18-000-underskrifter-samlet-nu-vil-fc-barcelona-medlemmer-vaelte-bartomeu","status":"publish","type":"post","link":"https:\/\/acefootball.com\/da\/fodboldnyheder\/18-000-underskrifter-samlet-nu-vil-fc-barcelona-medlemmer-vaelte-bartomeu\/","title":{"rendered":"18.000 underskrifter samlet: Nu vil FC Barcelona-medlemmer v\u00e6lte Bartomeu"},"content":{"rendered":"\n<h2>FC Barcelonas medlemmer er angiveligt n\u00e5et i m\u00e5l med underskriftindsamlingen, der skal v\u00e6re med til at vippe pr\u00e6sident\u00a0Josep Bartomeu af pinden<\/h2>\n\n\n\n<p>Pr\u00e6sidentkandidaterne Jordi Farr\u00e9, V\u00edctor Font og Llu\u00eds Fern\u00e1ndez-Al\u00e0 k\u00e6mper i disse dage om at neds\u00e6tte et mistillidskvotum mod den siddende FC Barcelona-pr\u00e6sident Josep Maria Bartomeu, hvilket kr\u00e6ver 16.520 underskrifter fra klubbens medlemmer.<\/p>\n\n\n\n<figure class=\"wp-block-embed-wordpress wp-block-embed is-type-wp-embed is-provider-ace-football-danmark\"><div class=\"wp-block-embed__wrapper\">\n<blockquote class=\"wp-embedded-content\" data-secret=\"tUj3kJPuLL\"><a href=\"https:\/\/acefootball.com\/da\/fodboldnyheder\/kan-de-vaelte-praesidenten-snart-halvvejs-i-underskriftindsamlingen\/\">Kan de v\u00e6lte pr\u00e6sidenten? &#8211; Snart halvvejs i underskriftindsamlingen<\/a><\/blockquote><iframe class=\"wp-embedded-content\" sandbox=\"allow-scripts\" security=\"restricted\" style=\"position: absolute; clip: rect(1px, 1px, 1px, 1px);\" title=\"&#8220;Kan de v\u00e6lte pr\u00e6sidenten? &#8211; Snart halvvejs i underskriftindsamlingen&#8221; &#8212; Ace Football Danmark\" src=\"https:\/\/acefootball.com\/da\/fodboldnyheder\/kan-de-vaelte-praesidenten-snart-halvvejs-i-underskriftindsamlingen\/embed\/#?secret=tUj3kJPuLL\" data-secret=\"tUj3kJPuLL\" width=\"600\" height=\"338\" frameborder=\"0\" marginwidth=\"0\" marginheight=\"0\" scrolling=\"no\"><\/iframe>\n<\/div><\/figure>\n\n\n\n<p>Den sidste frist for at s\u00e6tte sin underskrift er i dag, og if\u00f8lge det lokale medie RAC1 er pr\u00e6sidentkandidaterne n\u00e5et i m\u00e5l med deres underskriftsamling, og dermed tyder alt p\u00e5, at der udskrives pr\u00e6sidentvalg i klubben f\u00f8r tid.<\/p>\n\n\n\n<figure class=\"wp-block-embed-twitter wp-block-embed is-type-rich is-provider-twitter\"><div class=\"wp-block-embed__wrapper\">\n<blockquote class=\"twitter-tweet\" data-width=\"550\" data-dnt=\"true\"><p lang=\"ca\" dir=\"ltr\">\u2757\ufe0f \u00daLTIMA HORA: Els impulsors de la moci\u00f3 de censura contra Josep Maria Bartomeu i la seva directiva ja tenen les firmes necess\u00e0ries per tirar endavant la votaci\u00f3. <br><br>\ud83d\udccc Tenen previst arribar a les 18.000 signatures al final del dia. <a href=\"https:\/\/twitter.com\/hashtag\/frac1?src=hash&amp;ref_src=twsrc%5Etfw\">#frac1<\/a> <a href=\"https:\/\/t.co\/mnUlceR3W9\">pic.twitter.com\/mnUlceR3W9<\/a><\/p>&mdash; El Bar\u00e7a juga a RAC1 (@FCBRAC1) <a href=\"https:\/\/twitter.com\/FCBRAC1\/status\/1306509849929412609?ref_src=twsrc%5Etfw\">September 17, 2020<\/a><\/blockquote><script async src=\"https:\/\/platform.twitter.com\/widgets.js\" charset=\"utf-8\"><\/script>\n<\/div><\/figure>\n\n\n\n<p>Utilfredsheden med Josep Bartomeu eskalerede i forbindelse med transfersagaen om Lionel Messi, hvor pr\u00e6sidenten fik en stor del af skylden for argentinerens lyst til at forlade klubben.<\/p>\n\n\n\n<p>Pr\u00e6sidenten er dog flere gange r\u00f8get i modvind i den catalanske storklub p\u00e5 det sidste, hvilket du kan l\u00e6se mere om herunder:<\/p>\n\n\n\n<figure class=\"wp-block-embed-wordpress wp-block-embed is-type-wp-embed is-provider-ace-football-danmark\"><div class=\"wp-block-embed__wrapper\">\n<blockquote class=\"wp-embedded-content\" data-secret=\"7ucJJGw8PJ\"><a href=\"https:\/\/acefootball.com\/da\/fodboldnyheder\/medie-barcelona-praesident-anklages-for-korruption\/\">Medie: Barcelona-pr\u00e6sident anklages for korruption<\/a><\/blockquote><iframe class=\"wp-embedded-content\" sandbox=\"allow-scripts\" security=\"restricted\" style=\"position: absolute; clip: rect(1px, 1px, 1px, 1px);\" title=\"&#8220;Medie: Barcelona-pr\u00e6sident anklages for korruption&#8221; &#8212; Ace Football Danmark\" src=\"https:\/\/acefootball.com\/da\/fodboldnyheder\/medie-barcelona-praesident-anklages-for-korruption\/embed\/#?secret=7ucJJGw8PJ\" data-secret=\"7ucJJGw8PJ\" width=\"600\" height=\"338\" frameborder=\"0\" marginwidth=\"0\" marginheight=\"0\" scrolling=\"no\"><\/iframe>\n<\/div><\/figure>\n","protected":false},"excerpt":{"rendered":"<p>FC Barcelonas medlemmer er angiveligt n\u00e5et i m\u00e5l med underskrifterne, der skal v\u00e6re med til at vippe pr\u00e6sident Josep Bartomeu af pinden<\/p>\n","protected":false},"author":43,"featured_media":237581,"comment_status":"open","ping_status":"closed","sticky":false,"template":"","format":"standard","meta":{"om_disable_all_campaigns":false,"push_articles_ronaldo":{"active":false,"canonical":0,"publish":false},"force_updates":null},"categories":[1],"tags":[41,2308,303],"enet_tags":{"team":["8634"],"league":["87"],"sport_events":[]},"yoast_head":"<!-- This site is optimized with the Yoast SEO plugin v18.3 - https:\/\/yoast.com\/wordpress\/plugins\/seo\/ -->\n<title>18.000 underskrifter samlet: Nu vil FC Barcelona-medlemmer v\u00e6lte Bartomeu<\/title>\n<meta name=\"description\" content=\"FC Barcelonas medlemmer er angiveligt n\u00e5et i m\u00e5l med underskrifterne, der skal v\u00e6re med til at vippe pr\u00e6sident Josep Bartomeu af pinden\" \/>\n<meta name=\"robots\" content=\"index, follow, max-snippet:-1, max-image-preview:large, max-video-preview:-1\" \/>\n<link rel=\"canonical\" href=\"https:\/\/acefootball.com\/da\/fodboldnyheder\/18-000-underskrifter-samlet-nu-vil-fc-barcelona-medlemmer-vaelte-bartomeu\/\" \/>\n<meta property=\"og:locale\" content=\"en_US\" \/>\n<meta property=\"og:type\" content=\"article\" \/>\n<meta property=\"og:title\" content=\"18.000 underskrifter samlet: Nu vil FC Barcelona-medlemmer v\u00e6lte Bartomeu\" \/>\n<meta property=\"og:description\" content=\"FC Barcelonas medlemmer er angiveligt n\u00e5et i m\u00e5l med underskrifterne, der skal v\u00e6re med til at vippe pr\u00e6sident Josep Bartomeu af pinden\" \/>\n<meta property=\"og:url\" content=\"https:\/\/acefootball.com\/da\/fodboldnyheder\/18-000-underskrifter-samlet-nu-vil-fc-barcelona-medlemmer-vaelte-bartomeu\/\" \/>\n<meta property=\"og:site_name\" content=\"Ace Football Danmark\" \/>\n<meta property=\"article:publisher\" content=\"https:\/\/www.facebook.com\/acefootballdk\" \/>\n<meta property=\"article:published_time\" content=\"2020-09-17T10:49:43+00:00\" \/>\n<meta property=\"og:image\" content=\"https:\/\/acefootball.com\/da\/wp-content\/uploads\/sites\/2\/2020\/09\/EiGmp6XXsAABQIo.jpg\" \/>\n\t<meta property=\"og:image:width\" content=\"919\" \/>\n\t<meta property=\"og:image:height\" content=\"613\" \/>\n\t<meta property=\"og:image:type\" content=\"image\/jpeg\" \/>\n<meta name=\"twitter:card\" content=\"summary_large_image\" \/>\n<meta name=\"twitter:label1\" content=\"Written by\" \/>\n\t<meta name=\"twitter:data1\" content=\"Mikki M\u00f8ller-Iversen\" \/>\n\t<meta name=\"twitter:label2\" content=\"Est. reading time\" \/>\n\t<meta name=\"twitter:data2\" content=\"1 minute\" \/>\n<script type=\"application\/ld+json\" class=\"yoast-schema-graph\">{\"@context\":\"https:\/\/schema.org\",\"@graph\":[{\"@type\":\"Organization\",\"@id\":\"https:\/\/acefootball.com\/da\/#organization\",\"name\":\"Ace Football\",\"url\":\"https:\/\/acefootball.com\/da\/\",\"sameAs\":[\"https:\/\/www.facebook.com\/acefootballdk\"],\"logo\":{\"@type\":\"ImageObject\",\"@id\":\"https:\/\/acefootball.com\/da\/#logo\",\"inLanguage\":\"en-US\",\"url\":\"https:\/\/acefootball.com\/da\/wp-content\/uploads\/sites\/2\/2020\/07\/Ace-Football-30-07-2020-2.png\",\"contentUrl\":\"https:\/\/acefootball.com\/da\/wp-content\/uploads\/sites\/2\/2020\/07\/Ace-Football-30-07-2020-2.png\",\"width\":1200,\"height\":600,\"caption\":\"Ace Football\"},\"image\":{\"@id\":\"https:\/\/acefootball.com\/da\/#logo\"}},{\"@type\":\"WebSite\",\"@id\":\"https:\/\/acefootball.com\/da\/#website\",\"url\":\"https:\/\/acefootball.com\/da\/\",\"name\":\"Ace Football Danmark\",\"description\":\"Nyheder, Spiltips &amp; Livescore\",\"publisher\":{\"@id\":\"https:\/\/acefootball.com\/da\/#organization\"},\"potentialAction\":[{\"@type\":\"SearchAction\",\"target\":{\"@type\":\"EntryPoint\",\"urlTemplate\":\"https:\/\/acefootball.com\/da\/?s={search_term_string}\"},\"query-input\":\"required name=search_term_string\"}],\"inLanguage\":\"en-US\"},{\"@type\":\"ImageObject\",\"@id\":\"https:\/\/acefootball.com\/da\/fodboldnyheder\/18-000-underskrifter-samlet-nu-vil-fc-barcelona-medlemmer-vaelte-bartomeu\/#primaryimage\",\"inLanguage\":\"en-US\",\"url\":\"https:\/\/acefootball.com\/da\/wp-content\/uploads\/sites\/2\/2020\/09\/EiGmp6XXsAABQIo.jpg\",\"contentUrl\":\"https:\/\/acefootball.com\/da\/wp-content\/uploads\/sites\/2\/2020\/09\/EiGmp6XXsAABQIo.jpg\",\"width\":919,\"height\":613,\"caption\":\"Twitter @FCBRAC1\"},{\"@type\":\"WebPage\",\"@id\":\"https:\/\/acefootball.com\/da\/fodboldnyheder\/18-000-underskrifter-samlet-nu-vil-fc-barcelona-medlemmer-vaelte-bartomeu\/#webpage\",\"url\":\"https:\/\/acefootball.com\/da\/fodboldnyheder\/18-000-underskrifter-samlet-nu-vil-fc-barcelona-medlemmer-vaelte-bartomeu\/\",\"name\":\"18.000 underskrifter samlet: Nu vil FC Barcelona-medlemmer v\u00e6lte Bartomeu\",\"isPartOf\":{\"@id\":\"https:\/\/acefootball.com\/da\/#website\"},\"primaryImageOfPage\":{\"@id\":\"https:\/\/acefootball.com\/da\/fodboldnyheder\/18-000-underskrifter-samlet-nu-vil-fc-barcelona-medlemmer-vaelte-bartomeu\/#primaryimage\"},\"datePublished\":\"2020-09-17T10:49:43+00:00\",\"dateModified\":\"2020-09-17T10:49:43+00:00\",\"description\":\"FC Barcelonas medlemmer er angiveligt n\u00e5et i m\u00e5l med underskrifterne, der skal v\u00e6re med til at vippe pr\u00e6sident Josep Bartomeu af pinden\",\"breadcrumb\":{\"@id\":\"https:\/\/acefootball.com\/da\/fodboldnyheder\/18-000-underskrifter-samlet-nu-vil-fc-barcelona-medlemmer-vaelte-bartomeu\/#breadcrumb\"},\"inLanguage\":\"en-US\",\"potentialAction\":[{\"@type\":\"ReadAction\",\"target\":[\"https:\/\/acefootball.com\/da\/fodboldnyheder\/18-000-underskrifter-samlet-nu-vil-fc-barcelona-medlemmer-vaelte-bartomeu\/\"]}]},{\"@type\":\"BreadcrumbList\",\"@id\":\"https:\/\/acefootball.com\/da\/fodboldnyheder\/18-000-underskrifter-samlet-nu-vil-fc-barcelona-medlemmer-vaelte-bartomeu\/#breadcrumb\",\"itemListElement\":[{\"@type\":\"ListItem\",\"position\":1,\"name\":\"Home\",\"item\":\"https:\/\/acefootball.com\/da\/\"},{\"@type\":\"ListItem\",\"position\":2,\"name\":\"18.000 underskrifter samlet: Nu vil FC Barcelona-medlemmer v\u00e6lte Bartomeu\"}]},{\"@type\":\"Article\",\"@id\":\"https:\/\/acefootball.com\/da\/fodboldnyheder\/18-000-underskrifter-samlet-nu-vil-fc-barcelona-medlemmer-vaelte-bartomeu\/#article\",\"isPartOf\":{\"@id\":\"https:\/\/acefootball.com\/da\/fodboldnyheder\/18-000-underskrifter-samlet-nu-vil-fc-barcelona-medlemmer-vaelte-bartomeu\/#webpage\"},\"author\":{\"@id\":\"https:\/\/acefootball.com\/da\/#\/schema\/person\/017c0abe4a8e92938220bf6c097dda93\"},\"headline\":\"18.000 underskrifter samlet: Nu vil FC Barcelona-medlemmer v\u00e6lte Bartomeu\",\"datePublished\":\"2020-09-17T10:49:43+00:00\",\"dateModified\":\"2020-09-17T10:49:43+00:00\",\"mainEntityOfPage\":{\"@id\":\"https:\/\/acefootball.com\/da\/fodboldnyheder\/18-000-underskrifter-samlet-nu-vil-fc-barcelona-medlemmer-vaelte-bartomeu\/#webpage\"},\"wordCount\":189,\"commentCount\":0,\"publisher\":{\"@id\":\"https:\/\/acefootball.com\/da\/#organization\"},\"image\":{\"@id\":\"https:\/\/acefootball.com\/da\/fodboldnyheder\/18-000-underskrifter-samlet-nu-vil-fc-barcelona-medlemmer-vaelte-bartomeu\/#primaryimage\"},\"thumbnailUrl\":\"https:\/\/acefootball.com\/da\/wp-content\/uploads\/sites\/2\/2020\/09\/EiGmp6XXsAABQIo.jpg\",\"keywords\":[\"FC Barcelona\",\"Josep Maria Bartomeu\",\"La Liga\"],\"articleSection\":[\"Nyhed\"],\"inLanguage\":\"en-US\",\"potentialAction\":[{\"@type\":\"CommentAction\",\"name\":\"Comment\",\"target\":[\"https:\/\/acefootball.com\/da\/fodboldnyheder\/18-000-underskrifter-samlet-nu-vil-fc-barcelona-medlemmer-vaelte-bartomeu\/#respond\"]}]},{\"@type\":\"Person\",\"@id\":\"https:\/\/acefootball.com\/da\/#\/schema\/person\/017c0abe4a8e92938220bf6c097dda93\",\"name\":\"Mikki M\u00f8ller-Iversen\",\"image\":{\"@type\":\"ImageObject\",\"@id\":\"https:\/\/acefootball.com\/da\/#personlogo\",\"inLanguage\":\"en-US\",\"url\":\"https:\/\/secure.gravatar.com\/avatar\/e05b419e8b5ae5fcf516800181b96aa2?s=96&d=mm&r=g\",\"contentUrl\":\"https:\/\/secure.gravatar.com\/avatar\/e05b419e8b5ae5fcf516800181b96aa2?s=96&d=mm&r=g\",\"caption\":\"Mikki M\u00f8ller-Iversen\"},\"description\":\"Social Media Manager and writer at Ace Football. Main focus on Danish football and special stories.\",\"sameAs\":[\"https:\/\/www.linkedin.com\/in\/mikki-mller-iversen-26a3a689\/\"],\"url\":\"https:\/\/acefootball.com\/da\/fodboldnyheder\/author\/mmironaldo\/\"}]}<\/script>\n<!-- \/ Yoast SEO plugin. -->","yoast_head_json":{"title":"18.000 underskrifter samlet: Nu vil FC Barcelona-medlemmer v\u00e6lte Bartomeu","description":"FC Barcelonas medlemmer er angiveligt n\u00e5et i m\u00e5l med underskrifterne, der skal v\u00e6re med til at vippe pr\u00e6sident Josep Bartomeu af pinden","robots":{"index":"index","follow":"follow","max-snippet":"max-snippet:-1","max-image-preview":"max-image-preview:large","max-video-preview":"max-video-preview:-1"},"canonical":"https:\/\/acefootball.com\/da\/fodboldnyheder\/18-000-underskrifter-samlet-nu-vil-fc-barcelona-medlemmer-vaelte-bartomeu\/","og_locale":"en_US","og_type":"article","og_title":"18.000 underskrifter samlet: Nu vil FC Barcelona-medlemmer v\u00e6lte Bartomeu","og_description":"FC Barcelonas medlemmer er angiveligt n\u00e5et i m\u00e5l med underskrifterne, der skal v\u00e6re med til at vippe pr\u00e6sident Josep Bartomeu af pinden","og_url":"https:\/\/acefootball.com\/da\/fodboldnyheder\/18-000-underskrifter-samlet-nu-vil-fc-barcelona-medlemmer-vaelte-bartomeu\/","og_site_name":"Ace Football Danmark","article_publisher":"https:\/\/www.facebook.com\/acefootballdk","article_published_time":"2020-09-17T10:49:43+00:00","og_image":[{"width":919,"height":613,"url":"https:\/\/acefootball.com\/da\/wp-content\/uploads\/sites\/2\/2020\/09\/EiGmp6XXsAABQIo.jpg","type":"image\/jpeg"}],"twitter_card":"summary_large_image","twitter_misc":{"Written by":"Mikki M\u00f8ller-Iversen","Est. reading time":"1 minute"},"schema":{"@context":"https:\/\/schema.org","@graph":[{"@type":"Organization","@id":"https:\/\/acefootball.com\/da\/#organization","name":"Ace Football","url":"https:\/\/acefootball.com\/da\/","sameAs":["https:\/\/www.facebook.com\/acefootballdk"],"logo":{"@type":"ImageObject","@id":"https:\/\/acefootball.com\/da\/#logo","inLanguage":"en-US","url":"https:\/\/acefootball.com\/da\/wp-content\/uploads\/sites\/2\/2020\/07\/Ace-Football-30-07-2020-2.png","contentUrl":"https:\/\/acefootball.com\/da\/wp-content\/uploads\/sites\/2\/2020\/07\/Ace-Football-30-07-2020-2.png","width":1200,"height":600,"caption":"Ace Football"},"image":{"@id":"https:\/\/acefootball.com\/da\/#logo"}},{"@type":"WebSite","@id":"https:\/\/acefootball.com\/da\/#website","url":"https:\/\/acefootball.com\/da\/","name":"Ace Football Danmark","description":"Nyheder, Spiltips &amp; Livescore","publisher":{"@id":"https:\/\/acefootball.com\/da\/#organization"},"potentialAction":[{"@type":"SearchAction","target":{"@type":"EntryPoint","urlTemplate":"https:\/\/acefootball.com\/da\/?s={search_term_string}"},"query-input":"required name=search_term_string"}],"inLanguage":"en-US"},{"@type":"ImageObject","@id":"https:\/\/acefootball.com\/da\/fodboldnyheder\/18-000-underskrifter-samlet-nu-vil-fc-barcelona-medlemmer-vaelte-bartomeu\/#primaryimage","inLanguage":"en-US","url":"https:\/\/acefootball.com\/da\/wp-content\/uploads\/sites\/2\/2020\/09\/EiGmp6XXsAABQIo.jpg","contentUrl":"https:\/\/acefootball.com\/da\/wp-content\/uploads\/sites\/2\/2020\/09\/EiGmp6XXsAABQIo.jpg","width":919,"height":613,"caption":"Twitter @FCBRAC1"},{"@type":"WebPage","@id":"https:\/\/acefootball.com\/da\/fodboldnyheder\/18-000-underskrifter-samlet-nu-vil-fc-barcelona-medlemmer-vaelte-bartomeu\/#webpage","url":"https:\/\/acefootball.com\/da\/fodboldnyheder\/18-000-underskrifter-samlet-nu-vil-fc-barcelona-medlemmer-vaelte-bartomeu\/","name":"18.000 underskrifter samlet: Nu vil FC Barcelona-medlemmer v\u00e6lte Bartomeu","isPartOf":{"@id":"https:\/\/acefootball.com\/da\/#website"},"primaryImageOfPage":{"@id":"https:\/\/acefootball.com\/da\/fodboldnyheder\/18-000-underskrifter-samlet-nu-vil-fc-barcelona-medlemmer-vaelte-bartomeu\/#primaryimage"},"datePublished":"2020-09-17T10:49:43+00:00","dateModified":"2020-09-17T10:49:43+00:00","description":"FC Barcelonas medlemmer er angiveligt n\u00e5et i m\u00e5l med underskrifterne, der skal v\u00e6re med til at vippe pr\u00e6sident Josep Bartomeu af pinden","breadcrumb":{"@id":"https:\/\/acefootball.com\/da\/fodboldnyheder\/18-000-underskrifter-samlet-nu-vil-fc-barcelona-medlemmer-vaelte-bartomeu\/#breadcrumb"},"inLanguage":"en-US","potentialAction":[{"@type":"ReadAction","target":["https:\/\/acefootball.com\/da\/fodboldnyheder\/18-000-underskrifter-samlet-nu-vil-fc-barcelona-medlemmer-vaelte-bartomeu\/"]}]},{"@type":"BreadcrumbList","@id":"https:\/\/acefootball.com\/da\/fodboldnyheder\/18-000-underskrifter-samlet-nu-vil-fc-barcelona-medlemmer-vaelte-bartomeu\/#breadcrumb","itemListElement":[{"@type":"ListItem","position":1,"name":"Home","item":"https:\/\/acefootball.com\/da\/"},{"@type":"ListItem","position":2,"name":"18.000 underskrifter samlet: Nu vil FC Barcelona-medlemmer v\u00e6lte Bartomeu"}]},{"@type":"Article","@id":"https:\/\/acefootball.com\/da\/fodboldnyheder\/18-000-underskrifter-samlet-nu-vil-fc-barcelona-medlemmer-vaelte-bartomeu\/#article","isPartOf":{"@id":"https:\/\/acefootball.com\/da\/fodboldnyheder\/18-000-underskrifter-samlet-nu-vil-fc-barcelona-medlemmer-vaelte-bartomeu\/#webpage"},"author":{"@id":"https:\/\/acefootball.com\/da\/#\/schema\/person\/017c0abe4a8e92938220bf6c097dda93"},"headline":"18.000 underskrifter samlet: Nu vil FC Barcelona-medlemmer v\u00e6lte Bartomeu","datePublished":"2020-09-17T10:49:43+00:00","dateModified":"2020-09-17T10:49:43+00:00","mainEntityOfPage":{"@id":"https:\/\/acefootball.com\/da\/fodboldnyheder\/18-000-underskrifter-samlet-nu-vil-fc-barcelona-medlemmer-vaelte-bartomeu\/#webpage"},"wordCount":189,"commentCount":0,"publisher":{"@id":"https:\/\/acefootball.com\/da\/#organization"},"image":{"@id":"https:\/\/acefootball.com\/da\/fodboldnyheder\/18-000-underskrifter-samlet-nu-vil-fc-barcelona-medlemmer-vaelte-bartomeu\/#primaryimage"},"thumbnailUrl":"https:\/\/acefootball.com\/da\/wp-content\/uploads\/sites\/2\/2020\/09\/EiGmp6XXsAABQIo.jpg","keywords":["FC Barcelona","Josep Maria Bartomeu","La Liga"],"articleSection":["Nyhed"],"inLanguage":"en-US","potentialAction":[{"@type":"CommentAction","name":"Comment","target":["https:\/\/acefootball.com\/da\/fodboldnyheder\/18-000-underskrifter-samlet-nu-vil-fc-barcelona-medlemmer-vaelte-bartomeu\/#respond"]}]},{"@type":"Person","@id":"https:\/\/acefootball.com\/da\/#\/schema\/person\/017c0abe4a8e92938220bf6c097dda93","name":"Mikki M\u00f8ller-Iversen","image":{"@type":"ImageObject","@id":"https:\/\/acefootball.com\/da\/#personlogo","inLanguage":"en-US","url":"https:\/\/secure.gravatar.com\/avatar\/e05b419e8b5ae5fcf516800181b96aa2?s=96&d=mm&r=g","contentUrl":"https:\/\/secure.gravatar.com\/avatar\/e05b419e8b5ae5fcf516800181b96aa2?s=96&d=mm&r=g","caption":"Mikki M\u00f8ller-Iversen"},"description":"Social Media Manager and writer at Ace Football. Main focus on Danish football and special stories.","sameAs":["https:\/\/www.linkedin.com\/in\/mikki-mller-iversen-26a3a689\/"],"url":"https:\/\/acefootball.com\/da\/fodboldnyheder\/author\/mmironaldo\/"}]}},"fimg_url":"https:\/\/acefootball.com\/da\/wp-content\/uploads\/sites\/2\/2020\/09\/EiGmp6XXsAABQIo.jpg","_links":{"self":[{"href":"https:\/\/acefootball.com\/da\/wp-json\/wp\/v2\/posts\/237576"}],"collection":[{"href":"https:\/\/acefootball.com\/da\/wp-json\/wp\/v2\/posts"}],"about":[{"href":"https:\/\/acefootball.com\/da\/wp-json\/wp\/v2\/types\/post"}],"author":[{"embeddable":true,"href":"https:\/\/acefootball.com\/da\/wp-json\/wp\/v2\/users\/43"}],"replies":[{"embeddable":true,"href":"https:\/\/acefootball.com\/da\/wp-json\/wp\/v2\/comments?post=237576"}],"version-history":[{"count":0,"href":"https:\/\/acefootball.com\/da\/wp-json\/wp\/v2\/posts\/237576\/revisions"}],"wp:featuredmedia":[{"embeddable":true,"href":"https:\/\/acefootball.com\/da\/wp-json\/wp\/v2\/media\/237581"}],"wp:attachment":[{"href":"https:\/\/acefootball.com\/da\/wp-json\/wp\/v2\/media?parent=237576"}],"wp:term":[{"taxonomy":"category","embeddable":true,"href":"https:\/\/acefootball.com\/da\/wp-json\/wp\/v2\/categories?post=237576"},{"taxonomy":"post_tag","embeddable":true,"href":"https:\/\/acefootball.com\/da\/wp-json\/wp\/v2\/tags?post=237576"}],"curies":[{"name":"wp","href":"https:\/\/api.w.org\/{rel}","templated":true}]}}