{"id":237509,"date":"2020-09-16T18:30:28","date_gmt":"2020-09-16T16:30:28","guid":{"rendered":"https:\/\/acefootball.com\/da\/?p=237509"},"modified":"2020-09-16T18:34:38","modified_gmt":"2020-09-16T16:34:38","slug":"sky-sports-barcelona-boed-paa-aubameyang","status":"publish","type":"post","link":"https:\/\/acefootball.com\/da\/fodboldnyheder\/sky-sports-barcelona-boed-paa-aubameyang\/","title":{"rendered":"Sky Sports: Barcelona b\u00f8d p\u00e5 Aubameyang"},"content":{"rendered":"\n<h2>If\u00f8lge det store engelske medie Sky Sports afgav FC Barcelona et bud p\u00e5 Pierre-Emerick Aubameyang, inden han forl\u00e6ngede med Arsenal<\/h2>\n\n\n\n<p>Tirsdag var en gl\u00e6dens dag for langt de fleste Arsenal-fans, som kunne juble over, at klubbens stjerne Pierre-Emerick Aubameyang har forl\u00e6nget sin kontrakt med klubben.<\/p>\n\n\n\n<figure class=\"wp-block-embed-wordpress wp-block-embed is-type-wp-embed is-provider-ace-football-danmark\"><div class=\"wp-block-embed__wrapper\">\n<blockquote class=\"wp-embedded-content\" data-secret=\"VspjxzbA4V\"><a href=\"https:\/\/acefootball.com\/da\/fodboldnyheder\/arsenal-bekraefter-aubameyang-forlaenger\/\">Arsenal bekr\u00e6fter: Aubameyang forl\u00e6nger<\/a><\/blockquote><iframe class=\"wp-embedded-content\" sandbox=\"allow-scripts\" security=\"restricted\" style=\"position: absolute; clip: rect(1px, 1px, 1px, 1px);\" title=\"&#8220;Arsenal bekr\u00e6fter: Aubameyang forl\u00e6nger&#8221; &#8212; Ace Football Danmark\" src=\"https:\/\/acefootball.com\/da\/fodboldnyheder\/arsenal-bekraefter-aubameyang-forlaenger\/embed\/#?secret=VspjxzbA4V\" data-secret=\"VspjxzbA4V\" width=\"600\" height=\"338\" frameborder=\"0\" marginwidth=\"0\" marginheight=\"0\" scrolling=\"no\"><\/iframe>\n<\/div><\/figure>\n\n\n\n<p>I en l\u00e6ngere periode herskede der tvivl om, hvorvidt angriberen ville g\u00e5 med til at skrive under p\u00e5 en ny aftale, da b\u00e5de FC Barcelona og Inter angiveligt havde sn\u00f8ren ude efter ham.<\/p>\n\n\n\n<p>Men den tre-\u00e5rige aftale med alts\u00e5 underskrevet. Kort forinden var der dog ogs\u00e5 tikket et transfertilbud fra netop FC Barcelona ind hos Arsenal. Det skriver <a href=\"https:\/\/www.skysports.com\/football\/news\/11670\/12073363\/pierre-emerick-aubameyang-barcelona-made-offer-before-striker-signed-arsenal-extension\" target=\"_blank\" rel=\"noreferrer noopener\">Sky Sports.<\/a><\/p>\n\n\n\n<p>Mediet melder ikke noget om, hvor h\u00f8jt buddet skulle have v\u00e6ret, men at The Gunners alts\u00e5 kunne have haft solgt deres helt store stjerne denne sommer.<\/p>\n\n\n\n<p>Aubameyang og Arsenal har f\u00e5et en forrygende start p\u00e5 den nye s\u00e6son med en finalesejr over Liverpool i Community Shield og en sejr i Premier Leagues \u00e5bningskamp p\u00e5 3-0 over Fulham. Her kom angriberen desuden p\u00e5 m\u00e5ltavlen. <\/p>\n","protected":false},"excerpt":{"rendered":"<p>If\u00f8lge det store engelske medie Sky Sports afgav FC Barcelona et bud p\u00e5 Pierre-Emerick Aubameyang, inden han forl\u00e6ngede med Arsenal<\/p>\n","protected":false},"author":347,"featured_media":237510,"comment_status":"open","ping_status":"closed","sticky":false,"template":"","format":"standard","meta":{"om_disable_all_campaigns":false,"push_articles_ronaldo":{"active":false,"canonical":0,"publish":false},"force_updates":null},"categories":[1],"tags":[227,41,303,1107,134],"enet_tags":{"team":["9825","8634"],"league":["87","47"],"player":["150565"],"sport_events":[]},"yoast_head":"<!-- This site is optimized with the Yoast SEO plugin v18.3 - https:\/\/yoast.com\/wordpress\/plugins\/seo\/ -->\n<title>Sky Sports: Barcelona b\u00f8d p\u00e5 Aubameyang<\/title>\n<meta name=\"description\" content=\"If\u00f8lge det store engelske medie Sky Sports afgav FC Barcelona et bud p\u00e5 Pierre-Emerick Aubameyang, inden han forl\u00e6ngede med Arsenal\" \/>\n<meta name=\"robots\" content=\"index, follow, max-snippet:-1, max-image-preview:large, max-video-preview:-1\" \/>\n<link rel=\"canonical\" href=\"https:\/\/acefootball.com\/da\/fodboldnyheder\/sky-sports-barcelona-boed-paa-aubameyang\/\" \/>\n<meta property=\"og:locale\" content=\"en_US\" \/>\n<meta property=\"og:type\" content=\"article\" \/>\n<meta property=\"og:title\" content=\"Sky Sports: Barcelona b\u00f8d p\u00e5 Aubameyang\" \/>\n<meta property=\"og:description\" content=\"If\u00f8lge det store engelske medie Sky Sports afgav FC Barcelona et bud p\u00e5 Pierre-Emerick Aubameyang, inden han forl\u00e6ngede med Arsenal\" \/>\n<meta property=\"og:url\" content=\"https:\/\/acefootball.com\/da\/fodboldnyheder\/sky-sports-barcelona-boed-paa-aubameyang\/\" \/>\n<meta property=\"og:site_name\" content=\"Ace Football Danmark\" \/>\n<meta property=\"article:publisher\" content=\"https:\/\/www.facebook.com\/acefootballdk\" \/>\n<meta property=\"article:published_time\" content=\"2020-09-16T16:30:28+00:00\" \/>\n<meta property=\"article:modified_time\" content=\"2020-09-16T16:34:38+00:00\" \/>\n<meta property=\"og:image\" content=\"https:\/\/acefootball.com\/da\/wp-content\/uploads\/sites\/2\/2020\/09\/GettyImages-1272085563.jpg\" \/>\n\t<meta property=\"og:image:width\" content=\"1024\" \/>\n\t<meta property=\"og:image:height\" content=\"694\" \/>\n\t<meta property=\"og:image:type\" content=\"image\/jpeg\" \/>\n<meta name=\"twitter:card\" content=\"summary_large_image\" \/>\n<meta name=\"twitter:label1\" content=\"Written by\" \/>\n\t<meta name=\"twitter:data1\" content=\"Nicolaj M. J\u00f8rgensen\" \/>\n\t<meta name=\"twitter:label2\" content=\"Est. reading time\" \/>\n\t<meta name=\"twitter:data2\" content=\"1 minute\" \/>\n<script type=\"application\/ld+json\" class=\"yoast-schema-graph\">{\"@context\":\"https:\/\/schema.org\",\"@graph\":[{\"@type\":\"Organization\",\"@id\":\"https:\/\/acefootball.com\/da\/#organization\",\"name\":\"Ace Football\",\"url\":\"https:\/\/acefootball.com\/da\/\",\"sameAs\":[\"https:\/\/www.facebook.com\/acefootballdk\"],\"logo\":{\"@type\":\"ImageObject\",\"@id\":\"https:\/\/acefootball.com\/da\/#logo\",\"inLanguage\":\"en-US\",\"url\":\"https:\/\/acefootball.com\/da\/wp-content\/uploads\/sites\/2\/2020\/07\/Ace-Football-30-07-2020-2.png\",\"contentUrl\":\"https:\/\/acefootball.com\/da\/wp-content\/uploads\/sites\/2\/2020\/07\/Ace-Football-30-07-2020-2.png\",\"width\":1200,\"height\":600,\"caption\":\"Ace Football\"},\"image\":{\"@id\":\"https:\/\/acefootball.com\/da\/#logo\"}},{\"@type\":\"WebSite\",\"@id\":\"https:\/\/acefootball.com\/da\/#website\",\"url\":\"https:\/\/acefootball.com\/da\/\",\"name\":\"Ace Football Danmark\",\"description\":\"Nyheder, Spiltips &amp; Livescore\",\"publisher\":{\"@id\":\"https:\/\/acefootball.com\/da\/#organization\"},\"potentialAction\":[{\"@type\":\"SearchAction\",\"target\":{\"@type\":\"EntryPoint\",\"urlTemplate\":\"https:\/\/acefootball.com\/da\/?s={search_term_string}\"},\"query-input\":\"required name=search_term_string\"}],\"inLanguage\":\"en-US\"},{\"@type\":\"ImageObject\",\"@id\":\"https:\/\/acefootball.com\/da\/fodboldnyheder\/sky-sports-barcelona-boed-paa-aubameyang\/#primaryimage\",\"inLanguage\":\"en-US\",\"url\":\"https:\/\/acefootball.com\/da\/wp-content\/uploads\/sites\/2\/2020\/09\/GettyImages-1272085563.jpg\",\"contentUrl\":\"https:\/\/acefootball.com\/da\/wp-content\/uploads\/sites\/2\/2020\/09\/GettyImages-1272085563.jpg\",\"width\":1024,\"height\":694,\"caption\":\"LONDON, ENGLAND - SEPTEMBER 12: Pierre-Emerick Aubameyang of Arsenal shoots during the Premier League match between Fulham and Arsenal at Craven Cottage on September 12, 2020 in London, England. (Photo by Paul Childs - Pool\/Getty Images)\"},{\"@type\":\"WebPage\",\"@id\":\"https:\/\/acefootball.com\/da\/fodboldnyheder\/sky-sports-barcelona-boed-paa-aubameyang\/#webpage\",\"url\":\"https:\/\/acefootball.com\/da\/fodboldnyheder\/sky-sports-barcelona-boed-paa-aubameyang\/\",\"name\":\"Sky Sports: Barcelona b\u00f8d p\u00e5 Aubameyang\",\"isPartOf\":{\"@id\":\"https:\/\/acefootball.com\/da\/#website\"},\"primaryImageOfPage\":{\"@id\":\"https:\/\/acefootball.com\/da\/fodboldnyheder\/sky-sports-barcelona-boed-paa-aubameyang\/#primaryimage\"},\"datePublished\":\"2020-09-16T16:30:28+00:00\",\"dateModified\":\"2020-09-16T16:34:38+00:00\",\"description\":\"If\u00f8lge det store engelske medie Sky Sports afgav FC Barcelona et bud p\u00e5 Pierre-Emerick Aubameyang, inden han forl\u00e6ngede med Arsenal\",\"breadcrumb\":{\"@id\":\"https:\/\/acefootball.com\/da\/fodboldnyheder\/sky-sports-barcelona-boed-paa-aubameyang\/#breadcrumb\"},\"inLanguage\":\"en-US\",\"potentialAction\":[{\"@type\":\"ReadAction\",\"target\":[\"https:\/\/acefootball.com\/da\/fodboldnyheder\/sky-sports-barcelona-boed-paa-aubameyang\/\"]}]},{\"@type\":\"BreadcrumbList\",\"@id\":\"https:\/\/acefootball.com\/da\/fodboldnyheder\/sky-sports-barcelona-boed-paa-aubameyang\/#breadcrumb\",\"itemListElement\":[{\"@type\":\"ListItem\",\"position\":1,\"name\":\"Home\",\"item\":\"https:\/\/acefootball.com\/da\/\"},{\"@type\":\"ListItem\",\"position\":2,\"name\":\"Sky Sports: Barcelona b\u00f8d p\u00e5 Aubameyang\"}]},{\"@type\":\"Article\",\"@id\":\"https:\/\/acefootball.com\/da\/fodboldnyheder\/sky-sports-barcelona-boed-paa-aubameyang\/#article\",\"isPartOf\":{\"@id\":\"https:\/\/acefootball.com\/da\/fodboldnyheder\/sky-sports-barcelona-boed-paa-aubameyang\/#webpage\"},\"author\":{\"@id\":\"https:\/\/acefootball.com\/da\/#\/schema\/person\/cc86c6803d8c93f30230e4dbed2a3844\"},\"headline\":\"Sky Sports: Barcelona b\u00f8d p\u00e5 Aubameyang\",\"datePublished\":\"2020-09-16T16:30:28+00:00\",\"dateModified\":\"2020-09-16T16:34:38+00:00\",\"mainEntityOfPage\":{\"@id\":\"https:\/\/acefootball.com\/da\/fodboldnyheder\/sky-sports-barcelona-boed-paa-aubameyang\/#webpage\"},\"wordCount\":194,\"commentCount\":0,\"publisher\":{\"@id\":\"https:\/\/acefootball.com\/da\/#organization\"},\"image\":{\"@id\":\"https:\/\/acefootball.com\/da\/fodboldnyheder\/sky-sports-barcelona-boed-paa-aubameyang\/#primaryimage\"},\"thumbnailUrl\":\"https:\/\/acefootball.com\/da\/wp-content\/uploads\/sites\/2\/2020\/09\/GettyImages-1272085563.jpg\",\"keywords\":[\"Arsenal\",\"FC Barcelona\",\"La Liga\",\"Pierre-Emerick Aubameyang\",\"Premier League\"],\"articleSection\":[\"Nyhed\"],\"inLanguage\":\"en-US\",\"potentialAction\":[{\"@type\":\"CommentAction\",\"name\":\"Comment\",\"target\":[\"https:\/\/acefootball.com\/da\/fodboldnyheder\/sky-sports-barcelona-boed-paa-aubameyang\/#respond\"]}]},{\"@type\":\"Person\",\"@id\":\"https:\/\/acefootball.com\/da\/#\/schema\/person\/cc86c6803d8c93f30230e4dbed2a3844\",\"name\":\"Nicolaj M. J\u00f8rgensen\",\"image\":{\"@type\":\"ImageObject\",\"@id\":\"https:\/\/acefootball.com\/da\/#personlogo\",\"inLanguage\":\"en-US\",\"url\":\"https:\/\/secure.gravatar.com\/avatar\/757fd92a7fd5c1d31c37aee3425e7f74?s=96&d=mm&r=g\",\"contentUrl\":\"https:\/\/secure.gravatar.com\/avatar\/757fd92a7fd5c1d31c37aee3425e7f74?s=96&d=mm&r=g\",\"caption\":\"Nicolaj M. J\u00f8rgensen\"},\"url\":\"https:\/\/acefootball.com\/da\/fodboldnyheder\/author\/nicolajmortenj\/\"}]}<\/script>\n<!-- \/ Yoast SEO plugin. -->","yoast_head_json":{"title":"Sky Sports: Barcelona b\u00f8d p\u00e5 Aubameyang","description":"If\u00f8lge det store engelske medie Sky Sports afgav FC Barcelona et bud p\u00e5 Pierre-Emerick Aubameyang, inden han forl\u00e6ngede med Arsenal","robots":{"index":"index","follow":"follow","max-snippet":"max-snippet:-1","max-image-preview":"max-image-preview:large","max-video-preview":"max-video-preview:-1"},"canonical":"https:\/\/acefootball.com\/da\/fodboldnyheder\/sky-sports-barcelona-boed-paa-aubameyang\/","og_locale":"en_US","og_type":"article","og_title":"Sky Sports: Barcelona b\u00f8d p\u00e5 Aubameyang","og_description":"If\u00f8lge det store engelske medie Sky Sports afgav FC Barcelona et bud p\u00e5 Pierre-Emerick Aubameyang, inden han forl\u00e6ngede med Arsenal","og_url":"https:\/\/acefootball.com\/da\/fodboldnyheder\/sky-sports-barcelona-boed-paa-aubameyang\/","og_site_name":"Ace Football Danmark","article_publisher":"https:\/\/www.facebook.com\/acefootballdk","article_published_time":"2020-09-16T16:30:28+00:00","article_modified_time":"2020-09-16T16:34:38+00:00","og_image":[{"width":1024,"height":694,"url":"https:\/\/acefootball.com\/da\/wp-content\/uploads\/sites\/2\/2020\/09\/GettyImages-1272085563.jpg","type":"image\/jpeg"}],"twitter_card":"summary_large_image","twitter_misc":{"Written by":"Nicolaj M. J\u00f8rgensen","Est. reading time":"1 minute"},"schema":{"@context":"https:\/\/schema.org","@graph":[{"@type":"Organization","@id":"https:\/\/acefootball.com\/da\/#organization","name":"Ace Football","url":"https:\/\/acefootball.com\/da\/","sameAs":["https:\/\/www.facebook.com\/acefootballdk"],"logo":{"@type":"ImageObject","@id":"https:\/\/acefootball.com\/da\/#logo","inLanguage":"en-US","url":"https:\/\/acefootball.com\/da\/wp-content\/uploads\/sites\/2\/2020\/07\/Ace-Football-30-07-2020-2.png","contentUrl":"https:\/\/acefootball.com\/da\/wp-content\/uploads\/sites\/2\/2020\/07\/Ace-Football-30-07-2020-2.png","width":1200,"height":600,"caption":"Ace Football"},"image":{"@id":"https:\/\/acefootball.com\/da\/#logo"}},{"@type":"WebSite","@id":"https:\/\/acefootball.com\/da\/#website","url":"https:\/\/acefootball.com\/da\/","name":"Ace Football Danmark","description":"Nyheder, Spiltips &amp; Livescore","publisher":{"@id":"https:\/\/acefootball.com\/da\/#organization"},"potentialAction":[{"@type":"SearchAction","target":{"@type":"EntryPoint","urlTemplate":"https:\/\/acefootball.com\/da\/?s={search_term_string}"},"query-input":"required name=search_term_string"}],"inLanguage":"en-US"},{"@type":"ImageObject","@id":"https:\/\/acefootball.com\/da\/fodboldnyheder\/sky-sports-barcelona-boed-paa-aubameyang\/#primaryimage","inLanguage":"en-US","url":"https:\/\/acefootball.com\/da\/wp-content\/uploads\/sites\/2\/2020\/09\/GettyImages-1272085563.jpg","contentUrl":"https:\/\/acefootball.com\/da\/wp-content\/uploads\/sites\/2\/2020\/09\/GettyImages-1272085563.jpg","width":1024,"height":694,"caption":"LONDON, ENGLAND - SEPTEMBER 12: Pierre-Emerick Aubameyang of Arsenal shoots during the Premier League match between Fulham and Arsenal at Craven Cottage on September 12, 2020 in London, England. (Photo by Paul Childs - Pool\/Getty Images)"},{"@type":"WebPage","@id":"https:\/\/acefootball.com\/da\/fodboldnyheder\/sky-sports-barcelona-boed-paa-aubameyang\/#webpage","url":"https:\/\/acefootball.com\/da\/fodboldnyheder\/sky-sports-barcelona-boed-paa-aubameyang\/","name":"Sky Sports: Barcelona b\u00f8d p\u00e5 Aubameyang","isPartOf":{"@id":"https:\/\/acefootball.com\/da\/#website"},"primaryImageOfPage":{"@id":"https:\/\/acefootball.com\/da\/fodboldnyheder\/sky-sports-barcelona-boed-paa-aubameyang\/#primaryimage"},"datePublished":"2020-09-16T16:30:28+00:00","dateModified":"2020-09-16T16:34:38+00:00","description":"If\u00f8lge det store engelske medie Sky Sports afgav FC Barcelona et bud p\u00e5 Pierre-Emerick Aubameyang, inden han forl\u00e6ngede med Arsenal","breadcrumb":{"@id":"https:\/\/acefootball.com\/da\/fodboldnyheder\/sky-sports-barcelona-boed-paa-aubameyang\/#breadcrumb"},"inLanguage":"en-US","potentialAction":[{"@type":"ReadAction","target":["https:\/\/acefootball.com\/da\/fodboldnyheder\/sky-sports-barcelona-boed-paa-aubameyang\/"]}]},{"@type":"BreadcrumbList","@id":"https:\/\/acefootball.com\/da\/fodboldnyheder\/sky-sports-barcelona-boed-paa-aubameyang\/#breadcrumb","itemListElement":[{"@type":"ListItem","position":1,"name":"Home","item":"https:\/\/acefootball.com\/da\/"},{"@type":"ListItem","position":2,"name":"Sky Sports: Barcelona b\u00f8d p\u00e5 Aubameyang"}]},{"@type":"Article","@id":"https:\/\/acefootball.com\/da\/fodboldnyheder\/sky-sports-barcelona-boed-paa-aubameyang\/#article","isPartOf":{"@id":"https:\/\/acefootball.com\/da\/fodboldnyheder\/sky-sports-barcelona-boed-paa-aubameyang\/#webpage"},"author":{"@id":"https:\/\/acefootball.com\/da\/#\/schema\/person\/cc86c6803d8c93f30230e4dbed2a3844"},"headline":"Sky Sports: Barcelona b\u00f8d p\u00e5 Aubameyang","datePublished":"2020-09-16T16:30:28+00:00","dateModified":"2020-09-16T16:34:38+00:00","mainEntityOfPage":{"@id":"https:\/\/acefootball.com\/da\/fodboldnyheder\/sky-sports-barcelona-boed-paa-aubameyang\/#webpage"},"wordCount":194,"commentCount":0,"publisher":{"@id":"https:\/\/acefootball.com\/da\/#organization"},"image":{"@id":"https:\/\/acefootball.com\/da\/fodboldnyheder\/sky-sports-barcelona-boed-paa-aubameyang\/#primaryimage"},"thumbnailUrl":"https:\/\/acefootball.com\/da\/wp-content\/uploads\/sites\/2\/2020\/09\/GettyImages-1272085563.jpg","keywords":["Arsenal","FC Barcelona","La Liga","Pierre-Emerick Aubameyang","Premier League"],"articleSection":["Nyhed"],"inLanguage":"en-US","potentialAction":[{"@type":"CommentAction","name":"Comment","target":["https:\/\/acefootball.com\/da\/fodboldnyheder\/sky-sports-barcelona-boed-paa-aubameyang\/#respond"]}]},{"@type":"Person","@id":"https:\/\/acefootball.com\/da\/#\/schema\/person\/cc86c6803d8c93f30230e4dbed2a3844","name":"Nicolaj M. J\u00f8rgensen","image":{"@type":"ImageObject","@id":"https:\/\/acefootball.com\/da\/#personlogo","inLanguage":"en-US","url":"https:\/\/secure.gravatar.com\/avatar\/757fd92a7fd5c1d31c37aee3425e7f74?s=96&d=mm&r=g","contentUrl":"https:\/\/secure.gravatar.com\/avatar\/757fd92a7fd5c1d31c37aee3425e7f74?s=96&d=mm&r=g","caption":"Nicolaj M. J\u00f8rgensen"},"url":"https:\/\/acefootball.com\/da\/fodboldnyheder\/author\/nicolajmortenj\/"}]}},"fimg_url":"https:\/\/acefootball.com\/da\/wp-content\/uploads\/sites\/2\/2020\/09\/GettyImages-1272085563.jpg","_links":{"self":[{"href":"https:\/\/acefootball.com\/da\/wp-json\/wp\/v2\/posts\/237509"}],"collection":[{"href":"https:\/\/acefootball.com\/da\/wp-json\/wp\/v2\/posts"}],"about":[{"href":"https:\/\/acefootball.com\/da\/wp-json\/wp\/v2\/types\/post"}],"author":[{"embeddable":true,"href":"https:\/\/acefootball.com\/da\/wp-json\/wp\/v2\/users\/347"}],"replies":[{"embeddable":true,"href":"https:\/\/acefootball.com\/da\/wp-json\/wp\/v2\/comments?post=237509"}],"version-history":[{"count":0,"href":"https:\/\/acefootball.com\/da\/wp-json\/wp\/v2\/posts\/237509\/revisions"}],"wp:featuredmedia":[{"embeddable":true,"href":"https:\/\/acefootball.com\/da\/wp-json\/wp\/v2\/media\/237510"}],"wp:attachment":[{"href":"https:\/\/acefootball.com\/da\/wp-json\/wp\/v2\/media?parent=237509"}],"wp:term":[{"taxonomy":"category","embeddable":true,"href":"https:\/\/acefootball.com\/da\/wp-json\/wp\/v2\/categories?post=237509"},{"taxonomy":"post_tag","embeddable":true,"href":"https:\/\/acefootball.com\/da\/wp-json\/wp\/v2\/tags?post=237509"}],"curies":[{"name":"wp","href":"https:\/\/api.w.org\/{rel}","templated":true}]}}