{"id":237375,"date":"2020-09-15T16:26:36","date_gmt":"2020-09-15T14:26:36","guid":{"rendered":"https:\/\/acefootball.com\/da\/?p=237375"},"modified":"2020-09-15T16:22:48","modified_gmt":"2020-09-15T14:22:48","slug":"staale-om-zanka-komplikationer-det-handler-om-hans-loenseddel","status":"publish","type":"post","link":"https:\/\/acefootball.com\/da\/fodboldnyheder\/staale-om-zanka-komplikationer-det-handler-om-hans-loenseddel\/","title":{"rendered":"St\u00e5le om Zanka-komplikationer: Det handler om hans l\u00f8nseddel"},"content":{"rendered":"\n<h2>FC K\u00f8benhavns manager St\u00e5le Solbakken sl\u00e5r fast, at det er Matias Zanka J\u00f8rgensens h\u00f8je l\u00f8n, som st\u00e5r i vejen for et skifte hjem til L\u00f8verne<\/h2>\n\n\n\n<p>Mathias Zanka J\u00f8rgensen er manden, som langt de fleste FC K\u00f8benhavn-fans h\u00e5ber at se vende hjem til klubben s\u00e5 hurtigt som muligt.<\/p>\n\n\n\n<p>Men der er ikke meget, der tyder p\u00e5, at det kommer til at ske i indev\u00e6rende transfervindue.<\/p>\n\n\n\n<div class=\"wp-block-si-widget wp-block-si-widget--center\"><si-lb-widget widget-id=\"PlayerCareerSeasonsStats\" width=\"440\" data-card=\"true\" data-language=\"da\" data-provider=\"mrgreen\" data-player-id=\"71908\"><\/si-lb-widget><\/div>\n\n\n\n<p>I et interview med <a href=\"https:\/\/www.tipsbladet.dk\/nyhed\/superliga\/staale-solbakken-om-zanka-flirt-hans-loen-er-i-en-anden-galakse\" target=\"_blank\" rel=\"noreferrer noopener\">Tipsbladet<\/a> fort\u00e6ller FC K\u00f8benhavns manager St\u00e5le Solbakken, at &#8220;Zankas&#8221; l\u00f8n i Fenerbahce er p\u00e5 et niveau, som er l\u00e6ngder fra, hvad L\u00f8verne kan tilbyde, og at dette er \u00e5rsagen til, at et skifte har lange udsigter. <\/p>\n\n\n\n<p>&#8220;Det har ikke noget at g\u00f8re med, at &#8220;Zanka&#8221; ikke vil spille for FC K\u00f8benhavn. Det har noget at g\u00f8re med, at han ved, hvad der st\u00e5r p\u00e5 den l\u00f8nseddel, han f\u00e5r nu, og det er p\u00e5 et andet niveau, end vi kan v\u00e6re med p\u00e5. Og vi har et ansvar for, at klubben skal v\u00e6re godt drevet,&#8221; lyder det fra nordmanden. <\/p>\n\n\n\n<p>Forleden hentede hovedstadsklubben en anden mand til stopper-positionen i form af gr\u00e6ske Marios Oikonomou, som fik debut i s\u00f8ndagens nederlag til OB i Superligaen. <\/p>\n","protected":false},"excerpt":{"rendered":"<p>FC K\u00f8benhavns manager St\u00e5le Solbakken sl\u00e5r fast, at det er Matias Zanka J\u00f8rgensens h\u00f8je l\u00f8n, som st\u00e5r i vejen for et skifte hjem til L\u00f8verne<\/p>\n","protected":false},"author":347,"featured_media":237376,"comment_status":"open","ping_status":"closed","sticky":false,"template":"","format":"standard","meta":{"om_disable_all_campaigns":false,"push_articles_ronaldo":{"active":false,"canonical":0,"publish":false},"force_updates":null},"categories":[8204],"tags":[16,481,725,588],"enet_tags":{"team":["8391","8695"],"player":["71908"],"league":["46"],"sport_events":[]},"yoast_head":"<!-- This site is optimized with the Yoast SEO plugin v18.3 - https:\/\/yoast.com\/wordpress\/plugins\/seo\/ -->\n<title>St\u00e5le om Zanka-komplikationer: Det handler om hans l\u00f8nseddel<\/title>\n<meta name=\"description\" content=\"FC K\u00f8benhavns manager St\u00e5le Solbakken sl\u00e5r fast, at det er Matias Zanka J\u00f8rgensens h\u00f8je l\u00f8n, som st\u00e5r i vejen for et skifte hjem til L\u00f8verne\" \/>\n<meta name=\"robots\" content=\"index, follow, max-snippet:-1, max-image-preview:large, max-video-preview:-1\" \/>\n<link rel=\"canonical\" href=\"https:\/\/acefootball.com\/da\/fodboldnyheder\/staale-om-zanka-komplikationer-det-handler-om-hans-loenseddel\/\" \/>\n<meta property=\"og:locale\" content=\"en_US\" \/>\n<meta property=\"og:type\" content=\"article\" \/>\n<meta property=\"og:title\" content=\"St\u00e5le om Zanka-komplikationer: Det handler om hans l\u00f8nseddel\" \/>\n<meta property=\"og:description\" content=\"FC K\u00f8benhavns manager St\u00e5le Solbakken sl\u00e5r fast, at det er Matias Zanka J\u00f8rgensens h\u00f8je l\u00f8n, som st\u00e5r i vejen for et skifte hjem til L\u00f8verne\" \/>\n<meta property=\"og:url\" content=\"https:\/\/acefootball.com\/da\/fodboldnyheder\/staale-om-zanka-komplikationer-det-handler-om-hans-loenseddel\/\" \/>\n<meta property=\"og:site_name\" content=\"Ace Football Danmark\" \/>\n<meta property=\"article:publisher\" content=\"https:\/\/www.facebook.com\/acefootballdk\" \/>\n<meta property=\"article:published_time\" content=\"2020-09-15T14:26:36+00:00\" \/>\n<meta property=\"article:modified_time\" content=\"2020-09-15T14:22:48+00:00\" \/>\n<meta property=\"og:image\" content=\"https:\/\/acefootball.com\/da\/wp-content\/uploads\/sites\/2\/2020\/09\/GettyImages-870503418.jpg\" \/>\n\t<meta property=\"og:image:width\" content=\"1024\" \/>\n\t<meta property=\"og:image:height\" content=\"675\" \/>\n\t<meta property=\"og:image:type\" content=\"image\/jpeg\" \/>\n<meta name=\"twitter:card\" content=\"summary_large_image\" \/>\n<meta name=\"twitter:label1\" content=\"Written by\" \/>\n\t<meta name=\"twitter:data1\" content=\"Nicolaj M. J\u00f8rgensen\" \/>\n\t<meta name=\"twitter:label2\" content=\"Est. reading time\" \/>\n\t<meta name=\"twitter:data2\" content=\"1 minute\" \/>\n<script type=\"application\/ld+json\" class=\"yoast-schema-graph\">{\"@context\":\"https:\/\/schema.org\",\"@graph\":[{\"@type\":\"Organization\",\"@id\":\"https:\/\/acefootball.com\/da\/#organization\",\"name\":\"Ace Football\",\"url\":\"https:\/\/acefootball.com\/da\/\",\"sameAs\":[\"https:\/\/www.facebook.com\/acefootballdk\"],\"logo\":{\"@type\":\"ImageObject\",\"@id\":\"https:\/\/acefootball.com\/da\/#logo\",\"inLanguage\":\"en-US\",\"url\":\"https:\/\/acefootball.com\/da\/wp-content\/uploads\/sites\/2\/2020\/07\/Ace-Football-30-07-2020-2.png\",\"contentUrl\":\"https:\/\/acefootball.com\/da\/wp-content\/uploads\/sites\/2\/2020\/07\/Ace-Football-30-07-2020-2.png\",\"width\":1200,\"height\":600,\"caption\":\"Ace Football\"},\"image\":{\"@id\":\"https:\/\/acefootball.com\/da\/#logo\"}},{\"@type\":\"WebSite\",\"@id\":\"https:\/\/acefootball.com\/da\/#website\",\"url\":\"https:\/\/acefootball.com\/da\/\",\"name\":\"Ace Football Danmark\",\"description\":\"Nyheder, Spiltips &amp; Livescore\",\"publisher\":{\"@id\":\"https:\/\/acefootball.com\/da\/#organization\"},\"potentialAction\":[{\"@type\":\"SearchAction\",\"target\":{\"@type\":\"EntryPoint\",\"urlTemplate\":\"https:\/\/acefootball.com\/da\/?s={search_term_string}\"},\"query-input\":\"required name=search_term_string\"}],\"inLanguage\":\"en-US\"},{\"@type\":\"ImageObject\",\"@id\":\"https:\/\/acefootball.com\/da\/fodboldnyheder\/staale-om-zanka-komplikationer-det-handler-om-hans-loenseddel\/#primaryimage\",\"inLanguage\":\"en-US\",\"url\":\"https:\/\/acefootball.com\/da\/wp-content\/uploads\/sites\/2\/2020\/09\/GettyImages-870503418.jpg\",\"contentUrl\":\"https:\/\/acefootball.com\/da\/wp-content\/uploads\/sites\/2\/2020\/09\/GettyImages-870503418.jpg\",\"width\":1024,\"height\":675,\"caption\":\"COPNEHAGEN, DENMARK - NOVEMBER 05: Ex FC Copenhagen players Mathias Zanka Jorgensen applause the fans during halftime in the Danish Alka Superliga match between FC Copenhagen and Brondby IF at Telia Parken Stadium on November 5, 2017 in Copenhagen, Denmark. (Photo by Lars Ronbog \/ FrontZoneSport via Getty Images)\"},{\"@type\":\"WebPage\",\"@id\":\"https:\/\/acefootball.com\/da\/fodboldnyheder\/staale-om-zanka-komplikationer-det-handler-om-hans-loenseddel\/#webpage\",\"url\":\"https:\/\/acefootball.com\/da\/fodboldnyheder\/staale-om-zanka-komplikationer-det-handler-om-hans-loenseddel\/\",\"name\":\"St\u00e5le om Zanka-komplikationer: Det handler om hans l\u00f8nseddel\",\"isPartOf\":{\"@id\":\"https:\/\/acefootball.com\/da\/#website\"},\"primaryImageOfPage\":{\"@id\":\"https:\/\/acefootball.com\/da\/fodboldnyheder\/staale-om-zanka-komplikationer-det-handler-om-hans-loenseddel\/#primaryimage\"},\"datePublished\":\"2020-09-15T14:26:36+00:00\",\"dateModified\":\"2020-09-15T14:22:48+00:00\",\"description\":\"FC K\u00f8benhavns manager St\u00e5le Solbakken sl\u00e5r fast, at det er Matias Zanka J\u00f8rgensens h\u00f8je l\u00f8n, som st\u00e5r i vejen for et skifte hjem til L\u00f8verne\",\"breadcrumb\":{\"@id\":\"https:\/\/acefootball.com\/da\/fodboldnyheder\/staale-om-zanka-komplikationer-det-handler-om-hans-loenseddel\/#breadcrumb\"},\"inLanguage\":\"en-US\",\"potentialAction\":[{\"@type\":\"ReadAction\",\"target\":[\"https:\/\/acefootball.com\/da\/fodboldnyheder\/staale-om-zanka-komplikationer-det-handler-om-hans-loenseddel\/\"]}]},{\"@type\":\"BreadcrumbList\",\"@id\":\"https:\/\/acefootball.com\/da\/fodboldnyheder\/staale-om-zanka-komplikationer-det-handler-om-hans-loenseddel\/#breadcrumb\",\"itemListElement\":[{\"@type\":\"ListItem\",\"position\":1,\"name\":\"Home\",\"item\":\"https:\/\/acefootball.com\/da\/\"},{\"@type\":\"ListItem\",\"position\":2,\"name\":\"St\u00e5le om Zanka-komplikationer: Det handler om hans l\u00f8nseddel\"}]},{\"@type\":\"Article\",\"@id\":\"https:\/\/acefootball.com\/da\/fodboldnyheder\/staale-om-zanka-komplikationer-det-handler-om-hans-loenseddel\/#article\",\"isPartOf\":{\"@id\":\"https:\/\/acefootball.com\/da\/fodboldnyheder\/staale-om-zanka-komplikationer-det-handler-om-hans-loenseddel\/#webpage\"},\"author\":{\"@id\":\"https:\/\/acefootball.com\/da\/#\/schema\/person\/cc86c6803d8c93f30230e4dbed2a3844\"},\"headline\":\"St\u00e5le om Zanka-komplikationer: Det handler om hans l\u00f8nseddel\",\"datePublished\":\"2020-09-15T14:26:36+00:00\",\"dateModified\":\"2020-09-15T14:22:48+00:00\",\"mainEntityOfPage\":{\"@id\":\"https:\/\/acefootball.com\/da\/fodboldnyheder\/staale-om-zanka-komplikationer-det-handler-om-hans-loenseddel\/#webpage\"},\"wordCount\":228,\"commentCount\":0,\"publisher\":{\"@id\":\"https:\/\/acefootball.com\/da\/#organization\"},\"image\":{\"@id\":\"https:\/\/acefootball.com\/da\/fodboldnyheder\/staale-om-zanka-komplikationer-det-handler-om-hans-loenseddel\/#primaryimage\"},\"thumbnailUrl\":\"https:\/\/acefootball.com\/da\/wp-content\/uploads\/sites\/2\/2020\/09\/GettyImages-870503418.jpg\",\"keywords\":[\"FC K\u00f8benhavn\",\"Fenerbahce\",\"Mathias Zanka J\u00f8rgensen\",\"Superligaen\"],\"articleSection\":[\"Udtalelse\"],\"inLanguage\":\"en-US\",\"potentialAction\":[{\"@type\":\"CommentAction\",\"name\":\"Comment\",\"target\":[\"https:\/\/acefootball.com\/da\/fodboldnyheder\/staale-om-zanka-komplikationer-det-handler-om-hans-loenseddel\/#respond\"]}]},{\"@type\":\"Person\",\"@id\":\"https:\/\/acefootball.com\/da\/#\/schema\/person\/cc86c6803d8c93f30230e4dbed2a3844\",\"name\":\"Nicolaj M. J\u00f8rgensen\",\"image\":{\"@type\":\"ImageObject\",\"@id\":\"https:\/\/acefootball.com\/da\/#personlogo\",\"inLanguage\":\"en-US\",\"url\":\"https:\/\/secure.gravatar.com\/avatar\/757fd92a7fd5c1d31c37aee3425e7f74?s=96&d=mm&r=g\",\"contentUrl\":\"https:\/\/secure.gravatar.com\/avatar\/757fd92a7fd5c1d31c37aee3425e7f74?s=96&d=mm&r=g\",\"caption\":\"Nicolaj M. J\u00f8rgensen\"},\"url\":\"https:\/\/acefootball.com\/da\/fodboldnyheder\/author\/nicolajmortenj\/\"}]}<\/script>\n<!-- \/ Yoast SEO plugin. -->","yoast_head_json":{"title":"St\u00e5le om Zanka-komplikationer: Det handler om hans l\u00f8nseddel","description":"FC K\u00f8benhavns manager St\u00e5le Solbakken sl\u00e5r fast, at det er Matias Zanka J\u00f8rgensens h\u00f8je l\u00f8n, som st\u00e5r i vejen for et skifte hjem til L\u00f8verne","robots":{"index":"index","follow":"follow","max-snippet":"max-snippet:-1","max-image-preview":"max-image-preview:large","max-video-preview":"max-video-preview:-1"},"canonical":"https:\/\/acefootball.com\/da\/fodboldnyheder\/staale-om-zanka-komplikationer-det-handler-om-hans-loenseddel\/","og_locale":"en_US","og_type":"article","og_title":"St\u00e5le om Zanka-komplikationer: Det handler om hans l\u00f8nseddel","og_description":"FC K\u00f8benhavns manager St\u00e5le Solbakken sl\u00e5r fast, at det er Matias Zanka J\u00f8rgensens h\u00f8je l\u00f8n, som st\u00e5r i vejen for et skifte hjem til L\u00f8verne","og_url":"https:\/\/acefootball.com\/da\/fodboldnyheder\/staale-om-zanka-komplikationer-det-handler-om-hans-loenseddel\/","og_site_name":"Ace Football Danmark","article_publisher":"https:\/\/www.facebook.com\/acefootballdk","article_published_time":"2020-09-15T14:26:36+00:00","article_modified_time":"2020-09-15T14:22:48+00:00","og_image":[{"width":1024,"height":675,"url":"https:\/\/acefootball.com\/da\/wp-content\/uploads\/sites\/2\/2020\/09\/GettyImages-870503418.jpg","type":"image\/jpeg"}],"twitter_card":"summary_large_image","twitter_misc":{"Written by":"Nicolaj M. J\u00f8rgensen","Est. reading time":"1 minute"},"schema":{"@context":"https:\/\/schema.org","@graph":[{"@type":"Organization","@id":"https:\/\/acefootball.com\/da\/#organization","name":"Ace Football","url":"https:\/\/acefootball.com\/da\/","sameAs":["https:\/\/www.facebook.com\/acefootballdk"],"logo":{"@type":"ImageObject","@id":"https:\/\/acefootball.com\/da\/#logo","inLanguage":"en-US","url":"https:\/\/acefootball.com\/da\/wp-content\/uploads\/sites\/2\/2020\/07\/Ace-Football-30-07-2020-2.png","contentUrl":"https:\/\/acefootball.com\/da\/wp-content\/uploads\/sites\/2\/2020\/07\/Ace-Football-30-07-2020-2.png","width":1200,"height":600,"caption":"Ace Football"},"image":{"@id":"https:\/\/acefootball.com\/da\/#logo"}},{"@type":"WebSite","@id":"https:\/\/acefootball.com\/da\/#website","url":"https:\/\/acefootball.com\/da\/","name":"Ace Football Danmark","description":"Nyheder, Spiltips &amp; Livescore","publisher":{"@id":"https:\/\/acefootball.com\/da\/#organization"},"potentialAction":[{"@type":"SearchAction","target":{"@type":"EntryPoint","urlTemplate":"https:\/\/acefootball.com\/da\/?s={search_term_string}"},"query-input":"required name=search_term_string"}],"inLanguage":"en-US"},{"@type":"ImageObject","@id":"https:\/\/acefootball.com\/da\/fodboldnyheder\/staale-om-zanka-komplikationer-det-handler-om-hans-loenseddel\/#primaryimage","inLanguage":"en-US","url":"https:\/\/acefootball.com\/da\/wp-content\/uploads\/sites\/2\/2020\/09\/GettyImages-870503418.jpg","contentUrl":"https:\/\/acefootball.com\/da\/wp-content\/uploads\/sites\/2\/2020\/09\/GettyImages-870503418.jpg","width":1024,"height":675,"caption":"COPNEHAGEN, DENMARK - NOVEMBER 05: Ex FC Copenhagen players Mathias Zanka Jorgensen applause the fans during halftime in the Danish Alka Superliga match between FC Copenhagen and Brondby IF at Telia Parken Stadium on November 5, 2017 in Copenhagen, Denmark. (Photo by Lars Ronbog \/ FrontZoneSport via Getty Images)"},{"@type":"WebPage","@id":"https:\/\/acefootball.com\/da\/fodboldnyheder\/staale-om-zanka-komplikationer-det-handler-om-hans-loenseddel\/#webpage","url":"https:\/\/acefootball.com\/da\/fodboldnyheder\/staale-om-zanka-komplikationer-det-handler-om-hans-loenseddel\/","name":"St\u00e5le om Zanka-komplikationer: Det handler om hans l\u00f8nseddel","isPartOf":{"@id":"https:\/\/acefootball.com\/da\/#website"},"primaryImageOfPage":{"@id":"https:\/\/acefootball.com\/da\/fodboldnyheder\/staale-om-zanka-komplikationer-det-handler-om-hans-loenseddel\/#primaryimage"},"datePublished":"2020-09-15T14:26:36+00:00","dateModified":"2020-09-15T14:22:48+00:00","description":"FC K\u00f8benhavns manager St\u00e5le Solbakken sl\u00e5r fast, at det er Matias Zanka J\u00f8rgensens h\u00f8je l\u00f8n, som st\u00e5r i vejen for et skifte hjem til L\u00f8verne","breadcrumb":{"@id":"https:\/\/acefootball.com\/da\/fodboldnyheder\/staale-om-zanka-komplikationer-det-handler-om-hans-loenseddel\/#breadcrumb"},"inLanguage":"en-US","potentialAction":[{"@type":"ReadAction","target":["https:\/\/acefootball.com\/da\/fodboldnyheder\/staale-om-zanka-komplikationer-det-handler-om-hans-loenseddel\/"]}]},{"@type":"BreadcrumbList","@id":"https:\/\/acefootball.com\/da\/fodboldnyheder\/staale-om-zanka-komplikationer-det-handler-om-hans-loenseddel\/#breadcrumb","itemListElement":[{"@type":"ListItem","position":1,"name":"Home","item":"https:\/\/acefootball.com\/da\/"},{"@type":"ListItem","position":2,"name":"St\u00e5le om Zanka-komplikationer: Det handler om hans l\u00f8nseddel"}]},{"@type":"Article","@id":"https:\/\/acefootball.com\/da\/fodboldnyheder\/staale-om-zanka-komplikationer-det-handler-om-hans-loenseddel\/#article","isPartOf":{"@id":"https:\/\/acefootball.com\/da\/fodboldnyheder\/staale-om-zanka-komplikationer-det-handler-om-hans-loenseddel\/#webpage"},"author":{"@id":"https:\/\/acefootball.com\/da\/#\/schema\/person\/cc86c6803d8c93f30230e4dbed2a3844"},"headline":"St\u00e5le om Zanka-komplikationer: Det handler om hans l\u00f8nseddel","datePublished":"2020-09-15T14:26:36+00:00","dateModified":"2020-09-15T14:22:48+00:00","mainEntityOfPage":{"@id":"https:\/\/acefootball.com\/da\/fodboldnyheder\/staale-om-zanka-komplikationer-det-handler-om-hans-loenseddel\/#webpage"},"wordCount":228,"commentCount":0,"publisher":{"@id":"https:\/\/acefootball.com\/da\/#organization"},"image":{"@id":"https:\/\/acefootball.com\/da\/fodboldnyheder\/staale-om-zanka-komplikationer-det-handler-om-hans-loenseddel\/#primaryimage"},"thumbnailUrl":"https:\/\/acefootball.com\/da\/wp-content\/uploads\/sites\/2\/2020\/09\/GettyImages-870503418.jpg","keywords":["FC K\u00f8benhavn","Fenerbahce","Mathias Zanka J\u00f8rgensen","Superligaen"],"articleSection":["Udtalelse"],"inLanguage":"en-US","potentialAction":[{"@type":"CommentAction","name":"Comment","target":["https:\/\/acefootball.com\/da\/fodboldnyheder\/staale-om-zanka-komplikationer-det-handler-om-hans-loenseddel\/#respond"]}]},{"@type":"Person","@id":"https:\/\/acefootball.com\/da\/#\/schema\/person\/cc86c6803d8c93f30230e4dbed2a3844","name":"Nicolaj M. J\u00f8rgensen","image":{"@type":"ImageObject","@id":"https:\/\/acefootball.com\/da\/#personlogo","inLanguage":"en-US","url":"https:\/\/secure.gravatar.com\/avatar\/757fd92a7fd5c1d31c37aee3425e7f74?s=96&d=mm&r=g","contentUrl":"https:\/\/secure.gravatar.com\/avatar\/757fd92a7fd5c1d31c37aee3425e7f74?s=96&d=mm&r=g","caption":"Nicolaj M. J\u00f8rgensen"},"url":"https:\/\/acefootball.com\/da\/fodboldnyheder\/author\/nicolajmortenj\/"}]}},"fimg_url":"https:\/\/acefootball.com\/da\/wp-content\/uploads\/sites\/2\/2020\/09\/GettyImages-870503418.jpg","_links":{"self":[{"href":"https:\/\/acefootball.com\/da\/wp-json\/wp\/v2\/posts\/237375"}],"collection":[{"href":"https:\/\/acefootball.com\/da\/wp-json\/wp\/v2\/posts"}],"about":[{"href":"https:\/\/acefootball.com\/da\/wp-json\/wp\/v2\/types\/post"}],"author":[{"embeddable":true,"href":"https:\/\/acefootball.com\/da\/wp-json\/wp\/v2\/users\/347"}],"replies":[{"embeddable":true,"href":"https:\/\/acefootball.com\/da\/wp-json\/wp\/v2\/comments?post=237375"}],"version-history":[{"count":0,"href":"https:\/\/acefootball.com\/da\/wp-json\/wp\/v2\/posts\/237375\/revisions"}],"wp:featuredmedia":[{"embeddable":true,"href":"https:\/\/acefootball.com\/da\/wp-json\/wp\/v2\/media\/237376"}],"wp:attachment":[{"href":"https:\/\/acefootball.com\/da\/wp-json\/wp\/v2\/media?parent=237375"}],"wp:term":[{"taxonomy":"category","embeddable":true,"href":"https:\/\/acefootball.com\/da\/wp-json\/wp\/v2\/categories?post=237375"},{"taxonomy":"post_tag","embeddable":true,"href":"https:\/\/acefootball.com\/da\/wp-json\/wp\/v2\/tags?post=237375"}],"curies":[{"name":"wp","href":"https:\/\/api.w.org\/{rel}","templated":true}]}}