{"id":237227,"date":"2020-09-14T15:14:55","date_gmt":"2020-09-14T13:14:55","guid":{"rendered":"https:\/\/acefootball.com\/da\/?p=237227"},"modified":"2020-09-14T15:20:28","modified_gmt":"2020-09-14T13:20:28","slug":"beskyldt-for-racisme-af-neymar-nu-svarer-gonzalez-igen","status":"publish","type":"post","link":"https:\/\/acefootball.com\/da\/fodboldnyheder\/beskyldt-for-racisme-af-neymar-nu-svarer-gonzalez-igen\/","title":{"rendered":"Beskyldt for racisme af Neymar: Nu svarer Gonz\u00e1lez igen"},"content":{"rendered":"\n<h2>Alvaro Gonz\u00e1lez blev i g\u00e5r beskyldt af Neymar for at udtale sig racistisk. Nu har han svaret igen med et opslag p\u00e5 sin officielle Twitter<\/h2>\n\n\n\n<div class=\"wp-block-si-widget wp-block-si-widget--center\"><si-lb-widget widget-id=\"MatchInfoWithOdds\" data-nopadding=\"true\" data-card=\"true\" width=\"440\" data-language=\"da\" data-provider=\"mrgreen\" data-event-id=\"3361634\"><\/si-lb-widget><\/div>\n\n\n\n<p>B\u00f8lgerne gik h\u00f8jt, da Marseille i g\u00e5r form\u00e5ede at besejre de forsvarende franske mestre PSG med 1-0 i anden runde af Ligue 1.<\/p>\n\n\n\n<p>I overtiden kogte det helt over, da hele tre PSG-spillere og to Marseille-spillere fik r\u00f8dt kort efter en masse tumult.<\/p>\n\n\n\n\n        <div class=\"svf-video-single only-video\">\n            <div class=\"svf-video-container svf-embedded embedded\">\n                <script>(function(){const el = document.createElement('iframe');el.allow = 'autoplay';el.frameBorder = '0';el.classList.add('svf-video');el.allowFullscreen = true;document.currentScript.parentNode.style.display = 'none';el.src = \"https:\/\/www.viafree.dk\/embed\/sport\/id\/4c398e14-a009-4543-9799-45cfaa24fb93?partnerId=a788403f-2c83-488f-adb0-2650ac7278a3\";el.addEventListener( 'load', function(){ this.parentNode.style.display = ''; });document.currentScript.parentNode.insertBefore(el, document.currentScript.nextSibling);})();<\/script>\n                <noscript><iframe allow=\"autoplay\" allowfullscreen frameborder=\"0\" class=\"svf-video\" src=\"https:\/\/www.viafree.dk\/embed\/sport\/id\/4c398e14-a009-4543-9799-45cfaa24fb93?partnerId=a788403f-2c83-488f-adb0-2650ac7278a3\"><\/iframe><\/noscript>\n            <\/div>\n                    <\/div>\n        \n\n\n\n<p>En af dem, der modtog et r\u00f8dt kort var Neymar, der valgte at give den tidligere Villarreal- og Espanyol-spiller Alvaro Gonz\u00e1lez et slag med flad h\u00e5nd i nakken.<\/p>\n\n\n\n<p>Efterf\u00f8lgende har den brasilianske stjerne forklaret det med, at Gonz\u00e1lez var racistisk overfor ham, og Neymar fortryder kun \u00e9n ting, hvilket han skrev p\u00e5 sin Twitter efter kampen:<\/p>\n\n\n\n<p>&#8220;Det eneste jeg fortryder er, at jeg ikke slog det r\u00f8vhul i ansigtet.&#8221;<\/p>\n\n\n\n<figure class=\"wp-block-embed-twitter wp-block-embed is-type-rich is-provider-twitter\"><div class=\"wp-block-embed__wrapper\">\n<blockquote class=\"twitter-tweet\" data-width=\"550\" data-dnt=\"true\"><p lang=\"pt\" dir=\"ltr\">\u00danico arrependimento que tenho \u00e9 por n\u00e3o ter dado na cara desse babaca<\/p>&mdash; Neymar Jr (@neymarjr) <a href=\"https:\/\/twitter.com\/neymarjr\/status\/1305262756459876358?ref_src=twsrc%5Etfw\">September 13, 2020<\/a><\/blockquote><script async src=\"https:\/\/platform.twitter.com\/widgets.js\" charset=\"utf-8\"><\/script>\n<\/div><\/figure>\n\n\n\n<p>Nu har s\u00e5 ogs\u00e5 Marseille-spilleren v\u00e6ret p\u00e5 det sociale medie Twitter for at give en reaktion, der er et tydeligt svar p\u00e5 Neymars beskyldningner:<\/p>\n\n\n\n<p>&#8220;Der er ikke plads til racisme. Min sti er ren sammen med mange venner i hverdagen. Nogle gange m\u00e5 man bare l\u00e6re at acceptere et nederlag og lade frustrationerne ligge p\u00e5 banen. Fantastisk med tre point. Tak, familie.&#8221;<\/p>\n\n\n\n<p>Du kan se opslaget herunder.<\/p>\n\n\n\n<figure class=\"wp-block-embed-twitter wp-block-embed is-type-rich is-provider-twitter\"><div class=\"wp-block-embed__wrapper\">\n<blockquote class=\"twitter-tweet\" data-width=\"550\" data-dnt=\"true\"><p lang=\"es\" dir=\"ltr\">No existe lugar para el racismo. Carrera limpia y con muchos compa\u00f1eros y amigos en el d\u00eda a d\u00eda. A veces hay que aprender a perder y asumirlo en el campo. Increibles 3 puntos hoy. Allez l\u2019OM\ud83d\udc99 Gracias familia\u26aa\ufe0f\u24c2\ufe0f\ud83d\ude4c\ud83c\udffc <a href=\"https:\/\/t.co\/4DuUT1PT0x\">pic.twitter.com\/4DuUT1PT0x<\/a><\/p>&mdash; \u00c1lvaro Gonz\u00e1lez (@AlvaroGonzalez_) <a href=\"https:\/\/twitter.com\/AlvaroGonzalez_\/status\/1305292345265532928?ref_src=twsrc%5Etfw\">September 13, 2020<\/a><\/blockquote><script async src=\"https:\/\/platform.twitter.com\/widgets.js\" charset=\"utf-8\"><\/script>\n<\/div><\/figure>\n","protected":false},"excerpt":{"rendered":"<p>Alvaro Gonz\u00e1lez blev i g\u00e5r beskyldt af Neymar for at udtale sig racistisk. Nu har han svaret igen med et opslag p\u00e5 sin officielle Twitter<\/p>\n","protected":false},"author":74,"featured_media":237231,"comment_status":"open","ping_status":"closed","sticky":false,"template":"","format":"standard","meta":{"om_disable_all_campaigns":false,"push_articles_ronaldo":{"active":false,"canonical":0,"publish":false},"force_updates":null},"categories":[8060],"tags":[8464,397,189,2229,461],"enet_tags":{"league":["53"],"player":["19533"],"team":["8592","9847"],"sport_events":[3361634]},"yoast_head":"<!-- This site is optimized with the Yoast SEO plugin v18.3 - https:\/\/yoast.com\/wordpress\/plugins\/seo\/ -->\n<title>Beskyldt for racisme af Neymar: Nu svarer Gonz\u00e1lez igen<\/title>\n<meta name=\"description\" content=\"Alvaro Gonz\u00e1lez blev beskyldt af Neymar for at udtale sig racistisk. Nu har han svaret igen med et opslag p\u00e5 sin officielle Twitter\" \/>\n<meta name=\"robots\" content=\"index, follow, max-snippet:-1, max-image-preview:large, max-video-preview:-1\" \/>\n<link rel=\"canonical\" href=\"https:\/\/acefootball.com\/da\/fodboldnyheder\/beskyldt-for-racisme-af-neymar-nu-svarer-gonzalez-igen\/\" \/>\n<meta property=\"og:locale\" content=\"en_US\" \/>\n<meta property=\"og:type\" content=\"article\" \/>\n<meta property=\"og:title\" content=\"Beskyldt for racisme af Neymar: Nu svarer Gonz\u00e1lez igen\" \/>\n<meta property=\"og:description\" content=\"Alvaro Gonz\u00e1lez blev beskyldt af Neymar for at udtale sig racistisk. Nu har han svaret igen med et opslag p\u00e5 sin officielle Twitter\" \/>\n<meta property=\"og:url\" content=\"https:\/\/acefootball.com\/da\/fodboldnyheder\/beskyldt-for-racisme-af-neymar-nu-svarer-gonzalez-igen\/\" \/>\n<meta property=\"og:site_name\" content=\"Ace Football Danmark\" \/>\n<meta property=\"article:publisher\" content=\"https:\/\/www.facebook.com\/acefootballdk\" \/>\n<meta property=\"article:published_time\" content=\"2020-09-14T13:14:55+00:00\" \/>\n<meta property=\"article:modified_time\" content=\"2020-09-14T13:20:28+00:00\" \/>\n<meta property=\"og:image\" content=\"https:\/\/acefootball.com\/da\/wp-content\/uploads\/sites\/2\/2020\/09\/Neymar-PSG.jpg\" \/>\n\t<meta property=\"og:image:width\" content=\"768\" \/>\n\t<meta property=\"og:image:height\" content=\"432\" \/>\n\t<meta property=\"og:image:type\" content=\"image\/jpeg\" \/>\n<meta name=\"twitter:card\" content=\"summary_large_image\" \/>\n<meta name=\"twitter:label1\" content=\"Written by\" \/>\n\t<meta name=\"twitter:data1\" content=\"Patrick Hesselb\u00e6k\" \/>\n\t<meta name=\"twitter:label2\" content=\"Est. reading time\" \/>\n\t<meta name=\"twitter:data2\" content=\"1 minute\" \/>\n<script type=\"application\/ld+json\" class=\"yoast-schema-graph\">{\"@context\":\"https:\/\/schema.org\",\"@graph\":[{\"@type\":\"Organization\",\"@id\":\"https:\/\/acefootball.com\/da\/#organization\",\"name\":\"Ace Football\",\"url\":\"https:\/\/acefootball.com\/da\/\",\"sameAs\":[\"https:\/\/www.facebook.com\/acefootballdk\"],\"logo\":{\"@type\":\"ImageObject\",\"@id\":\"https:\/\/acefootball.com\/da\/#logo\",\"inLanguage\":\"en-US\",\"url\":\"https:\/\/acefootball.com\/da\/wp-content\/uploads\/sites\/2\/2020\/07\/Ace-Football-30-07-2020-2.png\",\"contentUrl\":\"https:\/\/acefootball.com\/da\/wp-content\/uploads\/sites\/2\/2020\/07\/Ace-Football-30-07-2020-2.png\",\"width\":1200,\"height\":600,\"caption\":\"Ace Football\"},\"image\":{\"@id\":\"https:\/\/acefootball.com\/da\/#logo\"}},{\"@type\":\"WebSite\",\"@id\":\"https:\/\/acefootball.com\/da\/#website\",\"url\":\"https:\/\/acefootball.com\/da\/\",\"name\":\"Ace Football Danmark\",\"description\":\"Nyheder, Spiltips &amp; Livescore\",\"publisher\":{\"@id\":\"https:\/\/acefootball.com\/da\/#organization\"},\"potentialAction\":[{\"@type\":\"SearchAction\",\"target\":{\"@type\":\"EntryPoint\",\"urlTemplate\":\"https:\/\/acefootball.com\/da\/?s={search_term_string}\"},\"query-input\":\"required name=search_term_string\"}],\"inLanguage\":\"en-US\"},{\"@type\":\"ImageObject\",\"@id\":\"https:\/\/acefootball.com\/da\/fodboldnyheder\/beskyldt-for-racisme-af-neymar-nu-svarer-gonzalez-igen\/#primaryimage\",\"inLanguage\":\"en-US\",\"url\":\"https:\/\/acefootball.com\/da\/wp-content\/uploads\/sites\/2\/2020\/09\/Neymar-PSG.jpg\",\"contentUrl\":\"https:\/\/acefootball.com\/da\/wp-content\/uploads\/sites\/2\/2020\/09\/Neymar-PSG.jpg\",\"width\":768,\"height\":432,\"caption\":\"Foto: psg.fr\"},{\"@type\":\"WebPage\",\"@id\":\"https:\/\/acefootball.com\/da\/fodboldnyheder\/beskyldt-for-racisme-af-neymar-nu-svarer-gonzalez-igen\/#webpage\",\"url\":\"https:\/\/acefootball.com\/da\/fodboldnyheder\/beskyldt-for-racisme-af-neymar-nu-svarer-gonzalez-igen\/\",\"name\":\"Beskyldt for racisme af Neymar: Nu svarer Gonz\u00e1lez igen\",\"isPartOf\":{\"@id\":\"https:\/\/acefootball.com\/da\/#website\"},\"primaryImageOfPage\":{\"@id\":\"https:\/\/acefootball.com\/da\/fodboldnyheder\/beskyldt-for-racisme-af-neymar-nu-svarer-gonzalez-igen\/#primaryimage\"},\"datePublished\":\"2020-09-14T13:14:55+00:00\",\"dateModified\":\"2020-09-14T13:20:28+00:00\",\"description\":\"Alvaro Gonz\u00e1lez blev beskyldt af Neymar for at udtale sig racistisk. Nu har han svaret igen med et opslag p\u00e5 sin officielle Twitter\",\"breadcrumb\":{\"@id\":\"https:\/\/acefootball.com\/da\/fodboldnyheder\/beskyldt-for-racisme-af-neymar-nu-svarer-gonzalez-igen\/#breadcrumb\"},\"inLanguage\":\"en-US\",\"potentialAction\":[{\"@type\":\"ReadAction\",\"target\":[\"https:\/\/acefootball.com\/da\/fodboldnyheder\/beskyldt-for-racisme-af-neymar-nu-svarer-gonzalez-igen\/\"]}]},{\"@type\":\"BreadcrumbList\",\"@id\":\"https:\/\/acefootball.com\/da\/fodboldnyheder\/beskyldt-for-racisme-af-neymar-nu-svarer-gonzalez-igen\/#breadcrumb\",\"itemListElement\":[{\"@type\":\"ListItem\",\"position\":1,\"name\":\"Home\",\"item\":\"https:\/\/acefootball.com\/da\/\"},{\"@type\":\"ListItem\",\"position\":2,\"name\":\"Beskyldt for racisme af Neymar: Nu svarer Gonz\u00e1lez igen\"}]},{\"@type\":\"Article\",\"@id\":\"https:\/\/acefootball.com\/da\/fodboldnyheder\/beskyldt-for-racisme-af-neymar-nu-svarer-gonzalez-igen\/#article\",\"isPartOf\":{\"@id\":\"https:\/\/acefootball.com\/da\/fodboldnyheder\/beskyldt-for-racisme-af-neymar-nu-svarer-gonzalez-igen\/#webpage\"},\"author\":{\"@id\":\"https:\/\/acefootball.com\/da\/#\/schema\/person\/fd6223a1c033400b41da7853ddf88c84\"},\"headline\":\"Beskyldt for racisme af Neymar: Nu svarer Gonz\u00e1lez igen\",\"datePublished\":\"2020-09-14T13:14:55+00:00\",\"dateModified\":\"2020-09-14T13:20:28+00:00\",\"mainEntityOfPage\":{\"@id\":\"https:\/\/acefootball.com\/da\/fodboldnyheder\/beskyldt-for-racisme-af-neymar-nu-svarer-gonzalez-igen\/#webpage\"},\"wordCount\":272,\"commentCount\":0,\"publisher\":{\"@id\":\"https:\/\/acefootball.com\/da\/#organization\"},\"image\":{\"@id\":\"https:\/\/acefootball.com\/da\/fodboldnyheder\/beskyldt-for-racisme-af-neymar-nu-svarer-gonzalez-igen\/#primaryimage\"},\"thumbnailUrl\":\"https:\/\/acefootball.com\/da\/wp-content\/uploads\/sites\/2\/2020\/09\/Neymar-PSG.jpg\",\"keywords\":[\"Alvaro Gonz\u00e1lez\",\"Ligue 1\",\"Neymar\",\"Olympique Marseille\",\"Paris Saint-Germain\"],\"articleSection\":[\"Reaktion\"],\"inLanguage\":\"en-US\",\"potentialAction\":[{\"@type\":\"CommentAction\",\"name\":\"Comment\",\"target\":[\"https:\/\/acefootball.com\/da\/fodboldnyheder\/beskyldt-for-racisme-af-neymar-nu-svarer-gonzalez-igen\/#respond\"]}]},{\"@type\":\"Person\",\"@id\":\"https:\/\/acefootball.com\/da\/#\/schema\/person\/fd6223a1c033400b41da7853ddf88c84\",\"name\":\"Patrick Hesselb\u00e6k\",\"image\":{\"@type\":\"ImageObject\",\"@id\":\"https:\/\/acefootball.com\/da\/#personlogo\",\"inLanguage\":\"en-US\",\"url\":\"https:\/\/secure.gravatar.com\/avatar\/7919060992759bffbffb199d6cbdce6f?s=96&d=mm&r=g\",\"contentUrl\":\"https:\/\/secure.gravatar.com\/avatar\/7919060992759bffbffb199d6cbdce6f?s=96&d=mm&r=g\",\"caption\":\"Patrick Hesselb\u00e6k\"},\"description\":\"Redakt\u00f8r p\u00e5 den danske Ace Football-redaktion. Uddannet i kommunikation fra Aalborg Universitet. Prim\u00e6rt fokus p\u00e5 den danske 3F Superliga og de st\u00f8rste europ\u00e6iske turneringer.\",\"sameAs\":[\"https:\/\/www.linkedin.com\/in\/patrick-hesselbk-2a4b1711a\/\"],\"url\":\"https:\/\/acefootball.com\/da\/fodboldnyheder\/author\/patrickhesselbaek\/\"}]}<\/script>\n<!-- \/ Yoast SEO plugin. -->","yoast_head_json":{"title":"Beskyldt for racisme af Neymar: Nu svarer Gonz\u00e1lez igen","description":"Alvaro Gonz\u00e1lez blev beskyldt af Neymar for at udtale sig racistisk. Nu har han svaret igen med et opslag p\u00e5 sin officielle Twitter","robots":{"index":"index","follow":"follow","max-snippet":"max-snippet:-1","max-image-preview":"max-image-preview:large","max-video-preview":"max-video-preview:-1"},"canonical":"https:\/\/acefootball.com\/da\/fodboldnyheder\/beskyldt-for-racisme-af-neymar-nu-svarer-gonzalez-igen\/","og_locale":"en_US","og_type":"article","og_title":"Beskyldt for racisme af Neymar: Nu svarer Gonz\u00e1lez igen","og_description":"Alvaro Gonz\u00e1lez blev beskyldt af Neymar for at udtale sig racistisk. Nu har han svaret igen med et opslag p\u00e5 sin officielle Twitter","og_url":"https:\/\/acefootball.com\/da\/fodboldnyheder\/beskyldt-for-racisme-af-neymar-nu-svarer-gonzalez-igen\/","og_site_name":"Ace Football Danmark","article_publisher":"https:\/\/www.facebook.com\/acefootballdk","article_published_time":"2020-09-14T13:14:55+00:00","article_modified_time":"2020-09-14T13:20:28+00:00","og_image":[{"width":768,"height":432,"url":"https:\/\/acefootball.com\/da\/wp-content\/uploads\/sites\/2\/2020\/09\/Neymar-PSG.jpg","type":"image\/jpeg"}],"twitter_card":"summary_large_image","twitter_misc":{"Written by":"Patrick Hesselb\u00e6k","Est. reading time":"1 minute"},"schema":{"@context":"https:\/\/schema.org","@graph":[{"@type":"Organization","@id":"https:\/\/acefootball.com\/da\/#organization","name":"Ace Football","url":"https:\/\/acefootball.com\/da\/","sameAs":["https:\/\/www.facebook.com\/acefootballdk"],"logo":{"@type":"ImageObject","@id":"https:\/\/acefootball.com\/da\/#logo","inLanguage":"en-US","url":"https:\/\/acefootball.com\/da\/wp-content\/uploads\/sites\/2\/2020\/07\/Ace-Football-30-07-2020-2.png","contentUrl":"https:\/\/acefootball.com\/da\/wp-content\/uploads\/sites\/2\/2020\/07\/Ace-Football-30-07-2020-2.png","width":1200,"height":600,"caption":"Ace Football"},"image":{"@id":"https:\/\/acefootball.com\/da\/#logo"}},{"@type":"WebSite","@id":"https:\/\/acefootball.com\/da\/#website","url":"https:\/\/acefootball.com\/da\/","name":"Ace Football Danmark","description":"Nyheder, Spiltips &amp; Livescore","publisher":{"@id":"https:\/\/acefootball.com\/da\/#organization"},"potentialAction":[{"@type":"SearchAction","target":{"@type":"EntryPoint","urlTemplate":"https:\/\/acefootball.com\/da\/?s={search_term_string}"},"query-input":"required name=search_term_string"}],"inLanguage":"en-US"},{"@type":"ImageObject","@id":"https:\/\/acefootball.com\/da\/fodboldnyheder\/beskyldt-for-racisme-af-neymar-nu-svarer-gonzalez-igen\/#primaryimage","inLanguage":"en-US","url":"https:\/\/acefootball.com\/da\/wp-content\/uploads\/sites\/2\/2020\/09\/Neymar-PSG.jpg","contentUrl":"https:\/\/acefootball.com\/da\/wp-content\/uploads\/sites\/2\/2020\/09\/Neymar-PSG.jpg","width":768,"height":432,"caption":"Foto: psg.fr"},{"@type":"WebPage","@id":"https:\/\/acefootball.com\/da\/fodboldnyheder\/beskyldt-for-racisme-af-neymar-nu-svarer-gonzalez-igen\/#webpage","url":"https:\/\/acefootball.com\/da\/fodboldnyheder\/beskyldt-for-racisme-af-neymar-nu-svarer-gonzalez-igen\/","name":"Beskyldt for racisme af Neymar: Nu svarer Gonz\u00e1lez igen","isPartOf":{"@id":"https:\/\/acefootball.com\/da\/#website"},"primaryImageOfPage":{"@id":"https:\/\/acefootball.com\/da\/fodboldnyheder\/beskyldt-for-racisme-af-neymar-nu-svarer-gonzalez-igen\/#primaryimage"},"datePublished":"2020-09-14T13:14:55+00:00","dateModified":"2020-09-14T13:20:28+00:00","description":"Alvaro Gonz\u00e1lez blev beskyldt af Neymar for at udtale sig racistisk. Nu har han svaret igen med et opslag p\u00e5 sin officielle Twitter","breadcrumb":{"@id":"https:\/\/acefootball.com\/da\/fodboldnyheder\/beskyldt-for-racisme-af-neymar-nu-svarer-gonzalez-igen\/#breadcrumb"},"inLanguage":"en-US","potentialAction":[{"@type":"ReadAction","target":["https:\/\/acefootball.com\/da\/fodboldnyheder\/beskyldt-for-racisme-af-neymar-nu-svarer-gonzalez-igen\/"]}]},{"@type":"BreadcrumbList","@id":"https:\/\/acefootball.com\/da\/fodboldnyheder\/beskyldt-for-racisme-af-neymar-nu-svarer-gonzalez-igen\/#breadcrumb","itemListElement":[{"@type":"ListItem","position":1,"name":"Home","item":"https:\/\/acefootball.com\/da\/"},{"@type":"ListItem","position":2,"name":"Beskyldt for racisme af Neymar: Nu svarer Gonz\u00e1lez igen"}]},{"@type":"Article","@id":"https:\/\/acefootball.com\/da\/fodboldnyheder\/beskyldt-for-racisme-af-neymar-nu-svarer-gonzalez-igen\/#article","isPartOf":{"@id":"https:\/\/acefootball.com\/da\/fodboldnyheder\/beskyldt-for-racisme-af-neymar-nu-svarer-gonzalez-igen\/#webpage"},"author":{"@id":"https:\/\/acefootball.com\/da\/#\/schema\/person\/fd6223a1c033400b41da7853ddf88c84"},"headline":"Beskyldt for racisme af Neymar: Nu svarer Gonz\u00e1lez igen","datePublished":"2020-09-14T13:14:55+00:00","dateModified":"2020-09-14T13:20:28+00:00","mainEntityOfPage":{"@id":"https:\/\/acefootball.com\/da\/fodboldnyheder\/beskyldt-for-racisme-af-neymar-nu-svarer-gonzalez-igen\/#webpage"},"wordCount":272,"commentCount":0,"publisher":{"@id":"https:\/\/acefootball.com\/da\/#organization"},"image":{"@id":"https:\/\/acefootball.com\/da\/fodboldnyheder\/beskyldt-for-racisme-af-neymar-nu-svarer-gonzalez-igen\/#primaryimage"},"thumbnailUrl":"https:\/\/acefootball.com\/da\/wp-content\/uploads\/sites\/2\/2020\/09\/Neymar-PSG.jpg","keywords":["Alvaro Gonz\u00e1lez","Ligue 1","Neymar","Olympique Marseille","Paris Saint-Germain"],"articleSection":["Reaktion"],"inLanguage":"en-US","potentialAction":[{"@type":"CommentAction","name":"Comment","target":["https:\/\/acefootball.com\/da\/fodboldnyheder\/beskyldt-for-racisme-af-neymar-nu-svarer-gonzalez-igen\/#respond"]}]},{"@type":"Person","@id":"https:\/\/acefootball.com\/da\/#\/schema\/person\/fd6223a1c033400b41da7853ddf88c84","name":"Patrick Hesselb\u00e6k","image":{"@type":"ImageObject","@id":"https:\/\/acefootball.com\/da\/#personlogo","inLanguage":"en-US","url":"https:\/\/secure.gravatar.com\/avatar\/7919060992759bffbffb199d6cbdce6f?s=96&d=mm&r=g","contentUrl":"https:\/\/secure.gravatar.com\/avatar\/7919060992759bffbffb199d6cbdce6f?s=96&d=mm&r=g","caption":"Patrick Hesselb\u00e6k"},"description":"Redakt\u00f8r p\u00e5 den danske Ace Football-redaktion. Uddannet i kommunikation fra Aalborg Universitet. Prim\u00e6rt fokus p\u00e5 den danske 3F Superliga og de st\u00f8rste europ\u00e6iske turneringer.","sameAs":["https:\/\/www.linkedin.com\/in\/patrick-hesselbk-2a4b1711a\/"],"url":"https:\/\/acefootball.com\/da\/fodboldnyheder\/author\/patrickhesselbaek\/"}]}},"fimg_url":"https:\/\/acefootball.com\/da\/wp-content\/uploads\/sites\/2\/2020\/09\/Neymar-PSG.jpg","_links":{"self":[{"href":"https:\/\/acefootball.com\/da\/wp-json\/wp\/v2\/posts\/237227"}],"collection":[{"href":"https:\/\/acefootball.com\/da\/wp-json\/wp\/v2\/posts"}],"about":[{"href":"https:\/\/acefootball.com\/da\/wp-json\/wp\/v2\/types\/post"}],"author":[{"embeddable":true,"href":"https:\/\/acefootball.com\/da\/wp-json\/wp\/v2\/users\/74"}],"replies":[{"embeddable":true,"href":"https:\/\/acefootball.com\/da\/wp-json\/wp\/v2\/comments?post=237227"}],"version-history":[{"count":0,"href":"https:\/\/acefootball.com\/da\/wp-json\/wp\/v2\/posts\/237227\/revisions"}],"wp:featuredmedia":[{"embeddable":true,"href":"https:\/\/acefootball.com\/da\/wp-json\/wp\/v2\/media\/237231"}],"wp:attachment":[{"href":"https:\/\/acefootball.com\/da\/wp-json\/wp\/v2\/media?parent=237227"}],"wp:term":[{"taxonomy":"category","embeddable":true,"href":"https:\/\/acefootball.com\/da\/wp-json\/wp\/v2\/categories?post=237227"},{"taxonomy":"post_tag","embeddable":true,"href":"https:\/\/acefootball.com\/da\/wp-json\/wp\/v2\/tags?post=237227"}],"curies":[{"name":"wp","href":"https:\/\/api.w.org\/{rel}","templated":true}]}}