{"id":236842,"date":"2020-09-10T13:36:27","date_gmt":"2020-09-10T11:36:27","guid":{"rendered":"https:\/\/acefootball.com\/da\/?p=236842"},"modified":"2020-09-10T13:36:29","modified_gmt":"2020-09-10T11:36:29","slug":"medie-aubameyang-forlaenger-med-arsenal-til-2023","status":"publish","type":"post","link":"https:\/\/acefootball.com\/da\/fodboldnyheder\/medie-aubameyang-forlaenger-med-arsenal-til-2023\/","title":{"rendered":"Medie: Aubameyang forl\u00e6nger med Arsenal til 2023"},"content":{"rendered":"\n<h2>If\u00f8lge Daily Mail er Arsenal og Pierre-Emerick Aubameyang blevet enige om en aftale, der binder ham til klubben frem til 2023<\/h2>\n\n\n\n<p>Spekulationerne omkring Pierre-Emerick Aubameyangs fremtid i Arsenal har v\u00e6ret mange.<\/p>\n\n\n\n<div class=\"wp-block-si-widget wp-block-si-widget--center\"><si-lb-widget widget-id=\"PlayerSeasonProfile\" width=\"440\" data-card=\"true\" data-language=\"da\" data-provider=\"mrgreen\" data-player-id=\"150565\"><\/si-lb-widget><\/div>\n\n\n\n<p>Topscoreren har under et \u00e5r tilbage af kontrakten med The Gunners, og grundet tidligere situationer som dem med blandt andre Alexis S\u00e1nchez og Aaron Ramsey, har Arsenal gjort det til et krav, at klubprofiler enten skal forl\u00e6nge eller s\u00e6lges, n\u00e5r der er et \u00e5r tilbage af kontrakten.<\/p>\n\n\n\n<p>Aubameyang er dog stadig i klubben, og derfor g\u00e5r mange af klubbens fans ogs\u00e5 rundt med et h\u00e5b om, at det nok er fordi, at han kommer til at forl\u00e6nge.<\/p>\n\n\n\n<p>Dette bakker det store britiske medie <a href=\"https:\/\/www.dailymail.co.uk\/sport\/football\/article-8717633\/Pierre-Emerick-Aubameyang-set-sign-new-three-year-contract-Arsenal.html?ns_mchannel=rss&amp;ns_campaign=1490&amp;ito=1490\" target=\"_blank\" rel=\"noreferrer noopener\">Daily Mail <\/a>op omkring, for de skriver nemlig, at parterne er blevet enige om en kontrakt, der binder gaboneseren til London-klubben frem til 2023.<\/p>\n\n\n\n<p>De skriver tilmed, at Aubameyang kommer til at sikre sig en aftale, der er \u00f8konomisk st\u00f8rre end den Mesut \u00d6zil har, der indbringer ham 2,9 millioner kroner om ugen.<\/p>\n","protected":false},"excerpt":{"rendered":"<p>If\u00f8lge Daily Mail er Arsenal og Pierre-Emerick Aubameyang blevet enige om en aftale, der binder ham til klubben frem til 2023<\/p>\n","protected":false},"author":74,"featured_media":236843,"comment_status":"open","ping_status":"closed","sticky":false,"template":"","format":"standard","meta":{"om_disable_all_campaigns":false,"push_articles_ronaldo":{"active":false,"canonical":0,"publish":false},"force_updates":null},"categories":[1],"tags":[227,1107,134],"enet_tags":{"team":["9825"],"player":["150565"],"league":["47"],"sport_events":[]},"yoast_head":"<!-- This site is optimized with the Yoast SEO plugin v18.3 - https:\/\/yoast.com\/wordpress\/plugins\/seo\/ -->\n<title>Medie: Aubameyang forl\u00e6nger med Arsenal til 2023<\/title>\n<meta name=\"description\" content=\"If\u00f8lge Daily Mail er Arsenal og Pierre-Emerick Aubameyang blevet enige om en aftale, der binder ham til klubben frem til 2023\" \/>\n<meta name=\"robots\" content=\"index, follow, max-snippet:-1, max-image-preview:large, max-video-preview:-1\" \/>\n<link rel=\"canonical\" href=\"https:\/\/acefootball.com\/da\/fodboldnyheder\/medie-aubameyang-forlaenger-med-arsenal-til-2023\/\" \/>\n<meta property=\"og:locale\" content=\"en_US\" \/>\n<meta property=\"og:type\" content=\"article\" \/>\n<meta property=\"og:title\" content=\"Medie: Aubameyang forl\u00e6nger med Arsenal til 2023\" \/>\n<meta property=\"og:description\" content=\"If\u00f8lge Daily Mail er Arsenal og Pierre-Emerick Aubameyang blevet enige om en aftale, der binder ham til klubben frem til 2023\" \/>\n<meta property=\"og:url\" content=\"https:\/\/acefootball.com\/da\/fodboldnyheder\/medie-aubameyang-forlaenger-med-arsenal-til-2023\/\" \/>\n<meta property=\"og:site_name\" content=\"Ace Football Danmark\" \/>\n<meta property=\"article:publisher\" content=\"https:\/\/www.facebook.com\/acefootballdk\" \/>\n<meta property=\"article:published_time\" content=\"2020-09-10T11:36:27+00:00\" \/>\n<meta property=\"article:modified_time\" content=\"2020-09-10T11:36:29+00:00\" \/>\n<meta property=\"og:image\" content=\"https:\/\/acefootball.com\/da\/wp-content\/uploads\/sites\/2\/2020\/09\/GettyImages-1209115924.jpg\" \/>\n\t<meta property=\"og:image:width\" content=\"1024\" \/>\n\t<meta property=\"og:image:height\" content=\"652\" \/>\n\t<meta property=\"og:image:type\" content=\"image\/jpeg\" \/>\n<meta name=\"twitter:card\" content=\"summary_large_image\" \/>\n<meta name=\"twitter:label1\" content=\"Written by\" \/>\n\t<meta name=\"twitter:data1\" content=\"Patrick Hesselb\u00e6k\" \/>\n\t<meta name=\"twitter:label2\" content=\"Est. reading time\" \/>\n\t<meta name=\"twitter:data2\" content=\"1 minute\" \/>\n<script type=\"application\/ld+json\" class=\"yoast-schema-graph\">{\"@context\":\"https:\/\/schema.org\",\"@graph\":[{\"@type\":\"Organization\",\"@id\":\"https:\/\/acefootball.com\/da\/#organization\",\"name\":\"Ace Football\",\"url\":\"https:\/\/acefootball.com\/da\/\",\"sameAs\":[\"https:\/\/www.facebook.com\/acefootballdk\"],\"logo\":{\"@type\":\"ImageObject\",\"@id\":\"https:\/\/acefootball.com\/da\/#logo\",\"inLanguage\":\"en-US\",\"url\":\"https:\/\/acefootball.com\/da\/wp-content\/uploads\/sites\/2\/2020\/07\/Ace-Football-30-07-2020-2.png\",\"contentUrl\":\"https:\/\/acefootball.com\/da\/wp-content\/uploads\/sites\/2\/2020\/07\/Ace-Football-30-07-2020-2.png\",\"width\":1200,\"height\":600,\"caption\":\"Ace Football\"},\"image\":{\"@id\":\"https:\/\/acefootball.com\/da\/#logo\"}},{\"@type\":\"WebSite\",\"@id\":\"https:\/\/acefootball.com\/da\/#website\",\"url\":\"https:\/\/acefootball.com\/da\/\",\"name\":\"Ace Football Danmark\",\"description\":\"Nyheder, Spiltips &amp; Livescore\",\"publisher\":{\"@id\":\"https:\/\/acefootball.com\/da\/#organization\"},\"potentialAction\":[{\"@type\":\"SearchAction\",\"target\":{\"@type\":\"EntryPoint\",\"urlTemplate\":\"https:\/\/acefootball.com\/da\/?s={search_term_string}\"},\"query-input\":\"required name=search_term_string\"}],\"inLanguage\":\"en-US\"},{\"@type\":\"ImageObject\",\"@id\":\"https:\/\/acefootball.com\/da\/fodboldnyheder\/medie-aubameyang-forlaenger-med-arsenal-til-2023\/#primaryimage\",\"inLanguage\":\"en-US\",\"url\":\"https:\/\/acefootball.com\/da\/wp-content\/uploads\/sites\/2\/2020\/09\/GettyImages-1209115924.jpg\",\"contentUrl\":\"https:\/\/acefootball.com\/da\/wp-content\/uploads\/sites\/2\/2020\/09\/GettyImages-1209115924.jpg\",\"width\":1024,\"height\":652,\"caption\":\"LONDON, ENGLAND - FEBRUARY 27: Pierre-Emerick Aubameyang of Arsenal FC celebrates after scoring his team's first goal in extra-time during the UEFA Europa League round of 32 second leg match between Arsenal FC and Olympiacos FC at Emirates Stadium on February 27, 2020 in London, United Kingdom. (Photo by Julian Finney\/Getty Images)\"},{\"@type\":\"WebPage\",\"@id\":\"https:\/\/acefootball.com\/da\/fodboldnyheder\/medie-aubameyang-forlaenger-med-arsenal-til-2023\/#webpage\",\"url\":\"https:\/\/acefootball.com\/da\/fodboldnyheder\/medie-aubameyang-forlaenger-med-arsenal-til-2023\/\",\"name\":\"Medie: Aubameyang forl\u00e6nger med Arsenal til 2023\",\"isPartOf\":{\"@id\":\"https:\/\/acefootball.com\/da\/#website\"},\"primaryImageOfPage\":{\"@id\":\"https:\/\/acefootball.com\/da\/fodboldnyheder\/medie-aubameyang-forlaenger-med-arsenal-til-2023\/#primaryimage\"},\"datePublished\":\"2020-09-10T11:36:27+00:00\",\"dateModified\":\"2020-09-10T11:36:29+00:00\",\"description\":\"If\u00f8lge Daily Mail er Arsenal og Pierre-Emerick Aubameyang blevet enige om en aftale, der binder ham til klubben frem til 2023\",\"breadcrumb\":{\"@id\":\"https:\/\/acefootball.com\/da\/fodboldnyheder\/medie-aubameyang-forlaenger-med-arsenal-til-2023\/#breadcrumb\"},\"inLanguage\":\"en-US\",\"potentialAction\":[{\"@type\":\"ReadAction\",\"target\":[\"https:\/\/acefootball.com\/da\/fodboldnyheder\/medie-aubameyang-forlaenger-med-arsenal-til-2023\/\"]}]},{\"@type\":\"BreadcrumbList\",\"@id\":\"https:\/\/acefootball.com\/da\/fodboldnyheder\/medie-aubameyang-forlaenger-med-arsenal-til-2023\/#breadcrumb\",\"itemListElement\":[{\"@type\":\"ListItem\",\"position\":1,\"name\":\"Home\",\"item\":\"https:\/\/acefootball.com\/da\/\"},{\"@type\":\"ListItem\",\"position\":2,\"name\":\"Medie: Aubameyang forl\u00e6nger med Arsenal til 2023\"}]},{\"@type\":\"Article\",\"@id\":\"https:\/\/acefootball.com\/da\/fodboldnyheder\/medie-aubameyang-forlaenger-med-arsenal-til-2023\/#article\",\"isPartOf\":{\"@id\":\"https:\/\/acefootball.com\/da\/fodboldnyheder\/medie-aubameyang-forlaenger-med-arsenal-til-2023\/#webpage\"},\"author\":{\"@id\":\"https:\/\/acefootball.com\/da\/#\/schema\/person\/fd6223a1c033400b41da7853ddf88c84\"},\"headline\":\"Medie: Aubameyang forl\u00e6nger med Arsenal til 2023\",\"datePublished\":\"2020-09-10T11:36:27+00:00\",\"dateModified\":\"2020-09-10T11:36:29+00:00\",\"mainEntityOfPage\":{\"@id\":\"https:\/\/acefootball.com\/da\/fodboldnyheder\/medie-aubameyang-forlaenger-med-arsenal-til-2023\/#webpage\"},\"wordCount\":181,\"commentCount\":0,\"publisher\":{\"@id\":\"https:\/\/acefootball.com\/da\/#organization\"},\"image\":{\"@id\":\"https:\/\/acefootball.com\/da\/fodboldnyheder\/medie-aubameyang-forlaenger-med-arsenal-til-2023\/#primaryimage\"},\"thumbnailUrl\":\"https:\/\/acefootball.com\/da\/wp-content\/uploads\/sites\/2\/2020\/09\/GettyImages-1209115924.jpg\",\"keywords\":[\"Arsenal\",\"Pierre-Emerick Aubameyang\",\"Premier League\"],\"articleSection\":[\"Nyhed\"],\"inLanguage\":\"en-US\",\"potentialAction\":[{\"@type\":\"CommentAction\",\"name\":\"Comment\",\"target\":[\"https:\/\/acefootball.com\/da\/fodboldnyheder\/medie-aubameyang-forlaenger-med-arsenal-til-2023\/#respond\"]}]},{\"@type\":\"Person\",\"@id\":\"https:\/\/acefootball.com\/da\/#\/schema\/person\/fd6223a1c033400b41da7853ddf88c84\",\"name\":\"Patrick Hesselb\u00e6k\",\"image\":{\"@type\":\"ImageObject\",\"@id\":\"https:\/\/acefootball.com\/da\/#personlogo\",\"inLanguage\":\"en-US\",\"url\":\"https:\/\/secure.gravatar.com\/avatar\/7919060992759bffbffb199d6cbdce6f?s=96&d=mm&r=g\",\"contentUrl\":\"https:\/\/secure.gravatar.com\/avatar\/7919060992759bffbffb199d6cbdce6f?s=96&d=mm&r=g\",\"caption\":\"Patrick Hesselb\u00e6k\"},\"description\":\"Redakt\u00f8r p\u00e5 den danske Ace Football-redaktion. Uddannet i kommunikation fra Aalborg Universitet. Prim\u00e6rt fokus p\u00e5 den danske 3F Superliga og de st\u00f8rste europ\u00e6iske turneringer.\",\"sameAs\":[\"https:\/\/www.linkedin.com\/in\/patrick-hesselbk-2a4b1711a\/\"],\"url\":\"https:\/\/acefootball.com\/da\/fodboldnyheder\/author\/patrickhesselbaek\/\"}]}<\/script>\n<!-- \/ Yoast SEO plugin. -->","yoast_head_json":{"title":"Medie: Aubameyang forl\u00e6nger med Arsenal til 2023","description":"If\u00f8lge Daily Mail er Arsenal og Pierre-Emerick Aubameyang blevet enige om en aftale, der binder ham til klubben frem til 2023","robots":{"index":"index","follow":"follow","max-snippet":"max-snippet:-1","max-image-preview":"max-image-preview:large","max-video-preview":"max-video-preview:-1"},"canonical":"https:\/\/acefootball.com\/da\/fodboldnyheder\/medie-aubameyang-forlaenger-med-arsenal-til-2023\/","og_locale":"en_US","og_type":"article","og_title":"Medie: Aubameyang forl\u00e6nger med Arsenal til 2023","og_description":"If\u00f8lge Daily Mail er Arsenal og Pierre-Emerick Aubameyang blevet enige om en aftale, der binder ham til klubben frem til 2023","og_url":"https:\/\/acefootball.com\/da\/fodboldnyheder\/medie-aubameyang-forlaenger-med-arsenal-til-2023\/","og_site_name":"Ace Football Danmark","article_publisher":"https:\/\/www.facebook.com\/acefootballdk","article_published_time":"2020-09-10T11:36:27+00:00","article_modified_time":"2020-09-10T11:36:29+00:00","og_image":[{"width":1024,"height":652,"url":"https:\/\/acefootball.com\/da\/wp-content\/uploads\/sites\/2\/2020\/09\/GettyImages-1209115924.jpg","type":"image\/jpeg"}],"twitter_card":"summary_large_image","twitter_misc":{"Written by":"Patrick Hesselb\u00e6k","Est. reading time":"1 minute"},"schema":{"@context":"https:\/\/schema.org","@graph":[{"@type":"Organization","@id":"https:\/\/acefootball.com\/da\/#organization","name":"Ace Football","url":"https:\/\/acefootball.com\/da\/","sameAs":["https:\/\/www.facebook.com\/acefootballdk"],"logo":{"@type":"ImageObject","@id":"https:\/\/acefootball.com\/da\/#logo","inLanguage":"en-US","url":"https:\/\/acefootball.com\/da\/wp-content\/uploads\/sites\/2\/2020\/07\/Ace-Football-30-07-2020-2.png","contentUrl":"https:\/\/acefootball.com\/da\/wp-content\/uploads\/sites\/2\/2020\/07\/Ace-Football-30-07-2020-2.png","width":1200,"height":600,"caption":"Ace Football"},"image":{"@id":"https:\/\/acefootball.com\/da\/#logo"}},{"@type":"WebSite","@id":"https:\/\/acefootball.com\/da\/#website","url":"https:\/\/acefootball.com\/da\/","name":"Ace Football Danmark","description":"Nyheder, Spiltips &amp; Livescore","publisher":{"@id":"https:\/\/acefootball.com\/da\/#organization"},"potentialAction":[{"@type":"SearchAction","target":{"@type":"EntryPoint","urlTemplate":"https:\/\/acefootball.com\/da\/?s={search_term_string}"},"query-input":"required name=search_term_string"}],"inLanguage":"en-US"},{"@type":"ImageObject","@id":"https:\/\/acefootball.com\/da\/fodboldnyheder\/medie-aubameyang-forlaenger-med-arsenal-til-2023\/#primaryimage","inLanguage":"en-US","url":"https:\/\/acefootball.com\/da\/wp-content\/uploads\/sites\/2\/2020\/09\/GettyImages-1209115924.jpg","contentUrl":"https:\/\/acefootball.com\/da\/wp-content\/uploads\/sites\/2\/2020\/09\/GettyImages-1209115924.jpg","width":1024,"height":652,"caption":"LONDON, ENGLAND - FEBRUARY 27: Pierre-Emerick Aubameyang of Arsenal FC celebrates after scoring his team's first goal in extra-time during the UEFA Europa League round of 32 second leg match between Arsenal FC and Olympiacos FC at Emirates Stadium on February 27, 2020 in London, United Kingdom. (Photo by Julian Finney\/Getty Images)"},{"@type":"WebPage","@id":"https:\/\/acefootball.com\/da\/fodboldnyheder\/medie-aubameyang-forlaenger-med-arsenal-til-2023\/#webpage","url":"https:\/\/acefootball.com\/da\/fodboldnyheder\/medie-aubameyang-forlaenger-med-arsenal-til-2023\/","name":"Medie: Aubameyang forl\u00e6nger med Arsenal til 2023","isPartOf":{"@id":"https:\/\/acefootball.com\/da\/#website"},"primaryImageOfPage":{"@id":"https:\/\/acefootball.com\/da\/fodboldnyheder\/medie-aubameyang-forlaenger-med-arsenal-til-2023\/#primaryimage"},"datePublished":"2020-09-10T11:36:27+00:00","dateModified":"2020-09-10T11:36:29+00:00","description":"If\u00f8lge Daily Mail er Arsenal og Pierre-Emerick Aubameyang blevet enige om en aftale, der binder ham til klubben frem til 2023","breadcrumb":{"@id":"https:\/\/acefootball.com\/da\/fodboldnyheder\/medie-aubameyang-forlaenger-med-arsenal-til-2023\/#breadcrumb"},"inLanguage":"en-US","potentialAction":[{"@type":"ReadAction","target":["https:\/\/acefootball.com\/da\/fodboldnyheder\/medie-aubameyang-forlaenger-med-arsenal-til-2023\/"]}]},{"@type":"BreadcrumbList","@id":"https:\/\/acefootball.com\/da\/fodboldnyheder\/medie-aubameyang-forlaenger-med-arsenal-til-2023\/#breadcrumb","itemListElement":[{"@type":"ListItem","position":1,"name":"Home","item":"https:\/\/acefootball.com\/da\/"},{"@type":"ListItem","position":2,"name":"Medie: Aubameyang forl\u00e6nger med Arsenal til 2023"}]},{"@type":"Article","@id":"https:\/\/acefootball.com\/da\/fodboldnyheder\/medie-aubameyang-forlaenger-med-arsenal-til-2023\/#article","isPartOf":{"@id":"https:\/\/acefootball.com\/da\/fodboldnyheder\/medie-aubameyang-forlaenger-med-arsenal-til-2023\/#webpage"},"author":{"@id":"https:\/\/acefootball.com\/da\/#\/schema\/person\/fd6223a1c033400b41da7853ddf88c84"},"headline":"Medie: Aubameyang forl\u00e6nger med Arsenal til 2023","datePublished":"2020-09-10T11:36:27+00:00","dateModified":"2020-09-10T11:36:29+00:00","mainEntityOfPage":{"@id":"https:\/\/acefootball.com\/da\/fodboldnyheder\/medie-aubameyang-forlaenger-med-arsenal-til-2023\/#webpage"},"wordCount":181,"commentCount":0,"publisher":{"@id":"https:\/\/acefootball.com\/da\/#organization"},"image":{"@id":"https:\/\/acefootball.com\/da\/fodboldnyheder\/medie-aubameyang-forlaenger-med-arsenal-til-2023\/#primaryimage"},"thumbnailUrl":"https:\/\/acefootball.com\/da\/wp-content\/uploads\/sites\/2\/2020\/09\/GettyImages-1209115924.jpg","keywords":["Arsenal","Pierre-Emerick Aubameyang","Premier League"],"articleSection":["Nyhed"],"inLanguage":"en-US","potentialAction":[{"@type":"CommentAction","name":"Comment","target":["https:\/\/acefootball.com\/da\/fodboldnyheder\/medie-aubameyang-forlaenger-med-arsenal-til-2023\/#respond"]}]},{"@type":"Person","@id":"https:\/\/acefootball.com\/da\/#\/schema\/person\/fd6223a1c033400b41da7853ddf88c84","name":"Patrick Hesselb\u00e6k","image":{"@type":"ImageObject","@id":"https:\/\/acefootball.com\/da\/#personlogo","inLanguage":"en-US","url":"https:\/\/secure.gravatar.com\/avatar\/7919060992759bffbffb199d6cbdce6f?s=96&d=mm&r=g","contentUrl":"https:\/\/secure.gravatar.com\/avatar\/7919060992759bffbffb199d6cbdce6f?s=96&d=mm&r=g","caption":"Patrick Hesselb\u00e6k"},"description":"Redakt\u00f8r p\u00e5 den danske Ace Football-redaktion. Uddannet i kommunikation fra Aalborg Universitet. Prim\u00e6rt fokus p\u00e5 den danske 3F Superliga og de st\u00f8rste europ\u00e6iske turneringer.","sameAs":["https:\/\/www.linkedin.com\/in\/patrick-hesselbk-2a4b1711a\/"],"url":"https:\/\/acefootball.com\/da\/fodboldnyheder\/author\/patrickhesselbaek\/"}]}},"fimg_url":"https:\/\/acefootball.com\/da\/wp-content\/uploads\/sites\/2\/2020\/09\/GettyImages-1209115924.jpg","_links":{"self":[{"href":"https:\/\/acefootball.com\/da\/wp-json\/wp\/v2\/posts\/236842"}],"collection":[{"href":"https:\/\/acefootball.com\/da\/wp-json\/wp\/v2\/posts"}],"about":[{"href":"https:\/\/acefootball.com\/da\/wp-json\/wp\/v2\/types\/post"}],"author":[{"embeddable":true,"href":"https:\/\/acefootball.com\/da\/wp-json\/wp\/v2\/users\/74"}],"replies":[{"embeddable":true,"href":"https:\/\/acefootball.com\/da\/wp-json\/wp\/v2\/comments?post=236842"}],"version-history":[{"count":0,"href":"https:\/\/acefootball.com\/da\/wp-json\/wp\/v2\/posts\/236842\/revisions"}],"wp:featuredmedia":[{"embeddable":true,"href":"https:\/\/acefootball.com\/da\/wp-json\/wp\/v2\/media\/236843"}],"wp:attachment":[{"href":"https:\/\/acefootball.com\/da\/wp-json\/wp\/v2\/media?parent=236842"}],"wp:term":[{"taxonomy":"category","embeddable":true,"href":"https:\/\/acefootball.com\/da\/wp-json\/wp\/v2\/categories?post=236842"},{"taxonomy":"post_tag","embeddable":true,"href":"https:\/\/acefootball.com\/da\/wp-json\/wp\/v2\/tags?post=236842"}],"curies":[{"name":"wp","href":"https:\/\/api.w.org\/{rel}","templated":true}]}}